{"id":2067,"date":"2015-12-13T11:05:30","date_gmt":"2015-12-13T11:05:30","guid":{"rendered":"https:\/\/elcotarro.com\/?p=2067"},"modified":"2015-12-13T10:25:58","modified_gmt":"2015-12-13T10:25:58","slug":"la-trastienda-del-envite","status":"publish","type":"post","link":"https:\/\/elcotarro.com\/?p=2067","title":{"rendered":"LA TRASTIENDA DEL ENVITE"},"content":{"rendered":"<p>\u2666 Les cuento lo que s\u00e9 de la trastienda de este \u201cenvite\u201d aunque les adelanto que <strong><em>El Cotarro<\/em><\/strong> de este domingo lo he terminado de escribir a las dos de la tarde del s\u00e1bado y en La laguna, por lo que, siendo as\u00ed, no me extra\u00f1ar\u00eda (y no se extra\u00f1en ustedes tampoco) de que en menos de 24 horas se haya quedado anticuado por el devenir de los acontecimientos en los territorios laguneros (sobre todo los territorios adyacentes a la Plaza del Adelantado). Lo cierto y verdad es que, al parecer y seg\u00fan comentan por lo bajini unos y otros, el alcalde lagunero, <strong>Jos\u00e9 Alberto D\u00edaz Dom\u00ednguez<\/strong>, llevaba bastante tiempo con \u00abla cachimba llena\u00bb. A su vera, siempre a la verita suya estaba su primer teniente de alcalde, <strong>Javier Abreu Rodr\u00edguez<\/strong> quien, utilizando otra expresi\u00f3n muy canaria, lleva meses \u00abreinando\u00bb o, lo que viene a ser lo mismo, teniendo gestos calificables como de deslealtad y poniendo \u00abtoniques\u00bb en el camino, siendo como es (o como era) primer teniente de alcalde. En definitiva&#8230;, tocando los timbales.<\/p>\n<p><a href=\"https:\/\/elcotarro.com\/wp-content\/uploads\/2015\/12\/FOTO-2.-Presentaci\u00f3n-LNB-2015.jpg\"><img loading=\"lazy\" decoding=\"async\" class=\"aligncenter size-full wp-image-2068\" src=\"https:\/\/elcotarro.com\/wp-content\/uploads\/2015\/12\/FOTO-2.-Presentaci\u00f3n-LNB-2015.jpg\" alt=\"FOTO 2.- Presentaci\u00f3n LNB 2015\" width=\"1000\" height=\"665\" srcset=\"https:\/\/elcotarro.com\/wp-content\/uploads\/2015\/12\/FOTO-2.-Presentaci\u00f3n-LNB-2015.jpg 1000w, https:\/\/elcotarro.com\/wp-content\/uploads\/2015\/12\/FOTO-2.-Presentaci\u00f3n-LNB-2015-300x200.jpg 300w\" sizes=\"auto, (max-width: 1000px) 100vw, 1000px\" \/><\/a><\/p>\n<p class=\"comentario\" style=\"text-align: center;\">La presentaci\u00f3n de La Noche en Blanco 2015 fue protagonizada por Javier Abreu y los concejales del PSOE. El Sr. alcalde brill\u00f3 por su ausencia. Dicen que no fue invitado<\/p>\n","protected":false},"excerpt":{"rendered":"<p>\u2666 Les cuento lo que s\u00e9 de la trastienda de este \u201cenvite\u201d aunque les adelanto que El Cotarro de este domingo lo he terminado de escribir a las dos de la tarde del s\u00e1bado y en La laguna, por lo que, siendo as\u00ed, no me extra\u00f1ar\u00eda (y no se extra\u00f1en ustedes tampoco) de que en &#8230; <a class=\"read-more\" href=\"https:\/\/elcotarro.com\/?p=2067\">Read more<\/a><\/p>\n","protected":false},"author":2,"featured_media":0,"comment_status":"open","ping_status":"open","sticky":false,"template":"","format":"standard","meta":{"_jetpack_memberships_contains_paid_content":false,"footnotes":""},"categories":[7],"tags":[450,17],"class_list":["post-2067","post","type-post","status-publish","format-standard","hentry","category-politica","tag-javier-abreu-rodriguez","tag-jose-alberto-diaz-dominguez"],"yoast_head":"<!-- This site is optimized with the Yoast SEO plugin v27.0 - https:\/\/yoast.com\/product\/yoast-seo-wordpress\/ -->\n<title>LA TRASTIENDA DEL ENVITE - El Cotarro<\/title>\n<meta name=\"description\" content=\"Les cuento lo que s\u00e9 de la trastienda de este \u201cenvite\u201d aunque les adelanto que El Cotarro de este domingo lo he terminado de escribir a las dos de la tarde\" \/>\n<meta name=\"robots\" content=\"index, follow, max-snippet:-1, max-image-preview:large, max-video-preview:-1\" \/>\n<link rel=\"canonical\" href=\"https:\/\/elcotarro.com\/?p=2067\" \/>\n<meta property=\"og:locale\" content=\"es_ES\" \/>\n<meta property=\"og:type\" content=\"article\" \/>\n<meta property=\"og:title\" content=\"LA TRASTIENDA DEL ENVITE - El Cotarro\" \/>\n<meta property=\"og:description\" content=\"Les cuento lo que s\u00e9 de la trastienda de este \u201cenvite\u201d aunque les adelanto que El Cotarro de este domingo lo he terminado de escribir a las dos de la tarde\" \/>\n<meta property=\"og:url\" content=\"https:\/\/elcotarro.com\/?p=2067\" \/>\n<meta property=\"og:site_name\" content=\"El Cotarro\" \/>\n<meta property=\"article:publisher\" content=\"https:\/\/www.facebook.com\/ElCotarro.Tenerife\" \/>\n<meta property=\"article:published_time\" content=\"2015-12-13T11:05:30+00:00\" \/>\n<meta name=\"author\" content=\"Jos\u00e9 Carlos Marrero Gonz\u00e1lez\" \/>\n<meta name=\"twitter:label1\" content=\"Escrito por\" \/>\n\t<meta name=\"twitter:data1\" content=\"Jos\u00e9 Carlos Marrero Gonz\u00e1lez\" \/>\n\t<meta name=\"twitter:label2\" content=\"Tiempo de lectura\" \/>\n\t<meta name=\"twitter:data2\" content=\"1 minuto\" \/>\n<script type=\"application\/ld+json\" class=\"yoast-schema-graph\">{\"@context\":\"https:\/\/schema.org\",\"@graph\":[{\"@type\":\"Article\",\"@id\":\"https:\/\/elcotarro.com\/?p=2067#article\",\"isPartOf\":{\"@id\":\"https:\/\/elcotarro.com\/?p=2067\"},\"author\":{\"name\":\"Jos\u00e9 Carlos Marrero Gonz\u00e1lez\",\"@id\":\"https:\/\/elcotarro.com\/#\/schema\/person\/af537ee7d60d15984c7e0affcd8a918b\"},\"headline\":\"LA TRASTIENDA DEL ENVITE\",\"datePublished\":\"2015-12-13T11:05:30+00:00\",\"mainEntityOfPage\":{\"@id\":\"https:\/\/elcotarro.com\/?p=2067\"},\"wordCount\":216,\"commentCount\":0,\"publisher\":{\"@id\":\"https:\/\/elcotarro.com\/#organization\"},\"keywords\":[\"Javier Abreu Rodr\u00edguez\",\"Jos\u00e9 Alberto D\u00edaz Dom\u00ednguez\"],\"articleSection\":[\"Pol\u00edtica\"],\"inLanguage\":\"es\",\"potentialAction\":[{\"@type\":\"CommentAction\",\"name\":\"Comment\",\"target\":[\"https:\/\/elcotarro.com\/?p=2067#respond\"]}]},{\"@type\":\"WebPage\",\"@id\":\"https:\/\/elcotarro.com\/?p=2067\",\"url\":\"https:\/\/elcotarro.com\/?p=2067\",\"name\":\"LA TRASTIENDA DEL ENVITE - El Cotarro\",\"isPartOf\":{\"@id\":\"https:\/\/elcotarro.com\/#website\"},\"datePublished\":\"2015-12-13T11:05:30+00:00\",\"description\":\"Les cuento lo que s\u00e9 de la trastienda de este \u201cenvite\u201d aunque les adelanto que El Cotarro de este domingo lo he terminado de escribir a las dos de la tarde\",\"breadcrumb\":{\"@id\":\"https:\/\/elcotarro.com\/?p=2067#breadcrumb\"},\"inLanguage\":\"es\",\"potentialAction\":[{\"@type\":\"ReadAction\",\"target\":[\"https:\/\/elcotarro.com\/?p=2067\"]}]},{\"@type\":\"BreadcrumbList\",\"@id\":\"https:\/\/elcotarro.com\/?p=2067#breadcrumb\",\"itemListElement\":[{\"@type\":\"ListItem\",\"position\":1,\"name\":\"Portada\",\"item\":\"https:\/\/elcotarro.com\/\"},{\"@type\":\"ListItem\",\"position\":2,\"name\":\"LA TRASTIENDA DEL ENVITE\"}]},{\"@type\":\"WebSite\",\"@id\":\"https:\/\/elcotarro.com\/#website\",\"url\":\"https:\/\/elcotarro.com\/\",\"name\":\"El Cotarro\",\"description\":\"Peri\u00f3dico Digital Independiente dirigido por Jos\u00e9 Carlos Marrero\",\"publisher\":{\"@id\":\"https:\/\/elcotarro.com\/#organization\"},\"potentialAction\":[{\"@type\":\"SearchAction\",\"target\":{\"@type\":\"EntryPoint\",\"urlTemplate\":\"https:\/\/elcotarro.com\/?s={search_term_string}\"},\"query-input\":{\"@type\":\"PropertyValueSpecification\",\"valueRequired\":true,\"valueName\":\"search_term_string\"}}],\"inLanguage\":\"es\"},{\"@type\":\"Organization\",\"@id\":\"https:\/\/elcotarro.com\/#organization\",\"name\":\"El Cotarro\",\"url\":\"https:\/\/elcotarro.com\/\",\"logo\":{\"@type\":\"ImageObject\",\"inLanguage\":\"es\",\"@id\":\"https:\/\/elcotarro.com\/#\/schema\/logo\/image\/\",\"url\":\"https:\/\/elcotarro.com\/wp-content\/uploads\/2014\/09\/Cabecera_El_Cotarro_v2.jpg\",\"contentUrl\":\"https:\/\/elcotarro.com\/wp-content\/uploads\/2014\/09\/Cabecera_El_Cotarro_v2.jpg\",\"width\":3540,\"height\":441,\"caption\":\"El Cotarro\"},\"image\":{\"@id\":\"https:\/\/elcotarro.com\/#\/schema\/logo\/image\/\"},\"sameAs\":[\"https:\/\/www.facebook.com\/ElCotarro.Tenerife\"]},{\"@type\":\"Person\",\"@id\":\"https:\/\/elcotarro.com\/#\/schema\/person\/af537ee7d60d15984c7e0affcd8a918b\",\"name\":\"Jos\u00e9 Carlos Marrero Gonz\u00e1lez\",\"image\":{\"@type\":\"ImageObject\",\"inLanguage\":\"es\",\"@id\":\"https:\/\/elcotarro.com\/#\/schema\/person\/image\/\",\"url\":\"https:\/\/secure.gravatar.com\/avatar\/def4da036efb5d32c74d49c351f6dccc064dd69ad9f3aadc295c5a9a5391ca01?s=96&d=mm&r=g\",\"contentUrl\":\"https:\/\/secure.gravatar.com\/avatar\/def4da036efb5d32c74d49c351f6dccc064dd69ad9f3aadc295c5a9a5391ca01?s=96&d=mm&r=g\",\"caption\":\"Jos\u00e9 Carlos Marrero Gonz\u00e1lez\"},\"sameAs\":[\"https:\/\/elcotarro.com\"],\"url\":\"https:\/\/elcotarro.com\/?author=2\"}]}<\/script>\n<!-- \/ Yoast SEO plugin. -->","yoast_head_json":{"title":"LA TRASTIENDA DEL ENVITE - El Cotarro","description":"Les cuento lo que s\u00e9 de la trastienda de este \u201cenvite\u201d aunque les adelanto que El Cotarro de este domingo lo he terminado de escribir a las dos de la tarde","robots":{"index":"index","follow":"follow","max-snippet":"max-snippet:-1","max-image-preview":"max-image-preview:large","max-video-preview":"max-video-preview:-1"},"canonical":"https:\/\/elcotarro.com\/?p=2067","og_locale":"es_ES","og_type":"article","og_title":"LA TRASTIENDA DEL ENVITE - El Cotarro","og_description":"Les cuento lo que s\u00e9 de la trastienda de este \u201cenvite\u201d aunque les adelanto que El Cotarro de este domingo lo he terminado de escribir a las dos de la tarde","og_url":"https:\/\/elcotarro.com\/?p=2067","og_site_name":"El Cotarro","article_publisher":"https:\/\/www.facebook.com\/ElCotarro.Tenerife","article_published_time":"2015-12-13T11:05:30+00:00","author":"Jos\u00e9 Carlos Marrero Gonz\u00e1lez","twitter_misc":{"Escrito por":"Jos\u00e9 Carlos Marrero Gonz\u00e1lez","Tiempo de lectura":"1 minuto"},"schema":{"@context":"https:\/\/schema.org","@graph":[{"@type":"Article","@id":"https:\/\/elcotarro.com\/?p=2067#article","isPartOf":{"@id":"https:\/\/elcotarro.com\/?p=2067"},"author":{"name":"Jos\u00e9 Carlos Marrero Gonz\u00e1lez","@id":"https:\/\/elcotarro.com\/#\/schema\/person\/af537ee7d60d15984c7e0affcd8a918b"},"headline":"LA TRASTIENDA DEL ENVITE","datePublished":"2015-12-13T11:05:30+00:00","mainEntityOfPage":{"@id":"https:\/\/elcotarro.com\/?p=2067"},"wordCount":216,"commentCount":0,"publisher":{"@id":"https:\/\/elcotarro.com\/#organization"},"keywords":["Javier Abreu Rodr\u00edguez","Jos\u00e9 Alberto D\u00edaz Dom\u00ednguez"],"articleSection":["Pol\u00edtica"],"inLanguage":"es","potentialAction":[{"@type":"CommentAction","name":"Comment","target":["https:\/\/elcotarro.com\/?p=2067#respond"]}]},{"@type":"WebPage","@id":"https:\/\/elcotarro.com\/?p=2067","url":"https:\/\/elcotarro.com\/?p=2067","name":"LA TRASTIENDA DEL ENVITE - El Cotarro","isPartOf":{"@id":"https:\/\/elcotarro.com\/#website"},"datePublished":"2015-12-13T11:05:30+00:00","description":"Les cuento lo que s\u00e9 de la trastienda de este \u201cenvite\u201d aunque les adelanto que El Cotarro de este domingo lo he terminado de escribir a las dos de la tarde","breadcrumb":{"@id":"https:\/\/elcotarro.com\/?p=2067#breadcrumb"},"inLanguage":"es","potentialAction":[{"@type":"ReadAction","target":["https:\/\/elcotarro.com\/?p=2067"]}]},{"@type":"BreadcrumbList","@id":"https:\/\/elcotarro.com\/?p=2067#breadcrumb","itemListElement":[{"@type":"ListItem","position":1,"name":"Portada","item":"https:\/\/elcotarro.com\/"},{"@type":"ListItem","position":2,"name":"LA TRASTIENDA DEL ENVITE"}]},{"@type":"WebSite","@id":"https:\/\/elcotarro.com\/#website","url":"https:\/\/elcotarro.com\/","name":"El Cotarro","description":"Peri\u00f3dico Digital Independiente dirigido por Jos\u00e9 Carlos Marrero","publisher":{"@id":"https:\/\/elcotarro.com\/#organization"},"potentialAction":[{"@type":"SearchAction","target":{"@type":"EntryPoint","urlTemplate":"https:\/\/elcotarro.com\/?s={search_term_string}"},"query-input":{"@type":"PropertyValueSpecification","valueRequired":true,"valueName":"search_term_string"}}],"inLanguage":"es"},{"@type":"Organization","@id":"https:\/\/elcotarro.com\/#organization","name":"El Cotarro","url":"https:\/\/elcotarro.com\/","logo":{"@type":"ImageObject","inLanguage":"es","@id":"https:\/\/elcotarro.com\/#\/schema\/logo\/image\/","url":"https:\/\/elcotarro.com\/wp-content\/uploads\/2014\/09\/Cabecera_El_Cotarro_v2.jpg","contentUrl":"https:\/\/elcotarro.com\/wp-content\/uploads\/2014\/09\/Cabecera_El_Cotarro_v2.jpg","width":3540,"height":441,"caption":"El Cotarro"},"image":{"@id":"https:\/\/elcotarro.com\/#\/schema\/logo\/image\/"},"sameAs":["https:\/\/www.facebook.com\/ElCotarro.Tenerife"]},{"@type":"Person","@id":"https:\/\/elcotarro.com\/#\/schema\/person\/af537ee7d60d15984c7e0affcd8a918b","name":"Jos\u00e9 Carlos Marrero Gonz\u00e1lez","image":{"@type":"ImageObject","inLanguage":"es","@id":"https:\/\/elcotarro.com\/#\/schema\/person\/image\/","url":"https:\/\/secure.gravatar.com\/avatar\/def4da036efb5d32c74d49c351f6dccc064dd69ad9f3aadc295c5a9a5391ca01?s=96&d=mm&r=g","contentUrl":"https:\/\/secure.gravatar.com\/avatar\/def4da036efb5d32c74d49c351f6dccc064dd69ad9f3aadc295c5a9a5391ca01?s=96&d=mm&r=g","caption":"Jos\u00e9 Carlos Marrero Gonz\u00e1lez"},"sameAs":["https:\/\/elcotarro.com"],"url":"https:\/\/elcotarro.com\/?author=2"}]}},"jetpack_featured_media_url":"","jetpack_sharing_enabled":true,"_links":{"self":[{"href":"https:\/\/elcotarro.com\/index.php?rest_route=\/wp\/v2\/posts\/2067","targetHints":{"allow":["GET"]}}],"collection":[{"href":"https:\/\/elcotarro.com\/index.php?rest_route=\/wp\/v2\/posts"}],"about":[{"href":"https:\/\/elcotarro.com\/index.php?rest_route=\/wp\/v2\/types\/post"}],"author":[{"embeddable":true,"href":"https:\/\/elcotarro.com\/index.php?rest_route=\/wp\/v2\/users\/2"}],"replies":[{"embeddable":true,"href":"https:\/\/elcotarro.com\/index.php?rest_route=%2Fwp%2Fv2%2Fcomments&post=2067"}],"version-history":[{"count":1,"href":"https:\/\/elcotarro.com\/index.php?rest_route=\/wp\/v2\/posts\/2067\/revisions"}],"predecessor-version":[{"id":2069,"href":"https:\/\/elcotarro.com\/index.php?rest_route=\/wp\/v2\/posts\/2067\/revisions\/2069"}],"wp:attachment":[{"href":"https:\/\/elcotarro.com\/index.php?rest_route=%2Fwp%2Fv2%2Fmedia&parent=2067"}],"wp:term":[{"taxonomy":"category","embeddable":true,"href":"https:\/\/elcotarro.com\/index.php?rest_route=%2Fwp%2Fv2%2Fcategories&post=2067"},{"taxonomy":"post_tag","embeddable":true,"href":"https:\/\/elcotarro.com\/index.php?rest_route=%2Fwp%2Fv2%2Ftags&post=2067"}],"curies":[{"name":"wp","href":"https:\/\/api.w.org\/{rel}","templated":true}]}}