{"id":2079,"date":"2015-12-20T11:01:14","date_gmt":"2015-12-20T11:01:14","guid":{"rendered":"https:\/\/elcotarro.com\/?p=2079"},"modified":"2015-12-20T08:14:01","modified_gmt":"2015-12-20T08:14:01","slug":"la-laguna-va-al-tumbo-forzoso","status":"publish","type":"post","link":"https:\/\/elcotarro.com\/?p=2079","title":{"rendered":"LA LAGUNA VA AL \u201cTUMBO FORZOSO\u201d"},"content":{"rendered":"<p>\u2666 Para terminar quiero agradecer la gran acogida que ha tenido <strong><em>El Cotarro<\/em><\/strong> del pasado domingo y las felicitaciones recibidas por el mismo. Debo decirles que el envite contin\u00faa y que, tras el \u00abchico fuera\u00bb cantado por el alcalde lagunero, <strong>Jos\u00e9 Alberto D\u00edaz<\/strong>, al \u00ednclito <strong>Javier Abreu<\/strong>, la partida contin\u00faa y todo apunta a que se va a llegar al \u00abtumbo forzoso\u00bb. Esta semana <strong>Gustavo Matos<\/strong> (de una manera) y <strong>Santiago P\u00e9rez<\/strong> (de otra) han terciado en el tema. <strong>Santiago<\/strong> sabe mucho de envite; <strong>Gustavo<\/strong> me temo que muy poco y, a estas alturas, no sabemos si <strong>Javier Abreu<\/strong> iba \u201cde farol\u201d. S\u00f3lo sabemos que este domingo podemos y debemos ejercer el democr\u00e1tico y sacrosanto derecho al voto. Y que hay que ir a votar a unos y, de rebote, \u00abbotar\u00bb a otros. Y recordar, como me dec\u00eda mi madre, que <em>\u201ccon la cuchara que coges, con esa comes\u201d.<\/em> A partir de ma\u00f1ana habr\u00e1 que empezar a hacer la digesti\u00f3n de los resultados, que igual terminan de apuntar por d\u00f3nde vendr\u00e1 el desenlace del tumbo forzoso en el envite lagunero. Sea por donde fuera, creo que a <strong>Javier Abreu<\/strong> hay que darle una salida honrosa y a la ciudadana <strong>Teresa Ber\u00e1stegui<\/strong> un curso de pol\u00edtica. A ver si se lo regala <strong>Pap\u00e1 No\u00ebl.<\/strong> \u00a1\u00a1 Feliz navidad, amigos!!<\/p>\n<p><a href=\"https:\/\/elcotarro.com\/wp-content\/uploads\/2015\/12\/FOTO-7.-Javier-Abreu-y-Teresa-Ber\u00e1stegui.jpg\"><img loading=\"lazy\" decoding=\"async\" class=\"aligncenter size-full wp-image-2080\" src=\"https:\/\/elcotarro.com\/wp-content\/uploads\/2015\/12\/FOTO-7.-Javier-Abreu-y-Teresa-Ber\u00e1stegui.jpg\" alt=\"FOTO 7.- Javier Abreu y Teresa Ber\u00e1stegui\" width=\"975\" height=\"362\" srcset=\"https:\/\/elcotarro.com\/wp-content\/uploads\/2015\/12\/FOTO-7.-Javier-Abreu-y-Teresa-Ber\u00e1stegui.jpg 975w, https:\/\/elcotarro.com\/wp-content\/uploads\/2015\/12\/FOTO-7.-Javier-Abreu-y-Teresa-Ber\u00e1stegui-300x111.jpg 300w\" sizes=\"auto, (max-width: 975px) 100vw, 975px\" \/><\/a><\/p>\n<p class=\"comentario\" style=\"text-align: center;\">Javier Abreu (PSOE) y Teresa Ber\u00e1stegui (Ciudadanos), forman parte del \u201ctumbo\u201d<\/p>\n","protected":false},"excerpt":{"rendered":"<p>\u2666 Para terminar quiero agradecer la gran acogida que ha tenido El Cotarro del pasado domingo y las felicitaciones recibidas por el mismo. Debo decirles que el envite contin\u00faa y que, tras el \u00abchico fuera\u00bb cantado por el alcalde lagunero, Jos\u00e9 Alberto D\u00edaz, al \u00ednclito Javier Abreu, la partida contin\u00faa y todo apunta a que &#8230; <a class=\"read-more\" href=\"https:\/\/elcotarro.com\/?p=2079\">Read more<\/a><\/p>\n","protected":false},"author":2,"featured_media":0,"comment_status":"open","ping_status":"open","sticky":false,"template":"","format":"standard","meta":{"_jetpack_memberships_contains_paid_content":false,"footnotes":""},"categories":[7],"tags":[12,96,275,91,668],"class_list":["post-2079","post","type-post","status-publish","format-standard","hentry","category-politica","tag-gustavo-matos","tag-javier-abreu","tag-jose-alberto-diaz","tag-santiago-perez","tag-teresa-berastegui"],"yoast_head":"<!-- This site is optimized with the Yoast SEO plugin v27.0 - https:\/\/yoast.com\/product\/yoast-seo-wordpress\/ -->\n<title>LA LAGUNA VA AL \u201cTUMBO FORZOSO\u201d - El Cotarro<\/title>\n<meta name=\"description\" content=\"Para terminar quiero agradecer la gran acogida que ha tenido El Cotarro del pasado domingo y las felicitaciones recibidas por el mismo. Debo decirles que\" \/>\n<meta name=\"robots\" content=\"index, follow, max-snippet:-1, max-image-preview:large, max-video-preview:-1\" \/>\n<link rel=\"canonical\" href=\"https:\/\/elcotarro.com\/?p=2079\" \/>\n<meta property=\"og:locale\" content=\"es_ES\" \/>\n<meta property=\"og:type\" content=\"article\" \/>\n<meta property=\"og:title\" content=\"LA LAGUNA VA AL \u201cTUMBO FORZOSO\u201d - El Cotarro\" \/>\n<meta property=\"og:description\" content=\"Para terminar quiero agradecer la gran acogida que ha tenido El Cotarro del pasado domingo y las felicitaciones recibidas por el mismo. Debo decirles que\" \/>\n<meta property=\"og:url\" content=\"https:\/\/elcotarro.com\/?p=2079\" \/>\n<meta property=\"og:site_name\" content=\"El Cotarro\" \/>\n<meta property=\"article:publisher\" content=\"https:\/\/www.facebook.com\/ElCotarro.Tenerife\" \/>\n<meta property=\"article:published_time\" content=\"2015-12-20T11:01:14+00:00\" \/>\n<meta name=\"author\" content=\"Jos\u00e9 Carlos Marrero Gonz\u00e1lez\" \/>\n<meta name=\"twitter:label1\" content=\"Escrito por\" \/>\n\t<meta name=\"twitter:data1\" content=\"Jos\u00e9 Carlos Marrero Gonz\u00e1lez\" \/>\n\t<meta name=\"twitter:label2\" content=\"Tiempo de lectura\" \/>\n\t<meta name=\"twitter:data2\" content=\"1 minuto\" \/>\n<script type=\"application\/ld+json\" class=\"yoast-schema-graph\">{\"@context\":\"https:\/\/schema.org\",\"@graph\":[{\"@type\":\"Article\",\"@id\":\"https:\/\/elcotarro.com\/?p=2079#article\",\"isPartOf\":{\"@id\":\"https:\/\/elcotarro.com\/?p=2079\"},\"author\":{\"name\":\"Jos\u00e9 Carlos Marrero Gonz\u00e1lez\",\"@id\":\"https:\/\/elcotarro.com\/#\/schema\/person\/af537ee7d60d15984c7e0affcd8a918b\"},\"headline\":\"LA LAGUNA VA AL \u201cTUMBO FORZOSO\u201d\",\"datePublished\":\"2015-12-20T11:01:14+00:00\",\"mainEntityOfPage\":{\"@id\":\"https:\/\/elcotarro.com\/?p=2079\"},\"wordCount\":246,\"commentCount\":0,\"publisher\":{\"@id\":\"https:\/\/elcotarro.com\/#organization\"},\"keywords\":[\"Gustavo Matos\",\"Javier Abreu\",\"Jos\u00e9 Alberto D\u00edaz\",\"Santiago P\u00e9rez\",\"Teresa Ber\u00e1stegui\"],\"articleSection\":[\"Pol\u00edtica\"],\"inLanguage\":\"es\",\"potentialAction\":[{\"@type\":\"CommentAction\",\"name\":\"Comment\",\"target\":[\"https:\/\/elcotarro.com\/?p=2079#respond\"]}]},{\"@type\":\"WebPage\",\"@id\":\"https:\/\/elcotarro.com\/?p=2079\",\"url\":\"https:\/\/elcotarro.com\/?p=2079\",\"name\":\"LA LAGUNA VA AL \u201cTUMBO FORZOSO\u201d - El Cotarro\",\"isPartOf\":{\"@id\":\"https:\/\/elcotarro.com\/#website\"},\"datePublished\":\"2015-12-20T11:01:14+00:00\",\"description\":\"Para terminar quiero agradecer la gran acogida que ha tenido El Cotarro del pasado domingo y las felicitaciones recibidas por el mismo. Debo decirles que\",\"breadcrumb\":{\"@id\":\"https:\/\/elcotarro.com\/?p=2079#breadcrumb\"},\"inLanguage\":\"es\",\"potentialAction\":[{\"@type\":\"ReadAction\",\"target\":[\"https:\/\/elcotarro.com\/?p=2079\"]}]},{\"@type\":\"BreadcrumbList\",\"@id\":\"https:\/\/elcotarro.com\/?p=2079#breadcrumb\",\"itemListElement\":[{\"@type\":\"ListItem\",\"position\":1,\"name\":\"Portada\",\"item\":\"https:\/\/elcotarro.com\/\"},{\"@type\":\"ListItem\",\"position\":2,\"name\":\"LA LAGUNA VA AL \u201cTUMBO FORZOSO\u201d\"}]},{\"@type\":\"WebSite\",\"@id\":\"https:\/\/elcotarro.com\/#website\",\"url\":\"https:\/\/elcotarro.com\/\",\"name\":\"El Cotarro\",\"description\":\"Peri\u00f3dico Digital Independiente dirigido por Jos\u00e9 Carlos Marrero\",\"publisher\":{\"@id\":\"https:\/\/elcotarro.com\/#organization\"},\"potentialAction\":[{\"@type\":\"SearchAction\",\"target\":{\"@type\":\"EntryPoint\",\"urlTemplate\":\"https:\/\/elcotarro.com\/?s={search_term_string}\"},\"query-input\":{\"@type\":\"PropertyValueSpecification\",\"valueRequired\":true,\"valueName\":\"search_term_string\"}}],\"inLanguage\":\"es\"},{\"@type\":\"Organization\",\"@id\":\"https:\/\/elcotarro.com\/#organization\",\"name\":\"El Cotarro\",\"url\":\"https:\/\/elcotarro.com\/\",\"logo\":{\"@type\":\"ImageObject\",\"inLanguage\":\"es\",\"@id\":\"https:\/\/elcotarro.com\/#\/schema\/logo\/image\/\",\"url\":\"https:\/\/elcotarro.com\/wp-content\/uploads\/2014\/09\/Cabecera_El_Cotarro_v2.jpg\",\"contentUrl\":\"https:\/\/elcotarro.com\/wp-content\/uploads\/2014\/09\/Cabecera_El_Cotarro_v2.jpg\",\"width\":3540,\"height\":441,\"caption\":\"El Cotarro\"},\"image\":{\"@id\":\"https:\/\/elcotarro.com\/#\/schema\/logo\/image\/\"},\"sameAs\":[\"https:\/\/www.facebook.com\/ElCotarro.Tenerife\"]},{\"@type\":\"Person\",\"@id\":\"https:\/\/elcotarro.com\/#\/schema\/person\/af537ee7d60d15984c7e0affcd8a918b\",\"name\":\"Jos\u00e9 Carlos Marrero Gonz\u00e1lez\",\"image\":{\"@type\":\"ImageObject\",\"inLanguage\":\"es\",\"@id\":\"https:\/\/elcotarro.com\/#\/schema\/person\/image\/\",\"url\":\"https:\/\/secure.gravatar.com\/avatar\/def4da036efb5d32c74d49c351f6dccc064dd69ad9f3aadc295c5a9a5391ca01?s=96&d=mm&r=g\",\"contentUrl\":\"https:\/\/secure.gravatar.com\/avatar\/def4da036efb5d32c74d49c351f6dccc064dd69ad9f3aadc295c5a9a5391ca01?s=96&d=mm&r=g\",\"caption\":\"Jos\u00e9 Carlos Marrero Gonz\u00e1lez\"},\"sameAs\":[\"https:\/\/elcotarro.com\"],\"url\":\"https:\/\/elcotarro.com\/?author=2\"}]}<\/script>\n<!-- \/ Yoast SEO plugin. -->","yoast_head_json":{"title":"LA LAGUNA VA AL \u201cTUMBO FORZOSO\u201d - El Cotarro","description":"Para terminar quiero agradecer la gran acogida que ha tenido El Cotarro del pasado domingo y las felicitaciones recibidas por el mismo. Debo decirles que","robots":{"index":"index","follow":"follow","max-snippet":"max-snippet:-1","max-image-preview":"max-image-preview:large","max-video-preview":"max-video-preview:-1"},"canonical":"https:\/\/elcotarro.com\/?p=2079","og_locale":"es_ES","og_type":"article","og_title":"LA LAGUNA VA AL \u201cTUMBO FORZOSO\u201d - El Cotarro","og_description":"Para terminar quiero agradecer la gran acogida que ha tenido El Cotarro del pasado domingo y las felicitaciones recibidas por el mismo. Debo decirles que","og_url":"https:\/\/elcotarro.com\/?p=2079","og_site_name":"El Cotarro","article_publisher":"https:\/\/www.facebook.com\/ElCotarro.Tenerife","article_published_time":"2015-12-20T11:01:14+00:00","author":"Jos\u00e9 Carlos Marrero Gonz\u00e1lez","twitter_misc":{"Escrito por":"Jos\u00e9 Carlos Marrero Gonz\u00e1lez","Tiempo de lectura":"1 minuto"},"schema":{"@context":"https:\/\/schema.org","@graph":[{"@type":"Article","@id":"https:\/\/elcotarro.com\/?p=2079#article","isPartOf":{"@id":"https:\/\/elcotarro.com\/?p=2079"},"author":{"name":"Jos\u00e9 Carlos Marrero Gonz\u00e1lez","@id":"https:\/\/elcotarro.com\/#\/schema\/person\/af537ee7d60d15984c7e0affcd8a918b"},"headline":"LA LAGUNA VA AL \u201cTUMBO FORZOSO\u201d","datePublished":"2015-12-20T11:01:14+00:00","mainEntityOfPage":{"@id":"https:\/\/elcotarro.com\/?p=2079"},"wordCount":246,"commentCount":0,"publisher":{"@id":"https:\/\/elcotarro.com\/#organization"},"keywords":["Gustavo Matos","Javier Abreu","Jos\u00e9 Alberto D\u00edaz","Santiago P\u00e9rez","Teresa Ber\u00e1stegui"],"articleSection":["Pol\u00edtica"],"inLanguage":"es","potentialAction":[{"@type":"CommentAction","name":"Comment","target":["https:\/\/elcotarro.com\/?p=2079#respond"]}]},{"@type":"WebPage","@id":"https:\/\/elcotarro.com\/?p=2079","url":"https:\/\/elcotarro.com\/?p=2079","name":"LA LAGUNA VA AL \u201cTUMBO FORZOSO\u201d - El Cotarro","isPartOf":{"@id":"https:\/\/elcotarro.com\/#website"},"datePublished":"2015-12-20T11:01:14+00:00","description":"Para terminar quiero agradecer la gran acogida que ha tenido El Cotarro del pasado domingo y las felicitaciones recibidas por el mismo. Debo decirles que","breadcrumb":{"@id":"https:\/\/elcotarro.com\/?p=2079#breadcrumb"},"inLanguage":"es","potentialAction":[{"@type":"ReadAction","target":["https:\/\/elcotarro.com\/?p=2079"]}]},{"@type":"BreadcrumbList","@id":"https:\/\/elcotarro.com\/?p=2079#breadcrumb","itemListElement":[{"@type":"ListItem","position":1,"name":"Portada","item":"https:\/\/elcotarro.com\/"},{"@type":"ListItem","position":2,"name":"LA LAGUNA VA AL \u201cTUMBO FORZOSO\u201d"}]},{"@type":"WebSite","@id":"https:\/\/elcotarro.com\/#website","url":"https:\/\/elcotarro.com\/","name":"El Cotarro","description":"Peri\u00f3dico Digital Independiente dirigido por Jos\u00e9 Carlos Marrero","publisher":{"@id":"https:\/\/elcotarro.com\/#organization"},"potentialAction":[{"@type":"SearchAction","target":{"@type":"EntryPoint","urlTemplate":"https:\/\/elcotarro.com\/?s={search_term_string}"},"query-input":{"@type":"PropertyValueSpecification","valueRequired":true,"valueName":"search_term_string"}}],"inLanguage":"es"},{"@type":"Organization","@id":"https:\/\/elcotarro.com\/#organization","name":"El Cotarro","url":"https:\/\/elcotarro.com\/","logo":{"@type":"ImageObject","inLanguage":"es","@id":"https:\/\/elcotarro.com\/#\/schema\/logo\/image\/","url":"https:\/\/elcotarro.com\/wp-content\/uploads\/2014\/09\/Cabecera_El_Cotarro_v2.jpg","contentUrl":"https:\/\/elcotarro.com\/wp-content\/uploads\/2014\/09\/Cabecera_El_Cotarro_v2.jpg","width":3540,"height":441,"caption":"El Cotarro"},"image":{"@id":"https:\/\/elcotarro.com\/#\/schema\/logo\/image\/"},"sameAs":["https:\/\/www.facebook.com\/ElCotarro.Tenerife"]},{"@type":"Person","@id":"https:\/\/elcotarro.com\/#\/schema\/person\/af537ee7d60d15984c7e0affcd8a918b","name":"Jos\u00e9 Carlos Marrero Gonz\u00e1lez","image":{"@type":"ImageObject","inLanguage":"es","@id":"https:\/\/elcotarro.com\/#\/schema\/person\/image\/","url":"https:\/\/secure.gravatar.com\/avatar\/def4da036efb5d32c74d49c351f6dccc064dd69ad9f3aadc295c5a9a5391ca01?s=96&d=mm&r=g","contentUrl":"https:\/\/secure.gravatar.com\/avatar\/def4da036efb5d32c74d49c351f6dccc064dd69ad9f3aadc295c5a9a5391ca01?s=96&d=mm&r=g","caption":"Jos\u00e9 Carlos Marrero Gonz\u00e1lez"},"sameAs":["https:\/\/elcotarro.com"],"url":"https:\/\/elcotarro.com\/?author=2"}]}},"jetpack_featured_media_url":"","jetpack_sharing_enabled":true,"_links":{"self":[{"href":"https:\/\/elcotarro.com\/index.php?rest_route=\/wp\/v2\/posts\/2079","targetHints":{"allow":["GET"]}}],"collection":[{"href":"https:\/\/elcotarro.com\/index.php?rest_route=\/wp\/v2\/posts"}],"about":[{"href":"https:\/\/elcotarro.com\/index.php?rest_route=\/wp\/v2\/types\/post"}],"author":[{"embeddable":true,"href":"https:\/\/elcotarro.com\/index.php?rest_route=\/wp\/v2\/users\/2"}],"replies":[{"embeddable":true,"href":"https:\/\/elcotarro.com\/index.php?rest_route=%2Fwp%2Fv2%2Fcomments&post=2079"}],"version-history":[{"count":1,"href":"https:\/\/elcotarro.com\/index.php?rest_route=\/wp\/v2\/posts\/2079\/revisions"}],"predecessor-version":[{"id":2081,"href":"https:\/\/elcotarro.com\/index.php?rest_route=\/wp\/v2\/posts\/2079\/revisions\/2081"}],"wp:attachment":[{"href":"https:\/\/elcotarro.com\/index.php?rest_route=%2Fwp%2Fv2%2Fmedia&parent=2079"}],"wp:term":[{"taxonomy":"category","embeddable":true,"href":"https:\/\/elcotarro.com\/index.php?rest_route=%2Fwp%2Fv2%2Fcategories&post=2079"},{"taxonomy":"post_tag","embeddable":true,"href":"https:\/\/elcotarro.com\/index.php?rest_route=%2Fwp%2Fv2%2Ftags&post=2079"}],"curies":[{"name":"wp","href":"https:\/\/api.w.org\/{rel}","templated":true}]}}