{"id":2133,"date":"2016-01-03T11:07:05","date_gmt":"2016-01-03T11:07:05","guid":{"rendered":"https:\/\/elcotarro.com\/?p=2133"},"modified":"2016-01-03T10:48:06","modified_gmt":"2016-01-03T10:48:06","slug":"un-ano-mas-con-el-dia-por-delante-2","status":"publish","type":"post","link":"https:\/\/elcotarro.com\/?p=2133","title":{"rendered":"UN A\u00d1O M\u00c1S CON EL D\u00cdA POR DELANTE"},"content":{"rendered":"<p>Me permitir\u00e1n que comenzando <em><strong>El Cotarro<\/strong><\/em> dominical, primero de este a\u00f1o 2016 que acabamos de estrenar, me dirija a toda la audiencia, siempre en positivo, con mis mejores deseos de salud y prosperidad y con un especial agradecimiento a <strong>Mercedes Rodr\u00edguez Rodr\u00edguez<\/strong>, la editora y directora <strong>EL D\u00cdA<\/strong>, que me sigue dando la oportunidad de acercarme a ustedes cada domingo desde este p\u00e1gina, y que continua trabajando duro al frente de un gran equipo de profesionales, para que el Grupo de Comunicaci\u00f3n <strong>EL D\u00cdA<\/strong> sea cada d\u00eda una s\u00f3lida y m\u00e1s exitosa realidad. Dicho lo anterior, ahora s\u00f3lo nos falta que llegue el d\u00eda de los queridos Reyes Magos, para volver a comenzar las socorridas dietas y afrontar la temible \u00abcuesta de enero\u00bb. Todo se andar\u00e1&#8230;<\/p>\n<p style=\"text-align: center;\"><a href=\"https:\/\/elcotarro.com\/wp-content\/uploads\/2016\/01\/mercedes_rodriguez.jpg\"><img loading=\"lazy\" decoding=\"async\" class=\"size-medium wp-image-2130 aligncenter\" src=\"https:\/\/elcotarro.com\/wp-content\/uploads\/2016\/01\/mercedes_rodriguez-300x296.jpg\" alt=\"mercedes_rodriguez\" width=\"300\" height=\"296\" srcset=\"https:\/\/elcotarro.com\/wp-content\/uploads\/2016\/01\/mercedes_rodriguez-300x296.jpg 300w, https:\/\/elcotarro.com\/wp-content\/uploads\/2016\/01\/mercedes_rodriguez.jpg 361w\" sizes=\"auto, (max-width: 300px) 100vw, 300px\" \/><\/a><em>Mercedes Rodr\u00edguez Rodr\u00edguez, editora-directora del Grupo de Comunicaci\u00f3n EL D\u00cdA<\/em><\/p>\n","protected":false},"excerpt":{"rendered":"<p>Me permitir\u00e1n que comenzando El Cotarro dominical, primero de este a\u00f1o 2016 que acabamos de estrenar, me dirija a toda la audiencia, siempre en positivo, con mis mejores deseos de salud y prosperidad y con un especial agradecimiento a Mercedes Rodr\u00edguez Rodr\u00edguez, la editora y directora EL D\u00cdA, que me sigue dando la oportunidad de &#8230; <a class=\"read-more\" href=\"https:\/\/elcotarro.com\/?p=2133\">Read more<\/a><\/p>\n","protected":false},"author":2,"featured_media":0,"comment_status":"open","ping_status":"open","sticky":false,"template":"","format":"standard","meta":{"_jetpack_memberships_contains_paid_content":false,"footnotes":""},"categories":[54,43],"tags":[],"class_list":["post-2133","post","type-post","status-publish","format-standard","hentry","category-personajes","category-sociedad"],"yoast_head":"<!-- This site is optimized with the Yoast SEO plugin v27.0 - https:\/\/yoast.com\/product\/yoast-seo-wordpress\/ -->\n<title>UN A\u00d1O M\u00c1S CON EL D\u00cdA POR DELANTE - El Cotarro<\/title>\n<meta name=\"description\" content=\"Me permitir\u00e1n que comenzando El Cotarro dominical, primero de este a\u00f1o 2016 que acabamos de estrenar, me dirija a toda la audiencia con mis mejores deseos\" \/>\n<meta name=\"robots\" content=\"index, follow, max-snippet:-1, max-image-preview:large, max-video-preview:-1\" \/>\n<link rel=\"canonical\" href=\"https:\/\/elcotarro.com\/?p=2133\" \/>\n<meta property=\"og:locale\" content=\"es_ES\" \/>\n<meta property=\"og:type\" content=\"article\" \/>\n<meta property=\"og:title\" content=\"UN A\u00d1O M\u00c1S CON EL D\u00cdA POR DELANTE - El Cotarro\" \/>\n<meta property=\"og:description\" content=\"Me permitir\u00e1n que comenzando El Cotarro dominical, primero de este a\u00f1o 2016 que acabamos de estrenar, me dirija a toda la audiencia con mis mejores deseos\" \/>\n<meta property=\"og:url\" content=\"https:\/\/elcotarro.com\/?p=2133\" \/>\n<meta property=\"og:site_name\" content=\"El Cotarro\" \/>\n<meta property=\"article:publisher\" content=\"https:\/\/www.facebook.com\/ElCotarro.Tenerife\" \/>\n<meta property=\"article:published_time\" content=\"2016-01-03T11:07:05+00:00\" \/>\n<meta property=\"og:image\" content=\"https:\/\/elcotarro.com\/wp-content\/uploads\/2016\/01\/mercedes_rodriguez-300x296.jpg\" \/>\n<meta name=\"author\" content=\"Jos\u00e9 Carlos Marrero Gonz\u00e1lez\" \/>\n<meta name=\"twitter:label1\" content=\"Escrito por\" \/>\n\t<meta name=\"twitter:data1\" content=\"Jos\u00e9 Carlos Marrero Gonz\u00e1lez\" \/>\n\t<meta name=\"twitter:label2\" content=\"Tiempo de lectura\" \/>\n\t<meta name=\"twitter:data2\" content=\"1 minuto\" \/>\n<script type=\"application\/ld+json\" class=\"yoast-schema-graph\">{\"@context\":\"https:\/\/schema.org\",\"@graph\":[{\"@type\":\"Article\",\"@id\":\"https:\/\/elcotarro.com\/?p=2133#article\",\"isPartOf\":{\"@id\":\"https:\/\/elcotarro.com\/?p=2133\"},\"author\":{\"name\":\"Jos\u00e9 Carlos Marrero Gonz\u00e1lez\",\"@id\":\"https:\/\/elcotarro.com\/#\/schema\/person\/af537ee7d60d15984c7e0affcd8a918b\"},\"headline\":\"UN A\u00d1O M\u00c1S CON EL D\u00cdA POR DELANTE\",\"datePublished\":\"2016-01-03T11:07:05+00:00\",\"mainEntityOfPage\":{\"@id\":\"https:\/\/elcotarro.com\/?p=2133\"},\"wordCount\":163,\"commentCount\":0,\"publisher\":{\"@id\":\"https:\/\/elcotarro.com\/#organization\"},\"image\":{\"@id\":\"https:\/\/elcotarro.com\/?p=2133#primaryimage\"},\"thumbnailUrl\":\"https:\/\/elcotarro.com\/wp-content\/uploads\/2016\/01\/mercedes_rodriguez-300x296.jpg\",\"articleSection\":[\"Personajes\",\"Sociedad\"],\"inLanguage\":\"es\",\"potentialAction\":[{\"@type\":\"CommentAction\",\"name\":\"Comment\",\"target\":[\"https:\/\/elcotarro.com\/?p=2133#respond\"]}]},{\"@type\":\"WebPage\",\"@id\":\"https:\/\/elcotarro.com\/?p=2133\",\"url\":\"https:\/\/elcotarro.com\/?p=2133\",\"name\":\"UN A\u00d1O M\u00c1S CON EL D\u00cdA POR DELANTE - El Cotarro\",\"isPartOf\":{\"@id\":\"https:\/\/elcotarro.com\/#website\"},\"primaryImageOfPage\":{\"@id\":\"https:\/\/elcotarro.com\/?p=2133#primaryimage\"},\"image\":{\"@id\":\"https:\/\/elcotarro.com\/?p=2133#primaryimage\"},\"thumbnailUrl\":\"https:\/\/elcotarro.com\/wp-content\/uploads\/2016\/01\/mercedes_rodriguez-300x296.jpg\",\"datePublished\":\"2016-01-03T11:07:05+00:00\",\"description\":\"Me permitir\u00e1n que comenzando El Cotarro dominical, primero de este a\u00f1o 2016 que acabamos de estrenar, me dirija a toda la audiencia con mis mejores deseos\",\"breadcrumb\":{\"@id\":\"https:\/\/elcotarro.com\/?p=2133#breadcrumb\"},\"inLanguage\":\"es\",\"potentialAction\":[{\"@type\":\"ReadAction\",\"target\":[\"https:\/\/elcotarro.com\/?p=2133\"]}]},{\"@type\":\"ImageObject\",\"inLanguage\":\"es\",\"@id\":\"https:\/\/elcotarro.com\/?p=2133#primaryimage\",\"url\":\"https:\/\/elcotarro.com\/wp-content\/uploads\/2016\/01\/mercedes_rodriguez.jpg\",\"contentUrl\":\"https:\/\/elcotarro.com\/wp-content\/uploads\/2016\/01\/mercedes_rodriguez.jpg\",\"width\":361,\"height\":356},{\"@type\":\"BreadcrumbList\",\"@id\":\"https:\/\/elcotarro.com\/?p=2133#breadcrumb\",\"itemListElement\":[{\"@type\":\"ListItem\",\"position\":1,\"name\":\"Portada\",\"item\":\"https:\/\/elcotarro.com\/\"},{\"@type\":\"ListItem\",\"position\":2,\"name\":\"UN A\u00d1O M\u00c1S CON EL D\u00cdA POR DELANTE\"}]},{\"@type\":\"WebSite\",\"@id\":\"https:\/\/elcotarro.com\/#website\",\"url\":\"https:\/\/elcotarro.com\/\",\"name\":\"El Cotarro\",\"description\":\"Peri\u00f3dico Digital Independiente dirigido por Jos\u00e9 Carlos Marrero\",\"publisher\":{\"@id\":\"https:\/\/elcotarro.com\/#organization\"},\"potentialAction\":[{\"@type\":\"SearchAction\",\"target\":{\"@type\":\"EntryPoint\",\"urlTemplate\":\"https:\/\/elcotarro.com\/?s={search_term_string}\"},\"query-input\":{\"@type\":\"PropertyValueSpecification\",\"valueRequired\":true,\"valueName\":\"search_term_string\"}}],\"inLanguage\":\"es\"},{\"@type\":\"Organization\",\"@id\":\"https:\/\/elcotarro.com\/#organization\",\"name\":\"El Cotarro\",\"url\":\"https:\/\/elcotarro.com\/\",\"logo\":{\"@type\":\"ImageObject\",\"inLanguage\":\"es\",\"@id\":\"https:\/\/elcotarro.com\/#\/schema\/logo\/image\/\",\"url\":\"https:\/\/elcotarro.com\/wp-content\/uploads\/2014\/09\/Cabecera_El_Cotarro_v2.jpg\",\"contentUrl\":\"https:\/\/elcotarro.com\/wp-content\/uploads\/2014\/09\/Cabecera_El_Cotarro_v2.jpg\",\"width\":3540,\"height\":441,\"caption\":\"El Cotarro\"},\"image\":{\"@id\":\"https:\/\/elcotarro.com\/#\/schema\/logo\/image\/\"},\"sameAs\":[\"https:\/\/www.facebook.com\/ElCotarro.Tenerife\"]},{\"@type\":\"Person\",\"@id\":\"https:\/\/elcotarro.com\/#\/schema\/person\/af537ee7d60d15984c7e0affcd8a918b\",\"name\":\"Jos\u00e9 Carlos Marrero Gonz\u00e1lez\",\"image\":{\"@type\":\"ImageObject\",\"inLanguage\":\"es\",\"@id\":\"https:\/\/elcotarro.com\/#\/schema\/person\/image\/\",\"url\":\"https:\/\/secure.gravatar.com\/avatar\/def4da036efb5d32c74d49c351f6dccc064dd69ad9f3aadc295c5a9a5391ca01?s=96&d=mm&r=g\",\"contentUrl\":\"https:\/\/secure.gravatar.com\/avatar\/def4da036efb5d32c74d49c351f6dccc064dd69ad9f3aadc295c5a9a5391ca01?s=96&d=mm&r=g\",\"caption\":\"Jos\u00e9 Carlos Marrero Gonz\u00e1lez\"},\"sameAs\":[\"https:\/\/elcotarro.com\"],\"url\":\"https:\/\/elcotarro.com\/?author=2\"}]}<\/script>\n<!-- \/ Yoast SEO plugin. -->","yoast_head_json":{"title":"UN A\u00d1O M\u00c1S CON EL D\u00cdA POR DELANTE - El Cotarro","description":"Me permitir\u00e1n que comenzando El Cotarro dominical, primero de este a\u00f1o 2016 que acabamos de estrenar, me dirija a toda la audiencia con mis mejores deseos","robots":{"index":"index","follow":"follow","max-snippet":"max-snippet:-1","max-image-preview":"max-image-preview:large","max-video-preview":"max-video-preview:-1"},"canonical":"https:\/\/elcotarro.com\/?p=2133","og_locale":"es_ES","og_type":"article","og_title":"UN A\u00d1O M\u00c1S CON EL D\u00cdA POR DELANTE - El Cotarro","og_description":"Me permitir\u00e1n que comenzando El Cotarro dominical, primero de este a\u00f1o 2016 que acabamos de estrenar, me dirija a toda la audiencia con mis mejores deseos","og_url":"https:\/\/elcotarro.com\/?p=2133","og_site_name":"El Cotarro","article_publisher":"https:\/\/www.facebook.com\/ElCotarro.Tenerife","article_published_time":"2016-01-03T11:07:05+00:00","og_image":[{"url":"https:\/\/elcotarro.com\/wp-content\/uploads\/2016\/01\/mercedes_rodriguez-300x296.jpg","type":"","width":"","height":""}],"author":"Jos\u00e9 Carlos Marrero Gonz\u00e1lez","twitter_misc":{"Escrito por":"Jos\u00e9 Carlos Marrero Gonz\u00e1lez","Tiempo de lectura":"1 minuto"},"schema":{"@context":"https:\/\/schema.org","@graph":[{"@type":"Article","@id":"https:\/\/elcotarro.com\/?p=2133#article","isPartOf":{"@id":"https:\/\/elcotarro.com\/?p=2133"},"author":{"name":"Jos\u00e9 Carlos Marrero Gonz\u00e1lez","@id":"https:\/\/elcotarro.com\/#\/schema\/person\/af537ee7d60d15984c7e0affcd8a918b"},"headline":"UN A\u00d1O M\u00c1S CON EL D\u00cdA POR DELANTE","datePublished":"2016-01-03T11:07:05+00:00","mainEntityOfPage":{"@id":"https:\/\/elcotarro.com\/?p=2133"},"wordCount":163,"commentCount":0,"publisher":{"@id":"https:\/\/elcotarro.com\/#organization"},"image":{"@id":"https:\/\/elcotarro.com\/?p=2133#primaryimage"},"thumbnailUrl":"https:\/\/elcotarro.com\/wp-content\/uploads\/2016\/01\/mercedes_rodriguez-300x296.jpg","articleSection":["Personajes","Sociedad"],"inLanguage":"es","potentialAction":[{"@type":"CommentAction","name":"Comment","target":["https:\/\/elcotarro.com\/?p=2133#respond"]}]},{"@type":"WebPage","@id":"https:\/\/elcotarro.com\/?p=2133","url":"https:\/\/elcotarro.com\/?p=2133","name":"UN A\u00d1O M\u00c1S CON EL D\u00cdA POR DELANTE - El Cotarro","isPartOf":{"@id":"https:\/\/elcotarro.com\/#website"},"primaryImageOfPage":{"@id":"https:\/\/elcotarro.com\/?p=2133#primaryimage"},"image":{"@id":"https:\/\/elcotarro.com\/?p=2133#primaryimage"},"thumbnailUrl":"https:\/\/elcotarro.com\/wp-content\/uploads\/2016\/01\/mercedes_rodriguez-300x296.jpg","datePublished":"2016-01-03T11:07:05+00:00","description":"Me permitir\u00e1n que comenzando El Cotarro dominical, primero de este a\u00f1o 2016 que acabamos de estrenar, me dirija a toda la audiencia con mis mejores deseos","breadcrumb":{"@id":"https:\/\/elcotarro.com\/?p=2133#breadcrumb"},"inLanguage":"es","potentialAction":[{"@type":"ReadAction","target":["https:\/\/elcotarro.com\/?p=2133"]}]},{"@type":"ImageObject","inLanguage":"es","@id":"https:\/\/elcotarro.com\/?p=2133#primaryimage","url":"https:\/\/elcotarro.com\/wp-content\/uploads\/2016\/01\/mercedes_rodriguez.jpg","contentUrl":"https:\/\/elcotarro.com\/wp-content\/uploads\/2016\/01\/mercedes_rodriguez.jpg","width":361,"height":356},{"@type":"BreadcrumbList","@id":"https:\/\/elcotarro.com\/?p=2133#breadcrumb","itemListElement":[{"@type":"ListItem","position":1,"name":"Portada","item":"https:\/\/elcotarro.com\/"},{"@type":"ListItem","position":2,"name":"UN A\u00d1O M\u00c1S CON EL D\u00cdA POR DELANTE"}]},{"@type":"WebSite","@id":"https:\/\/elcotarro.com\/#website","url":"https:\/\/elcotarro.com\/","name":"El Cotarro","description":"Peri\u00f3dico Digital Independiente dirigido por Jos\u00e9 Carlos Marrero","publisher":{"@id":"https:\/\/elcotarro.com\/#organization"},"potentialAction":[{"@type":"SearchAction","target":{"@type":"EntryPoint","urlTemplate":"https:\/\/elcotarro.com\/?s={search_term_string}"},"query-input":{"@type":"PropertyValueSpecification","valueRequired":true,"valueName":"search_term_string"}}],"inLanguage":"es"},{"@type":"Organization","@id":"https:\/\/elcotarro.com\/#organization","name":"El Cotarro","url":"https:\/\/elcotarro.com\/","logo":{"@type":"ImageObject","inLanguage":"es","@id":"https:\/\/elcotarro.com\/#\/schema\/logo\/image\/","url":"https:\/\/elcotarro.com\/wp-content\/uploads\/2014\/09\/Cabecera_El_Cotarro_v2.jpg","contentUrl":"https:\/\/elcotarro.com\/wp-content\/uploads\/2014\/09\/Cabecera_El_Cotarro_v2.jpg","width":3540,"height":441,"caption":"El Cotarro"},"image":{"@id":"https:\/\/elcotarro.com\/#\/schema\/logo\/image\/"},"sameAs":["https:\/\/www.facebook.com\/ElCotarro.Tenerife"]},{"@type":"Person","@id":"https:\/\/elcotarro.com\/#\/schema\/person\/af537ee7d60d15984c7e0affcd8a918b","name":"Jos\u00e9 Carlos Marrero Gonz\u00e1lez","image":{"@type":"ImageObject","inLanguage":"es","@id":"https:\/\/elcotarro.com\/#\/schema\/person\/image\/","url":"https:\/\/secure.gravatar.com\/avatar\/def4da036efb5d32c74d49c351f6dccc064dd69ad9f3aadc295c5a9a5391ca01?s=96&d=mm&r=g","contentUrl":"https:\/\/secure.gravatar.com\/avatar\/def4da036efb5d32c74d49c351f6dccc064dd69ad9f3aadc295c5a9a5391ca01?s=96&d=mm&r=g","caption":"Jos\u00e9 Carlos Marrero Gonz\u00e1lez"},"sameAs":["https:\/\/elcotarro.com"],"url":"https:\/\/elcotarro.com\/?author=2"}]}},"jetpack_featured_media_url":"","jetpack_sharing_enabled":true,"_links":{"self":[{"href":"https:\/\/elcotarro.com\/index.php?rest_route=\/wp\/v2\/posts\/2133","targetHints":{"allow":["GET"]}}],"collection":[{"href":"https:\/\/elcotarro.com\/index.php?rest_route=\/wp\/v2\/posts"}],"about":[{"href":"https:\/\/elcotarro.com\/index.php?rest_route=\/wp\/v2\/types\/post"}],"author":[{"embeddable":true,"href":"https:\/\/elcotarro.com\/index.php?rest_route=\/wp\/v2\/users\/2"}],"replies":[{"embeddable":true,"href":"https:\/\/elcotarro.com\/index.php?rest_route=%2Fwp%2Fv2%2Fcomments&post=2133"}],"version-history":[{"count":4,"href":"https:\/\/elcotarro.com\/index.php?rest_route=\/wp\/v2\/posts\/2133\/revisions"}],"predecessor-version":[{"id":2174,"href":"https:\/\/elcotarro.com\/index.php?rest_route=\/wp\/v2\/posts\/2133\/revisions\/2174"}],"wp:attachment":[{"href":"https:\/\/elcotarro.com\/index.php?rest_route=%2Fwp%2Fv2%2Fmedia&parent=2133"}],"wp:term":[{"taxonomy":"category","embeddable":true,"href":"https:\/\/elcotarro.com\/index.php?rest_route=%2Fwp%2Fv2%2Fcategories&post=2133"},{"taxonomy":"post_tag","embeddable":true,"href":"https:\/\/elcotarro.com\/index.php?rest_route=%2Fwp%2Fv2%2Ftags&post=2133"}],"curies":[{"name":"wp","href":"https:\/\/api.w.org\/{rel}","templated":true}]}}