{"id":2154,"date":"2016-01-03T11:02:46","date_gmt":"2016-01-03T11:02:46","guid":{"rendered":"https:\/\/elcotarro.com\/?p=2154"},"modified":"2016-01-03T10:47:37","modified_gmt":"2016-01-03T10:47:37","slug":"movimientos-en-el-chuc","status":"publish","type":"post","link":"https:\/\/elcotarro.com\/?p=2154","title":{"rendered":"MOVIMIENTOS EN EL CHUC"},"content":{"rendered":"<p>Parece que lo correcto ahora es llamarlo Complejo Hospitalario Universitario de Canarias (CHUC) y as\u00ed lo voy a llamar, para informarles de que el tandem formado por los doctores <strong>Eduardo De Bonis<\/strong> (gerente) y <strong>Gilberto Pe\u00f1ate<\/strong> (director m\u00e9dico) est\u00e1 ya en pleno \u201cvuelo\u201d sanitario, tomando decisiones y desarrollando su ambicioso proyecto de cambio en el mencionado complejo hospitalario. Algunos jefes de servicio ya comentan que inicialmente o\u00edan a todos y promet\u00edan mucho, pero que cada vez oyen menos y prometen poco o nada. En cualquier caso, parece que, como tambi\u00e9n les adelant\u00e9 aqu\u00ed en <em><strong>El Cotarro<\/strong><\/em>, muchas acciones y posibles cambios, quiz\u00e1 estaban ralentizados a la espera de los resultados de las pasadas elecciones. Veremos qu\u00e9 es lo que pasa en los pr\u00f3ximos tres meses.<\/p>\n<p style=\"text-align: center;\"><a href=\"https:\/\/elcotarro.com\/wp-content\/uploads\/2016\/01\/ricardo_cerrudo.jpg\"><img loading=\"lazy\" decoding=\"async\" class=\"size-full wp-image-2169 aligncenter\" src=\"https:\/\/elcotarro.com\/wp-content\/uploads\/2016\/01\/ricardo_cerrudo.jpg\" alt=\"ricardo_cerrudo\" width=\"500\" height=\"668\" srcset=\"https:\/\/elcotarro.com\/wp-content\/uploads\/2016\/01\/ricardo_cerrudo.jpg 500w, https:\/\/elcotarro.com\/wp-content\/uploads\/2016\/01\/ricardo_cerrudo-225x300.jpg 225w\" sizes=\"auto, (max-width: 500px) 100vw, 500px\" \/><\/a><em>El Dr. Ricardo Cerrudo, nuevos subdirector m\u00e9dico del CHUC<\/em><\/p>\n","protected":false},"excerpt":{"rendered":"<p>Parece que lo correcto ahora es llamarlo Complejo Hospitalario Universitario de Canarias (CHUC) y as\u00ed lo voy a llamar, para informarles de que el tandem formado por los doctores Eduardo De Bonis (gerente) y Gilberto Pe\u00f1ate (director m\u00e9dico) est\u00e1 ya en pleno \u201cvuelo\u201d sanitario, tomando decisiones y desarrollando su ambicioso proyecto de cambio en el &#8230; <a class=\"read-more\" href=\"https:\/\/elcotarro.com\/?p=2154\">Read more<\/a><\/p>\n","protected":false},"author":2,"featured_media":0,"comment_status":"open","ping_status":"open","sticky":false,"template":"","format":"standard","meta":{"_jetpack_memberships_contains_paid_content":false,"footnotes":""},"categories":[38],"tags":[],"class_list":["post-2154","post","type-post","status-publish","format-standard","hentry","category-sanidad"],"yoast_head":"<!-- This site is optimized with the Yoast SEO plugin v27.0 - https:\/\/yoast.com\/product\/yoast-seo-wordpress\/ -->\n<title>MOVIMIENTOS EN EL CHUC - El Cotarro<\/title>\n<meta name=\"description\" content=\"El tandem formado por los doctores Eduardo De Bonis (gerente) y Gilberto Pe\u00f1ate (director m\u00e9dico) est\u00e1 ya en pleno \u201cvuelo\u201d sanitario\" \/>\n<meta name=\"robots\" content=\"index, follow, max-snippet:-1, max-image-preview:large, max-video-preview:-1\" \/>\n<link rel=\"canonical\" href=\"https:\/\/elcotarro.com\/?p=2154\" \/>\n<meta property=\"og:locale\" content=\"es_ES\" \/>\n<meta property=\"og:type\" content=\"article\" \/>\n<meta property=\"og:title\" content=\"MOVIMIENTOS EN EL CHUC - El Cotarro\" \/>\n<meta property=\"og:description\" content=\"El tandem formado por los doctores Eduardo De Bonis (gerente) y Gilberto Pe\u00f1ate (director m\u00e9dico) est\u00e1 ya en pleno \u201cvuelo\u201d sanitario\" \/>\n<meta property=\"og:url\" content=\"https:\/\/elcotarro.com\/?p=2154\" \/>\n<meta property=\"og:site_name\" content=\"El Cotarro\" \/>\n<meta property=\"article:publisher\" content=\"https:\/\/www.facebook.com\/ElCotarro.Tenerife\" \/>\n<meta property=\"article:published_time\" content=\"2016-01-03T11:02:46+00:00\" \/>\n<meta property=\"og:image\" content=\"https:\/\/elcotarro.com\/wp-content\/uploads\/2016\/01\/ricardo_cerrudo.jpg\" \/>\n<meta name=\"author\" content=\"Jos\u00e9 Carlos Marrero Gonz\u00e1lez\" \/>\n<meta name=\"twitter:label1\" content=\"Escrito por\" \/>\n\t<meta name=\"twitter:data1\" content=\"Jos\u00e9 Carlos Marrero Gonz\u00e1lez\" \/>\n\t<meta name=\"twitter:label2\" content=\"Tiempo de lectura\" \/>\n\t<meta name=\"twitter:data2\" content=\"1 minuto\" \/>\n<script type=\"application\/ld+json\" class=\"yoast-schema-graph\">{\"@context\":\"https:\/\/schema.org\",\"@graph\":[{\"@type\":\"Article\",\"@id\":\"https:\/\/elcotarro.com\/?p=2154#article\",\"isPartOf\":{\"@id\":\"https:\/\/elcotarro.com\/?p=2154\"},\"author\":{\"name\":\"Jos\u00e9 Carlos Marrero Gonz\u00e1lez\",\"@id\":\"https:\/\/elcotarro.com\/#\/schema\/person\/af537ee7d60d15984c7e0affcd8a918b\"},\"headline\":\"MOVIMIENTOS EN EL CHUC\",\"datePublished\":\"2016-01-03T11:02:46+00:00\",\"mainEntityOfPage\":{\"@id\":\"https:\/\/elcotarro.com\/?p=2154\"},\"wordCount\":145,\"commentCount\":0,\"publisher\":{\"@id\":\"https:\/\/elcotarro.com\/#organization\"},\"image\":{\"@id\":\"https:\/\/elcotarro.com\/?p=2154#primaryimage\"},\"thumbnailUrl\":\"https:\/\/elcotarro.com\/wp-content\/uploads\/2016\/01\/ricardo_cerrudo.jpg\",\"articleSection\":[\"Sanidad\"],\"inLanguage\":\"es\",\"potentialAction\":[{\"@type\":\"CommentAction\",\"name\":\"Comment\",\"target\":[\"https:\/\/elcotarro.com\/?p=2154#respond\"]}]},{\"@type\":\"WebPage\",\"@id\":\"https:\/\/elcotarro.com\/?p=2154\",\"url\":\"https:\/\/elcotarro.com\/?p=2154\",\"name\":\"MOVIMIENTOS EN EL CHUC - El Cotarro\",\"isPartOf\":{\"@id\":\"https:\/\/elcotarro.com\/#website\"},\"primaryImageOfPage\":{\"@id\":\"https:\/\/elcotarro.com\/?p=2154#primaryimage\"},\"image\":{\"@id\":\"https:\/\/elcotarro.com\/?p=2154#primaryimage\"},\"thumbnailUrl\":\"https:\/\/elcotarro.com\/wp-content\/uploads\/2016\/01\/ricardo_cerrudo.jpg\",\"datePublished\":\"2016-01-03T11:02:46+00:00\",\"description\":\"El tandem formado por los doctores Eduardo De Bonis (gerente) y Gilberto Pe\u00f1ate (director m\u00e9dico) est\u00e1 ya en pleno \u201cvuelo\u201d sanitario\",\"breadcrumb\":{\"@id\":\"https:\/\/elcotarro.com\/?p=2154#breadcrumb\"},\"inLanguage\":\"es\",\"potentialAction\":[{\"@type\":\"ReadAction\",\"target\":[\"https:\/\/elcotarro.com\/?p=2154\"]}]},{\"@type\":\"ImageObject\",\"inLanguage\":\"es\",\"@id\":\"https:\/\/elcotarro.com\/?p=2154#primaryimage\",\"url\":\"https:\/\/elcotarro.com\/wp-content\/uploads\/2016\/01\/ricardo_cerrudo.jpg\",\"contentUrl\":\"https:\/\/elcotarro.com\/wp-content\/uploads\/2016\/01\/ricardo_cerrudo.jpg\",\"width\":500,\"height\":668},{\"@type\":\"BreadcrumbList\",\"@id\":\"https:\/\/elcotarro.com\/?p=2154#breadcrumb\",\"itemListElement\":[{\"@type\":\"ListItem\",\"position\":1,\"name\":\"Portada\",\"item\":\"https:\/\/elcotarro.com\/\"},{\"@type\":\"ListItem\",\"position\":2,\"name\":\"MOVIMIENTOS EN EL CHUC\"}]},{\"@type\":\"WebSite\",\"@id\":\"https:\/\/elcotarro.com\/#website\",\"url\":\"https:\/\/elcotarro.com\/\",\"name\":\"El Cotarro\",\"description\":\"Peri\u00f3dico Digital Independiente dirigido por Jos\u00e9 Carlos Marrero\",\"publisher\":{\"@id\":\"https:\/\/elcotarro.com\/#organization\"},\"potentialAction\":[{\"@type\":\"SearchAction\",\"target\":{\"@type\":\"EntryPoint\",\"urlTemplate\":\"https:\/\/elcotarro.com\/?s={search_term_string}\"},\"query-input\":{\"@type\":\"PropertyValueSpecification\",\"valueRequired\":true,\"valueName\":\"search_term_string\"}}],\"inLanguage\":\"es\"},{\"@type\":\"Organization\",\"@id\":\"https:\/\/elcotarro.com\/#organization\",\"name\":\"El Cotarro\",\"url\":\"https:\/\/elcotarro.com\/\",\"logo\":{\"@type\":\"ImageObject\",\"inLanguage\":\"es\",\"@id\":\"https:\/\/elcotarro.com\/#\/schema\/logo\/image\/\",\"url\":\"https:\/\/elcotarro.com\/wp-content\/uploads\/2014\/09\/Cabecera_El_Cotarro_v2.jpg\",\"contentUrl\":\"https:\/\/elcotarro.com\/wp-content\/uploads\/2014\/09\/Cabecera_El_Cotarro_v2.jpg\",\"width\":3540,\"height\":441,\"caption\":\"El Cotarro\"},\"image\":{\"@id\":\"https:\/\/elcotarro.com\/#\/schema\/logo\/image\/\"},\"sameAs\":[\"https:\/\/www.facebook.com\/ElCotarro.Tenerife\"]},{\"@type\":\"Person\",\"@id\":\"https:\/\/elcotarro.com\/#\/schema\/person\/af537ee7d60d15984c7e0affcd8a918b\",\"name\":\"Jos\u00e9 Carlos Marrero Gonz\u00e1lez\",\"image\":{\"@type\":\"ImageObject\",\"inLanguage\":\"es\",\"@id\":\"https:\/\/elcotarro.com\/#\/schema\/person\/image\/\",\"url\":\"https:\/\/secure.gravatar.com\/avatar\/def4da036efb5d32c74d49c351f6dccc064dd69ad9f3aadc295c5a9a5391ca01?s=96&d=mm&r=g\",\"contentUrl\":\"https:\/\/secure.gravatar.com\/avatar\/def4da036efb5d32c74d49c351f6dccc064dd69ad9f3aadc295c5a9a5391ca01?s=96&d=mm&r=g\",\"caption\":\"Jos\u00e9 Carlos Marrero Gonz\u00e1lez\"},\"sameAs\":[\"https:\/\/elcotarro.com\"],\"url\":\"https:\/\/elcotarro.com\/?author=2\"}]}<\/script>\n<!-- \/ Yoast SEO plugin. -->","yoast_head_json":{"title":"MOVIMIENTOS EN EL CHUC - El Cotarro","description":"El tandem formado por los doctores Eduardo De Bonis (gerente) y Gilberto Pe\u00f1ate (director m\u00e9dico) est\u00e1 ya en pleno \u201cvuelo\u201d sanitario","robots":{"index":"index","follow":"follow","max-snippet":"max-snippet:-1","max-image-preview":"max-image-preview:large","max-video-preview":"max-video-preview:-1"},"canonical":"https:\/\/elcotarro.com\/?p=2154","og_locale":"es_ES","og_type":"article","og_title":"MOVIMIENTOS EN EL CHUC - El Cotarro","og_description":"El tandem formado por los doctores Eduardo De Bonis (gerente) y Gilberto Pe\u00f1ate (director m\u00e9dico) est\u00e1 ya en pleno \u201cvuelo\u201d sanitario","og_url":"https:\/\/elcotarro.com\/?p=2154","og_site_name":"El Cotarro","article_publisher":"https:\/\/www.facebook.com\/ElCotarro.Tenerife","article_published_time":"2016-01-03T11:02:46+00:00","og_image":[{"url":"https:\/\/elcotarro.com\/wp-content\/uploads\/2016\/01\/ricardo_cerrudo.jpg","type":"","width":"","height":""}],"author":"Jos\u00e9 Carlos Marrero Gonz\u00e1lez","twitter_misc":{"Escrito por":"Jos\u00e9 Carlos Marrero Gonz\u00e1lez","Tiempo de lectura":"1 minuto"},"schema":{"@context":"https:\/\/schema.org","@graph":[{"@type":"Article","@id":"https:\/\/elcotarro.com\/?p=2154#article","isPartOf":{"@id":"https:\/\/elcotarro.com\/?p=2154"},"author":{"name":"Jos\u00e9 Carlos Marrero Gonz\u00e1lez","@id":"https:\/\/elcotarro.com\/#\/schema\/person\/af537ee7d60d15984c7e0affcd8a918b"},"headline":"MOVIMIENTOS EN EL CHUC","datePublished":"2016-01-03T11:02:46+00:00","mainEntityOfPage":{"@id":"https:\/\/elcotarro.com\/?p=2154"},"wordCount":145,"commentCount":0,"publisher":{"@id":"https:\/\/elcotarro.com\/#organization"},"image":{"@id":"https:\/\/elcotarro.com\/?p=2154#primaryimage"},"thumbnailUrl":"https:\/\/elcotarro.com\/wp-content\/uploads\/2016\/01\/ricardo_cerrudo.jpg","articleSection":["Sanidad"],"inLanguage":"es","potentialAction":[{"@type":"CommentAction","name":"Comment","target":["https:\/\/elcotarro.com\/?p=2154#respond"]}]},{"@type":"WebPage","@id":"https:\/\/elcotarro.com\/?p=2154","url":"https:\/\/elcotarro.com\/?p=2154","name":"MOVIMIENTOS EN EL CHUC - El Cotarro","isPartOf":{"@id":"https:\/\/elcotarro.com\/#website"},"primaryImageOfPage":{"@id":"https:\/\/elcotarro.com\/?p=2154#primaryimage"},"image":{"@id":"https:\/\/elcotarro.com\/?p=2154#primaryimage"},"thumbnailUrl":"https:\/\/elcotarro.com\/wp-content\/uploads\/2016\/01\/ricardo_cerrudo.jpg","datePublished":"2016-01-03T11:02:46+00:00","description":"El tandem formado por los doctores Eduardo De Bonis (gerente) y Gilberto Pe\u00f1ate (director m\u00e9dico) est\u00e1 ya en pleno \u201cvuelo\u201d sanitario","breadcrumb":{"@id":"https:\/\/elcotarro.com\/?p=2154#breadcrumb"},"inLanguage":"es","potentialAction":[{"@type":"ReadAction","target":["https:\/\/elcotarro.com\/?p=2154"]}]},{"@type":"ImageObject","inLanguage":"es","@id":"https:\/\/elcotarro.com\/?p=2154#primaryimage","url":"https:\/\/elcotarro.com\/wp-content\/uploads\/2016\/01\/ricardo_cerrudo.jpg","contentUrl":"https:\/\/elcotarro.com\/wp-content\/uploads\/2016\/01\/ricardo_cerrudo.jpg","width":500,"height":668},{"@type":"BreadcrumbList","@id":"https:\/\/elcotarro.com\/?p=2154#breadcrumb","itemListElement":[{"@type":"ListItem","position":1,"name":"Portada","item":"https:\/\/elcotarro.com\/"},{"@type":"ListItem","position":2,"name":"MOVIMIENTOS EN EL CHUC"}]},{"@type":"WebSite","@id":"https:\/\/elcotarro.com\/#website","url":"https:\/\/elcotarro.com\/","name":"El Cotarro","description":"Peri\u00f3dico Digital Independiente dirigido por Jos\u00e9 Carlos Marrero","publisher":{"@id":"https:\/\/elcotarro.com\/#organization"},"potentialAction":[{"@type":"SearchAction","target":{"@type":"EntryPoint","urlTemplate":"https:\/\/elcotarro.com\/?s={search_term_string}"},"query-input":{"@type":"PropertyValueSpecification","valueRequired":true,"valueName":"search_term_string"}}],"inLanguage":"es"},{"@type":"Organization","@id":"https:\/\/elcotarro.com\/#organization","name":"El Cotarro","url":"https:\/\/elcotarro.com\/","logo":{"@type":"ImageObject","inLanguage":"es","@id":"https:\/\/elcotarro.com\/#\/schema\/logo\/image\/","url":"https:\/\/elcotarro.com\/wp-content\/uploads\/2014\/09\/Cabecera_El_Cotarro_v2.jpg","contentUrl":"https:\/\/elcotarro.com\/wp-content\/uploads\/2014\/09\/Cabecera_El_Cotarro_v2.jpg","width":3540,"height":441,"caption":"El Cotarro"},"image":{"@id":"https:\/\/elcotarro.com\/#\/schema\/logo\/image\/"},"sameAs":["https:\/\/www.facebook.com\/ElCotarro.Tenerife"]},{"@type":"Person","@id":"https:\/\/elcotarro.com\/#\/schema\/person\/af537ee7d60d15984c7e0affcd8a918b","name":"Jos\u00e9 Carlos Marrero Gonz\u00e1lez","image":{"@type":"ImageObject","inLanguage":"es","@id":"https:\/\/elcotarro.com\/#\/schema\/person\/image\/","url":"https:\/\/secure.gravatar.com\/avatar\/def4da036efb5d32c74d49c351f6dccc064dd69ad9f3aadc295c5a9a5391ca01?s=96&d=mm&r=g","contentUrl":"https:\/\/secure.gravatar.com\/avatar\/def4da036efb5d32c74d49c351f6dccc064dd69ad9f3aadc295c5a9a5391ca01?s=96&d=mm&r=g","caption":"Jos\u00e9 Carlos Marrero Gonz\u00e1lez"},"sameAs":["https:\/\/elcotarro.com"],"url":"https:\/\/elcotarro.com\/?author=2"}]}},"jetpack_featured_media_url":"","jetpack_sharing_enabled":true,"_links":{"self":[{"href":"https:\/\/elcotarro.com\/index.php?rest_route=\/wp\/v2\/posts\/2154","targetHints":{"allow":["GET"]}}],"collection":[{"href":"https:\/\/elcotarro.com\/index.php?rest_route=\/wp\/v2\/posts"}],"about":[{"href":"https:\/\/elcotarro.com\/index.php?rest_route=\/wp\/v2\/types\/post"}],"author":[{"embeddable":true,"href":"https:\/\/elcotarro.com\/index.php?rest_route=\/wp\/v2\/users\/2"}],"replies":[{"embeddable":true,"href":"https:\/\/elcotarro.com\/index.php?rest_route=%2Fwp%2Fv2%2Fcomments&post=2154"}],"version-history":[{"count":7,"href":"https:\/\/elcotarro.com\/index.php?rest_route=\/wp\/v2\/posts\/2154\/revisions"}],"predecessor-version":[{"id":2177,"href":"https:\/\/elcotarro.com\/index.php?rest_route=\/wp\/v2\/posts\/2154\/revisions\/2177"}],"wp:attachment":[{"href":"https:\/\/elcotarro.com\/index.php?rest_route=%2Fwp%2Fv2%2Fmedia&parent=2154"}],"wp:term":[{"taxonomy":"category","embeddable":true,"href":"https:\/\/elcotarro.com\/index.php?rest_route=%2Fwp%2Fv2%2Fcategories&post=2154"},{"taxonomy":"post_tag","embeddable":true,"href":"https:\/\/elcotarro.com\/index.php?rest_route=%2Fwp%2Fv2%2Ftags&post=2154"}],"curies":[{"name":"wp","href":"https:\/\/api.w.org\/{rel}","templated":true}]}}