{"id":2201,"date":"2016-01-10T11:04:58","date_gmt":"2016-01-10T11:04:58","guid":{"rendered":"https:\/\/elcotarro.com\/?p=2201"},"modified":"2016-01-09T10:39:11","modified_gmt":"2016-01-09T10:39:11","slug":"record-en-montaje","status":"publish","type":"post","link":"https:\/\/elcotarro.com\/?p=2201","title":{"rendered":"RECORD EN MONTAJE"},"content":{"rendered":"<p>En estos mismos momentos, por cierto, toda una movida de \u00abr\u00e9cord Guinness\u00bb se est\u00e1 llevando a cabo en el Recinto Ferial. El pasado d\u00eda 5 de enero a las 15:00 horas se cerr\u00f3 el Jurassic PIT que dirigi\u00f3 con total \u00e9xito <strong>Jonay L\u00f3pez Soto <\/strong>(Director de Ferias y Eventos) y una horita despu\u00e9s comenzaba una tremenda operaci\u00f3n de desmontaje con alrededor de 65 personas trabajando las 24 horas del d\u00eda. Pero simult\u00e1nea y paralelamente, otro equipo comandado por <strong>Rayco D\u00e1rias Mateos<\/strong> (Director Adjunto a la Gerencia) con otro montante de unas 55 personas, daba el pistoletazo de salida al montaje del Carnaval 2016. Todo ello supervisado t\u00e9cnicamente por <strong>Jos\u00e9 Ram\u00f3n Uribarri<\/strong> (Ingeniero de la Instituci\u00f3n) y la propia gente del Carnaval chicharrero. El alcalde capitalino <strong>Jos\u00e9 Manuel Berm\u00fadez<\/strong> ha conseguido que su concejala de Fiestas, <strong>Mar\u00eda Candelaria De Le\u00f3n<\/strong>, se coordine de lujo con los profesionales de la Instituci\u00f3n y del Carnaval, para que ya el pr\u00f3ximo d\u00eda 13 (mi\u00e9rcoles) a las 20:30 horas, se desarrolle en el Recinto la gala de presentaci\u00f3n de candidatas a Reina del Carnaval chicharrero 2016. \u00a1\u00a1En poco m\u00e1s de siete d\u00edas, todo un desmontaje y montaje de \u00f3rdago hecho en Tenerife por gente de Tenerife!! Sin duda, <strong>Efra\u00edn Medina<\/strong> e <strong>Ignacio Pintado<\/strong> pueden estar m\u00e1s que orgullosos de su gran equipo de profesionales. Diga lo que diga mucha gente ignorante y\/o desinformada, debemos reconocer lo que hay, valorarlo positivamente y felicitarles a todos.<\/p>\n<p><a href=\"https:\/\/elcotarro.com\/wp-content\/uploads\/2016\/01\/FOTO-2.-Recinto-Ferial-en-pleno-montaje.jpg\"><img loading=\"lazy\" decoding=\"async\" class=\"alignnone size-full wp-image-2202\" src=\"https:\/\/elcotarro.com\/wp-content\/uploads\/2016\/01\/FOTO-2.-Recinto-Ferial-en-pleno-montaje.jpg\" alt=\"FOTO 2.- Recinto Ferial en pleno montaje\" width=\"3264\" height=\"2448\" srcset=\"https:\/\/elcotarro.com\/wp-content\/uploads\/2016\/01\/FOTO-2.-Recinto-Ferial-en-pleno-montaje.jpg 3264w, https:\/\/elcotarro.com\/wp-content\/uploads\/2016\/01\/FOTO-2.-Recinto-Ferial-en-pleno-montaje-300x225.jpg 300w, https:\/\/elcotarro.com\/wp-content\/uploads\/2016\/01\/FOTO-2.-Recinto-Ferial-en-pleno-montaje-1024x768.jpg 1024w\" sizes=\"auto, (max-width: 3264px) 100vw, 3264px\" \/><\/a><\/p>\n<p style=\"text-align: center\"><em>El Recinto Ferial de Tenerife a tope, ya en pleno montaje del Carnaval 2016<\/em><\/p>\n","protected":false},"excerpt":{"rendered":"<p>En estos mismos momentos, por cierto, toda una movida de \u00abr\u00e9cord Guinness\u00bb se est\u00e1 llevando a cabo en el Recinto Ferial. El pasado d\u00eda 5 de enero a las 15:00 horas se cerr\u00f3 el Jurassic PIT que dirigi\u00f3 con total \u00e9xito Jonay L\u00f3pez Soto (Director de Ferias y Eventos) y una horita despu\u00e9s comenzaba una &#8230; <a class=\"read-more\" href=\"https:\/\/elcotarro.com\/?p=2201\">Read more<\/a><\/p>\n","protected":false},"author":2,"featured_media":0,"comment_status":"open","ping_status":"open","sticky":false,"template":"","format":"standard","meta":{"_jetpack_memberships_contains_paid_content":false,"footnotes":""},"categories":[7],"tags":[],"class_list":["post-2201","post","type-post","status-publish","format-standard","hentry","category-politica"],"yoast_head":"<!-- This site is optimized with the Yoast SEO plugin v27.0 - https:\/\/yoast.com\/product\/yoast-seo-wordpress\/ -->\n<title>RECORD EN MONTAJE - El Cotarro<\/title>\n<meta name=\"robots\" content=\"index, follow, max-snippet:-1, max-image-preview:large, max-video-preview:-1\" \/>\n<link rel=\"canonical\" href=\"https:\/\/elcotarro.com\/?p=2201\" \/>\n<meta property=\"og:locale\" content=\"es_ES\" \/>\n<meta property=\"og:type\" content=\"article\" \/>\n<meta property=\"og:title\" content=\"RECORD EN MONTAJE - El Cotarro\" \/>\n<meta property=\"og:description\" content=\"En estos mismos momentos, por cierto, toda una movida de \u00abr\u00e9cord Guinness\u00bb se est\u00e1 llevando a cabo en el Recinto Ferial. El pasado d\u00eda 5 de enero a las 15:00 horas se cerr\u00f3 el Jurassic PIT que dirigi\u00f3 con total \u00e9xito Jonay L\u00f3pez Soto (Director de Ferias y Eventos) y una horita despu\u00e9s comenzaba una ... Read more\" \/>\n<meta property=\"og:url\" content=\"https:\/\/elcotarro.com\/?p=2201\" \/>\n<meta property=\"og:site_name\" content=\"El Cotarro\" \/>\n<meta property=\"article:publisher\" content=\"https:\/\/www.facebook.com\/ElCotarro.Tenerife\" \/>\n<meta property=\"article:published_time\" content=\"2016-01-10T11:04:58+00:00\" \/>\n<meta property=\"og:image\" content=\"https:\/\/elcotarro.com\/wp-content\/uploads\/2016\/01\/FOTO-2.-Recinto-Ferial-en-pleno-montaje.jpg\" \/>\n<meta name=\"author\" content=\"Jos\u00e9 Carlos Marrero Gonz\u00e1lez\" \/>\n<meta name=\"twitter:label1\" content=\"Escrito por\" \/>\n\t<meta name=\"twitter:data1\" content=\"Jos\u00e9 Carlos Marrero Gonz\u00e1lez\" \/>\n\t<meta name=\"twitter:label2\" content=\"Tiempo de lectura\" \/>\n\t<meta name=\"twitter:data2\" content=\"1 minuto\" \/>\n<script type=\"application\/ld+json\" class=\"yoast-schema-graph\">{\"@context\":\"https:\/\/schema.org\",\"@graph\":[{\"@type\":\"Article\",\"@id\":\"https:\/\/elcotarro.com\/?p=2201#article\",\"isPartOf\":{\"@id\":\"https:\/\/elcotarro.com\/?p=2201\"},\"author\":{\"name\":\"Jos\u00e9 Carlos Marrero Gonz\u00e1lez\",\"@id\":\"https:\/\/elcotarro.com\/#\/schema\/person\/af537ee7d60d15984c7e0affcd8a918b\"},\"headline\":\"RECORD EN MONTAJE\",\"datePublished\":\"2016-01-10T11:04:58+00:00\",\"mainEntityOfPage\":{\"@id\":\"https:\/\/elcotarro.com\/?p=2201\"},\"wordCount\":270,\"commentCount\":0,\"publisher\":{\"@id\":\"https:\/\/elcotarro.com\/#organization\"},\"image\":{\"@id\":\"https:\/\/elcotarro.com\/?p=2201#primaryimage\"},\"thumbnailUrl\":\"https:\/\/elcotarro.com\/wp-content\/uploads\/2016\/01\/FOTO-2.-Recinto-Ferial-en-pleno-montaje.jpg\",\"articleSection\":[\"Pol\u00edtica\"],\"inLanguage\":\"es\",\"potentialAction\":[{\"@type\":\"CommentAction\",\"name\":\"Comment\",\"target\":[\"https:\/\/elcotarro.com\/?p=2201#respond\"]}]},{\"@type\":\"WebPage\",\"@id\":\"https:\/\/elcotarro.com\/?p=2201\",\"url\":\"https:\/\/elcotarro.com\/?p=2201\",\"name\":\"RECORD EN MONTAJE - El Cotarro\",\"isPartOf\":{\"@id\":\"https:\/\/elcotarro.com\/#website\"},\"primaryImageOfPage\":{\"@id\":\"https:\/\/elcotarro.com\/?p=2201#primaryimage\"},\"image\":{\"@id\":\"https:\/\/elcotarro.com\/?p=2201#primaryimage\"},\"thumbnailUrl\":\"https:\/\/elcotarro.com\/wp-content\/uploads\/2016\/01\/FOTO-2.-Recinto-Ferial-en-pleno-montaje.jpg\",\"datePublished\":\"2016-01-10T11:04:58+00:00\",\"breadcrumb\":{\"@id\":\"https:\/\/elcotarro.com\/?p=2201#breadcrumb\"},\"inLanguage\":\"es\",\"potentialAction\":[{\"@type\":\"ReadAction\",\"target\":[\"https:\/\/elcotarro.com\/?p=2201\"]}]},{\"@type\":\"ImageObject\",\"inLanguage\":\"es\",\"@id\":\"https:\/\/elcotarro.com\/?p=2201#primaryimage\",\"url\":\"https:\/\/elcotarro.com\/wp-content\/uploads\/2016\/01\/FOTO-2.-Recinto-Ferial-en-pleno-montaje.jpg\",\"contentUrl\":\"https:\/\/elcotarro.com\/wp-content\/uploads\/2016\/01\/FOTO-2.-Recinto-Ferial-en-pleno-montaje.jpg\",\"width\":3264,\"height\":2448},{\"@type\":\"BreadcrumbList\",\"@id\":\"https:\/\/elcotarro.com\/?p=2201#breadcrumb\",\"itemListElement\":[{\"@type\":\"ListItem\",\"position\":1,\"name\":\"Portada\",\"item\":\"https:\/\/elcotarro.com\/\"},{\"@type\":\"ListItem\",\"position\":2,\"name\":\"RECORD EN MONTAJE\"}]},{\"@type\":\"WebSite\",\"@id\":\"https:\/\/elcotarro.com\/#website\",\"url\":\"https:\/\/elcotarro.com\/\",\"name\":\"El Cotarro\",\"description\":\"Peri\u00f3dico Digital Independiente dirigido por Jos\u00e9 Carlos Marrero\",\"publisher\":{\"@id\":\"https:\/\/elcotarro.com\/#organization\"},\"potentialAction\":[{\"@type\":\"SearchAction\",\"target\":{\"@type\":\"EntryPoint\",\"urlTemplate\":\"https:\/\/elcotarro.com\/?s={search_term_string}\"},\"query-input\":{\"@type\":\"PropertyValueSpecification\",\"valueRequired\":true,\"valueName\":\"search_term_string\"}}],\"inLanguage\":\"es\"},{\"@type\":\"Organization\",\"@id\":\"https:\/\/elcotarro.com\/#organization\",\"name\":\"El Cotarro\",\"url\":\"https:\/\/elcotarro.com\/\",\"logo\":{\"@type\":\"ImageObject\",\"inLanguage\":\"es\",\"@id\":\"https:\/\/elcotarro.com\/#\/schema\/logo\/image\/\",\"url\":\"https:\/\/elcotarro.com\/wp-content\/uploads\/2014\/09\/Cabecera_El_Cotarro_v2.jpg\",\"contentUrl\":\"https:\/\/elcotarro.com\/wp-content\/uploads\/2014\/09\/Cabecera_El_Cotarro_v2.jpg\",\"width\":3540,\"height\":441,\"caption\":\"El Cotarro\"},\"image\":{\"@id\":\"https:\/\/elcotarro.com\/#\/schema\/logo\/image\/\"},\"sameAs\":[\"https:\/\/www.facebook.com\/ElCotarro.Tenerife\"]},{\"@type\":\"Person\",\"@id\":\"https:\/\/elcotarro.com\/#\/schema\/person\/af537ee7d60d15984c7e0affcd8a918b\",\"name\":\"Jos\u00e9 Carlos Marrero Gonz\u00e1lez\",\"image\":{\"@type\":\"ImageObject\",\"inLanguage\":\"es\",\"@id\":\"https:\/\/elcotarro.com\/#\/schema\/person\/image\/\",\"url\":\"https:\/\/secure.gravatar.com\/avatar\/def4da036efb5d32c74d49c351f6dccc064dd69ad9f3aadc295c5a9a5391ca01?s=96&d=mm&r=g\",\"contentUrl\":\"https:\/\/secure.gravatar.com\/avatar\/def4da036efb5d32c74d49c351f6dccc064dd69ad9f3aadc295c5a9a5391ca01?s=96&d=mm&r=g\",\"caption\":\"Jos\u00e9 Carlos Marrero Gonz\u00e1lez\"},\"sameAs\":[\"https:\/\/elcotarro.com\"],\"url\":\"https:\/\/elcotarro.com\/?author=2\"}]}<\/script>\n<!-- \/ Yoast SEO plugin. -->","yoast_head_json":{"title":"RECORD EN MONTAJE - El Cotarro","robots":{"index":"index","follow":"follow","max-snippet":"max-snippet:-1","max-image-preview":"max-image-preview:large","max-video-preview":"max-video-preview:-1"},"canonical":"https:\/\/elcotarro.com\/?p=2201","og_locale":"es_ES","og_type":"article","og_title":"RECORD EN MONTAJE - El Cotarro","og_description":"En estos mismos momentos, por cierto, toda una movida de \u00abr\u00e9cord Guinness\u00bb se est\u00e1 llevando a cabo en el Recinto Ferial. El pasado d\u00eda 5 de enero a las 15:00 horas se cerr\u00f3 el Jurassic PIT que dirigi\u00f3 con total \u00e9xito Jonay L\u00f3pez Soto (Director de Ferias y Eventos) y una horita despu\u00e9s comenzaba una ... Read more","og_url":"https:\/\/elcotarro.com\/?p=2201","og_site_name":"El Cotarro","article_publisher":"https:\/\/www.facebook.com\/ElCotarro.Tenerife","article_published_time":"2016-01-10T11:04:58+00:00","og_image":[{"url":"https:\/\/elcotarro.com\/wp-content\/uploads\/2016\/01\/FOTO-2.-Recinto-Ferial-en-pleno-montaje.jpg","type":"","width":"","height":""}],"author":"Jos\u00e9 Carlos Marrero Gonz\u00e1lez","twitter_misc":{"Escrito por":"Jos\u00e9 Carlos Marrero Gonz\u00e1lez","Tiempo de lectura":"1 minuto"},"schema":{"@context":"https:\/\/schema.org","@graph":[{"@type":"Article","@id":"https:\/\/elcotarro.com\/?p=2201#article","isPartOf":{"@id":"https:\/\/elcotarro.com\/?p=2201"},"author":{"name":"Jos\u00e9 Carlos Marrero Gonz\u00e1lez","@id":"https:\/\/elcotarro.com\/#\/schema\/person\/af537ee7d60d15984c7e0affcd8a918b"},"headline":"RECORD EN MONTAJE","datePublished":"2016-01-10T11:04:58+00:00","mainEntityOfPage":{"@id":"https:\/\/elcotarro.com\/?p=2201"},"wordCount":270,"commentCount":0,"publisher":{"@id":"https:\/\/elcotarro.com\/#organization"},"image":{"@id":"https:\/\/elcotarro.com\/?p=2201#primaryimage"},"thumbnailUrl":"https:\/\/elcotarro.com\/wp-content\/uploads\/2016\/01\/FOTO-2.-Recinto-Ferial-en-pleno-montaje.jpg","articleSection":["Pol\u00edtica"],"inLanguage":"es","potentialAction":[{"@type":"CommentAction","name":"Comment","target":["https:\/\/elcotarro.com\/?p=2201#respond"]}]},{"@type":"WebPage","@id":"https:\/\/elcotarro.com\/?p=2201","url":"https:\/\/elcotarro.com\/?p=2201","name":"RECORD EN MONTAJE - El Cotarro","isPartOf":{"@id":"https:\/\/elcotarro.com\/#website"},"primaryImageOfPage":{"@id":"https:\/\/elcotarro.com\/?p=2201#primaryimage"},"image":{"@id":"https:\/\/elcotarro.com\/?p=2201#primaryimage"},"thumbnailUrl":"https:\/\/elcotarro.com\/wp-content\/uploads\/2016\/01\/FOTO-2.-Recinto-Ferial-en-pleno-montaje.jpg","datePublished":"2016-01-10T11:04:58+00:00","breadcrumb":{"@id":"https:\/\/elcotarro.com\/?p=2201#breadcrumb"},"inLanguage":"es","potentialAction":[{"@type":"ReadAction","target":["https:\/\/elcotarro.com\/?p=2201"]}]},{"@type":"ImageObject","inLanguage":"es","@id":"https:\/\/elcotarro.com\/?p=2201#primaryimage","url":"https:\/\/elcotarro.com\/wp-content\/uploads\/2016\/01\/FOTO-2.-Recinto-Ferial-en-pleno-montaje.jpg","contentUrl":"https:\/\/elcotarro.com\/wp-content\/uploads\/2016\/01\/FOTO-2.-Recinto-Ferial-en-pleno-montaje.jpg","width":3264,"height":2448},{"@type":"BreadcrumbList","@id":"https:\/\/elcotarro.com\/?p=2201#breadcrumb","itemListElement":[{"@type":"ListItem","position":1,"name":"Portada","item":"https:\/\/elcotarro.com\/"},{"@type":"ListItem","position":2,"name":"RECORD EN MONTAJE"}]},{"@type":"WebSite","@id":"https:\/\/elcotarro.com\/#website","url":"https:\/\/elcotarro.com\/","name":"El Cotarro","description":"Peri\u00f3dico Digital Independiente dirigido por Jos\u00e9 Carlos Marrero","publisher":{"@id":"https:\/\/elcotarro.com\/#organization"},"potentialAction":[{"@type":"SearchAction","target":{"@type":"EntryPoint","urlTemplate":"https:\/\/elcotarro.com\/?s={search_term_string}"},"query-input":{"@type":"PropertyValueSpecification","valueRequired":true,"valueName":"search_term_string"}}],"inLanguage":"es"},{"@type":"Organization","@id":"https:\/\/elcotarro.com\/#organization","name":"El Cotarro","url":"https:\/\/elcotarro.com\/","logo":{"@type":"ImageObject","inLanguage":"es","@id":"https:\/\/elcotarro.com\/#\/schema\/logo\/image\/","url":"https:\/\/elcotarro.com\/wp-content\/uploads\/2014\/09\/Cabecera_El_Cotarro_v2.jpg","contentUrl":"https:\/\/elcotarro.com\/wp-content\/uploads\/2014\/09\/Cabecera_El_Cotarro_v2.jpg","width":3540,"height":441,"caption":"El Cotarro"},"image":{"@id":"https:\/\/elcotarro.com\/#\/schema\/logo\/image\/"},"sameAs":["https:\/\/www.facebook.com\/ElCotarro.Tenerife"]},{"@type":"Person","@id":"https:\/\/elcotarro.com\/#\/schema\/person\/af537ee7d60d15984c7e0affcd8a918b","name":"Jos\u00e9 Carlos Marrero Gonz\u00e1lez","image":{"@type":"ImageObject","inLanguage":"es","@id":"https:\/\/elcotarro.com\/#\/schema\/person\/image\/","url":"https:\/\/secure.gravatar.com\/avatar\/def4da036efb5d32c74d49c351f6dccc064dd69ad9f3aadc295c5a9a5391ca01?s=96&d=mm&r=g","contentUrl":"https:\/\/secure.gravatar.com\/avatar\/def4da036efb5d32c74d49c351f6dccc064dd69ad9f3aadc295c5a9a5391ca01?s=96&d=mm&r=g","caption":"Jos\u00e9 Carlos Marrero Gonz\u00e1lez"},"sameAs":["https:\/\/elcotarro.com"],"url":"https:\/\/elcotarro.com\/?author=2"}]}},"jetpack_featured_media_url":"","jetpack_sharing_enabled":true,"_links":{"self":[{"href":"https:\/\/elcotarro.com\/index.php?rest_route=\/wp\/v2\/posts\/2201","targetHints":{"allow":["GET"]}}],"collection":[{"href":"https:\/\/elcotarro.com\/index.php?rest_route=\/wp\/v2\/posts"}],"about":[{"href":"https:\/\/elcotarro.com\/index.php?rest_route=\/wp\/v2\/types\/post"}],"author":[{"embeddable":true,"href":"https:\/\/elcotarro.com\/index.php?rest_route=\/wp\/v2\/users\/2"}],"replies":[{"embeddable":true,"href":"https:\/\/elcotarro.com\/index.php?rest_route=%2Fwp%2Fv2%2Fcomments&post=2201"}],"version-history":[{"count":1,"href":"https:\/\/elcotarro.com\/index.php?rest_route=\/wp\/v2\/posts\/2201\/revisions"}],"predecessor-version":[{"id":2203,"href":"https:\/\/elcotarro.com\/index.php?rest_route=\/wp\/v2\/posts\/2201\/revisions\/2203"}],"wp:attachment":[{"href":"https:\/\/elcotarro.com\/index.php?rest_route=%2Fwp%2Fv2%2Fmedia&parent=2201"}],"wp:term":[{"taxonomy":"category","embeddable":true,"href":"https:\/\/elcotarro.com\/index.php?rest_route=%2Fwp%2Fv2%2Fcategories&post=2201"},{"taxonomy":"post_tag","embeddable":true,"href":"https:\/\/elcotarro.com\/index.php?rest_route=%2Fwp%2Fv2%2Ftags&post=2201"}],"curies":[{"name":"wp","href":"https:\/\/api.w.org\/{rel}","templated":true}]}}