{"id":223,"date":"2014-10-12T00:35:29","date_gmt":"2014-10-11T23:35:29","guid":{"rendered":"https:\/\/elcotarro.com\/?p=223"},"modified":"2014-10-13T14:35:22","modified_gmt":"2014-10-13T13:35:22","slug":"jose-alberto-muinos-y-el-pp","status":"publish","type":"post","link":"https:\/\/elcotarro.com\/?p=223","title":{"rendered":"JOS\u00c9 ALBERTO MUI\u00d1OS Y EL PP"},"content":{"rendered":"<p style=\"text-align: justify;\">\u2666 Lo que pasa es que, por lo que se ve y por lo que se oye, a <strong>Jos\u00e9 Alberto Mui\u00f1os<\/strong> (para los amigos,<strong> \u201cPipo\u201d Mui\u00f1os<\/strong>), propietario y director del Centro Oftalmol\u00f3gico Mui\u00f1os y Asociados, actual presidente del Real Casino de Tenerife y hasta ahora (que se sepa) militante del Partido Popular en Santa Cruz de Tenerife, parece que en el propio PP no terminan de valorarlo en su justa medida, como para proponerle que se presente y vaya en una lista electoral de cara a optar a un puesto relevante, en el que podr\u00eda aplicar sus conocimientos y experiencia, tanto personal como profesional y empresarial\u2026 No obstante, el PP no es bobo y gente como <strong>Cristina Tav\u00edo<\/strong> y <strong>Antonio Alarc\u00f3,<\/strong> saben que tener en sus filas al presidente de una sociedad como el Real Casino vale su peso en votos&#8230; Lo cuidar\u00e1n y no dejar\u00e1n que se vaya\u2026<\/p>\n<p style=\"text-align: justify;\"><a href=\"https:\/\/elcotarro.com\/wp-content\/uploads\/2014\/10\/Mui\u00f1os-G\u00f3mez-Camacho-Jos\u00e9-Alberto-01.jpg\"><img loading=\"lazy\" decoding=\"async\" class=\"aligncenter wp-image-224\" src=\"https:\/\/elcotarro.com\/wp-content\/uploads\/2014\/10\/Mui\u00f1os-G\u00f3mez-Camacho-Jos\u00e9-Alberto-01.jpg\" alt=\"Mui\u00f1os G\u00f3mez Camacho - Jos\u00e9 Alberto 01\" width=\"300\" height=\"413\" srcset=\"https:\/\/elcotarro.com\/wp-content\/uploads\/2014\/10\/Mui\u00f1os-G\u00f3mez-Camacho-Jos\u00e9-Alberto-01.jpg 436w, https:\/\/elcotarro.com\/wp-content\/uploads\/2014\/10\/Mui\u00f1os-G\u00f3mez-Camacho-Jos\u00e9-Alberto-01-218x300.jpg 218w\" sizes=\"auto, (max-width: 300px) 100vw, 300px\" \/><\/a><\/p>\n<p class=\"comentario\">Jos\u00e9 Alberto \u201cPipo\u201d Mui\u00f1os&#8230; esperando<\/p>\n","protected":false},"excerpt":{"rendered":"<p>\u2666 Lo que pasa es que, por lo que se ve y por lo que se oye, a Jos\u00e9 Alberto Mui\u00f1os (para los amigos, \u201cPipo\u201d Mui\u00f1os), propietario y director del Centro Oftalmol\u00f3gico Mui\u00f1os y Asociados, actual presidente del Real Casino de Tenerife y hasta ahora (que se sepa) militante del Partido Popular en Santa Cruz &#8230; <a class=\"read-more\" href=\"https:\/\/elcotarro.com\/?p=223\">Read more<\/a><\/p>\n","protected":false},"author":2,"featured_media":0,"comment_status":"open","ping_status":"open","sticky":false,"template":"","format":"standard","meta":{"_jetpack_memberships_contains_paid_content":false,"footnotes":""},"categories":[7],"tags":[30,115,109],"class_list":["post-223","post","type-post","status-publish","format-standard","hentry","category-politica","tag-antonio-alarco","tag-cristina-tavio","tag-jose-alberto-muinos"],"yoast_head":"<!-- This site is optimized with the Yoast SEO plugin v27.0 - https:\/\/yoast.com\/product\/yoast-seo-wordpress\/ -->\n<title>JOS\u00c9 ALBERTO MUI\u00d1OS Y EL PP - El Cotarro<\/title>\n<meta name=\"robots\" content=\"index, follow, max-snippet:-1, max-image-preview:large, max-video-preview:-1\" \/>\n<link rel=\"canonical\" href=\"https:\/\/elcotarro.com\/?p=223\" \/>\n<meta property=\"og:locale\" content=\"es_ES\" \/>\n<meta property=\"og:type\" content=\"article\" \/>\n<meta property=\"og:title\" content=\"JOS\u00c9 ALBERTO MUI\u00d1OS Y EL PP - El Cotarro\" \/>\n<meta property=\"og:description\" content=\"\u2666 Lo que pasa es que, por lo que se ve y por lo que se oye, a Jos\u00e9 Alberto Mui\u00f1os (para los amigos, \u201cPipo\u201d Mui\u00f1os), propietario y director del Centro Oftalmol\u00f3gico Mui\u00f1os y Asociados, actual presidente del Real Casino de Tenerife y hasta ahora (que se sepa) militante del Partido Popular en Santa Cruz ... Read more\" \/>\n<meta property=\"og:url\" content=\"https:\/\/elcotarro.com\/?p=223\" \/>\n<meta property=\"og:site_name\" content=\"El Cotarro\" \/>\n<meta property=\"article:publisher\" content=\"https:\/\/www.facebook.com\/ElCotarro.Tenerife\" \/>\n<meta property=\"article:published_time\" content=\"2014-10-11T23:35:29+00:00\" \/>\n<meta property=\"article:modified_time\" content=\"2014-10-13T13:35:22+00:00\" \/>\n<meta name=\"author\" content=\"Jos\u00e9 Carlos Marrero Gonz\u00e1lez\" \/>\n<meta name=\"twitter:label1\" content=\"Escrito por\" \/>\n\t<meta name=\"twitter:data1\" content=\"Jos\u00e9 Carlos Marrero Gonz\u00e1lez\" \/>\n\t<meta name=\"twitter:label2\" content=\"Tiempo de lectura\" \/>\n\t<meta name=\"twitter:data2\" content=\"1 minuto\" \/>\n<script type=\"application\/ld+json\" class=\"yoast-schema-graph\">{\"@context\":\"https:\/\/schema.org\",\"@graph\":[{\"@type\":\"Article\",\"@id\":\"https:\/\/elcotarro.com\/?p=223#article\",\"isPartOf\":{\"@id\":\"https:\/\/elcotarro.com\/?p=223\"},\"author\":{\"name\":\"Jos\u00e9 Carlos Marrero Gonz\u00e1lez\",\"@id\":\"https:\/\/elcotarro.com\/#\/schema\/person\/af537ee7d60d15984c7e0affcd8a918b\"},\"headline\":\"JOS\u00c9 ALBERTO MUI\u00d1OS Y EL PP\",\"datePublished\":\"2014-10-11T23:35:29+00:00\",\"dateModified\":\"2014-10-13T13:35:22+00:00\",\"mainEntityOfPage\":{\"@id\":\"https:\/\/elcotarro.com\/?p=223\"},\"wordCount\":169,\"commentCount\":2,\"publisher\":{\"@id\":\"https:\/\/elcotarro.com\/#organization\"},\"keywords\":[\"Antonio Alarc\u00f3\",\"Cristina Tav\u00edo\",\"Jos\u00e9 Alberto Mui\u00f1os\"],\"articleSection\":[\"Pol\u00edtica\"],\"inLanguage\":\"es\",\"potentialAction\":[{\"@type\":\"CommentAction\",\"name\":\"Comment\",\"target\":[\"https:\/\/elcotarro.com\/?p=223#respond\"]}]},{\"@type\":\"WebPage\",\"@id\":\"https:\/\/elcotarro.com\/?p=223\",\"url\":\"https:\/\/elcotarro.com\/?p=223\",\"name\":\"JOS\u00c9 ALBERTO MUI\u00d1OS Y EL PP - El Cotarro\",\"isPartOf\":{\"@id\":\"https:\/\/elcotarro.com\/#website\"},\"datePublished\":\"2014-10-11T23:35:29+00:00\",\"dateModified\":\"2014-10-13T13:35:22+00:00\",\"breadcrumb\":{\"@id\":\"https:\/\/elcotarro.com\/?p=223#breadcrumb\"},\"inLanguage\":\"es\",\"potentialAction\":[{\"@type\":\"ReadAction\",\"target\":[\"https:\/\/elcotarro.com\/?p=223\"]}]},{\"@type\":\"BreadcrumbList\",\"@id\":\"https:\/\/elcotarro.com\/?p=223#breadcrumb\",\"itemListElement\":[{\"@type\":\"ListItem\",\"position\":1,\"name\":\"Portada\",\"item\":\"https:\/\/elcotarro.com\/\"},{\"@type\":\"ListItem\",\"position\":2,\"name\":\"JOS\u00c9 ALBERTO MUI\u00d1OS Y EL PP\"}]},{\"@type\":\"WebSite\",\"@id\":\"https:\/\/elcotarro.com\/#website\",\"url\":\"https:\/\/elcotarro.com\/\",\"name\":\"El Cotarro\",\"description\":\"Peri\u00f3dico Digital Independiente dirigido por Jos\u00e9 Carlos Marrero\",\"publisher\":{\"@id\":\"https:\/\/elcotarro.com\/#organization\"},\"potentialAction\":[{\"@type\":\"SearchAction\",\"target\":{\"@type\":\"EntryPoint\",\"urlTemplate\":\"https:\/\/elcotarro.com\/?s={search_term_string}\"},\"query-input\":{\"@type\":\"PropertyValueSpecification\",\"valueRequired\":true,\"valueName\":\"search_term_string\"}}],\"inLanguage\":\"es\"},{\"@type\":\"Organization\",\"@id\":\"https:\/\/elcotarro.com\/#organization\",\"name\":\"El Cotarro\",\"url\":\"https:\/\/elcotarro.com\/\",\"logo\":{\"@type\":\"ImageObject\",\"inLanguage\":\"es\",\"@id\":\"https:\/\/elcotarro.com\/#\/schema\/logo\/image\/\",\"url\":\"https:\/\/elcotarro.com\/wp-content\/uploads\/2014\/09\/Cabecera_El_Cotarro_v2.jpg\",\"contentUrl\":\"https:\/\/elcotarro.com\/wp-content\/uploads\/2014\/09\/Cabecera_El_Cotarro_v2.jpg\",\"width\":3540,\"height\":441,\"caption\":\"El Cotarro\"},\"image\":{\"@id\":\"https:\/\/elcotarro.com\/#\/schema\/logo\/image\/\"},\"sameAs\":[\"https:\/\/www.facebook.com\/ElCotarro.Tenerife\"]},{\"@type\":\"Person\",\"@id\":\"https:\/\/elcotarro.com\/#\/schema\/person\/af537ee7d60d15984c7e0affcd8a918b\",\"name\":\"Jos\u00e9 Carlos Marrero Gonz\u00e1lez\",\"image\":{\"@type\":\"ImageObject\",\"inLanguage\":\"es\",\"@id\":\"https:\/\/elcotarro.com\/#\/schema\/person\/image\/\",\"url\":\"https:\/\/secure.gravatar.com\/avatar\/def4da036efb5d32c74d49c351f6dccc064dd69ad9f3aadc295c5a9a5391ca01?s=96&d=mm&r=g\",\"contentUrl\":\"https:\/\/secure.gravatar.com\/avatar\/def4da036efb5d32c74d49c351f6dccc064dd69ad9f3aadc295c5a9a5391ca01?s=96&d=mm&r=g\",\"caption\":\"Jos\u00e9 Carlos Marrero Gonz\u00e1lez\"},\"sameAs\":[\"https:\/\/elcotarro.com\"],\"url\":\"https:\/\/elcotarro.com\/?author=2\"}]}<\/script>\n<!-- \/ Yoast SEO plugin. -->","yoast_head_json":{"title":"JOS\u00c9 ALBERTO MUI\u00d1OS Y EL PP - El Cotarro","robots":{"index":"index","follow":"follow","max-snippet":"max-snippet:-1","max-image-preview":"max-image-preview:large","max-video-preview":"max-video-preview:-1"},"canonical":"https:\/\/elcotarro.com\/?p=223","og_locale":"es_ES","og_type":"article","og_title":"JOS\u00c9 ALBERTO MUI\u00d1OS Y EL PP - El Cotarro","og_description":"\u2666 Lo que pasa es que, por lo que se ve y por lo que se oye, a Jos\u00e9 Alberto Mui\u00f1os (para los amigos, \u201cPipo\u201d Mui\u00f1os), propietario y director del Centro Oftalmol\u00f3gico Mui\u00f1os y Asociados, actual presidente del Real Casino de Tenerife y hasta ahora (que se sepa) militante del Partido Popular en Santa Cruz ... Read more","og_url":"https:\/\/elcotarro.com\/?p=223","og_site_name":"El Cotarro","article_publisher":"https:\/\/www.facebook.com\/ElCotarro.Tenerife","article_published_time":"2014-10-11T23:35:29+00:00","article_modified_time":"2014-10-13T13:35:22+00:00","author":"Jos\u00e9 Carlos Marrero Gonz\u00e1lez","twitter_misc":{"Escrito por":"Jos\u00e9 Carlos Marrero Gonz\u00e1lez","Tiempo de lectura":"1 minuto"},"schema":{"@context":"https:\/\/schema.org","@graph":[{"@type":"Article","@id":"https:\/\/elcotarro.com\/?p=223#article","isPartOf":{"@id":"https:\/\/elcotarro.com\/?p=223"},"author":{"name":"Jos\u00e9 Carlos Marrero Gonz\u00e1lez","@id":"https:\/\/elcotarro.com\/#\/schema\/person\/af537ee7d60d15984c7e0affcd8a918b"},"headline":"JOS\u00c9 ALBERTO MUI\u00d1OS Y EL PP","datePublished":"2014-10-11T23:35:29+00:00","dateModified":"2014-10-13T13:35:22+00:00","mainEntityOfPage":{"@id":"https:\/\/elcotarro.com\/?p=223"},"wordCount":169,"commentCount":2,"publisher":{"@id":"https:\/\/elcotarro.com\/#organization"},"keywords":["Antonio Alarc\u00f3","Cristina Tav\u00edo","Jos\u00e9 Alberto Mui\u00f1os"],"articleSection":["Pol\u00edtica"],"inLanguage":"es","potentialAction":[{"@type":"CommentAction","name":"Comment","target":["https:\/\/elcotarro.com\/?p=223#respond"]}]},{"@type":"WebPage","@id":"https:\/\/elcotarro.com\/?p=223","url":"https:\/\/elcotarro.com\/?p=223","name":"JOS\u00c9 ALBERTO MUI\u00d1OS Y EL PP - El Cotarro","isPartOf":{"@id":"https:\/\/elcotarro.com\/#website"},"datePublished":"2014-10-11T23:35:29+00:00","dateModified":"2014-10-13T13:35:22+00:00","breadcrumb":{"@id":"https:\/\/elcotarro.com\/?p=223#breadcrumb"},"inLanguage":"es","potentialAction":[{"@type":"ReadAction","target":["https:\/\/elcotarro.com\/?p=223"]}]},{"@type":"BreadcrumbList","@id":"https:\/\/elcotarro.com\/?p=223#breadcrumb","itemListElement":[{"@type":"ListItem","position":1,"name":"Portada","item":"https:\/\/elcotarro.com\/"},{"@type":"ListItem","position":2,"name":"JOS\u00c9 ALBERTO MUI\u00d1OS Y EL PP"}]},{"@type":"WebSite","@id":"https:\/\/elcotarro.com\/#website","url":"https:\/\/elcotarro.com\/","name":"El Cotarro","description":"Peri\u00f3dico Digital Independiente dirigido por Jos\u00e9 Carlos Marrero","publisher":{"@id":"https:\/\/elcotarro.com\/#organization"},"potentialAction":[{"@type":"SearchAction","target":{"@type":"EntryPoint","urlTemplate":"https:\/\/elcotarro.com\/?s={search_term_string}"},"query-input":{"@type":"PropertyValueSpecification","valueRequired":true,"valueName":"search_term_string"}}],"inLanguage":"es"},{"@type":"Organization","@id":"https:\/\/elcotarro.com\/#organization","name":"El Cotarro","url":"https:\/\/elcotarro.com\/","logo":{"@type":"ImageObject","inLanguage":"es","@id":"https:\/\/elcotarro.com\/#\/schema\/logo\/image\/","url":"https:\/\/elcotarro.com\/wp-content\/uploads\/2014\/09\/Cabecera_El_Cotarro_v2.jpg","contentUrl":"https:\/\/elcotarro.com\/wp-content\/uploads\/2014\/09\/Cabecera_El_Cotarro_v2.jpg","width":3540,"height":441,"caption":"El Cotarro"},"image":{"@id":"https:\/\/elcotarro.com\/#\/schema\/logo\/image\/"},"sameAs":["https:\/\/www.facebook.com\/ElCotarro.Tenerife"]},{"@type":"Person","@id":"https:\/\/elcotarro.com\/#\/schema\/person\/af537ee7d60d15984c7e0affcd8a918b","name":"Jos\u00e9 Carlos Marrero Gonz\u00e1lez","image":{"@type":"ImageObject","inLanguage":"es","@id":"https:\/\/elcotarro.com\/#\/schema\/person\/image\/","url":"https:\/\/secure.gravatar.com\/avatar\/def4da036efb5d32c74d49c351f6dccc064dd69ad9f3aadc295c5a9a5391ca01?s=96&d=mm&r=g","contentUrl":"https:\/\/secure.gravatar.com\/avatar\/def4da036efb5d32c74d49c351f6dccc064dd69ad9f3aadc295c5a9a5391ca01?s=96&d=mm&r=g","caption":"Jos\u00e9 Carlos Marrero Gonz\u00e1lez"},"sameAs":["https:\/\/elcotarro.com"],"url":"https:\/\/elcotarro.com\/?author=2"}]}},"jetpack_featured_media_url":"","jetpack_sharing_enabled":true,"_links":{"self":[{"href":"https:\/\/elcotarro.com\/index.php?rest_route=\/wp\/v2\/posts\/223","targetHints":{"allow":["GET"]}}],"collection":[{"href":"https:\/\/elcotarro.com\/index.php?rest_route=\/wp\/v2\/posts"}],"about":[{"href":"https:\/\/elcotarro.com\/index.php?rest_route=\/wp\/v2\/types\/post"}],"author":[{"embeddable":true,"href":"https:\/\/elcotarro.com\/index.php?rest_route=\/wp\/v2\/users\/2"}],"replies":[{"embeddable":true,"href":"https:\/\/elcotarro.com\/index.php?rest_route=%2Fwp%2Fv2%2Fcomments&post=223"}],"version-history":[{"count":2,"href":"https:\/\/elcotarro.com\/index.php?rest_route=\/wp\/v2\/posts\/223\/revisions"}],"predecessor-version":[{"id":238,"href":"https:\/\/elcotarro.com\/index.php?rest_route=\/wp\/v2\/posts\/223\/revisions\/238"}],"wp:attachment":[{"href":"https:\/\/elcotarro.com\/index.php?rest_route=%2Fwp%2Fv2%2Fmedia&parent=223"}],"wp:term":[{"taxonomy":"category","embeddable":true,"href":"https:\/\/elcotarro.com\/index.php?rest_route=%2Fwp%2Fv2%2Fcategories&post=223"},{"taxonomy":"post_tag","embeddable":true,"href":"https:\/\/elcotarro.com\/index.php?rest_route=%2Fwp%2Fv2%2Ftags&post=223"}],"curies":[{"name":"wp","href":"https:\/\/api.w.org\/{rel}","templated":true}]}}