{"id":2267,"date":"2016-01-24T11:02:54","date_gmt":"2016-01-24T11:02:54","guid":{"rendered":"https:\/\/elcotarro.com\/?p=2267"},"modified":"2016-01-24T09:29:45","modified_gmt":"2016-01-24T09:29:45","slug":"tenerife-deja-a-paco-sin-oxigeno","status":"publish","type":"post","link":"https:\/\/elcotarro.com\/?p=2267","title":{"rendered":"TENERIFE DEJA A PACO SIN OX\u00cdGENO"},"content":{"rendered":"<p>En un peri\u00f3dico de Gran Canaria y con el titular <em>\u00abTenerife deja a <strong>Paco<\/strong> sin ox\u00edgeno\u00bb<\/em> (\u00a1t\u00f3cate los timbales!) el majorero <strong>Francisco Gonz\u00e1lez Cruz<\/strong> ha manifestado (creo que injusta y equivocadamente) que <em>\u201cel HUC se niega a retrasar la sesi\u00f3n\u201d<\/em> y <em>\u00abfalta de sensibilidad del Servicio Canario de la Salud\u00bb<\/em> por no retrasarla 45 minutos y que comience cada d\u00eda a las 10:00. Pero el amigo <strong>Paco<\/strong> (que est\u00e1 en su derecho) no se da cuenta que su deseo (l\u00f3gico por su parte) puede chocar con los deseos (y tambi\u00e9n derechos) del resto de pacientes que, a lo mejor, les conviene y prefieren comenzar la sesi\u00f3n a las 9:15, porque terminan antes y pueden emplear el resto del d\u00eda en otros menesteres. Y me temo que <strong>Paco Gonz\u00e1lez<\/strong>, adem\u00e1s, no ha contado con los posibles retrasos en los vuelos de Binter (por motivos t\u00e9cnicos y\/o meteorol\u00f3gicos) y menos con los permanentes atascos de la autopista TF5 (sobre todo de Los Rodeos a Santa Cruz) y hasta los bloqueos que suelen tener los accesos al HUC. Me temo que muchos d\u00edas, seamos sinceros, <strong>Paco<\/strong> no llegar\u00eda ni a las 11:00. El retrasar o no el comienzo de la sesi\u00f3n de oxigenoterapia, ser\u00e1 tema a analizar y solventar de la mejor manera, pero, en ning\u00fan caso, se puede hablar de falta de sensibilidad por parte del HUC y menos de su equipo humano.<\/p>\n<p style=\"text-align: center\"><a href=\"https:\/\/elcotarro.com\/wp-content\/uploads\/2016\/01\/FOTO-4.-C\u00e1mara-Hiperb\u00e1rica-Multiplaza.jpg\"><img loading=\"lazy\" decoding=\"async\" class=\"alignnone size-full wp-image-2268\" src=\"https:\/\/elcotarro.com\/wp-content\/uploads\/2016\/01\/FOTO-4.-C\u00e1mara-Hiperb\u00e1rica-Multiplaza.jpg\" alt=\"FOTO-4.--C\u00e1mara-Hiperb\u00e1rica-Multiplaza\" width=\"850\" height=\"569\" srcset=\"https:\/\/elcotarro.com\/wp-content\/uploads\/2016\/01\/FOTO-4.-C\u00e1mara-Hiperb\u00e1rica-Multiplaza.jpg 850w, https:\/\/elcotarro.com\/wp-content\/uploads\/2016\/01\/FOTO-4.-C\u00e1mara-Hiperb\u00e1rica-Multiplaza-300x201.jpg 300w\" sizes=\"auto, (max-width: 850px) 100vw, 850px\" \/><\/a><\/p>\n<p style=\"text-align: center\"><em>Detalle del interior de otra c\u00e1mara hiperb\u00e1rica, similar a la que tiene nuestro H.U.C.<\/em><\/p>\n","protected":false},"excerpt":{"rendered":"<p>En un peri\u00f3dico de Gran Canaria y con el titular \u00abTenerife deja a Paco sin ox\u00edgeno\u00bb (\u00a1t\u00f3cate los timbales!) el majorero Francisco Gonz\u00e1lez Cruz ha manifestado (creo que injusta y equivocadamente) que \u201cel HUC se niega a retrasar la sesi\u00f3n\u201d y \u00abfalta de sensibilidad del Servicio Canario de la Salud\u00bb por no retrasarla 45 minutos &#8230; <a class=\"read-more\" href=\"https:\/\/elcotarro.com\/?p=2267\">Read more<\/a><\/p>\n","protected":false},"author":2,"featured_media":0,"comment_status":"open","ping_status":"open","sticky":false,"template":"","format":"standard","meta":{"_jetpack_memberships_contains_paid_content":false,"footnotes":""},"categories":[38],"tags":[],"class_list":["post-2267","post","type-post","status-publish","format-standard","hentry","category-sanidad"],"yoast_head":"<!-- This site is optimized with the Yoast SEO plugin v27.0 - https:\/\/yoast.com\/product\/yoast-seo-wordpress\/ -->\n<title>TENERIFE DEJA A PACO SIN OX\u00cdGENO - El Cotarro<\/title>\n<meta name=\"robots\" content=\"index, follow, max-snippet:-1, max-image-preview:large, max-video-preview:-1\" \/>\n<link rel=\"canonical\" href=\"https:\/\/elcotarro.com\/?p=2267\" \/>\n<meta property=\"og:locale\" content=\"es_ES\" \/>\n<meta property=\"og:type\" content=\"article\" \/>\n<meta property=\"og:title\" content=\"TENERIFE DEJA A PACO SIN OX\u00cdGENO - El Cotarro\" \/>\n<meta property=\"og:description\" content=\"En un peri\u00f3dico de Gran Canaria y con el titular \u00abTenerife deja a Paco sin ox\u00edgeno\u00bb (\u00a1t\u00f3cate los timbales!) el majorero Francisco Gonz\u00e1lez Cruz ha manifestado (creo que injusta y equivocadamente) que \u201cel HUC se niega a retrasar la sesi\u00f3n\u201d y \u00abfalta de sensibilidad del Servicio Canario de la Salud\u00bb por no retrasarla 45 minutos ... Read more\" \/>\n<meta property=\"og:url\" content=\"https:\/\/elcotarro.com\/?p=2267\" \/>\n<meta property=\"og:site_name\" content=\"El Cotarro\" \/>\n<meta property=\"article:publisher\" content=\"https:\/\/www.facebook.com\/ElCotarro.Tenerife\" \/>\n<meta property=\"article:published_time\" content=\"2016-01-24T11:02:54+00:00\" \/>\n<meta name=\"author\" content=\"Jos\u00e9 Carlos Marrero Gonz\u00e1lez\" \/>\n<meta name=\"twitter:label1\" content=\"Escrito por\" \/>\n\t<meta name=\"twitter:data1\" content=\"Jos\u00e9 Carlos Marrero Gonz\u00e1lez\" \/>\n\t<meta name=\"twitter:label2\" content=\"Tiempo de lectura\" \/>\n\t<meta name=\"twitter:data2\" content=\"1 minuto\" \/>\n<script type=\"application\/ld+json\" class=\"yoast-schema-graph\">{\"@context\":\"https:\/\/schema.org\",\"@graph\":[{\"@type\":\"Article\",\"@id\":\"https:\/\/elcotarro.com\/?p=2267#article\",\"isPartOf\":{\"@id\":\"https:\/\/elcotarro.com\/?p=2267\"},\"author\":{\"name\":\"Jos\u00e9 Carlos Marrero Gonz\u00e1lez\",\"@id\":\"https:\/\/elcotarro.com\/#\/schema\/person\/af537ee7d60d15984c7e0affcd8a918b\"},\"headline\":\"TENERIFE DEJA A PACO SIN OX\u00cdGENO\",\"datePublished\":\"2016-01-24T11:02:54+00:00\",\"mainEntityOfPage\":{\"@id\":\"https:\/\/elcotarro.com\/?p=2267\"},\"wordCount\":271,\"commentCount\":0,\"publisher\":{\"@id\":\"https:\/\/elcotarro.com\/#organization\"},\"articleSection\":[\"Sanidad\"],\"inLanguage\":\"es\",\"potentialAction\":[{\"@type\":\"CommentAction\",\"name\":\"Comment\",\"target\":[\"https:\/\/elcotarro.com\/?p=2267#respond\"]}]},{\"@type\":\"WebPage\",\"@id\":\"https:\/\/elcotarro.com\/?p=2267\",\"url\":\"https:\/\/elcotarro.com\/?p=2267\",\"name\":\"TENERIFE DEJA A PACO SIN OX\u00cdGENO - El Cotarro\",\"isPartOf\":{\"@id\":\"https:\/\/elcotarro.com\/#website\"},\"datePublished\":\"2016-01-24T11:02:54+00:00\",\"breadcrumb\":{\"@id\":\"https:\/\/elcotarro.com\/?p=2267#breadcrumb\"},\"inLanguage\":\"es\",\"potentialAction\":[{\"@type\":\"ReadAction\",\"target\":[\"https:\/\/elcotarro.com\/?p=2267\"]}]},{\"@type\":\"BreadcrumbList\",\"@id\":\"https:\/\/elcotarro.com\/?p=2267#breadcrumb\",\"itemListElement\":[{\"@type\":\"ListItem\",\"position\":1,\"name\":\"Portada\",\"item\":\"https:\/\/elcotarro.com\/\"},{\"@type\":\"ListItem\",\"position\":2,\"name\":\"TENERIFE DEJA A PACO SIN OX\u00cdGENO\"}]},{\"@type\":\"WebSite\",\"@id\":\"https:\/\/elcotarro.com\/#website\",\"url\":\"https:\/\/elcotarro.com\/\",\"name\":\"El Cotarro\",\"description\":\"Peri\u00f3dico Digital Independiente dirigido por Jos\u00e9 Carlos Marrero\",\"publisher\":{\"@id\":\"https:\/\/elcotarro.com\/#organization\"},\"potentialAction\":[{\"@type\":\"SearchAction\",\"target\":{\"@type\":\"EntryPoint\",\"urlTemplate\":\"https:\/\/elcotarro.com\/?s={search_term_string}\"},\"query-input\":{\"@type\":\"PropertyValueSpecification\",\"valueRequired\":true,\"valueName\":\"search_term_string\"}}],\"inLanguage\":\"es\"},{\"@type\":\"Organization\",\"@id\":\"https:\/\/elcotarro.com\/#organization\",\"name\":\"El Cotarro\",\"url\":\"https:\/\/elcotarro.com\/\",\"logo\":{\"@type\":\"ImageObject\",\"inLanguage\":\"es\",\"@id\":\"https:\/\/elcotarro.com\/#\/schema\/logo\/image\/\",\"url\":\"https:\/\/elcotarro.com\/wp-content\/uploads\/2014\/09\/Cabecera_El_Cotarro_v2.jpg\",\"contentUrl\":\"https:\/\/elcotarro.com\/wp-content\/uploads\/2014\/09\/Cabecera_El_Cotarro_v2.jpg\",\"width\":3540,\"height\":441,\"caption\":\"El Cotarro\"},\"image\":{\"@id\":\"https:\/\/elcotarro.com\/#\/schema\/logo\/image\/\"},\"sameAs\":[\"https:\/\/www.facebook.com\/ElCotarro.Tenerife\"]},{\"@type\":\"Person\",\"@id\":\"https:\/\/elcotarro.com\/#\/schema\/person\/af537ee7d60d15984c7e0affcd8a918b\",\"name\":\"Jos\u00e9 Carlos Marrero Gonz\u00e1lez\",\"image\":{\"@type\":\"ImageObject\",\"inLanguage\":\"es\",\"@id\":\"https:\/\/elcotarro.com\/#\/schema\/person\/image\/\",\"url\":\"https:\/\/secure.gravatar.com\/avatar\/def4da036efb5d32c74d49c351f6dccc064dd69ad9f3aadc295c5a9a5391ca01?s=96&d=mm&r=g\",\"contentUrl\":\"https:\/\/secure.gravatar.com\/avatar\/def4da036efb5d32c74d49c351f6dccc064dd69ad9f3aadc295c5a9a5391ca01?s=96&d=mm&r=g\",\"caption\":\"Jos\u00e9 Carlos Marrero Gonz\u00e1lez\"},\"sameAs\":[\"https:\/\/elcotarro.com\"],\"url\":\"https:\/\/elcotarro.com\/?author=2\"}]}<\/script>\n<!-- \/ Yoast SEO plugin. -->","yoast_head_json":{"title":"TENERIFE DEJA A PACO SIN OX\u00cdGENO - El Cotarro","robots":{"index":"index","follow":"follow","max-snippet":"max-snippet:-1","max-image-preview":"max-image-preview:large","max-video-preview":"max-video-preview:-1"},"canonical":"https:\/\/elcotarro.com\/?p=2267","og_locale":"es_ES","og_type":"article","og_title":"TENERIFE DEJA A PACO SIN OX\u00cdGENO - El Cotarro","og_description":"En un peri\u00f3dico de Gran Canaria y con el titular \u00abTenerife deja a Paco sin ox\u00edgeno\u00bb (\u00a1t\u00f3cate los timbales!) el majorero Francisco Gonz\u00e1lez Cruz ha manifestado (creo que injusta y equivocadamente) que \u201cel HUC se niega a retrasar la sesi\u00f3n\u201d y \u00abfalta de sensibilidad del Servicio Canario de la Salud\u00bb por no retrasarla 45 minutos ... Read more","og_url":"https:\/\/elcotarro.com\/?p=2267","og_site_name":"El Cotarro","article_publisher":"https:\/\/www.facebook.com\/ElCotarro.Tenerife","article_published_time":"2016-01-24T11:02:54+00:00","author":"Jos\u00e9 Carlos Marrero Gonz\u00e1lez","twitter_misc":{"Escrito por":"Jos\u00e9 Carlos Marrero Gonz\u00e1lez","Tiempo de lectura":"1 minuto"},"schema":{"@context":"https:\/\/schema.org","@graph":[{"@type":"Article","@id":"https:\/\/elcotarro.com\/?p=2267#article","isPartOf":{"@id":"https:\/\/elcotarro.com\/?p=2267"},"author":{"name":"Jos\u00e9 Carlos Marrero Gonz\u00e1lez","@id":"https:\/\/elcotarro.com\/#\/schema\/person\/af537ee7d60d15984c7e0affcd8a918b"},"headline":"TENERIFE DEJA A PACO SIN OX\u00cdGENO","datePublished":"2016-01-24T11:02:54+00:00","mainEntityOfPage":{"@id":"https:\/\/elcotarro.com\/?p=2267"},"wordCount":271,"commentCount":0,"publisher":{"@id":"https:\/\/elcotarro.com\/#organization"},"articleSection":["Sanidad"],"inLanguage":"es","potentialAction":[{"@type":"CommentAction","name":"Comment","target":["https:\/\/elcotarro.com\/?p=2267#respond"]}]},{"@type":"WebPage","@id":"https:\/\/elcotarro.com\/?p=2267","url":"https:\/\/elcotarro.com\/?p=2267","name":"TENERIFE DEJA A PACO SIN OX\u00cdGENO - El Cotarro","isPartOf":{"@id":"https:\/\/elcotarro.com\/#website"},"datePublished":"2016-01-24T11:02:54+00:00","breadcrumb":{"@id":"https:\/\/elcotarro.com\/?p=2267#breadcrumb"},"inLanguage":"es","potentialAction":[{"@type":"ReadAction","target":["https:\/\/elcotarro.com\/?p=2267"]}]},{"@type":"BreadcrumbList","@id":"https:\/\/elcotarro.com\/?p=2267#breadcrumb","itemListElement":[{"@type":"ListItem","position":1,"name":"Portada","item":"https:\/\/elcotarro.com\/"},{"@type":"ListItem","position":2,"name":"TENERIFE DEJA A PACO SIN OX\u00cdGENO"}]},{"@type":"WebSite","@id":"https:\/\/elcotarro.com\/#website","url":"https:\/\/elcotarro.com\/","name":"El Cotarro","description":"Peri\u00f3dico Digital Independiente dirigido por Jos\u00e9 Carlos Marrero","publisher":{"@id":"https:\/\/elcotarro.com\/#organization"},"potentialAction":[{"@type":"SearchAction","target":{"@type":"EntryPoint","urlTemplate":"https:\/\/elcotarro.com\/?s={search_term_string}"},"query-input":{"@type":"PropertyValueSpecification","valueRequired":true,"valueName":"search_term_string"}}],"inLanguage":"es"},{"@type":"Organization","@id":"https:\/\/elcotarro.com\/#organization","name":"El Cotarro","url":"https:\/\/elcotarro.com\/","logo":{"@type":"ImageObject","inLanguage":"es","@id":"https:\/\/elcotarro.com\/#\/schema\/logo\/image\/","url":"https:\/\/elcotarro.com\/wp-content\/uploads\/2014\/09\/Cabecera_El_Cotarro_v2.jpg","contentUrl":"https:\/\/elcotarro.com\/wp-content\/uploads\/2014\/09\/Cabecera_El_Cotarro_v2.jpg","width":3540,"height":441,"caption":"El Cotarro"},"image":{"@id":"https:\/\/elcotarro.com\/#\/schema\/logo\/image\/"},"sameAs":["https:\/\/www.facebook.com\/ElCotarro.Tenerife"]},{"@type":"Person","@id":"https:\/\/elcotarro.com\/#\/schema\/person\/af537ee7d60d15984c7e0affcd8a918b","name":"Jos\u00e9 Carlos Marrero Gonz\u00e1lez","image":{"@type":"ImageObject","inLanguage":"es","@id":"https:\/\/elcotarro.com\/#\/schema\/person\/image\/","url":"https:\/\/secure.gravatar.com\/avatar\/def4da036efb5d32c74d49c351f6dccc064dd69ad9f3aadc295c5a9a5391ca01?s=96&d=mm&r=g","contentUrl":"https:\/\/secure.gravatar.com\/avatar\/def4da036efb5d32c74d49c351f6dccc064dd69ad9f3aadc295c5a9a5391ca01?s=96&d=mm&r=g","caption":"Jos\u00e9 Carlos Marrero Gonz\u00e1lez"},"sameAs":["https:\/\/elcotarro.com"],"url":"https:\/\/elcotarro.com\/?author=2"}]}},"jetpack_featured_media_url":"","jetpack_sharing_enabled":true,"_links":{"self":[{"href":"https:\/\/elcotarro.com\/index.php?rest_route=\/wp\/v2\/posts\/2267","targetHints":{"allow":["GET"]}}],"collection":[{"href":"https:\/\/elcotarro.com\/index.php?rest_route=\/wp\/v2\/posts"}],"about":[{"href":"https:\/\/elcotarro.com\/index.php?rest_route=\/wp\/v2\/types\/post"}],"author":[{"embeddable":true,"href":"https:\/\/elcotarro.com\/index.php?rest_route=\/wp\/v2\/users\/2"}],"replies":[{"embeddable":true,"href":"https:\/\/elcotarro.com\/index.php?rest_route=%2Fwp%2Fv2%2Fcomments&post=2267"}],"version-history":[{"count":1,"href":"https:\/\/elcotarro.com\/index.php?rest_route=\/wp\/v2\/posts\/2267\/revisions"}],"predecessor-version":[{"id":2269,"href":"https:\/\/elcotarro.com\/index.php?rest_route=\/wp\/v2\/posts\/2267\/revisions\/2269"}],"wp:attachment":[{"href":"https:\/\/elcotarro.com\/index.php?rest_route=%2Fwp%2Fv2%2Fmedia&parent=2267"}],"wp:term":[{"taxonomy":"category","embeddable":true,"href":"https:\/\/elcotarro.com\/index.php?rest_route=%2Fwp%2Fv2%2Fcategories&post=2267"},{"taxonomy":"post_tag","embeddable":true,"href":"https:\/\/elcotarro.com\/index.php?rest_route=%2Fwp%2Fv2%2Ftags&post=2267"}],"curies":[{"name":"wp","href":"https:\/\/api.w.org\/{rel}","templated":true}]}}