{"id":2273,"date":"2016-01-24T11:00:30","date_gmt":"2016-01-24T11:00:30","guid":{"rendered":"https:\/\/elcotarro.com\/?p=2273"},"modified":"2016-01-24T09:33:49","modified_gmt":"2016-01-24T09:33:49","slug":"hiperbarica-falta-de-ignorancia","status":"publish","type":"post","link":"https:\/\/elcotarro.com\/?p=2273","title":{"rendered":"HIPERB\u00c1RICA FALTA DE IGNORANCIA"},"content":{"rendered":"<p>Pero lo peor, lo m\u00e1s lamentable, lo m\u00e1s cabreante, lo m\u00e1s impresentable del asunto, est\u00e1 en algo que, al parecer, ni el consejero <strong>Jes\u00fas Morera<\/strong>, ni el director del SCS <strong>Roberto Moreno<\/strong> han ca\u00eddo en varios simples detalles: Por un lado, la lista regional de espera para un tratamiento de oxigenoterapia, est\u00e1 en alrededor de cuatro meses. Por otro, la c\u00e1mara hiperb\u00e1rica es una m\u00e1quina que puede realizar tres y no s\u00e9 si hasta cuatro sesiones diarias. Seg\u00fan me aseguran fuentes solventes dignas de todo cr\u00e9dito, solo se necesitar\u00eda aumentar los recursos humanos en dos enfermeros. \u00a1s\u00f3lo dos enfermeros y adem\u00e1s s\u00f3lo un par de horas al d\u00eda!. Con ello podr\u00eda comenzar una sesi\u00f3n como siempre a las 9:15, (que terminar\u00eda a las 10:45) y una segunda sesi\u00f3n podr\u00eda comenzar a las 11:30 del mediod\u00eda (que acabar\u00eda a las 13:00). A esta segunda sesi\u00f3n podr\u00eda llegar nuestro majorero <strong>Paco<\/strong> sin problema (casi con toda seguridad) y retornar feliz y contento por la tarde a Fuerteventura. Y creo que, de paso, la lista de espera pr\u00e1cticamente desaparecer\u00eda. Y de rebote (muy importante) bajar\u00eda el tiempo de estancia hospitalaria de muchos pacientes, cuya recuperaci\u00f3n se acelerar\u00eda gracias a la oxigenoterapia. \u00bfEs tan complicado y costoso hacer esto que les cuento?, \u00bfEstoy yo equivocado?, \u00bfLe han propuesto ya esta posible soluci\u00f3n (y mejora) a <strong>Eduardo De Bonis<\/strong>?, \u00bfle habr\u00e1 llegado esta propuesta y positiva soluci\u00f3n al consejero <strong>Jes\u00fas Morera<\/strong> o al director del SCS, <strong>Roberto Moreno<\/strong>?, y por \u00faltimo \u00bfLa falta de ignorancia se cura con oxigenoterapia?<\/p>\n<p style=\"text-align: center\"><a href=\"https:\/\/elcotarro.com\/wp-content\/uploads\/2016\/01\/FOTO-6.-Roberto-Moreno.jpg\"><img loading=\"lazy\" decoding=\"async\" class=\"alignnone size-full wp-image-2274\" src=\"https:\/\/elcotarro.com\/wp-content\/uploads\/2016\/01\/FOTO-6.-Roberto-Moreno.jpg\" alt=\"FOTO 6.- Roberto Moreno\" width=\"150\" height=\"150\" \/><\/a><\/p>\n<p style=\"text-align: center\"><em>Roberto Moreno D\u00edaz, Director del Servicio Canario de la Salud (SCS)<\/em><\/p>\n","protected":false},"excerpt":{"rendered":"<p>Pero lo peor, lo m\u00e1s lamentable, lo m\u00e1s cabreante, lo m\u00e1s impresentable del asunto, est\u00e1 en algo que, al parecer, ni el consejero Jes\u00fas Morera, ni el director del SCS Roberto Moreno han ca\u00eddo en varios simples detalles: Por un lado, la lista regional de espera para un tratamiento de oxigenoterapia, est\u00e1 en alrededor de &#8230; <a class=\"read-more\" href=\"https:\/\/elcotarro.com\/?p=2273\">Read more<\/a><\/p>\n","protected":false},"author":2,"featured_media":0,"comment_status":"open","ping_status":"open","sticky":false,"template":"","format":"standard","meta":{"_jetpack_memberships_contains_paid_content":false,"footnotes":""},"categories":[38],"tags":[],"class_list":["post-2273","post","type-post","status-publish","format-standard","hentry","category-sanidad"],"yoast_head":"<!-- This site is optimized with the Yoast SEO plugin v27.0 - https:\/\/yoast.com\/product\/yoast-seo-wordpress\/ -->\n<title>HIPERB\u00c1RICA FALTA DE IGNORANCIA - El Cotarro<\/title>\n<meta name=\"robots\" content=\"index, follow, max-snippet:-1, max-image-preview:large, max-video-preview:-1\" \/>\n<link rel=\"canonical\" href=\"https:\/\/elcotarro.com\/?p=2273\" \/>\n<meta property=\"og:locale\" content=\"es_ES\" \/>\n<meta property=\"og:type\" content=\"article\" \/>\n<meta property=\"og:title\" content=\"HIPERB\u00c1RICA FALTA DE IGNORANCIA - El Cotarro\" \/>\n<meta property=\"og:description\" content=\"Pero lo peor, lo m\u00e1s lamentable, lo m\u00e1s cabreante, lo m\u00e1s impresentable del asunto, est\u00e1 en algo que, al parecer, ni el consejero Jes\u00fas Morera, ni el director del SCS Roberto Moreno han ca\u00eddo en varios simples detalles: Por un lado, la lista regional de espera para un tratamiento de oxigenoterapia, est\u00e1 en alrededor de ... Read more\" \/>\n<meta property=\"og:url\" content=\"https:\/\/elcotarro.com\/?p=2273\" \/>\n<meta property=\"og:site_name\" content=\"El Cotarro\" \/>\n<meta property=\"article:publisher\" content=\"https:\/\/www.facebook.com\/ElCotarro.Tenerife\" \/>\n<meta property=\"article:published_time\" content=\"2016-01-24T11:00:30+00:00\" \/>\n<meta property=\"og:image\" content=\"https:\/\/elcotarro.com\/wp-content\/uploads\/2016\/01\/FOTO-6.-Roberto-Moreno.jpg\" \/>\n<meta name=\"author\" content=\"Jos\u00e9 Carlos Marrero Gonz\u00e1lez\" \/>\n<meta name=\"twitter:label1\" content=\"Escrito por\" \/>\n\t<meta name=\"twitter:data1\" content=\"Jos\u00e9 Carlos Marrero Gonz\u00e1lez\" \/>\n\t<meta name=\"twitter:label2\" content=\"Tiempo de lectura\" \/>\n\t<meta name=\"twitter:data2\" content=\"1 minuto\" \/>\n<script type=\"application\/ld+json\" class=\"yoast-schema-graph\">{\"@context\":\"https:\/\/schema.org\",\"@graph\":[{\"@type\":\"Article\",\"@id\":\"https:\/\/elcotarro.com\/?p=2273#article\",\"isPartOf\":{\"@id\":\"https:\/\/elcotarro.com\/?p=2273\"},\"author\":{\"name\":\"Jos\u00e9 Carlos Marrero Gonz\u00e1lez\",\"@id\":\"https:\/\/elcotarro.com\/#\/schema\/person\/af537ee7d60d15984c7e0affcd8a918b\"},\"headline\":\"HIPERB\u00c1RICA FALTA DE IGNORANCIA\",\"datePublished\":\"2016-01-24T11:00:30+00:00\",\"mainEntityOfPage\":{\"@id\":\"https:\/\/elcotarro.com\/?p=2273\"},\"wordCount\":299,\"commentCount\":0,\"publisher\":{\"@id\":\"https:\/\/elcotarro.com\/#organization\"},\"image\":{\"@id\":\"https:\/\/elcotarro.com\/?p=2273#primaryimage\"},\"thumbnailUrl\":\"https:\/\/elcotarro.com\/wp-content\/uploads\/2016\/01\/FOTO-6.-Roberto-Moreno.jpg\",\"articleSection\":[\"Sanidad\"],\"inLanguage\":\"es\",\"potentialAction\":[{\"@type\":\"CommentAction\",\"name\":\"Comment\",\"target\":[\"https:\/\/elcotarro.com\/?p=2273#respond\"]}]},{\"@type\":\"WebPage\",\"@id\":\"https:\/\/elcotarro.com\/?p=2273\",\"url\":\"https:\/\/elcotarro.com\/?p=2273\",\"name\":\"HIPERB\u00c1RICA FALTA DE IGNORANCIA - El Cotarro\",\"isPartOf\":{\"@id\":\"https:\/\/elcotarro.com\/#website\"},\"primaryImageOfPage\":{\"@id\":\"https:\/\/elcotarro.com\/?p=2273#primaryimage\"},\"image\":{\"@id\":\"https:\/\/elcotarro.com\/?p=2273#primaryimage\"},\"thumbnailUrl\":\"https:\/\/elcotarro.com\/wp-content\/uploads\/2016\/01\/FOTO-6.-Roberto-Moreno.jpg\",\"datePublished\":\"2016-01-24T11:00:30+00:00\",\"breadcrumb\":{\"@id\":\"https:\/\/elcotarro.com\/?p=2273#breadcrumb\"},\"inLanguage\":\"es\",\"potentialAction\":[{\"@type\":\"ReadAction\",\"target\":[\"https:\/\/elcotarro.com\/?p=2273\"]}]},{\"@type\":\"ImageObject\",\"inLanguage\":\"es\",\"@id\":\"https:\/\/elcotarro.com\/?p=2273#primaryimage\",\"url\":\"https:\/\/elcotarro.com\/wp-content\/uploads\/2016\/01\/FOTO-6.-Roberto-Moreno.jpg\",\"contentUrl\":\"https:\/\/elcotarro.com\/wp-content\/uploads\/2016\/01\/FOTO-6.-Roberto-Moreno.jpg\",\"width\":150,\"height\":150},{\"@type\":\"BreadcrumbList\",\"@id\":\"https:\/\/elcotarro.com\/?p=2273#breadcrumb\",\"itemListElement\":[{\"@type\":\"ListItem\",\"position\":1,\"name\":\"Portada\",\"item\":\"https:\/\/elcotarro.com\/\"},{\"@type\":\"ListItem\",\"position\":2,\"name\":\"HIPERB\u00c1RICA FALTA DE IGNORANCIA\"}]},{\"@type\":\"WebSite\",\"@id\":\"https:\/\/elcotarro.com\/#website\",\"url\":\"https:\/\/elcotarro.com\/\",\"name\":\"El Cotarro\",\"description\":\"Peri\u00f3dico Digital Independiente dirigido por Jos\u00e9 Carlos Marrero\",\"publisher\":{\"@id\":\"https:\/\/elcotarro.com\/#organization\"},\"potentialAction\":[{\"@type\":\"SearchAction\",\"target\":{\"@type\":\"EntryPoint\",\"urlTemplate\":\"https:\/\/elcotarro.com\/?s={search_term_string}\"},\"query-input\":{\"@type\":\"PropertyValueSpecification\",\"valueRequired\":true,\"valueName\":\"search_term_string\"}}],\"inLanguage\":\"es\"},{\"@type\":\"Organization\",\"@id\":\"https:\/\/elcotarro.com\/#organization\",\"name\":\"El Cotarro\",\"url\":\"https:\/\/elcotarro.com\/\",\"logo\":{\"@type\":\"ImageObject\",\"inLanguage\":\"es\",\"@id\":\"https:\/\/elcotarro.com\/#\/schema\/logo\/image\/\",\"url\":\"https:\/\/elcotarro.com\/wp-content\/uploads\/2014\/09\/Cabecera_El_Cotarro_v2.jpg\",\"contentUrl\":\"https:\/\/elcotarro.com\/wp-content\/uploads\/2014\/09\/Cabecera_El_Cotarro_v2.jpg\",\"width\":3540,\"height\":441,\"caption\":\"El Cotarro\"},\"image\":{\"@id\":\"https:\/\/elcotarro.com\/#\/schema\/logo\/image\/\"},\"sameAs\":[\"https:\/\/www.facebook.com\/ElCotarro.Tenerife\"]},{\"@type\":\"Person\",\"@id\":\"https:\/\/elcotarro.com\/#\/schema\/person\/af537ee7d60d15984c7e0affcd8a918b\",\"name\":\"Jos\u00e9 Carlos Marrero Gonz\u00e1lez\",\"image\":{\"@type\":\"ImageObject\",\"inLanguage\":\"es\",\"@id\":\"https:\/\/elcotarro.com\/#\/schema\/person\/image\/\",\"url\":\"https:\/\/secure.gravatar.com\/avatar\/def4da036efb5d32c74d49c351f6dccc064dd69ad9f3aadc295c5a9a5391ca01?s=96&d=mm&r=g\",\"contentUrl\":\"https:\/\/secure.gravatar.com\/avatar\/def4da036efb5d32c74d49c351f6dccc064dd69ad9f3aadc295c5a9a5391ca01?s=96&d=mm&r=g\",\"caption\":\"Jos\u00e9 Carlos Marrero Gonz\u00e1lez\"},\"sameAs\":[\"https:\/\/elcotarro.com\"],\"url\":\"https:\/\/elcotarro.com\/?author=2\"}]}<\/script>\n<!-- \/ Yoast SEO plugin. -->","yoast_head_json":{"title":"HIPERB\u00c1RICA FALTA DE IGNORANCIA - El Cotarro","robots":{"index":"index","follow":"follow","max-snippet":"max-snippet:-1","max-image-preview":"max-image-preview:large","max-video-preview":"max-video-preview:-1"},"canonical":"https:\/\/elcotarro.com\/?p=2273","og_locale":"es_ES","og_type":"article","og_title":"HIPERB\u00c1RICA FALTA DE IGNORANCIA - El Cotarro","og_description":"Pero lo peor, lo m\u00e1s lamentable, lo m\u00e1s cabreante, lo m\u00e1s impresentable del asunto, est\u00e1 en algo que, al parecer, ni el consejero Jes\u00fas Morera, ni el director del SCS Roberto Moreno han ca\u00eddo en varios simples detalles: Por un lado, la lista regional de espera para un tratamiento de oxigenoterapia, est\u00e1 en alrededor de ... Read more","og_url":"https:\/\/elcotarro.com\/?p=2273","og_site_name":"El Cotarro","article_publisher":"https:\/\/www.facebook.com\/ElCotarro.Tenerife","article_published_time":"2016-01-24T11:00:30+00:00","og_image":[{"url":"https:\/\/elcotarro.com\/wp-content\/uploads\/2016\/01\/FOTO-6.-Roberto-Moreno.jpg","type":"","width":"","height":""}],"author":"Jos\u00e9 Carlos Marrero Gonz\u00e1lez","twitter_misc":{"Escrito por":"Jos\u00e9 Carlos Marrero Gonz\u00e1lez","Tiempo de lectura":"1 minuto"},"schema":{"@context":"https:\/\/schema.org","@graph":[{"@type":"Article","@id":"https:\/\/elcotarro.com\/?p=2273#article","isPartOf":{"@id":"https:\/\/elcotarro.com\/?p=2273"},"author":{"name":"Jos\u00e9 Carlos Marrero Gonz\u00e1lez","@id":"https:\/\/elcotarro.com\/#\/schema\/person\/af537ee7d60d15984c7e0affcd8a918b"},"headline":"HIPERB\u00c1RICA FALTA DE IGNORANCIA","datePublished":"2016-01-24T11:00:30+00:00","mainEntityOfPage":{"@id":"https:\/\/elcotarro.com\/?p=2273"},"wordCount":299,"commentCount":0,"publisher":{"@id":"https:\/\/elcotarro.com\/#organization"},"image":{"@id":"https:\/\/elcotarro.com\/?p=2273#primaryimage"},"thumbnailUrl":"https:\/\/elcotarro.com\/wp-content\/uploads\/2016\/01\/FOTO-6.-Roberto-Moreno.jpg","articleSection":["Sanidad"],"inLanguage":"es","potentialAction":[{"@type":"CommentAction","name":"Comment","target":["https:\/\/elcotarro.com\/?p=2273#respond"]}]},{"@type":"WebPage","@id":"https:\/\/elcotarro.com\/?p=2273","url":"https:\/\/elcotarro.com\/?p=2273","name":"HIPERB\u00c1RICA FALTA DE IGNORANCIA - El Cotarro","isPartOf":{"@id":"https:\/\/elcotarro.com\/#website"},"primaryImageOfPage":{"@id":"https:\/\/elcotarro.com\/?p=2273#primaryimage"},"image":{"@id":"https:\/\/elcotarro.com\/?p=2273#primaryimage"},"thumbnailUrl":"https:\/\/elcotarro.com\/wp-content\/uploads\/2016\/01\/FOTO-6.-Roberto-Moreno.jpg","datePublished":"2016-01-24T11:00:30+00:00","breadcrumb":{"@id":"https:\/\/elcotarro.com\/?p=2273#breadcrumb"},"inLanguage":"es","potentialAction":[{"@type":"ReadAction","target":["https:\/\/elcotarro.com\/?p=2273"]}]},{"@type":"ImageObject","inLanguage":"es","@id":"https:\/\/elcotarro.com\/?p=2273#primaryimage","url":"https:\/\/elcotarro.com\/wp-content\/uploads\/2016\/01\/FOTO-6.-Roberto-Moreno.jpg","contentUrl":"https:\/\/elcotarro.com\/wp-content\/uploads\/2016\/01\/FOTO-6.-Roberto-Moreno.jpg","width":150,"height":150},{"@type":"BreadcrumbList","@id":"https:\/\/elcotarro.com\/?p=2273#breadcrumb","itemListElement":[{"@type":"ListItem","position":1,"name":"Portada","item":"https:\/\/elcotarro.com\/"},{"@type":"ListItem","position":2,"name":"HIPERB\u00c1RICA FALTA DE IGNORANCIA"}]},{"@type":"WebSite","@id":"https:\/\/elcotarro.com\/#website","url":"https:\/\/elcotarro.com\/","name":"El Cotarro","description":"Peri\u00f3dico Digital Independiente dirigido por Jos\u00e9 Carlos Marrero","publisher":{"@id":"https:\/\/elcotarro.com\/#organization"},"potentialAction":[{"@type":"SearchAction","target":{"@type":"EntryPoint","urlTemplate":"https:\/\/elcotarro.com\/?s={search_term_string}"},"query-input":{"@type":"PropertyValueSpecification","valueRequired":true,"valueName":"search_term_string"}}],"inLanguage":"es"},{"@type":"Organization","@id":"https:\/\/elcotarro.com\/#organization","name":"El Cotarro","url":"https:\/\/elcotarro.com\/","logo":{"@type":"ImageObject","inLanguage":"es","@id":"https:\/\/elcotarro.com\/#\/schema\/logo\/image\/","url":"https:\/\/elcotarro.com\/wp-content\/uploads\/2014\/09\/Cabecera_El_Cotarro_v2.jpg","contentUrl":"https:\/\/elcotarro.com\/wp-content\/uploads\/2014\/09\/Cabecera_El_Cotarro_v2.jpg","width":3540,"height":441,"caption":"El Cotarro"},"image":{"@id":"https:\/\/elcotarro.com\/#\/schema\/logo\/image\/"},"sameAs":["https:\/\/www.facebook.com\/ElCotarro.Tenerife"]},{"@type":"Person","@id":"https:\/\/elcotarro.com\/#\/schema\/person\/af537ee7d60d15984c7e0affcd8a918b","name":"Jos\u00e9 Carlos Marrero Gonz\u00e1lez","image":{"@type":"ImageObject","inLanguage":"es","@id":"https:\/\/elcotarro.com\/#\/schema\/person\/image\/","url":"https:\/\/secure.gravatar.com\/avatar\/def4da036efb5d32c74d49c351f6dccc064dd69ad9f3aadc295c5a9a5391ca01?s=96&d=mm&r=g","contentUrl":"https:\/\/secure.gravatar.com\/avatar\/def4da036efb5d32c74d49c351f6dccc064dd69ad9f3aadc295c5a9a5391ca01?s=96&d=mm&r=g","caption":"Jos\u00e9 Carlos Marrero Gonz\u00e1lez"},"sameAs":["https:\/\/elcotarro.com"],"url":"https:\/\/elcotarro.com\/?author=2"}]}},"jetpack_featured_media_url":"","jetpack_sharing_enabled":true,"_links":{"self":[{"href":"https:\/\/elcotarro.com\/index.php?rest_route=\/wp\/v2\/posts\/2273","targetHints":{"allow":["GET"]}}],"collection":[{"href":"https:\/\/elcotarro.com\/index.php?rest_route=\/wp\/v2\/posts"}],"about":[{"href":"https:\/\/elcotarro.com\/index.php?rest_route=\/wp\/v2\/types\/post"}],"author":[{"embeddable":true,"href":"https:\/\/elcotarro.com\/index.php?rest_route=\/wp\/v2\/users\/2"}],"replies":[{"embeddable":true,"href":"https:\/\/elcotarro.com\/index.php?rest_route=%2Fwp%2Fv2%2Fcomments&post=2273"}],"version-history":[{"count":1,"href":"https:\/\/elcotarro.com\/index.php?rest_route=\/wp\/v2\/posts\/2273\/revisions"}],"predecessor-version":[{"id":2275,"href":"https:\/\/elcotarro.com\/index.php?rest_route=\/wp\/v2\/posts\/2273\/revisions\/2275"}],"wp:attachment":[{"href":"https:\/\/elcotarro.com\/index.php?rest_route=%2Fwp%2Fv2%2Fmedia&parent=2273"}],"wp:term":[{"taxonomy":"category","embeddable":true,"href":"https:\/\/elcotarro.com\/index.php?rest_route=%2Fwp%2Fv2%2Fcategories&post=2273"},{"taxonomy":"post_tag","embeddable":true,"href":"https:\/\/elcotarro.com\/index.php?rest_route=%2Fwp%2Fv2%2Ftags&post=2273"}],"curies":[{"name":"wp","href":"https:\/\/api.w.org\/{rel}","templated":true}]}}