{"id":2303,"date":"2016-01-31T11:00:52","date_gmt":"2016-01-31T11:00:52","guid":{"rendered":"https:\/\/elcotarro.com\/?p=2303"},"modified":"2016-01-30T20:06:46","modified_gmt":"2016-01-30T20:06:46","slug":"carlos-alonso-con-una-mudita","status":"publish","type":"post","link":"https:\/\/elcotarro.com\/?p=2303","title":{"rendered":"CARLOS ALONSO CON UNA MUDITA"},"content":{"rendered":"<p>El presidente del Cabildo de Tenerife, <strong>Carlos Alonso Rodr\u00edguez<\/strong>, quien en la agenda del pasado martes por la tarde ten\u00eda concertada una reuni\u00f3n con una secretaria de Estado, tuvo el detalle de madrugar y, junto con el consejero de Turismo del Cabildo, <strong>Alberto Bernab\u00e9 Teja<\/strong>, visitar MadridFusi\u00f3n y felicitar de primera mano a los tinerfe\u00f1os que all\u00ed estaban defendiendo y promocionando la gastronom\u00eda de nuestra isla. Hay que rese\u00f1ar que Carlos Alonso, listo y previsor como \u00e9l s\u00f3lo, sabiendo de qu\u00e9 iban las \u201cactividades paralelas\u201d a MadridFusi\u00f3n, cogi\u00f3 y le recomend\u00f3 a <strong>Alberto Bernab\u00e9<\/strong> que <em>\u201cllevara una mudita, por si acaso\u201d<\/em> pensando que podr\u00eda terciarse una cena y tuvieran que pernoctar en Madrid. As\u00ed fue la cosa y cuentan que en la tarde del martes, tras la reuni\u00f3n ministerial, parece que se vio a <strong>Bernab\u00e9<\/strong> por El Corte Ingl\u00e9s en la zona de la ropa interior. Posteriormente una agradable cena en el restaurante Goyzeko sent\u00f3 en una mesa a <strong>Carlos Alonso<\/strong> y <strong>Alberto Bernab\u00e9<\/strong> junto con el t\u00e9cnico del Cabildo, <strong>Luis Guti\u00e9rrez<\/strong>, el presidente de los cocineros de Canarias, el gran chef <strong>Pablo Pastor<\/strong> y su encantadora esposa <strong>Chus<\/strong>, los empresarios <strong>Fran Relea<\/strong> (restaurante Kaz\u00e1n, con una estrella Michelin) y <strong>David Armas<\/strong>, as\u00ed como el coordinador del Aula de Gesti\u00f3n Enotur\u00edstica de la Universidad de La Laguna, <strong>Gabriel Santos<\/strong>. Parece que se habl\u00f3 de lo mucho que hay que hacer para mejorar, potenciar y difundir la gastronom\u00eda de Tenerife y posicionar nuestra isla como destino gastron\u00f3mico. Am\u00e9n.<\/p>\n<p style=\"text-align: center\"><a href=\"https:\/\/elcotarro.com\/wp-content\/uploads\/2016\/01\/borja-ignios.jpg\"><img loading=\"lazy\" decoding=\"async\" class=\"alignnone size-full wp-image-2304\" src=\"https:\/\/elcotarro.com\/wp-content\/uploads\/2016\/01\/borja-ignios.jpg\" alt=\"borja-ignios\" width=\"850\" height=\"638\" srcset=\"https:\/\/elcotarro.com\/wp-content\/uploads\/2016\/01\/borja-ignios.jpg 850w, https:\/\/elcotarro.com\/wp-content\/uploads\/2016\/01\/borja-ignios-300x225.jpg 300w\" sizes=\"auto, (max-width: 850px) 100vw, 850px\" \/><\/a><\/p>\n<p style=\"text-align: center\"><em>De izquierda a derecha: Alberto Bernab\u00e9, Luis Guti\u00e9rrez (t\u00e9cnico del Cabildo), Borja P\u00e9rez Glez. (viticultor y bodeguero) y Carlos Alonso, brindando con el tinto tinerfe\u00f1o \u201cIgnios\u201d (D.O. Ycoden-Daute-Isora), en el stand Inkordia Wines de MadridFusi\u00f3n 2016.<\/em><\/p>\n<p style=\"text-align: center\"><a href=\"http:\/\/www.careca.es\/\" target=\"_blank\"><img loading=\"lazy\" decoding=\"async\" class=\"alignnone size-full wp-image-2216\" src=\"https:\/\/elcotarro.com\/wp-content\/uploads\/2016\/01\/Bnn_Careca.jpg\" alt=\"Bnn_Careca\" width=\"750\" height=\"150\" srcset=\"https:\/\/elcotarro.com\/wp-content\/uploads\/2016\/01\/Bnn_Careca.jpg 750w, https:\/\/elcotarro.com\/wp-content\/uploads\/2016\/01\/Bnn_Careca-300x60.jpg 300w\" sizes=\"auto, (max-width: 750px) 100vw, 750px\" \/><\/a><\/p>\n","protected":false},"excerpt":{"rendered":"<p>El presidente del Cabildo de Tenerife, Carlos Alonso Rodr\u00edguez, quien en la agenda del pasado martes por la tarde ten\u00eda concertada una reuni\u00f3n con una secretaria de Estado, tuvo el detalle de madrugar y, junto con el consejero de Turismo del Cabildo, Alberto Bernab\u00e9 Teja, visitar MadridFusi\u00f3n y felicitar de primera mano a los tinerfe\u00f1os &#8230; <a class=\"read-more\" href=\"https:\/\/elcotarro.com\/?p=2303\">Read more<\/a><\/p>\n","protected":false},"author":2,"featured_media":0,"comment_status":"open","ping_status":"open","sticky":false,"template":"","format":"standard","meta":{"_jetpack_memberships_contains_paid_content":false,"footnotes":""},"categories":[1],"tags":[],"class_list":["post-2303","post","type-post","status-publish","format-standard","hentry","category-sin-categoria"],"yoast_head":"<!-- This site is optimized with the Yoast SEO plugin v27.0 - https:\/\/yoast.com\/product\/yoast-seo-wordpress\/ -->\n<title>CARLOS ALONSO CON UNA MUDITA - El Cotarro<\/title>\n<meta name=\"robots\" content=\"index, follow, max-snippet:-1, max-image-preview:large, max-video-preview:-1\" \/>\n<link rel=\"canonical\" href=\"https:\/\/elcotarro.com\/?p=2303\" \/>\n<meta property=\"og:locale\" content=\"es_ES\" \/>\n<meta property=\"og:type\" content=\"article\" \/>\n<meta property=\"og:title\" content=\"CARLOS ALONSO CON UNA MUDITA - El Cotarro\" \/>\n<meta property=\"og:description\" content=\"El presidente del Cabildo de Tenerife, Carlos Alonso Rodr\u00edguez, quien en la agenda del pasado martes por la tarde ten\u00eda concertada una reuni\u00f3n con una secretaria de Estado, tuvo el detalle de madrugar y, junto con el consejero de Turismo del Cabildo, Alberto Bernab\u00e9 Teja, visitar MadridFusi\u00f3n y felicitar de primera mano a los tinerfe\u00f1os ... Read more\" \/>\n<meta property=\"og:url\" content=\"https:\/\/elcotarro.com\/?p=2303\" \/>\n<meta property=\"og:site_name\" content=\"El Cotarro\" \/>\n<meta property=\"article:publisher\" content=\"https:\/\/www.facebook.com\/ElCotarro.Tenerife\" \/>\n<meta property=\"article:published_time\" content=\"2016-01-31T11:00:52+00:00\" \/>\n<meta property=\"og:image\" content=\"https:\/\/elcotarro.com\/wp-content\/uploads\/2016\/01\/borja-ignios.jpg\" \/>\n<meta name=\"author\" content=\"Jos\u00e9 Carlos Marrero Gonz\u00e1lez\" \/>\n<meta name=\"twitter:label1\" content=\"Escrito por\" \/>\n\t<meta name=\"twitter:data1\" content=\"Jos\u00e9 Carlos Marrero Gonz\u00e1lez\" \/>\n\t<meta name=\"twitter:label2\" content=\"Tiempo de lectura\" \/>\n\t<meta name=\"twitter:data2\" content=\"2 minutos\" \/>\n<script type=\"application\/ld+json\" class=\"yoast-schema-graph\">{\"@context\":\"https:\/\/schema.org\",\"@graph\":[{\"@type\":\"Article\",\"@id\":\"https:\/\/elcotarro.com\/?p=2303#article\",\"isPartOf\":{\"@id\":\"https:\/\/elcotarro.com\/?p=2303\"},\"author\":{\"name\":\"Jos\u00e9 Carlos Marrero Gonz\u00e1lez\",\"@id\":\"https:\/\/elcotarro.com\/#\/schema\/person\/af537ee7d60d15984c7e0affcd8a918b\"},\"headline\":\"CARLOS ALONSO CON UNA MUDITA\",\"datePublished\":\"2016-01-31T11:00:52+00:00\",\"mainEntityOfPage\":{\"@id\":\"https:\/\/elcotarro.com\/?p=2303\"},\"wordCount\":313,\"commentCount\":0,\"publisher\":{\"@id\":\"https:\/\/elcotarro.com\/#organization\"},\"image\":{\"@id\":\"https:\/\/elcotarro.com\/?p=2303#primaryimage\"},\"thumbnailUrl\":\"https:\/\/elcotarro.com\/wp-content\/uploads\/2016\/01\/borja-ignios.jpg\",\"inLanguage\":\"es\",\"potentialAction\":[{\"@type\":\"CommentAction\",\"name\":\"Comment\",\"target\":[\"https:\/\/elcotarro.com\/?p=2303#respond\"]}]},{\"@type\":\"WebPage\",\"@id\":\"https:\/\/elcotarro.com\/?p=2303\",\"url\":\"https:\/\/elcotarro.com\/?p=2303\",\"name\":\"CARLOS ALONSO CON UNA MUDITA - El Cotarro\",\"isPartOf\":{\"@id\":\"https:\/\/elcotarro.com\/#website\"},\"primaryImageOfPage\":{\"@id\":\"https:\/\/elcotarro.com\/?p=2303#primaryimage\"},\"image\":{\"@id\":\"https:\/\/elcotarro.com\/?p=2303#primaryimage\"},\"thumbnailUrl\":\"https:\/\/elcotarro.com\/wp-content\/uploads\/2016\/01\/borja-ignios.jpg\",\"datePublished\":\"2016-01-31T11:00:52+00:00\",\"breadcrumb\":{\"@id\":\"https:\/\/elcotarro.com\/?p=2303#breadcrumb\"},\"inLanguage\":\"es\",\"potentialAction\":[{\"@type\":\"ReadAction\",\"target\":[\"https:\/\/elcotarro.com\/?p=2303\"]}]},{\"@type\":\"ImageObject\",\"inLanguage\":\"es\",\"@id\":\"https:\/\/elcotarro.com\/?p=2303#primaryimage\",\"url\":\"https:\/\/elcotarro.com\/wp-content\/uploads\/2016\/01\/borja-ignios.jpg\",\"contentUrl\":\"https:\/\/elcotarro.com\/wp-content\/uploads\/2016\/01\/borja-ignios.jpg\",\"width\":850,\"height\":638},{\"@type\":\"BreadcrumbList\",\"@id\":\"https:\/\/elcotarro.com\/?p=2303#breadcrumb\",\"itemListElement\":[{\"@type\":\"ListItem\",\"position\":1,\"name\":\"Portada\",\"item\":\"https:\/\/elcotarro.com\/\"},{\"@type\":\"ListItem\",\"position\":2,\"name\":\"CARLOS ALONSO CON UNA MUDITA\"}]},{\"@type\":\"WebSite\",\"@id\":\"https:\/\/elcotarro.com\/#website\",\"url\":\"https:\/\/elcotarro.com\/\",\"name\":\"El Cotarro\",\"description\":\"Peri\u00f3dico Digital Independiente dirigido por Jos\u00e9 Carlos Marrero\",\"publisher\":{\"@id\":\"https:\/\/elcotarro.com\/#organization\"},\"potentialAction\":[{\"@type\":\"SearchAction\",\"target\":{\"@type\":\"EntryPoint\",\"urlTemplate\":\"https:\/\/elcotarro.com\/?s={search_term_string}\"},\"query-input\":{\"@type\":\"PropertyValueSpecification\",\"valueRequired\":true,\"valueName\":\"search_term_string\"}}],\"inLanguage\":\"es\"},{\"@type\":\"Organization\",\"@id\":\"https:\/\/elcotarro.com\/#organization\",\"name\":\"El Cotarro\",\"url\":\"https:\/\/elcotarro.com\/\",\"logo\":{\"@type\":\"ImageObject\",\"inLanguage\":\"es\",\"@id\":\"https:\/\/elcotarro.com\/#\/schema\/logo\/image\/\",\"url\":\"https:\/\/elcotarro.com\/wp-content\/uploads\/2014\/09\/Cabecera_El_Cotarro_v2.jpg\",\"contentUrl\":\"https:\/\/elcotarro.com\/wp-content\/uploads\/2014\/09\/Cabecera_El_Cotarro_v2.jpg\",\"width\":3540,\"height\":441,\"caption\":\"El Cotarro\"},\"image\":{\"@id\":\"https:\/\/elcotarro.com\/#\/schema\/logo\/image\/\"},\"sameAs\":[\"https:\/\/www.facebook.com\/ElCotarro.Tenerife\"]},{\"@type\":\"Person\",\"@id\":\"https:\/\/elcotarro.com\/#\/schema\/person\/af537ee7d60d15984c7e0affcd8a918b\",\"name\":\"Jos\u00e9 Carlos Marrero Gonz\u00e1lez\",\"image\":{\"@type\":\"ImageObject\",\"inLanguage\":\"es\",\"@id\":\"https:\/\/elcotarro.com\/#\/schema\/person\/image\/\",\"url\":\"https:\/\/secure.gravatar.com\/avatar\/def4da036efb5d32c74d49c351f6dccc064dd69ad9f3aadc295c5a9a5391ca01?s=96&d=mm&r=g\",\"contentUrl\":\"https:\/\/secure.gravatar.com\/avatar\/def4da036efb5d32c74d49c351f6dccc064dd69ad9f3aadc295c5a9a5391ca01?s=96&d=mm&r=g\",\"caption\":\"Jos\u00e9 Carlos Marrero Gonz\u00e1lez\"},\"sameAs\":[\"https:\/\/elcotarro.com\"],\"url\":\"https:\/\/elcotarro.com\/?author=2\"}]}<\/script>\n<!-- \/ Yoast SEO plugin. -->","yoast_head_json":{"title":"CARLOS ALONSO CON UNA MUDITA - El Cotarro","robots":{"index":"index","follow":"follow","max-snippet":"max-snippet:-1","max-image-preview":"max-image-preview:large","max-video-preview":"max-video-preview:-1"},"canonical":"https:\/\/elcotarro.com\/?p=2303","og_locale":"es_ES","og_type":"article","og_title":"CARLOS ALONSO CON UNA MUDITA - El Cotarro","og_description":"El presidente del Cabildo de Tenerife, Carlos Alonso Rodr\u00edguez, quien en la agenda del pasado martes por la tarde ten\u00eda concertada una reuni\u00f3n con una secretaria de Estado, tuvo el detalle de madrugar y, junto con el consejero de Turismo del Cabildo, Alberto Bernab\u00e9 Teja, visitar MadridFusi\u00f3n y felicitar de primera mano a los tinerfe\u00f1os ... Read more","og_url":"https:\/\/elcotarro.com\/?p=2303","og_site_name":"El Cotarro","article_publisher":"https:\/\/www.facebook.com\/ElCotarro.Tenerife","article_published_time":"2016-01-31T11:00:52+00:00","og_image":[{"url":"https:\/\/elcotarro.com\/wp-content\/uploads\/2016\/01\/borja-ignios.jpg","type":"","width":"","height":""}],"author":"Jos\u00e9 Carlos Marrero Gonz\u00e1lez","twitter_misc":{"Escrito por":"Jos\u00e9 Carlos Marrero Gonz\u00e1lez","Tiempo de lectura":"2 minutos"},"schema":{"@context":"https:\/\/schema.org","@graph":[{"@type":"Article","@id":"https:\/\/elcotarro.com\/?p=2303#article","isPartOf":{"@id":"https:\/\/elcotarro.com\/?p=2303"},"author":{"name":"Jos\u00e9 Carlos Marrero Gonz\u00e1lez","@id":"https:\/\/elcotarro.com\/#\/schema\/person\/af537ee7d60d15984c7e0affcd8a918b"},"headline":"CARLOS ALONSO CON UNA MUDITA","datePublished":"2016-01-31T11:00:52+00:00","mainEntityOfPage":{"@id":"https:\/\/elcotarro.com\/?p=2303"},"wordCount":313,"commentCount":0,"publisher":{"@id":"https:\/\/elcotarro.com\/#organization"},"image":{"@id":"https:\/\/elcotarro.com\/?p=2303#primaryimage"},"thumbnailUrl":"https:\/\/elcotarro.com\/wp-content\/uploads\/2016\/01\/borja-ignios.jpg","inLanguage":"es","potentialAction":[{"@type":"CommentAction","name":"Comment","target":["https:\/\/elcotarro.com\/?p=2303#respond"]}]},{"@type":"WebPage","@id":"https:\/\/elcotarro.com\/?p=2303","url":"https:\/\/elcotarro.com\/?p=2303","name":"CARLOS ALONSO CON UNA MUDITA - El Cotarro","isPartOf":{"@id":"https:\/\/elcotarro.com\/#website"},"primaryImageOfPage":{"@id":"https:\/\/elcotarro.com\/?p=2303#primaryimage"},"image":{"@id":"https:\/\/elcotarro.com\/?p=2303#primaryimage"},"thumbnailUrl":"https:\/\/elcotarro.com\/wp-content\/uploads\/2016\/01\/borja-ignios.jpg","datePublished":"2016-01-31T11:00:52+00:00","breadcrumb":{"@id":"https:\/\/elcotarro.com\/?p=2303#breadcrumb"},"inLanguage":"es","potentialAction":[{"@type":"ReadAction","target":["https:\/\/elcotarro.com\/?p=2303"]}]},{"@type":"ImageObject","inLanguage":"es","@id":"https:\/\/elcotarro.com\/?p=2303#primaryimage","url":"https:\/\/elcotarro.com\/wp-content\/uploads\/2016\/01\/borja-ignios.jpg","contentUrl":"https:\/\/elcotarro.com\/wp-content\/uploads\/2016\/01\/borja-ignios.jpg","width":850,"height":638},{"@type":"BreadcrumbList","@id":"https:\/\/elcotarro.com\/?p=2303#breadcrumb","itemListElement":[{"@type":"ListItem","position":1,"name":"Portada","item":"https:\/\/elcotarro.com\/"},{"@type":"ListItem","position":2,"name":"CARLOS ALONSO CON UNA MUDITA"}]},{"@type":"WebSite","@id":"https:\/\/elcotarro.com\/#website","url":"https:\/\/elcotarro.com\/","name":"El Cotarro","description":"Peri\u00f3dico Digital Independiente dirigido por Jos\u00e9 Carlos Marrero","publisher":{"@id":"https:\/\/elcotarro.com\/#organization"},"potentialAction":[{"@type":"SearchAction","target":{"@type":"EntryPoint","urlTemplate":"https:\/\/elcotarro.com\/?s={search_term_string}"},"query-input":{"@type":"PropertyValueSpecification","valueRequired":true,"valueName":"search_term_string"}}],"inLanguage":"es"},{"@type":"Organization","@id":"https:\/\/elcotarro.com\/#organization","name":"El Cotarro","url":"https:\/\/elcotarro.com\/","logo":{"@type":"ImageObject","inLanguage":"es","@id":"https:\/\/elcotarro.com\/#\/schema\/logo\/image\/","url":"https:\/\/elcotarro.com\/wp-content\/uploads\/2014\/09\/Cabecera_El_Cotarro_v2.jpg","contentUrl":"https:\/\/elcotarro.com\/wp-content\/uploads\/2014\/09\/Cabecera_El_Cotarro_v2.jpg","width":3540,"height":441,"caption":"El Cotarro"},"image":{"@id":"https:\/\/elcotarro.com\/#\/schema\/logo\/image\/"},"sameAs":["https:\/\/www.facebook.com\/ElCotarro.Tenerife"]},{"@type":"Person","@id":"https:\/\/elcotarro.com\/#\/schema\/person\/af537ee7d60d15984c7e0affcd8a918b","name":"Jos\u00e9 Carlos Marrero Gonz\u00e1lez","image":{"@type":"ImageObject","inLanguage":"es","@id":"https:\/\/elcotarro.com\/#\/schema\/person\/image\/","url":"https:\/\/secure.gravatar.com\/avatar\/def4da036efb5d32c74d49c351f6dccc064dd69ad9f3aadc295c5a9a5391ca01?s=96&d=mm&r=g","contentUrl":"https:\/\/secure.gravatar.com\/avatar\/def4da036efb5d32c74d49c351f6dccc064dd69ad9f3aadc295c5a9a5391ca01?s=96&d=mm&r=g","caption":"Jos\u00e9 Carlos Marrero Gonz\u00e1lez"},"sameAs":["https:\/\/elcotarro.com"],"url":"https:\/\/elcotarro.com\/?author=2"}]}},"jetpack_featured_media_url":"","jetpack_sharing_enabled":true,"_links":{"self":[{"href":"https:\/\/elcotarro.com\/index.php?rest_route=\/wp\/v2\/posts\/2303","targetHints":{"allow":["GET"]}}],"collection":[{"href":"https:\/\/elcotarro.com\/index.php?rest_route=\/wp\/v2\/posts"}],"about":[{"href":"https:\/\/elcotarro.com\/index.php?rest_route=\/wp\/v2\/types\/post"}],"author":[{"embeddable":true,"href":"https:\/\/elcotarro.com\/index.php?rest_route=\/wp\/v2\/users\/2"}],"replies":[{"embeddable":true,"href":"https:\/\/elcotarro.com\/index.php?rest_route=%2Fwp%2Fv2%2Fcomments&post=2303"}],"version-history":[{"count":2,"href":"https:\/\/elcotarro.com\/index.php?rest_route=\/wp\/v2\/posts\/2303\/revisions"}],"predecessor-version":[{"id":2306,"href":"https:\/\/elcotarro.com\/index.php?rest_route=\/wp\/v2\/posts\/2303\/revisions\/2306"}],"wp:attachment":[{"href":"https:\/\/elcotarro.com\/index.php?rest_route=%2Fwp%2Fv2%2Fmedia&parent=2303"}],"wp:term":[{"taxonomy":"category","embeddable":true,"href":"https:\/\/elcotarro.com\/index.php?rest_route=%2Fwp%2Fv2%2Fcategories&post=2303"},{"taxonomy":"post_tag","embeddable":true,"href":"https:\/\/elcotarro.com\/index.php?rest_route=%2Fwp%2Fv2%2Ftags&post=2303"}],"curies":[{"name":"wp","href":"https:\/\/api.w.org\/{rel}","templated":true}]}}