{"id":2313,"date":"2016-02-07T11:05:53","date_gmt":"2016-02-07T11:05:53","guid":{"rendered":"https:\/\/elcotarro.com\/?p=2313"},"modified":"2016-02-07T10:33:24","modified_gmt":"2016-02-07T10:33:24","slug":"hoy-es-domingo-de-carnaval","status":"publish","type":"post","link":"https:\/\/elcotarro.com\/?p=2313","title":{"rendered":"HOY ES DOMINGO DE CARNAVAL"},"content":{"rendered":"<p>Seguramente que este Domingo de Carnaval una tercera parte del personal estar\u00e1 \u00abfuera de cobertura\u00bb por culpa de la carnavalera resaca del s\u00e1bado carnavalero. Otra tercera parte, m\u00e1s joven o m\u00e1s \u00abpreparada\u00bb, estar\u00e1 disfrutando del multitudinario Carnaval de D\u00eda en la emblem\u00e1tica Plaza del Pr\u00edncipe o en el entorno de la Plaza de la Candelaria. Y la \u00faltima tercera parte habr\u00e1 huido para esos \u00absures\u00bb o incluso para fuera de las islas. \u00abpasando\u00bb del Carnaval. Para todos, en estos tiempos a\u00fan complicados, les recuerdo la letra de la gran cantante cubana, <strong>Celia Cruz<\/strong>, tinerfe\u00f1a de adopci\u00f3n, que nos recordaba siempre que \u00abla vida es un carnaval\u00bb con aquel estribillo que dec\u00eda ( y sigue diciendo) que&#8230; <em>\u00ab\u00a1Ay!, no hay que llorar, \/ que la vida es un carnaval, \/ y es m\u00e1s bello vivir cantando. \/ \u00a1Ay!, no hay que llorar, \/ que la vida es un carnaval \/ y las penas se van cantando.\u00bb<\/em><\/p>\n<p style=\"text-align: center\"><a href=\"https:\/\/elcotarro.com\/wp-content\/uploads\/2016\/02\/FOTO-1.-Celia-Cruz.jpg\"><img loading=\"lazy\" decoding=\"async\" class=\"alignnone size-full wp-image-2314\" src=\"https:\/\/elcotarro.com\/wp-content\/uploads\/2016\/02\/FOTO-1.-Celia-Cruz.jpg\" alt=\"FOTO 1.- Celia Cruz\" width=\"274\" height=\"380\" srcset=\"https:\/\/elcotarro.com\/wp-content\/uploads\/2016\/02\/FOTO-1.-Celia-Cruz.jpg 274w, https:\/\/elcotarro.com\/wp-content\/uploads\/2016\/02\/FOTO-1.-Celia-Cruz-216x300.jpg 216w\" sizes=\"auto, (max-width: 274px) 100vw, 274px\" \/><\/a><\/p>\n<p style=\"text-align: center\"><em>Celia Cruz, comparsera del mundo y tinerfe\u00f1a de adopci\u00f3n\u2026 \u00a1la vida es un carnaval!<\/em><\/p>\n","protected":false},"excerpt":{"rendered":"<p>Seguramente que este Domingo de Carnaval una tercera parte del personal estar\u00e1 \u00abfuera de cobertura\u00bb por culpa de la carnavalera resaca del s\u00e1bado carnavalero. Otra tercera parte, m\u00e1s joven o m\u00e1s \u00abpreparada\u00bb, estar\u00e1 disfrutando del multitudinario Carnaval de D\u00eda en la emblem\u00e1tica Plaza del Pr\u00edncipe o en el entorno de la Plaza de la Candelaria. &#8230; <a class=\"read-more\" href=\"https:\/\/elcotarro.com\/?p=2313\">Read more<\/a><\/p>\n","protected":false},"author":2,"featured_media":0,"comment_status":"open","ping_status":"open","sticky":false,"template":"","format":"standard","meta":{"_jetpack_memberships_contains_paid_content":false,"footnotes":""},"categories":[47],"tags":[],"class_list":["post-2313","post","type-post","status-publish","format-standard","hentry","category-carnaval"],"yoast_head":"<!-- This site is optimized with the Yoast SEO plugin v27.0 - https:\/\/yoast.com\/product\/yoast-seo-wordpress\/ -->\n<title>HOY ES DOMINGO DE CARNAVAL - El Cotarro<\/title>\n<meta name=\"robots\" content=\"index, follow, max-snippet:-1, max-image-preview:large, max-video-preview:-1\" \/>\n<link rel=\"canonical\" href=\"https:\/\/elcotarro.com\/?p=2313\" \/>\n<meta property=\"og:locale\" content=\"es_ES\" \/>\n<meta property=\"og:type\" content=\"article\" \/>\n<meta property=\"og:title\" content=\"HOY ES DOMINGO DE CARNAVAL - El Cotarro\" \/>\n<meta property=\"og:description\" content=\"Seguramente que este Domingo de Carnaval una tercera parte del personal estar\u00e1 \u00abfuera de cobertura\u00bb por culpa de la carnavalera resaca del s\u00e1bado carnavalero. Otra tercera parte, m\u00e1s joven o m\u00e1s \u00abpreparada\u00bb, estar\u00e1 disfrutando del multitudinario Carnaval de D\u00eda en la emblem\u00e1tica Plaza del Pr\u00edncipe o en el entorno de la Plaza de la Candelaria. ... Read more\" \/>\n<meta property=\"og:url\" content=\"https:\/\/elcotarro.com\/?p=2313\" \/>\n<meta property=\"og:site_name\" content=\"El Cotarro\" \/>\n<meta property=\"article:publisher\" content=\"https:\/\/www.facebook.com\/ElCotarro.Tenerife\" \/>\n<meta property=\"article:published_time\" content=\"2016-02-07T11:05:53+00:00\" \/>\n<meta property=\"og:image\" content=\"https:\/\/elcotarro.com\/wp-content\/uploads\/2016\/02\/FOTO-1.-Celia-Cruz.jpg\" \/>\n<meta name=\"author\" content=\"Jos\u00e9 Carlos Marrero Gonz\u00e1lez\" \/>\n<meta name=\"twitter:label1\" content=\"Escrito por\" \/>\n\t<meta name=\"twitter:data1\" content=\"Jos\u00e9 Carlos Marrero Gonz\u00e1lez\" \/>\n\t<meta name=\"twitter:label2\" content=\"Tiempo de lectura\" \/>\n\t<meta name=\"twitter:data2\" content=\"1 minuto\" \/>\n<script type=\"application\/ld+json\" class=\"yoast-schema-graph\">{\"@context\":\"https:\/\/schema.org\",\"@graph\":[{\"@type\":\"Article\",\"@id\":\"https:\/\/elcotarro.com\/?p=2313#article\",\"isPartOf\":{\"@id\":\"https:\/\/elcotarro.com\/?p=2313\"},\"author\":{\"name\":\"Jos\u00e9 Carlos Marrero Gonz\u00e1lez\",\"@id\":\"https:\/\/elcotarro.com\/#\/schema\/person\/af537ee7d60d15984c7e0affcd8a918b\"},\"headline\":\"HOY ES DOMINGO DE CARNAVAL\",\"datePublished\":\"2016-02-07T11:05:53+00:00\",\"mainEntityOfPage\":{\"@id\":\"https:\/\/elcotarro.com\/?p=2313\"},\"wordCount\":181,\"commentCount\":0,\"publisher\":{\"@id\":\"https:\/\/elcotarro.com\/#organization\"},\"image\":{\"@id\":\"https:\/\/elcotarro.com\/?p=2313#primaryimage\"},\"thumbnailUrl\":\"https:\/\/elcotarro.com\/wp-content\/uploads\/2016\/02\/FOTO-1.-Celia-Cruz.jpg\",\"articleSection\":[\"Carnaval\"],\"inLanguage\":\"es\",\"potentialAction\":[{\"@type\":\"CommentAction\",\"name\":\"Comment\",\"target\":[\"https:\/\/elcotarro.com\/?p=2313#respond\"]}]},{\"@type\":\"WebPage\",\"@id\":\"https:\/\/elcotarro.com\/?p=2313\",\"url\":\"https:\/\/elcotarro.com\/?p=2313\",\"name\":\"HOY ES DOMINGO DE CARNAVAL - El Cotarro\",\"isPartOf\":{\"@id\":\"https:\/\/elcotarro.com\/#website\"},\"primaryImageOfPage\":{\"@id\":\"https:\/\/elcotarro.com\/?p=2313#primaryimage\"},\"image\":{\"@id\":\"https:\/\/elcotarro.com\/?p=2313#primaryimage\"},\"thumbnailUrl\":\"https:\/\/elcotarro.com\/wp-content\/uploads\/2016\/02\/FOTO-1.-Celia-Cruz.jpg\",\"datePublished\":\"2016-02-07T11:05:53+00:00\",\"breadcrumb\":{\"@id\":\"https:\/\/elcotarro.com\/?p=2313#breadcrumb\"},\"inLanguage\":\"es\",\"potentialAction\":[{\"@type\":\"ReadAction\",\"target\":[\"https:\/\/elcotarro.com\/?p=2313\"]}]},{\"@type\":\"ImageObject\",\"inLanguage\":\"es\",\"@id\":\"https:\/\/elcotarro.com\/?p=2313#primaryimage\",\"url\":\"https:\/\/elcotarro.com\/wp-content\/uploads\/2016\/02\/FOTO-1.-Celia-Cruz.jpg\",\"contentUrl\":\"https:\/\/elcotarro.com\/wp-content\/uploads\/2016\/02\/FOTO-1.-Celia-Cruz.jpg\",\"width\":274,\"height\":380},{\"@type\":\"BreadcrumbList\",\"@id\":\"https:\/\/elcotarro.com\/?p=2313#breadcrumb\",\"itemListElement\":[{\"@type\":\"ListItem\",\"position\":1,\"name\":\"Portada\",\"item\":\"https:\/\/elcotarro.com\/\"},{\"@type\":\"ListItem\",\"position\":2,\"name\":\"HOY ES DOMINGO DE CARNAVAL\"}]},{\"@type\":\"WebSite\",\"@id\":\"https:\/\/elcotarro.com\/#website\",\"url\":\"https:\/\/elcotarro.com\/\",\"name\":\"El Cotarro\",\"description\":\"Peri\u00f3dico Digital Independiente dirigido por Jos\u00e9 Carlos Marrero\",\"publisher\":{\"@id\":\"https:\/\/elcotarro.com\/#organization\"},\"potentialAction\":[{\"@type\":\"SearchAction\",\"target\":{\"@type\":\"EntryPoint\",\"urlTemplate\":\"https:\/\/elcotarro.com\/?s={search_term_string}\"},\"query-input\":{\"@type\":\"PropertyValueSpecification\",\"valueRequired\":true,\"valueName\":\"search_term_string\"}}],\"inLanguage\":\"es\"},{\"@type\":\"Organization\",\"@id\":\"https:\/\/elcotarro.com\/#organization\",\"name\":\"El Cotarro\",\"url\":\"https:\/\/elcotarro.com\/\",\"logo\":{\"@type\":\"ImageObject\",\"inLanguage\":\"es\",\"@id\":\"https:\/\/elcotarro.com\/#\/schema\/logo\/image\/\",\"url\":\"https:\/\/elcotarro.com\/wp-content\/uploads\/2014\/09\/Cabecera_El_Cotarro_v2.jpg\",\"contentUrl\":\"https:\/\/elcotarro.com\/wp-content\/uploads\/2014\/09\/Cabecera_El_Cotarro_v2.jpg\",\"width\":3540,\"height\":441,\"caption\":\"El Cotarro\"},\"image\":{\"@id\":\"https:\/\/elcotarro.com\/#\/schema\/logo\/image\/\"},\"sameAs\":[\"https:\/\/www.facebook.com\/ElCotarro.Tenerife\"]},{\"@type\":\"Person\",\"@id\":\"https:\/\/elcotarro.com\/#\/schema\/person\/af537ee7d60d15984c7e0affcd8a918b\",\"name\":\"Jos\u00e9 Carlos Marrero Gonz\u00e1lez\",\"image\":{\"@type\":\"ImageObject\",\"inLanguage\":\"es\",\"@id\":\"https:\/\/elcotarro.com\/#\/schema\/person\/image\/\",\"url\":\"https:\/\/secure.gravatar.com\/avatar\/def4da036efb5d32c74d49c351f6dccc064dd69ad9f3aadc295c5a9a5391ca01?s=96&d=mm&r=g\",\"contentUrl\":\"https:\/\/secure.gravatar.com\/avatar\/def4da036efb5d32c74d49c351f6dccc064dd69ad9f3aadc295c5a9a5391ca01?s=96&d=mm&r=g\",\"caption\":\"Jos\u00e9 Carlos Marrero Gonz\u00e1lez\"},\"sameAs\":[\"https:\/\/elcotarro.com\"],\"url\":\"https:\/\/elcotarro.com\/?author=2\"}]}<\/script>\n<!-- \/ Yoast SEO plugin. -->","yoast_head_json":{"title":"HOY ES DOMINGO DE CARNAVAL - El Cotarro","robots":{"index":"index","follow":"follow","max-snippet":"max-snippet:-1","max-image-preview":"max-image-preview:large","max-video-preview":"max-video-preview:-1"},"canonical":"https:\/\/elcotarro.com\/?p=2313","og_locale":"es_ES","og_type":"article","og_title":"HOY ES DOMINGO DE CARNAVAL - El Cotarro","og_description":"Seguramente que este Domingo de Carnaval una tercera parte del personal estar\u00e1 \u00abfuera de cobertura\u00bb por culpa de la carnavalera resaca del s\u00e1bado carnavalero. Otra tercera parte, m\u00e1s joven o m\u00e1s \u00abpreparada\u00bb, estar\u00e1 disfrutando del multitudinario Carnaval de D\u00eda en la emblem\u00e1tica Plaza del Pr\u00edncipe o en el entorno de la Plaza de la Candelaria. ... Read more","og_url":"https:\/\/elcotarro.com\/?p=2313","og_site_name":"El Cotarro","article_publisher":"https:\/\/www.facebook.com\/ElCotarro.Tenerife","article_published_time":"2016-02-07T11:05:53+00:00","og_image":[{"url":"https:\/\/elcotarro.com\/wp-content\/uploads\/2016\/02\/FOTO-1.-Celia-Cruz.jpg","type":"","width":"","height":""}],"author":"Jos\u00e9 Carlos Marrero Gonz\u00e1lez","twitter_misc":{"Escrito por":"Jos\u00e9 Carlos Marrero Gonz\u00e1lez","Tiempo de lectura":"1 minuto"},"schema":{"@context":"https:\/\/schema.org","@graph":[{"@type":"Article","@id":"https:\/\/elcotarro.com\/?p=2313#article","isPartOf":{"@id":"https:\/\/elcotarro.com\/?p=2313"},"author":{"name":"Jos\u00e9 Carlos Marrero Gonz\u00e1lez","@id":"https:\/\/elcotarro.com\/#\/schema\/person\/af537ee7d60d15984c7e0affcd8a918b"},"headline":"HOY ES DOMINGO DE CARNAVAL","datePublished":"2016-02-07T11:05:53+00:00","mainEntityOfPage":{"@id":"https:\/\/elcotarro.com\/?p=2313"},"wordCount":181,"commentCount":0,"publisher":{"@id":"https:\/\/elcotarro.com\/#organization"},"image":{"@id":"https:\/\/elcotarro.com\/?p=2313#primaryimage"},"thumbnailUrl":"https:\/\/elcotarro.com\/wp-content\/uploads\/2016\/02\/FOTO-1.-Celia-Cruz.jpg","articleSection":["Carnaval"],"inLanguage":"es","potentialAction":[{"@type":"CommentAction","name":"Comment","target":["https:\/\/elcotarro.com\/?p=2313#respond"]}]},{"@type":"WebPage","@id":"https:\/\/elcotarro.com\/?p=2313","url":"https:\/\/elcotarro.com\/?p=2313","name":"HOY ES DOMINGO DE CARNAVAL - El Cotarro","isPartOf":{"@id":"https:\/\/elcotarro.com\/#website"},"primaryImageOfPage":{"@id":"https:\/\/elcotarro.com\/?p=2313#primaryimage"},"image":{"@id":"https:\/\/elcotarro.com\/?p=2313#primaryimage"},"thumbnailUrl":"https:\/\/elcotarro.com\/wp-content\/uploads\/2016\/02\/FOTO-1.-Celia-Cruz.jpg","datePublished":"2016-02-07T11:05:53+00:00","breadcrumb":{"@id":"https:\/\/elcotarro.com\/?p=2313#breadcrumb"},"inLanguage":"es","potentialAction":[{"@type":"ReadAction","target":["https:\/\/elcotarro.com\/?p=2313"]}]},{"@type":"ImageObject","inLanguage":"es","@id":"https:\/\/elcotarro.com\/?p=2313#primaryimage","url":"https:\/\/elcotarro.com\/wp-content\/uploads\/2016\/02\/FOTO-1.-Celia-Cruz.jpg","contentUrl":"https:\/\/elcotarro.com\/wp-content\/uploads\/2016\/02\/FOTO-1.-Celia-Cruz.jpg","width":274,"height":380},{"@type":"BreadcrumbList","@id":"https:\/\/elcotarro.com\/?p=2313#breadcrumb","itemListElement":[{"@type":"ListItem","position":1,"name":"Portada","item":"https:\/\/elcotarro.com\/"},{"@type":"ListItem","position":2,"name":"HOY ES DOMINGO DE CARNAVAL"}]},{"@type":"WebSite","@id":"https:\/\/elcotarro.com\/#website","url":"https:\/\/elcotarro.com\/","name":"El Cotarro","description":"Peri\u00f3dico Digital Independiente dirigido por Jos\u00e9 Carlos Marrero","publisher":{"@id":"https:\/\/elcotarro.com\/#organization"},"potentialAction":[{"@type":"SearchAction","target":{"@type":"EntryPoint","urlTemplate":"https:\/\/elcotarro.com\/?s={search_term_string}"},"query-input":{"@type":"PropertyValueSpecification","valueRequired":true,"valueName":"search_term_string"}}],"inLanguage":"es"},{"@type":"Organization","@id":"https:\/\/elcotarro.com\/#organization","name":"El Cotarro","url":"https:\/\/elcotarro.com\/","logo":{"@type":"ImageObject","inLanguage":"es","@id":"https:\/\/elcotarro.com\/#\/schema\/logo\/image\/","url":"https:\/\/elcotarro.com\/wp-content\/uploads\/2014\/09\/Cabecera_El_Cotarro_v2.jpg","contentUrl":"https:\/\/elcotarro.com\/wp-content\/uploads\/2014\/09\/Cabecera_El_Cotarro_v2.jpg","width":3540,"height":441,"caption":"El Cotarro"},"image":{"@id":"https:\/\/elcotarro.com\/#\/schema\/logo\/image\/"},"sameAs":["https:\/\/www.facebook.com\/ElCotarro.Tenerife"]},{"@type":"Person","@id":"https:\/\/elcotarro.com\/#\/schema\/person\/af537ee7d60d15984c7e0affcd8a918b","name":"Jos\u00e9 Carlos Marrero Gonz\u00e1lez","image":{"@type":"ImageObject","inLanguage":"es","@id":"https:\/\/elcotarro.com\/#\/schema\/person\/image\/","url":"https:\/\/secure.gravatar.com\/avatar\/def4da036efb5d32c74d49c351f6dccc064dd69ad9f3aadc295c5a9a5391ca01?s=96&d=mm&r=g","contentUrl":"https:\/\/secure.gravatar.com\/avatar\/def4da036efb5d32c74d49c351f6dccc064dd69ad9f3aadc295c5a9a5391ca01?s=96&d=mm&r=g","caption":"Jos\u00e9 Carlos Marrero Gonz\u00e1lez"},"sameAs":["https:\/\/elcotarro.com"],"url":"https:\/\/elcotarro.com\/?author=2"}]}},"jetpack_featured_media_url":"","jetpack_sharing_enabled":true,"_links":{"self":[{"href":"https:\/\/elcotarro.com\/index.php?rest_route=\/wp\/v2\/posts\/2313","targetHints":{"allow":["GET"]}}],"collection":[{"href":"https:\/\/elcotarro.com\/index.php?rest_route=\/wp\/v2\/posts"}],"about":[{"href":"https:\/\/elcotarro.com\/index.php?rest_route=\/wp\/v2\/types\/post"}],"author":[{"embeddable":true,"href":"https:\/\/elcotarro.com\/index.php?rest_route=\/wp\/v2\/users\/2"}],"replies":[{"embeddable":true,"href":"https:\/\/elcotarro.com\/index.php?rest_route=%2Fwp%2Fv2%2Fcomments&post=2313"}],"version-history":[{"count":1,"href":"https:\/\/elcotarro.com\/index.php?rest_route=\/wp\/v2\/posts\/2313\/revisions"}],"predecessor-version":[{"id":2315,"href":"https:\/\/elcotarro.com\/index.php?rest_route=\/wp\/v2\/posts\/2313\/revisions\/2315"}],"wp:attachment":[{"href":"https:\/\/elcotarro.com\/index.php?rest_route=%2Fwp%2Fv2%2Fmedia&parent=2313"}],"wp:term":[{"taxonomy":"category","embeddable":true,"href":"https:\/\/elcotarro.com\/index.php?rest_route=%2Fwp%2Fv2%2Fcategories&post=2313"},{"taxonomy":"post_tag","embeddable":true,"href":"https:\/\/elcotarro.com\/index.php?rest_route=%2Fwp%2Fv2%2Ftags&post=2313"}],"curies":[{"name":"wp","href":"https:\/\/api.w.org\/{rel}","templated":true}]}}