{"id":2316,"date":"2016-02-07T11:04:27","date_gmt":"2016-02-07T11:04:27","guid":{"rendered":"https:\/\/elcotarro.com\/?p=2316"},"modified":"2016-02-07T10:35:28","modified_gmt":"2016-02-07T10:35:28","slug":"la-siesta-del-guerrero","status":"publish","type":"post","link":"https:\/\/elcotarro.com\/?p=2316","title":{"rendered":"LA SIESTA DEL GUERRERO"},"content":{"rendered":"<p>Las penas se van cantando o se olvidan durmiendo&#8230; Me parece una pu\u00f1eta cebarse con el \u00ednclito <strong>Alberto Rodr\u00edguez Rodr\u00edguez<\/strong>, nuestro flamante diputado de Podemos por la provincia de Santa Cruz de Tenerife en el Congreso de los Diputados. Al pobre <strong>Alberto<\/strong> lo est\u00e1n crucificando con co\u00f1as marineras y chistes de todo tipo en internet y por whatsaapp, cuando el hombre lo \u00fanico que ha hecho es presentarse, ser votado y salir elegido. <strong>Alberto Rodr\u00edguez <\/strong>debe estar hasta los mism\u00edsimos timbales de aguantar carretas y carretones (y dos piedras) por lo que no me extra\u00f1a que, cuando coge un avi\u00f3n entre Madrid y Tenerife, se quede la criatura \u201cfrita\u201d durmiendo el \u201cdescanso del guerrero\u201d. La pen\u00faltima foto de <strong>Alberto<\/strong> que circula por la red es esta que les reproduzco, sacada en medio de una a\u00e9rea siestita durante el viaje en avi\u00f3n . Felicito a <strong>Alberto<\/strong> por la deportiva capacidad que tiene para \u201cencajar\u201d las co\u00f1as marineras y le animo a seguir con ese talante.<\/p>\n<p style=\"text-align: center\"><a href=\"https:\/\/elcotarro.com\/wp-content\/uploads\/2016\/02\/FOTO-2.-Alberto-Rodriguez-Rodriguez.jpg\"><img loading=\"lazy\" decoding=\"async\" class=\"alignnone size-full wp-image-2317\" src=\"https:\/\/elcotarro.com\/wp-content\/uploads\/2016\/02\/FOTO-2.-Alberto-Rodriguez-Rodriguez.jpg\" alt=\"FOTO-2.--Alberto-Rodriguez-Rodriguez\" width=\"650\" height=\"867\" srcset=\"https:\/\/elcotarro.com\/wp-content\/uploads\/2016\/02\/FOTO-2.-Alberto-Rodriguez-Rodriguez.jpg 650w, https:\/\/elcotarro.com\/wp-content\/uploads\/2016\/02\/FOTO-2.-Alberto-Rodriguez-Rodriguez-225x300.jpg 225w\" sizes=\"auto, (max-width: 650px) 100vw, 650px\" \/><\/a><\/p>\n<p style=\"text-align: center\"><em>Alberto Rodr\u00edguez en un vuelo entre Madrid y Tenerife, en el \u201cdescanso del guerrero\u201d<\/em><\/p>\n","protected":false},"excerpt":{"rendered":"<p>Las penas se van cantando o se olvidan durmiendo&#8230; Me parece una pu\u00f1eta cebarse con el \u00ednclito Alberto Rodr\u00edguez Rodr\u00edguez, nuestro flamante diputado de Podemos por la provincia de Santa Cruz de Tenerife en el Congreso de los Diputados. Al pobre Alberto lo est\u00e1n crucificando con co\u00f1as marineras y chistes de todo tipo en internet &#8230; <a class=\"read-more\" href=\"https:\/\/elcotarro.com\/?p=2316\">Read more<\/a><\/p>\n","protected":false},"author":2,"featured_media":0,"comment_status":"open","ping_status":"open","sticky":false,"template":"","format":"standard","meta":{"_jetpack_memberships_contains_paid_content":false,"footnotes":""},"categories":[7],"tags":[],"class_list":["post-2316","post","type-post","status-publish","format-standard","hentry","category-politica"],"yoast_head":"<!-- This site is optimized with the Yoast SEO plugin v27.0 - https:\/\/yoast.com\/product\/yoast-seo-wordpress\/ -->\n<title>LA SIESTA DEL GUERRERO - El Cotarro<\/title>\n<meta name=\"robots\" content=\"index, follow, max-snippet:-1, max-image-preview:large, max-video-preview:-1\" \/>\n<link rel=\"canonical\" href=\"https:\/\/elcotarro.com\/?p=2316\" \/>\n<meta property=\"og:locale\" content=\"es_ES\" \/>\n<meta property=\"og:type\" content=\"article\" \/>\n<meta property=\"og:title\" content=\"LA SIESTA DEL GUERRERO - El Cotarro\" \/>\n<meta property=\"og:description\" content=\"Las penas se van cantando o se olvidan durmiendo&#8230; Me parece una pu\u00f1eta cebarse con el \u00ednclito Alberto Rodr\u00edguez Rodr\u00edguez, nuestro flamante diputado de Podemos por la provincia de Santa Cruz de Tenerife en el Congreso de los Diputados. Al pobre Alberto lo est\u00e1n crucificando con co\u00f1as marineras y chistes de todo tipo en internet ... Read more\" \/>\n<meta property=\"og:url\" content=\"https:\/\/elcotarro.com\/?p=2316\" \/>\n<meta property=\"og:site_name\" content=\"El Cotarro\" \/>\n<meta property=\"article:publisher\" content=\"https:\/\/www.facebook.com\/ElCotarro.Tenerife\" \/>\n<meta property=\"article:published_time\" content=\"2016-02-07T11:04:27+00:00\" \/>\n<meta property=\"og:image\" content=\"https:\/\/elcotarro.com\/wp-content\/uploads\/2016\/02\/FOTO-2.-Alberto-Rodriguez-Rodriguez.jpg\" \/>\n<meta name=\"author\" content=\"Jos\u00e9 Carlos Marrero Gonz\u00e1lez\" \/>\n<meta name=\"twitter:label1\" content=\"Escrito por\" \/>\n\t<meta name=\"twitter:data1\" content=\"Jos\u00e9 Carlos Marrero Gonz\u00e1lez\" \/>\n\t<meta name=\"twitter:label2\" content=\"Tiempo de lectura\" \/>\n\t<meta name=\"twitter:data2\" content=\"1 minuto\" \/>\n<script type=\"application\/ld+json\" class=\"yoast-schema-graph\">{\"@context\":\"https:\/\/schema.org\",\"@graph\":[{\"@type\":\"Article\",\"@id\":\"https:\/\/elcotarro.com\/?p=2316#article\",\"isPartOf\":{\"@id\":\"https:\/\/elcotarro.com\/?p=2316\"},\"author\":{\"name\":\"Jos\u00e9 Carlos Marrero Gonz\u00e1lez\",\"@id\":\"https:\/\/elcotarro.com\/#\/schema\/person\/af537ee7d60d15984c7e0affcd8a918b\"},\"headline\":\"LA SIESTA DEL GUERRERO\",\"datePublished\":\"2016-02-07T11:04:27+00:00\",\"mainEntityOfPage\":{\"@id\":\"https:\/\/elcotarro.com\/?p=2316\"},\"wordCount\":195,\"commentCount\":1,\"publisher\":{\"@id\":\"https:\/\/elcotarro.com\/#organization\"},\"image\":{\"@id\":\"https:\/\/elcotarro.com\/?p=2316#primaryimage\"},\"thumbnailUrl\":\"https:\/\/elcotarro.com\/wp-content\/uploads\/2016\/02\/FOTO-2.-Alberto-Rodriguez-Rodriguez.jpg\",\"articleSection\":[\"Pol\u00edtica\"],\"inLanguage\":\"es\",\"potentialAction\":[{\"@type\":\"CommentAction\",\"name\":\"Comment\",\"target\":[\"https:\/\/elcotarro.com\/?p=2316#respond\"]}]},{\"@type\":\"WebPage\",\"@id\":\"https:\/\/elcotarro.com\/?p=2316\",\"url\":\"https:\/\/elcotarro.com\/?p=2316\",\"name\":\"LA SIESTA DEL GUERRERO - El Cotarro\",\"isPartOf\":{\"@id\":\"https:\/\/elcotarro.com\/#website\"},\"primaryImageOfPage\":{\"@id\":\"https:\/\/elcotarro.com\/?p=2316#primaryimage\"},\"image\":{\"@id\":\"https:\/\/elcotarro.com\/?p=2316#primaryimage\"},\"thumbnailUrl\":\"https:\/\/elcotarro.com\/wp-content\/uploads\/2016\/02\/FOTO-2.-Alberto-Rodriguez-Rodriguez.jpg\",\"datePublished\":\"2016-02-07T11:04:27+00:00\",\"breadcrumb\":{\"@id\":\"https:\/\/elcotarro.com\/?p=2316#breadcrumb\"},\"inLanguage\":\"es\",\"potentialAction\":[{\"@type\":\"ReadAction\",\"target\":[\"https:\/\/elcotarro.com\/?p=2316\"]}]},{\"@type\":\"ImageObject\",\"inLanguage\":\"es\",\"@id\":\"https:\/\/elcotarro.com\/?p=2316#primaryimage\",\"url\":\"https:\/\/elcotarro.com\/wp-content\/uploads\/2016\/02\/FOTO-2.-Alberto-Rodriguez-Rodriguez.jpg\",\"contentUrl\":\"https:\/\/elcotarro.com\/wp-content\/uploads\/2016\/02\/FOTO-2.-Alberto-Rodriguez-Rodriguez.jpg\",\"width\":650,\"height\":867},{\"@type\":\"BreadcrumbList\",\"@id\":\"https:\/\/elcotarro.com\/?p=2316#breadcrumb\",\"itemListElement\":[{\"@type\":\"ListItem\",\"position\":1,\"name\":\"Portada\",\"item\":\"https:\/\/elcotarro.com\/\"},{\"@type\":\"ListItem\",\"position\":2,\"name\":\"LA SIESTA DEL GUERRERO\"}]},{\"@type\":\"WebSite\",\"@id\":\"https:\/\/elcotarro.com\/#website\",\"url\":\"https:\/\/elcotarro.com\/\",\"name\":\"El Cotarro\",\"description\":\"Peri\u00f3dico Digital Independiente dirigido por Jos\u00e9 Carlos Marrero\",\"publisher\":{\"@id\":\"https:\/\/elcotarro.com\/#organization\"},\"potentialAction\":[{\"@type\":\"SearchAction\",\"target\":{\"@type\":\"EntryPoint\",\"urlTemplate\":\"https:\/\/elcotarro.com\/?s={search_term_string}\"},\"query-input\":{\"@type\":\"PropertyValueSpecification\",\"valueRequired\":true,\"valueName\":\"search_term_string\"}}],\"inLanguage\":\"es\"},{\"@type\":\"Organization\",\"@id\":\"https:\/\/elcotarro.com\/#organization\",\"name\":\"El Cotarro\",\"url\":\"https:\/\/elcotarro.com\/\",\"logo\":{\"@type\":\"ImageObject\",\"inLanguage\":\"es\",\"@id\":\"https:\/\/elcotarro.com\/#\/schema\/logo\/image\/\",\"url\":\"https:\/\/elcotarro.com\/wp-content\/uploads\/2014\/09\/Cabecera_El_Cotarro_v2.jpg\",\"contentUrl\":\"https:\/\/elcotarro.com\/wp-content\/uploads\/2014\/09\/Cabecera_El_Cotarro_v2.jpg\",\"width\":3540,\"height\":441,\"caption\":\"El Cotarro\"},\"image\":{\"@id\":\"https:\/\/elcotarro.com\/#\/schema\/logo\/image\/\"},\"sameAs\":[\"https:\/\/www.facebook.com\/ElCotarro.Tenerife\"]},{\"@type\":\"Person\",\"@id\":\"https:\/\/elcotarro.com\/#\/schema\/person\/af537ee7d60d15984c7e0affcd8a918b\",\"name\":\"Jos\u00e9 Carlos Marrero Gonz\u00e1lez\",\"image\":{\"@type\":\"ImageObject\",\"inLanguage\":\"es\",\"@id\":\"https:\/\/elcotarro.com\/#\/schema\/person\/image\/\",\"url\":\"https:\/\/secure.gravatar.com\/avatar\/def4da036efb5d32c74d49c351f6dccc064dd69ad9f3aadc295c5a9a5391ca01?s=96&d=mm&r=g\",\"contentUrl\":\"https:\/\/secure.gravatar.com\/avatar\/def4da036efb5d32c74d49c351f6dccc064dd69ad9f3aadc295c5a9a5391ca01?s=96&d=mm&r=g\",\"caption\":\"Jos\u00e9 Carlos Marrero Gonz\u00e1lez\"},\"sameAs\":[\"https:\/\/elcotarro.com\"],\"url\":\"https:\/\/elcotarro.com\/?author=2\"}]}<\/script>\n<!-- \/ Yoast SEO plugin. -->","yoast_head_json":{"title":"LA SIESTA DEL GUERRERO - El Cotarro","robots":{"index":"index","follow":"follow","max-snippet":"max-snippet:-1","max-image-preview":"max-image-preview:large","max-video-preview":"max-video-preview:-1"},"canonical":"https:\/\/elcotarro.com\/?p=2316","og_locale":"es_ES","og_type":"article","og_title":"LA SIESTA DEL GUERRERO - El Cotarro","og_description":"Las penas se van cantando o se olvidan durmiendo&#8230; Me parece una pu\u00f1eta cebarse con el \u00ednclito Alberto Rodr\u00edguez Rodr\u00edguez, nuestro flamante diputado de Podemos por la provincia de Santa Cruz de Tenerife en el Congreso de los Diputados. Al pobre Alberto lo est\u00e1n crucificando con co\u00f1as marineras y chistes de todo tipo en internet ... Read more","og_url":"https:\/\/elcotarro.com\/?p=2316","og_site_name":"El Cotarro","article_publisher":"https:\/\/www.facebook.com\/ElCotarro.Tenerife","article_published_time":"2016-02-07T11:04:27+00:00","og_image":[{"url":"https:\/\/elcotarro.com\/wp-content\/uploads\/2016\/02\/FOTO-2.-Alberto-Rodriguez-Rodriguez.jpg","type":"","width":"","height":""}],"author":"Jos\u00e9 Carlos Marrero Gonz\u00e1lez","twitter_misc":{"Escrito por":"Jos\u00e9 Carlos Marrero Gonz\u00e1lez","Tiempo de lectura":"1 minuto"},"schema":{"@context":"https:\/\/schema.org","@graph":[{"@type":"Article","@id":"https:\/\/elcotarro.com\/?p=2316#article","isPartOf":{"@id":"https:\/\/elcotarro.com\/?p=2316"},"author":{"name":"Jos\u00e9 Carlos Marrero Gonz\u00e1lez","@id":"https:\/\/elcotarro.com\/#\/schema\/person\/af537ee7d60d15984c7e0affcd8a918b"},"headline":"LA SIESTA DEL GUERRERO","datePublished":"2016-02-07T11:04:27+00:00","mainEntityOfPage":{"@id":"https:\/\/elcotarro.com\/?p=2316"},"wordCount":195,"commentCount":1,"publisher":{"@id":"https:\/\/elcotarro.com\/#organization"},"image":{"@id":"https:\/\/elcotarro.com\/?p=2316#primaryimage"},"thumbnailUrl":"https:\/\/elcotarro.com\/wp-content\/uploads\/2016\/02\/FOTO-2.-Alberto-Rodriguez-Rodriguez.jpg","articleSection":["Pol\u00edtica"],"inLanguage":"es","potentialAction":[{"@type":"CommentAction","name":"Comment","target":["https:\/\/elcotarro.com\/?p=2316#respond"]}]},{"@type":"WebPage","@id":"https:\/\/elcotarro.com\/?p=2316","url":"https:\/\/elcotarro.com\/?p=2316","name":"LA SIESTA DEL GUERRERO - El Cotarro","isPartOf":{"@id":"https:\/\/elcotarro.com\/#website"},"primaryImageOfPage":{"@id":"https:\/\/elcotarro.com\/?p=2316#primaryimage"},"image":{"@id":"https:\/\/elcotarro.com\/?p=2316#primaryimage"},"thumbnailUrl":"https:\/\/elcotarro.com\/wp-content\/uploads\/2016\/02\/FOTO-2.-Alberto-Rodriguez-Rodriguez.jpg","datePublished":"2016-02-07T11:04:27+00:00","breadcrumb":{"@id":"https:\/\/elcotarro.com\/?p=2316#breadcrumb"},"inLanguage":"es","potentialAction":[{"@type":"ReadAction","target":["https:\/\/elcotarro.com\/?p=2316"]}]},{"@type":"ImageObject","inLanguage":"es","@id":"https:\/\/elcotarro.com\/?p=2316#primaryimage","url":"https:\/\/elcotarro.com\/wp-content\/uploads\/2016\/02\/FOTO-2.-Alberto-Rodriguez-Rodriguez.jpg","contentUrl":"https:\/\/elcotarro.com\/wp-content\/uploads\/2016\/02\/FOTO-2.-Alberto-Rodriguez-Rodriguez.jpg","width":650,"height":867},{"@type":"BreadcrumbList","@id":"https:\/\/elcotarro.com\/?p=2316#breadcrumb","itemListElement":[{"@type":"ListItem","position":1,"name":"Portada","item":"https:\/\/elcotarro.com\/"},{"@type":"ListItem","position":2,"name":"LA SIESTA DEL GUERRERO"}]},{"@type":"WebSite","@id":"https:\/\/elcotarro.com\/#website","url":"https:\/\/elcotarro.com\/","name":"El Cotarro","description":"Peri\u00f3dico Digital Independiente dirigido por Jos\u00e9 Carlos Marrero","publisher":{"@id":"https:\/\/elcotarro.com\/#organization"},"potentialAction":[{"@type":"SearchAction","target":{"@type":"EntryPoint","urlTemplate":"https:\/\/elcotarro.com\/?s={search_term_string}"},"query-input":{"@type":"PropertyValueSpecification","valueRequired":true,"valueName":"search_term_string"}}],"inLanguage":"es"},{"@type":"Organization","@id":"https:\/\/elcotarro.com\/#organization","name":"El Cotarro","url":"https:\/\/elcotarro.com\/","logo":{"@type":"ImageObject","inLanguage":"es","@id":"https:\/\/elcotarro.com\/#\/schema\/logo\/image\/","url":"https:\/\/elcotarro.com\/wp-content\/uploads\/2014\/09\/Cabecera_El_Cotarro_v2.jpg","contentUrl":"https:\/\/elcotarro.com\/wp-content\/uploads\/2014\/09\/Cabecera_El_Cotarro_v2.jpg","width":3540,"height":441,"caption":"El Cotarro"},"image":{"@id":"https:\/\/elcotarro.com\/#\/schema\/logo\/image\/"},"sameAs":["https:\/\/www.facebook.com\/ElCotarro.Tenerife"]},{"@type":"Person","@id":"https:\/\/elcotarro.com\/#\/schema\/person\/af537ee7d60d15984c7e0affcd8a918b","name":"Jos\u00e9 Carlos Marrero Gonz\u00e1lez","image":{"@type":"ImageObject","inLanguage":"es","@id":"https:\/\/elcotarro.com\/#\/schema\/person\/image\/","url":"https:\/\/secure.gravatar.com\/avatar\/def4da036efb5d32c74d49c351f6dccc064dd69ad9f3aadc295c5a9a5391ca01?s=96&d=mm&r=g","contentUrl":"https:\/\/secure.gravatar.com\/avatar\/def4da036efb5d32c74d49c351f6dccc064dd69ad9f3aadc295c5a9a5391ca01?s=96&d=mm&r=g","caption":"Jos\u00e9 Carlos Marrero Gonz\u00e1lez"},"sameAs":["https:\/\/elcotarro.com"],"url":"https:\/\/elcotarro.com\/?author=2"}]}},"jetpack_featured_media_url":"","jetpack_sharing_enabled":true,"_links":{"self":[{"href":"https:\/\/elcotarro.com\/index.php?rest_route=\/wp\/v2\/posts\/2316","targetHints":{"allow":["GET"]}}],"collection":[{"href":"https:\/\/elcotarro.com\/index.php?rest_route=\/wp\/v2\/posts"}],"about":[{"href":"https:\/\/elcotarro.com\/index.php?rest_route=\/wp\/v2\/types\/post"}],"author":[{"embeddable":true,"href":"https:\/\/elcotarro.com\/index.php?rest_route=\/wp\/v2\/users\/2"}],"replies":[{"embeddable":true,"href":"https:\/\/elcotarro.com\/index.php?rest_route=%2Fwp%2Fv2%2Fcomments&post=2316"}],"version-history":[{"count":1,"href":"https:\/\/elcotarro.com\/index.php?rest_route=\/wp\/v2\/posts\/2316\/revisions"}],"predecessor-version":[{"id":2318,"href":"https:\/\/elcotarro.com\/index.php?rest_route=\/wp\/v2\/posts\/2316\/revisions\/2318"}],"wp:attachment":[{"href":"https:\/\/elcotarro.com\/index.php?rest_route=%2Fwp%2Fv2%2Fmedia&parent=2316"}],"wp:term":[{"taxonomy":"category","embeddable":true,"href":"https:\/\/elcotarro.com\/index.php?rest_route=%2Fwp%2Fv2%2Fcategories&post=2316"},{"taxonomy":"post_tag","embeddable":true,"href":"https:\/\/elcotarro.com\/index.php?rest_route=%2Fwp%2Fv2%2Ftags&post=2316"}],"curies":[{"name":"wp","href":"https:\/\/api.w.org\/{rel}","templated":true}]}}