{"id":2319,"date":"2016-02-07T11:03:32","date_gmt":"2016-02-07T11:03:32","guid":{"rendered":"https:\/\/elcotarro.com\/?p=2319"},"modified":"2016-02-07T10:37:02","modified_gmt":"2016-02-07T10:37:02","slug":"desarrollo-y-lealtad","status":"publish","type":"post","link":"https:\/\/elcotarro.com\/?p=2319","title":{"rendered":"DESARROLLO Y LEALTAD"},"content":{"rendered":"<p>Tengo al actual responsable de la Sociedad de Desarrollo de Santa Cruz de Tenerife, el concejal y teniente de alcalde <strong>Alfonso Cabello Mesa<\/strong> (CC), por un profesional inteligente y preparado, forjado en la empresa privada y con capacidad de resolver los problemas sin necesidad de \u00abtocar los timbales\u00bb a terceras personas y mucho menos a sus antecesores en el puesto. Entiendo, por otro lado, que la lealtad entre partidos, sobre todo cuando se est\u00e1 gobernando en coalici\u00f3n (como es el caso de CC y PSOE en el Cabildo de Tenerife o en el ayuntamiento de La Laguna) pasa por un respeto mutuo y dejarse de descalificaciones p\u00fablicas. Sin embargo, el \u00ednclito <strong>Florentino Guzm\u00e1n<\/strong> (PSOE), antes concejal santacrucero y mandam\u00e1s de la Sociedad de Desarrollo y hoy consejero del Cabildo con mando sobre los bomberos, parece est\u00e1 encendiendo fuegos en vez de dedicarse a ir apag\u00e1ndolos.<\/p>\n<p style=\"text-align: center\"><a href=\"https:\/\/elcotarro.com\/wp-content\/uploads\/2016\/02\/FOTO-3.-Alfonso-Cabello.jpg\"><img loading=\"lazy\" decoding=\"async\" class=\"alignnone size-full wp-image-2320\" src=\"https:\/\/elcotarro.com\/wp-content\/uploads\/2016\/02\/FOTO-3.-Alfonso-Cabello.jpg\" alt=\"FOTO 3.- Alfonso Cabello\" width=\"196\" height=\"278\" \/><\/a><\/p>\n<p style=\"text-align: center\"><em>Alfonso Cabello, con el objetivo de mejorar la Sociedad de Desarrollo de Santa Cruz<\/em><\/p>\n","protected":false},"excerpt":{"rendered":"<p>Tengo al actual responsable de la Sociedad de Desarrollo de Santa Cruz de Tenerife, el concejal y teniente de alcalde Alfonso Cabello Mesa (CC), por un profesional inteligente y preparado, forjado en la empresa privada y con capacidad de resolver los problemas sin necesidad de \u00abtocar los timbales\u00bb a terceras personas y mucho menos a &#8230; <a class=\"read-more\" href=\"https:\/\/elcotarro.com\/?p=2319\">Read more<\/a><\/p>\n","protected":false},"author":2,"featured_media":0,"comment_status":"open","ping_status":"open","sticky":false,"template":"","format":"standard","meta":{"_jetpack_memberships_contains_paid_content":false,"footnotes":""},"categories":[7],"tags":[],"class_list":["post-2319","post","type-post","status-publish","format-standard","hentry","category-politica"],"yoast_head":"<!-- This site is optimized with the Yoast SEO plugin v27.0 - https:\/\/yoast.com\/product\/yoast-seo-wordpress\/ -->\n<title>DESARROLLO Y LEALTAD - El Cotarro<\/title>\n<meta name=\"robots\" content=\"index, follow, max-snippet:-1, max-image-preview:large, max-video-preview:-1\" \/>\n<link rel=\"canonical\" href=\"https:\/\/elcotarro.com\/?p=2319\" \/>\n<meta property=\"og:locale\" content=\"es_ES\" \/>\n<meta property=\"og:type\" content=\"article\" \/>\n<meta property=\"og:title\" content=\"DESARROLLO Y LEALTAD - El Cotarro\" \/>\n<meta property=\"og:description\" content=\"Tengo al actual responsable de la Sociedad de Desarrollo de Santa Cruz de Tenerife, el concejal y teniente de alcalde Alfonso Cabello Mesa (CC), por un profesional inteligente y preparado, forjado en la empresa privada y con capacidad de resolver los problemas sin necesidad de \u00abtocar los timbales\u00bb a terceras personas y mucho menos a ... Read more\" \/>\n<meta property=\"og:url\" content=\"https:\/\/elcotarro.com\/?p=2319\" \/>\n<meta property=\"og:site_name\" content=\"El Cotarro\" \/>\n<meta property=\"article:publisher\" content=\"https:\/\/www.facebook.com\/ElCotarro.Tenerife\" \/>\n<meta property=\"article:published_time\" content=\"2016-02-07T11:03:32+00:00\" \/>\n<meta property=\"og:image\" content=\"https:\/\/elcotarro.com\/wp-content\/uploads\/2016\/02\/FOTO-3.-Alfonso-Cabello.jpg\" \/>\n<meta name=\"author\" content=\"Jos\u00e9 Carlos Marrero Gonz\u00e1lez\" \/>\n<meta name=\"twitter:label1\" content=\"Escrito por\" \/>\n\t<meta name=\"twitter:data1\" content=\"Jos\u00e9 Carlos Marrero Gonz\u00e1lez\" \/>\n\t<meta name=\"twitter:label2\" content=\"Tiempo de lectura\" \/>\n\t<meta name=\"twitter:data2\" content=\"1 minuto\" \/>\n<script type=\"application\/ld+json\" class=\"yoast-schema-graph\">{\"@context\":\"https:\/\/schema.org\",\"@graph\":[{\"@type\":\"Article\",\"@id\":\"https:\/\/elcotarro.com\/?p=2319#article\",\"isPartOf\":{\"@id\":\"https:\/\/elcotarro.com\/?p=2319\"},\"author\":{\"name\":\"Jos\u00e9 Carlos Marrero Gonz\u00e1lez\",\"@id\":\"https:\/\/elcotarro.com\/#\/schema\/person\/af537ee7d60d15984c7e0affcd8a918b\"},\"headline\":\"DESARROLLO Y LEALTAD\",\"datePublished\":\"2016-02-07T11:03:32+00:00\",\"mainEntityOfPage\":{\"@id\":\"https:\/\/elcotarro.com\/?p=2319\"},\"wordCount\":167,\"commentCount\":0,\"publisher\":{\"@id\":\"https:\/\/elcotarro.com\/#organization\"},\"image\":{\"@id\":\"https:\/\/elcotarro.com\/?p=2319#primaryimage\"},\"thumbnailUrl\":\"https:\/\/elcotarro.com\/wp-content\/uploads\/2016\/02\/FOTO-3.-Alfonso-Cabello.jpg\",\"articleSection\":[\"Pol\u00edtica\"],\"inLanguage\":\"es\",\"potentialAction\":[{\"@type\":\"CommentAction\",\"name\":\"Comment\",\"target\":[\"https:\/\/elcotarro.com\/?p=2319#respond\"]}]},{\"@type\":\"WebPage\",\"@id\":\"https:\/\/elcotarro.com\/?p=2319\",\"url\":\"https:\/\/elcotarro.com\/?p=2319\",\"name\":\"DESARROLLO Y LEALTAD - El Cotarro\",\"isPartOf\":{\"@id\":\"https:\/\/elcotarro.com\/#website\"},\"primaryImageOfPage\":{\"@id\":\"https:\/\/elcotarro.com\/?p=2319#primaryimage\"},\"image\":{\"@id\":\"https:\/\/elcotarro.com\/?p=2319#primaryimage\"},\"thumbnailUrl\":\"https:\/\/elcotarro.com\/wp-content\/uploads\/2016\/02\/FOTO-3.-Alfonso-Cabello.jpg\",\"datePublished\":\"2016-02-07T11:03:32+00:00\",\"breadcrumb\":{\"@id\":\"https:\/\/elcotarro.com\/?p=2319#breadcrumb\"},\"inLanguage\":\"es\",\"potentialAction\":[{\"@type\":\"ReadAction\",\"target\":[\"https:\/\/elcotarro.com\/?p=2319\"]}]},{\"@type\":\"ImageObject\",\"inLanguage\":\"es\",\"@id\":\"https:\/\/elcotarro.com\/?p=2319#primaryimage\",\"url\":\"https:\/\/elcotarro.com\/wp-content\/uploads\/2016\/02\/FOTO-3.-Alfonso-Cabello.jpg\",\"contentUrl\":\"https:\/\/elcotarro.com\/wp-content\/uploads\/2016\/02\/FOTO-3.-Alfonso-Cabello.jpg\",\"width\":196,\"height\":278},{\"@type\":\"BreadcrumbList\",\"@id\":\"https:\/\/elcotarro.com\/?p=2319#breadcrumb\",\"itemListElement\":[{\"@type\":\"ListItem\",\"position\":1,\"name\":\"Portada\",\"item\":\"https:\/\/elcotarro.com\/\"},{\"@type\":\"ListItem\",\"position\":2,\"name\":\"DESARROLLO Y LEALTAD\"}]},{\"@type\":\"WebSite\",\"@id\":\"https:\/\/elcotarro.com\/#website\",\"url\":\"https:\/\/elcotarro.com\/\",\"name\":\"El Cotarro\",\"description\":\"Peri\u00f3dico Digital Independiente dirigido por Jos\u00e9 Carlos Marrero\",\"publisher\":{\"@id\":\"https:\/\/elcotarro.com\/#organization\"},\"potentialAction\":[{\"@type\":\"SearchAction\",\"target\":{\"@type\":\"EntryPoint\",\"urlTemplate\":\"https:\/\/elcotarro.com\/?s={search_term_string}\"},\"query-input\":{\"@type\":\"PropertyValueSpecification\",\"valueRequired\":true,\"valueName\":\"search_term_string\"}}],\"inLanguage\":\"es\"},{\"@type\":\"Organization\",\"@id\":\"https:\/\/elcotarro.com\/#organization\",\"name\":\"El Cotarro\",\"url\":\"https:\/\/elcotarro.com\/\",\"logo\":{\"@type\":\"ImageObject\",\"inLanguage\":\"es\",\"@id\":\"https:\/\/elcotarro.com\/#\/schema\/logo\/image\/\",\"url\":\"https:\/\/elcotarro.com\/wp-content\/uploads\/2014\/09\/Cabecera_El_Cotarro_v2.jpg\",\"contentUrl\":\"https:\/\/elcotarro.com\/wp-content\/uploads\/2014\/09\/Cabecera_El_Cotarro_v2.jpg\",\"width\":3540,\"height\":441,\"caption\":\"El Cotarro\"},\"image\":{\"@id\":\"https:\/\/elcotarro.com\/#\/schema\/logo\/image\/\"},\"sameAs\":[\"https:\/\/www.facebook.com\/ElCotarro.Tenerife\"]},{\"@type\":\"Person\",\"@id\":\"https:\/\/elcotarro.com\/#\/schema\/person\/af537ee7d60d15984c7e0affcd8a918b\",\"name\":\"Jos\u00e9 Carlos Marrero Gonz\u00e1lez\",\"image\":{\"@type\":\"ImageObject\",\"inLanguage\":\"es\",\"@id\":\"https:\/\/elcotarro.com\/#\/schema\/person\/image\/\",\"url\":\"https:\/\/secure.gravatar.com\/avatar\/def4da036efb5d32c74d49c351f6dccc064dd69ad9f3aadc295c5a9a5391ca01?s=96&d=mm&r=g\",\"contentUrl\":\"https:\/\/secure.gravatar.com\/avatar\/def4da036efb5d32c74d49c351f6dccc064dd69ad9f3aadc295c5a9a5391ca01?s=96&d=mm&r=g\",\"caption\":\"Jos\u00e9 Carlos Marrero Gonz\u00e1lez\"},\"sameAs\":[\"https:\/\/elcotarro.com\"],\"url\":\"https:\/\/elcotarro.com\/?author=2\"}]}<\/script>\n<!-- \/ Yoast SEO plugin. -->","yoast_head_json":{"title":"DESARROLLO Y LEALTAD - El Cotarro","robots":{"index":"index","follow":"follow","max-snippet":"max-snippet:-1","max-image-preview":"max-image-preview:large","max-video-preview":"max-video-preview:-1"},"canonical":"https:\/\/elcotarro.com\/?p=2319","og_locale":"es_ES","og_type":"article","og_title":"DESARROLLO Y LEALTAD - El Cotarro","og_description":"Tengo al actual responsable de la Sociedad de Desarrollo de Santa Cruz de Tenerife, el concejal y teniente de alcalde Alfonso Cabello Mesa (CC), por un profesional inteligente y preparado, forjado en la empresa privada y con capacidad de resolver los problemas sin necesidad de \u00abtocar los timbales\u00bb a terceras personas y mucho menos a ... Read more","og_url":"https:\/\/elcotarro.com\/?p=2319","og_site_name":"El Cotarro","article_publisher":"https:\/\/www.facebook.com\/ElCotarro.Tenerife","article_published_time":"2016-02-07T11:03:32+00:00","og_image":[{"url":"https:\/\/elcotarro.com\/wp-content\/uploads\/2016\/02\/FOTO-3.-Alfonso-Cabello.jpg","type":"","width":"","height":""}],"author":"Jos\u00e9 Carlos Marrero Gonz\u00e1lez","twitter_misc":{"Escrito por":"Jos\u00e9 Carlos Marrero Gonz\u00e1lez","Tiempo de lectura":"1 minuto"},"schema":{"@context":"https:\/\/schema.org","@graph":[{"@type":"Article","@id":"https:\/\/elcotarro.com\/?p=2319#article","isPartOf":{"@id":"https:\/\/elcotarro.com\/?p=2319"},"author":{"name":"Jos\u00e9 Carlos Marrero Gonz\u00e1lez","@id":"https:\/\/elcotarro.com\/#\/schema\/person\/af537ee7d60d15984c7e0affcd8a918b"},"headline":"DESARROLLO Y LEALTAD","datePublished":"2016-02-07T11:03:32+00:00","mainEntityOfPage":{"@id":"https:\/\/elcotarro.com\/?p=2319"},"wordCount":167,"commentCount":0,"publisher":{"@id":"https:\/\/elcotarro.com\/#organization"},"image":{"@id":"https:\/\/elcotarro.com\/?p=2319#primaryimage"},"thumbnailUrl":"https:\/\/elcotarro.com\/wp-content\/uploads\/2016\/02\/FOTO-3.-Alfonso-Cabello.jpg","articleSection":["Pol\u00edtica"],"inLanguage":"es","potentialAction":[{"@type":"CommentAction","name":"Comment","target":["https:\/\/elcotarro.com\/?p=2319#respond"]}]},{"@type":"WebPage","@id":"https:\/\/elcotarro.com\/?p=2319","url":"https:\/\/elcotarro.com\/?p=2319","name":"DESARROLLO Y LEALTAD - El Cotarro","isPartOf":{"@id":"https:\/\/elcotarro.com\/#website"},"primaryImageOfPage":{"@id":"https:\/\/elcotarro.com\/?p=2319#primaryimage"},"image":{"@id":"https:\/\/elcotarro.com\/?p=2319#primaryimage"},"thumbnailUrl":"https:\/\/elcotarro.com\/wp-content\/uploads\/2016\/02\/FOTO-3.-Alfonso-Cabello.jpg","datePublished":"2016-02-07T11:03:32+00:00","breadcrumb":{"@id":"https:\/\/elcotarro.com\/?p=2319#breadcrumb"},"inLanguage":"es","potentialAction":[{"@type":"ReadAction","target":["https:\/\/elcotarro.com\/?p=2319"]}]},{"@type":"ImageObject","inLanguage":"es","@id":"https:\/\/elcotarro.com\/?p=2319#primaryimage","url":"https:\/\/elcotarro.com\/wp-content\/uploads\/2016\/02\/FOTO-3.-Alfonso-Cabello.jpg","contentUrl":"https:\/\/elcotarro.com\/wp-content\/uploads\/2016\/02\/FOTO-3.-Alfonso-Cabello.jpg","width":196,"height":278},{"@type":"BreadcrumbList","@id":"https:\/\/elcotarro.com\/?p=2319#breadcrumb","itemListElement":[{"@type":"ListItem","position":1,"name":"Portada","item":"https:\/\/elcotarro.com\/"},{"@type":"ListItem","position":2,"name":"DESARROLLO Y LEALTAD"}]},{"@type":"WebSite","@id":"https:\/\/elcotarro.com\/#website","url":"https:\/\/elcotarro.com\/","name":"El Cotarro","description":"Peri\u00f3dico Digital Independiente dirigido por Jos\u00e9 Carlos Marrero","publisher":{"@id":"https:\/\/elcotarro.com\/#organization"},"potentialAction":[{"@type":"SearchAction","target":{"@type":"EntryPoint","urlTemplate":"https:\/\/elcotarro.com\/?s={search_term_string}"},"query-input":{"@type":"PropertyValueSpecification","valueRequired":true,"valueName":"search_term_string"}}],"inLanguage":"es"},{"@type":"Organization","@id":"https:\/\/elcotarro.com\/#organization","name":"El Cotarro","url":"https:\/\/elcotarro.com\/","logo":{"@type":"ImageObject","inLanguage":"es","@id":"https:\/\/elcotarro.com\/#\/schema\/logo\/image\/","url":"https:\/\/elcotarro.com\/wp-content\/uploads\/2014\/09\/Cabecera_El_Cotarro_v2.jpg","contentUrl":"https:\/\/elcotarro.com\/wp-content\/uploads\/2014\/09\/Cabecera_El_Cotarro_v2.jpg","width":3540,"height":441,"caption":"El Cotarro"},"image":{"@id":"https:\/\/elcotarro.com\/#\/schema\/logo\/image\/"},"sameAs":["https:\/\/www.facebook.com\/ElCotarro.Tenerife"]},{"@type":"Person","@id":"https:\/\/elcotarro.com\/#\/schema\/person\/af537ee7d60d15984c7e0affcd8a918b","name":"Jos\u00e9 Carlos Marrero Gonz\u00e1lez","image":{"@type":"ImageObject","inLanguage":"es","@id":"https:\/\/elcotarro.com\/#\/schema\/person\/image\/","url":"https:\/\/secure.gravatar.com\/avatar\/def4da036efb5d32c74d49c351f6dccc064dd69ad9f3aadc295c5a9a5391ca01?s=96&d=mm&r=g","contentUrl":"https:\/\/secure.gravatar.com\/avatar\/def4da036efb5d32c74d49c351f6dccc064dd69ad9f3aadc295c5a9a5391ca01?s=96&d=mm&r=g","caption":"Jos\u00e9 Carlos Marrero Gonz\u00e1lez"},"sameAs":["https:\/\/elcotarro.com"],"url":"https:\/\/elcotarro.com\/?author=2"}]}},"jetpack_featured_media_url":"","jetpack_sharing_enabled":true,"_links":{"self":[{"href":"https:\/\/elcotarro.com\/index.php?rest_route=\/wp\/v2\/posts\/2319","targetHints":{"allow":["GET"]}}],"collection":[{"href":"https:\/\/elcotarro.com\/index.php?rest_route=\/wp\/v2\/posts"}],"about":[{"href":"https:\/\/elcotarro.com\/index.php?rest_route=\/wp\/v2\/types\/post"}],"author":[{"embeddable":true,"href":"https:\/\/elcotarro.com\/index.php?rest_route=\/wp\/v2\/users\/2"}],"replies":[{"embeddable":true,"href":"https:\/\/elcotarro.com\/index.php?rest_route=%2Fwp%2Fv2%2Fcomments&post=2319"}],"version-history":[{"count":1,"href":"https:\/\/elcotarro.com\/index.php?rest_route=\/wp\/v2\/posts\/2319\/revisions"}],"predecessor-version":[{"id":2321,"href":"https:\/\/elcotarro.com\/index.php?rest_route=\/wp\/v2\/posts\/2319\/revisions\/2321"}],"wp:attachment":[{"href":"https:\/\/elcotarro.com\/index.php?rest_route=%2Fwp%2Fv2%2Fmedia&parent=2319"}],"wp:term":[{"taxonomy":"category","embeddable":true,"href":"https:\/\/elcotarro.com\/index.php?rest_route=%2Fwp%2Fv2%2Fcategories&post=2319"},{"taxonomy":"post_tag","embeddable":true,"href":"https:\/\/elcotarro.com\/index.php?rest_route=%2Fwp%2Fv2%2Ftags&post=2319"}],"curies":[{"name":"wp","href":"https:\/\/api.w.org\/{rel}","templated":true}]}}