{"id":2355,"date":"2016-02-14T11:01:20","date_gmt":"2016-02-14T11:01:20","guid":{"rendered":"https:\/\/elcotarro.com\/?p=2355"},"modified":"2016-02-14T11:03:45","modified_gmt":"2016-02-14T11:03:45","slug":"texas-en-nuestro-carnaval","status":"publish","type":"post","link":"https:\/\/elcotarro.com\/?p=2355","title":{"rendered":"TEXAS EN NUESTRO CARNAVAL"},"content":{"rendered":"<p>Y concluyo este casi \u00abespecial Carnaval\u00bb haci\u00e9ndome eco de otra curiosa visita que, sin duda alguna, servir\u00e1 para promocionar Tenerife y su fiesta nada m\u00e1s y nada menos que en Estados Unidos y, m\u00e1s concretamente en Texas. Seis j\u00f3venes procedentes de Dallas, <strong>Colin Huffines<\/strong>, <strong>Mar\u00eda M. Batista<\/strong>, <strong>Javier Alarcia, Ben Atkins, Sandra S\u00e1enz<\/strong>, y <strong>David Finn<\/strong> se han quedado absolutamente maravillados de nuestro Carnaval, el cual han vivido en la calle mezcl\u00e1ndose con nuestra gente, vestidos ellos de astronautas de la N.A.S.A. con trajes tra\u00eddos desde el mism\u00edsimo Houston. Han quedado tan impresionados y encantados con Tenerife y su gente, que ya ahora en Dallas est\u00e1n pensando en la posibilidad de que, en un pr\u00f3ximo futuro, ellos y sus familias y m\u00e1s tejanos puedan realizar viajes de turismo a nuestra isla.<\/p>\n<p style=\"text-align: center\"><a href=\"https:\/\/elcotarro.com\/wp-content\/uploads\/2016\/02\/FOTO-5.-Americanos-en-el-Carnaval.jpg\"><img loading=\"lazy\" decoding=\"async\" class=\"alignnone size-full wp-image-2356\" src=\"https:\/\/elcotarro.com\/wp-content\/uploads\/2016\/02\/FOTO-5.-Americanos-en-el-Carnaval.jpg\" alt=\"FOTO-5.--Americanos-en-el-Carnaval\" width=\"750\" height=\"564\" srcset=\"https:\/\/elcotarro.com\/wp-content\/uploads\/2016\/02\/FOTO-5.-Americanos-en-el-Carnaval.jpg 750w, https:\/\/elcotarro.com\/wp-content\/uploads\/2016\/02\/FOTO-5.-Americanos-en-el-Carnaval-300x226.jpg 300w\" sizes=\"auto, (max-width: 750px) 100vw, 750px\" \/><\/a><\/p>\n<p style=\"text-align: center\"><em>De izquierda a derecha: Los tejanos Mar\u00eda M. Batista, Javier Alarcia, David Finn, Raquel Guti\u00e9rrez Yanes (la tinerfe\u00f1a gerente del Real Casino de Tenerife), Colin Huffines, Sandra S\u00e1enz y Ben Atkins.<\/em><\/p>\n","protected":false},"excerpt":{"rendered":"<p>Y concluyo este casi \u00abespecial Carnaval\u00bb haci\u00e9ndome eco de otra curiosa visita que, sin duda alguna, servir\u00e1 para promocionar Tenerife y su fiesta nada m\u00e1s y nada menos que en Estados Unidos y, m\u00e1s concretamente en Texas. Seis j\u00f3venes procedentes de Dallas, Colin Huffines, Mar\u00eda M. Batista, Javier Alarcia, Ben Atkins, Sandra S\u00e1enz, y David &#8230; <a class=\"read-more\" href=\"https:\/\/elcotarro.com\/?p=2355\">Read more<\/a><\/p>\n","protected":false},"author":2,"featured_media":0,"comment_status":"open","ping_status":"open","sticky":false,"template":"","format":"standard","meta":{"_jetpack_memberships_contains_paid_content":false,"footnotes":""},"categories":[1],"tags":[],"class_list":["post-2355","post","type-post","status-publish","format-standard","hentry","category-sin-categoria"],"yoast_head":"<!-- This site is optimized with the Yoast SEO plugin v27.0 - https:\/\/yoast.com\/product\/yoast-seo-wordpress\/ -->\n<title>TEXAS EN NUESTRO CARNAVAL - El Cotarro<\/title>\n<meta name=\"robots\" content=\"index, follow, max-snippet:-1, max-image-preview:large, max-video-preview:-1\" \/>\n<link rel=\"canonical\" href=\"https:\/\/elcotarro.com\/?p=2355\" \/>\n<meta property=\"og:locale\" content=\"es_ES\" \/>\n<meta property=\"og:type\" content=\"article\" \/>\n<meta property=\"og:title\" content=\"TEXAS EN NUESTRO CARNAVAL - El Cotarro\" \/>\n<meta property=\"og:description\" content=\"Y concluyo este casi \u00abespecial Carnaval\u00bb haci\u00e9ndome eco de otra curiosa visita que, sin duda alguna, servir\u00e1 para promocionar Tenerife y su fiesta nada m\u00e1s y nada menos que en Estados Unidos y, m\u00e1s concretamente en Texas. Seis j\u00f3venes procedentes de Dallas, Colin Huffines, Mar\u00eda M. Batista, Javier Alarcia, Ben Atkins, Sandra S\u00e1enz, y David ... Read more\" \/>\n<meta property=\"og:url\" content=\"https:\/\/elcotarro.com\/?p=2355\" \/>\n<meta property=\"og:site_name\" content=\"El Cotarro\" \/>\n<meta property=\"article:publisher\" content=\"https:\/\/www.facebook.com\/ElCotarro.Tenerife\" \/>\n<meta property=\"article:published_time\" content=\"2016-02-14T11:01:20+00:00\" \/>\n<meta property=\"article:modified_time\" content=\"2016-02-14T11:03:45+00:00\" \/>\n<meta property=\"og:image\" content=\"https:\/\/elcotarro.com\/wp-content\/uploads\/2016\/02\/FOTO-5.-Americanos-en-el-Carnaval.jpg\" \/>\n<meta name=\"author\" content=\"Jos\u00e9 Carlos Marrero Gonz\u00e1lez\" \/>\n<meta name=\"twitter:label1\" content=\"Escrito por\" \/>\n\t<meta name=\"twitter:data1\" content=\"Jos\u00e9 Carlos Marrero Gonz\u00e1lez\" \/>\n\t<meta name=\"twitter:label2\" content=\"Tiempo de lectura\" \/>\n\t<meta name=\"twitter:data2\" content=\"1 minuto\" \/>\n<script type=\"application\/ld+json\" class=\"yoast-schema-graph\">{\"@context\":\"https:\/\/schema.org\",\"@graph\":[{\"@type\":\"Article\",\"@id\":\"https:\/\/elcotarro.com\/?p=2355#article\",\"isPartOf\":{\"@id\":\"https:\/\/elcotarro.com\/?p=2355\"},\"author\":{\"name\":\"Jos\u00e9 Carlos Marrero Gonz\u00e1lez\",\"@id\":\"https:\/\/elcotarro.com\/#\/schema\/person\/af537ee7d60d15984c7e0affcd8a918b\"},\"headline\":\"TEXAS EN NUESTRO CARNAVAL\",\"datePublished\":\"2016-02-14T11:01:20+00:00\",\"dateModified\":\"2016-02-14T11:03:45+00:00\",\"mainEntityOfPage\":{\"@id\":\"https:\/\/elcotarro.com\/?p=2355\"},\"wordCount\":185,\"commentCount\":0,\"publisher\":{\"@id\":\"https:\/\/elcotarro.com\/#organization\"},\"image\":{\"@id\":\"https:\/\/elcotarro.com\/?p=2355#primaryimage\"},\"thumbnailUrl\":\"https:\/\/elcotarro.com\/wp-content\/uploads\/2016\/02\/FOTO-5.-Americanos-en-el-Carnaval.jpg\",\"inLanguage\":\"es\",\"potentialAction\":[{\"@type\":\"CommentAction\",\"name\":\"Comment\",\"target\":[\"https:\/\/elcotarro.com\/?p=2355#respond\"]}]},{\"@type\":\"WebPage\",\"@id\":\"https:\/\/elcotarro.com\/?p=2355\",\"url\":\"https:\/\/elcotarro.com\/?p=2355\",\"name\":\"TEXAS EN NUESTRO CARNAVAL - El Cotarro\",\"isPartOf\":{\"@id\":\"https:\/\/elcotarro.com\/#website\"},\"primaryImageOfPage\":{\"@id\":\"https:\/\/elcotarro.com\/?p=2355#primaryimage\"},\"image\":{\"@id\":\"https:\/\/elcotarro.com\/?p=2355#primaryimage\"},\"thumbnailUrl\":\"https:\/\/elcotarro.com\/wp-content\/uploads\/2016\/02\/FOTO-5.-Americanos-en-el-Carnaval.jpg\",\"datePublished\":\"2016-02-14T11:01:20+00:00\",\"dateModified\":\"2016-02-14T11:03:45+00:00\",\"breadcrumb\":{\"@id\":\"https:\/\/elcotarro.com\/?p=2355#breadcrumb\"},\"inLanguage\":\"es\",\"potentialAction\":[{\"@type\":\"ReadAction\",\"target\":[\"https:\/\/elcotarro.com\/?p=2355\"]}]},{\"@type\":\"ImageObject\",\"inLanguage\":\"es\",\"@id\":\"https:\/\/elcotarro.com\/?p=2355#primaryimage\",\"url\":\"https:\/\/elcotarro.com\/wp-content\/uploads\/2016\/02\/FOTO-5.-Americanos-en-el-Carnaval.jpg\",\"contentUrl\":\"https:\/\/elcotarro.com\/wp-content\/uploads\/2016\/02\/FOTO-5.-Americanos-en-el-Carnaval.jpg\",\"width\":750,\"height\":564},{\"@type\":\"BreadcrumbList\",\"@id\":\"https:\/\/elcotarro.com\/?p=2355#breadcrumb\",\"itemListElement\":[{\"@type\":\"ListItem\",\"position\":1,\"name\":\"Portada\",\"item\":\"https:\/\/elcotarro.com\/\"},{\"@type\":\"ListItem\",\"position\":2,\"name\":\"TEXAS EN NUESTRO CARNAVAL\"}]},{\"@type\":\"WebSite\",\"@id\":\"https:\/\/elcotarro.com\/#website\",\"url\":\"https:\/\/elcotarro.com\/\",\"name\":\"El Cotarro\",\"description\":\"Peri\u00f3dico Digital Independiente dirigido por Jos\u00e9 Carlos Marrero\",\"publisher\":{\"@id\":\"https:\/\/elcotarro.com\/#organization\"},\"potentialAction\":[{\"@type\":\"SearchAction\",\"target\":{\"@type\":\"EntryPoint\",\"urlTemplate\":\"https:\/\/elcotarro.com\/?s={search_term_string}\"},\"query-input\":{\"@type\":\"PropertyValueSpecification\",\"valueRequired\":true,\"valueName\":\"search_term_string\"}}],\"inLanguage\":\"es\"},{\"@type\":\"Organization\",\"@id\":\"https:\/\/elcotarro.com\/#organization\",\"name\":\"El Cotarro\",\"url\":\"https:\/\/elcotarro.com\/\",\"logo\":{\"@type\":\"ImageObject\",\"inLanguage\":\"es\",\"@id\":\"https:\/\/elcotarro.com\/#\/schema\/logo\/image\/\",\"url\":\"https:\/\/elcotarro.com\/wp-content\/uploads\/2014\/09\/Cabecera_El_Cotarro_v2.jpg\",\"contentUrl\":\"https:\/\/elcotarro.com\/wp-content\/uploads\/2014\/09\/Cabecera_El_Cotarro_v2.jpg\",\"width\":3540,\"height\":441,\"caption\":\"El Cotarro\"},\"image\":{\"@id\":\"https:\/\/elcotarro.com\/#\/schema\/logo\/image\/\"},\"sameAs\":[\"https:\/\/www.facebook.com\/ElCotarro.Tenerife\"]},{\"@type\":\"Person\",\"@id\":\"https:\/\/elcotarro.com\/#\/schema\/person\/af537ee7d60d15984c7e0affcd8a918b\",\"name\":\"Jos\u00e9 Carlos Marrero Gonz\u00e1lez\",\"image\":{\"@type\":\"ImageObject\",\"inLanguage\":\"es\",\"@id\":\"https:\/\/elcotarro.com\/#\/schema\/person\/image\/\",\"url\":\"https:\/\/secure.gravatar.com\/avatar\/def4da036efb5d32c74d49c351f6dccc064dd69ad9f3aadc295c5a9a5391ca01?s=96&d=mm&r=g\",\"contentUrl\":\"https:\/\/secure.gravatar.com\/avatar\/def4da036efb5d32c74d49c351f6dccc064dd69ad9f3aadc295c5a9a5391ca01?s=96&d=mm&r=g\",\"caption\":\"Jos\u00e9 Carlos Marrero Gonz\u00e1lez\"},\"sameAs\":[\"https:\/\/elcotarro.com\"],\"url\":\"https:\/\/elcotarro.com\/?author=2\"}]}<\/script>\n<!-- \/ Yoast SEO plugin. -->","yoast_head_json":{"title":"TEXAS EN NUESTRO CARNAVAL - El Cotarro","robots":{"index":"index","follow":"follow","max-snippet":"max-snippet:-1","max-image-preview":"max-image-preview:large","max-video-preview":"max-video-preview:-1"},"canonical":"https:\/\/elcotarro.com\/?p=2355","og_locale":"es_ES","og_type":"article","og_title":"TEXAS EN NUESTRO CARNAVAL - El Cotarro","og_description":"Y concluyo este casi \u00abespecial Carnaval\u00bb haci\u00e9ndome eco de otra curiosa visita que, sin duda alguna, servir\u00e1 para promocionar Tenerife y su fiesta nada m\u00e1s y nada menos que en Estados Unidos y, m\u00e1s concretamente en Texas. Seis j\u00f3venes procedentes de Dallas, Colin Huffines, Mar\u00eda M. Batista, Javier Alarcia, Ben Atkins, Sandra S\u00e1enz, y David ... Read more","og_url":"https:\/\/elcotarro.com\/?p=2355","og_site_name":"El Cotarro","article_publisher":"https:\/\/www.facebook.com\/ElCotarro.Tenerife","article_published_time":"2016-02-14T11:01:20+00:00","article_modified_time":"2016-02-14T11:03:45+00:00","og_image":[{"url":"https:\/\/elcotarro.com\/wp-content\/uploads\/2016\/02\/FOTO-5.-Americanos-en-el-Carnaval.jpg","type":"","width":"","height":""}],"author":"Jos\u00e9 Carlos Marrero Gonz\u00e1lez","twitter_misc":{"Escrito por":"Jos\u00e9 Carlos Marrero Gonz\u00e1lez","Tiempo de lectura":"1 minuto"},"schema":{"@context":"https:\/\/schema.org","@graph":[{"@type":"Article","@id":"https:\/\/elcotarro.com\/?p=2355#article","isPartOf":{"@id":"https:\/\/elcotarro.com\/?p=2355"},"author":{"name":"Jos\u00e9 Carlos Marrero Gonz\u00e1lez","@id":"https:\/\/elcotarro.com\/#\/schema\/person\/af537ee7d60d15984c7e0affcd8a918b"},"headline":"TEXAS EN NUESTRO CARNAVAL","datePublished":"2016-02-14T11:01:20+00:00","dateModified":"2016-02-14T11:03:45+00:00","mainEntityOfPage":{"@id":"https:\/\/elcotarro.com\/?p=2355"},"wordCount":185,"commentCount":0,"publisher":{"@id":"https:\/\/elcotarro.com\/#organization"},"image":{"@id":"https:\/\/elcotarro.com\/?p=2355#primaryimage"},"thumbnailUrl":"https:\/\/elcotarro.com\/wp-content\/uploads\/2016\/02\/FOTO-5.-Americanos-en-el-Carnaval.jpg","inLanguage":"es","potentialAction":[{"@type":"CommentAction","name":"Comment","target":["https:\/\/elcotarro.com\/?p=2355#respond"]}]},{"@type":"WebPage","@id":"https:\/\/elcotarro.com\/?p=2355","url":"https:\/\/elcotarro.com\/?p=2355","name":"TEXAS EN NUESTRO CARNAVAL - El Cotarro","isPartOf":{"@id":"https:\/\/elcotarro.com\/#website"},"primaryImageOfPage":{"@id":"https:\/\/elcotarro.com\/?p=2355#primaryimage"},"image":{"@id":"https:\/\/elcotarro.com\/?p=2355#primaryimage"},"thumbnailUrl":"https:\/\/elcotarro.com\/wp-content\/uploads\/2016\/02\/FOTO-5.-Americanos-en-el-Carnaval.jpg","datePublished":"2016-02-14T11:01:20+00:00","dateModified":"2016-02-14T11:03:45+00:00","breadcrumb":{"@id":"https:\/\/elcotarro.com\/?p=2355#breadcrumb"},"inLanguage":"es","potentialAction":[{"@type":"ReadAction","target":["https:\/\/elcotarro.com\/?p=2355"]}]},{"@type":"ImageObject","inLanguage":"es","@id":"https:\/\/elcotarro.com\/?p=2355#primaryimage","url":"https:\/\/elcotarro.com\/wp-content\/uploads\/2016\/02\/FOTO-5.-Americanos-en-el-Carnaval.jpg","contentUrl":"https:\/\/elcotarro.com\/wp-content\/uploads\/2016\/02\/FOTO-5.-Americanos-en-el-Carnaval.jpg","width":750,"height":564},{"@type":"BreadcrumbList","@id":"https:\/\/elcotarro.com\/?p=2355#breadcrumb","itemListElement":[{"@type":"ListItem","position":1,"name":"Portada","item":"https:\/\/elcotarro.com\/"},{"@type":"ListItem","position":2,"name":"TEXAS EN NUESTRO CARNAVAL"}]},{"@type":"WebSite","@id":"https:\/\/elcotarro.com\/#website","url":"https:\/\/elcotarro.com\/","name":"El Cotarro","description":"Peri\u00f3dico Digital Independiente dirigido por Jos\u00e9 Carlos Marrero","publisher":{"@id":"https:\/\/elcotarro.com\/#organization"},"potentialAction":[{"@type":"SearchAction","target":{"@type":"EntryPoint","urlTemplate":"https:\/\/elcotarro.com\/?s={search_term_string}"},"query-input":{"@type":"PropertyValueSpecification","valueRequired":true,"valueName":"search_term_string"}}],"inLanguage":"es"},{"@type":"Organization","@id":"https:\/\/elcotarro.com\/#organization","name":"El Cotarro","url":"https:\/\/elcotarro.com\/","logo":{"@type":"ImageObject","inLanguage":"es","@id":"https:\/\/elcotarro.com\/#\/schema\/logo\/image\/","url":"https:\/\/elcotarro.com\/wp-content\/uploads\/2014\/09\/Cabecera_El_Cotarro_v2.jpg","contentUrl":"https:\/\/elcotarro.com\/wp-content\/uploads\/2014\/09\/Cabecera_El_Cotarro_v2.jpg","width":3540,"height":441,"caption":"El Cotarro"},"image":{"@id":"https:\/\/elcotarro.com\/#\/schema\/logo\/image\/"},"sameAs":["https:\/\/www.facebook.com\/ElCotarro.Tenerife"]},{"@type":"Person","@id":"https:\/\/elcotarro.com\/#\/schema\/person\/af537ee7d60d15984c7e0affcd8a918b","name":"Jos\u00e9 Carlos Marrero Gonz\u00e1lez","image":{"@type":"ImageObject","inLanguage":"es","@id":"https:\/\/elcotarro.com\/#\/schema\/person\/image\/","url":"https:\/\/secure.gravatar.com\/avatar\/def4da036efb5d32c74d49c351f6dccc064dd69ad9f3aadc295c5a9a5391ca01?s=96&d=mm&r=g","contentUrl":"https:\/\/secure.gravatar.com\/avatar\/def4da036efb5d32c74d49c351f6dccc064dd69ad9f3aadc295c5a9a5391ca01?s=96&d=mm&r=g","caption":"Jos\u00e9 Carlos Marrero Gonz\u00e1lez"},"sameAs":["https:\/\/elcotarro.com"],"url":"https:\/\/elcotarro.com\/?author=2"}]}},"jetpack_featured_media_url":"","jetpack_sharing_enabled":true,"_links":{"self":[{"href":"https:\/\/elcotarro.com\/index.php?rest_route=\/wp\/v2\/posts\/2355","targetHints":{"allow":["GET"]}}],"collection":[{"href":"https:\/\/elcotarro.com\/index.php?rest_route=\/wp\/v2\/posts"}],"about":[{"href":"https:\/\/elcotarro.com\/index.php?rest_route=\/wp\/v2\/types\/post"}],"author":[{"embeddable":true,"href":"https:\/\/elcotarro.com\/index.php?rest_route=\/wp\/v2\/users\/2"}],"replies":[{"embeddable":true,"href":"https:\/\/elcotarro.com\/index.php?rest_route=%2Fwp%2Fv2%2Fcomments&post=2355"}],"version-history":[{"count":1,"href":"https:\/\/elcotarro.com\/index.php?rest_route=\/wp\/v2\/posts\/2355\/revisions"}],"predecessor-version":[{"id":2357,"href":"https:\/\/elcotarro.com\/index.php?rest_route=\/wp\/v2\/posts\/2355\/revisions\/2357"}],"wp:attachment":[{"href":"https:\/\/elcotarro.com\/index.php?rest_route=%2Fwp%2Fv2%2Fmedia&parent=2355"}],"wp:term":[{"taxonomy":"category","embeddable":true,"href":"https:\/\/elcotarro.com\/index.php?rest_route=%2Fwp%2Fv2%2Fcategories&post=2355"},{"taxonomy":"post_tag","embeddable":true,"href":"https:\/\/elcotarro.com\/index.php?rest_route=%2Fwp%2Fv2%2Ftags&post=2355"}],"curies":[{"name":"wp","href":"https:\/\/api.w.org\/{rel}","templated":true}]}}