{"id":2364,"date":"2016-02-21T11:05:35","date_gmt":"2016-02-21T11:05:35","guid":{"rendered":"https:\/\/elcotarro.com\/?p=2364"},"modified":"2016-02-21T10:42:18","modified_gmt":"2016-02-21T10:42:18","slug":"empujadoras-arrastradoras-y","status":"publish","type":"post","link":"https:\/\/elcotarro.com\/?p=2364","title":{"rendered":"EMPUJADORAS, ARRASTRADORAS Y\u2026"},"content":{"rendered":"<p>Aunque ya la Cuaresma comenz\u00f3 hace d\u00edas, seguimos con los coletazos carnavaleros y por ello, tal como les adelant\u00e9 en <strong><em>El Cotarro<\/em><\/strong> del domingo pasado, quiero compartir con ustedes una \u201cespinita carnavalera\u201d que tengo por sacar desde hace a\u00f1os. Igual ahora se monta con ello una pol\u00e9mica, pero as\u00ed entramos en calorcito&#8230; Tengo para m\u00ed que las candidatas a Reina del Carnaval chicharrero vienen siendo en cada gala unas muy guapas y simp\u00e1ticas arrastradoras, empujadoras y\/o soportadoras de una mole llamada \u201ctraje o fantas\u00eda\u201d, pero que, en verdad, son carrozas unipersonales. Las candidatas \u00abno se visten\u00bb con el traje, ya van vestidas (generalmente con un mini-traje o biquini de fantas\u00eda) y, cuando faltan cinco minutos para salir al escenario, se \u201cmeten\u00bb en el verdadero, digamos \u201ctraje\u00bb, que viene a ser una fantas\u00eda sobre ruedas. Este a\u00f1o nuestra guapa reina, <strong>Cecilia Navarro Arteaga<\/strong>, ha presumido de que su traje, dise\u00f1ado por el gran <strong>Daniel Pages<\/strong> \u00abpesaba\u00bb casi 200 kilos. Y es que, en verdad, casi todas ellas se \u00abmeten\u00bb en medio de la \u00abfantas\u00eda\u00bb, apoyan su cintura por la espalda a una estructura semicircular, y sus cuerpos son enganchados y\/o atados (como lo leen) con unos cinturones como los de un coche cualquiera o los de seguridad de un avi\u00f3n. Luego, encima, viene el tocado que hay que soportar sobre en la cabeza, a la vez que se empuja con fuerza para, tirando de la estructura con ruedas, mover la \u00abfantas\u00eda\u00bb con ruedas.<\/p>\n<p style=\"text-align: center\"><a href=\"https:\/\/elcotarro.com\/wp-content\/uploads\/2016\/02\/FOTO-1.-Traje-de-la-Reina-2016.jpg\"><img loading=\"lazy\" decoding=\"async\" class=\"alignnone size-full wp-image-2365\" src=\"https:\/\/elcotarro.com\/wp-content\/uploads\/2016\/02\/FOTO-1.-Traje-de-la-Reina-2016.jpg\" alt=\"FOTO-1.--Traje-de-la-Reina-2016\" width=\"750\" height=\"563\" srcset=\"https:\/\/elcotarro.com\/wp-content\/uploads\/2016\/02\/FOTO-1.-Traje-de-la-Reina-2016.jpg 750w, https:\/\/elcotarro.com\/wp-content\/uploads\/2016\/02\/FOTO-1.-Traje-de-la-Reina-2016-300x225.jpg 300w\" sizes=\"auto, (max-width: 750px) 100vw, 750px\" \/><\/a><\/p>\n<p style=\"text-align: center\"><em>Traje de la Reina del Carnaval 2016 \u201cvac\u00edo\u201d con el cintur\u00f3n de \u201cenganche\u201d en el centro.<\/em><\/p>\n","protected":false},"excerpt":{"rendered":"<p>Aunque ya la Cuaresma comenz\u00f3 hace d\u00edas, seguimos con los coletazos carnavaleros y por ello, tal como les adelant\u00e9 en El Cotarro del domingo pasado, quiero compartir con ustedes una \u201cespinita carnavalera\u201d que tengo por sacar desde hace a\u00f1os. Igual ahora se monta con ello una pol\u00e9mica, pero as\u00ed entramos en calorcito&#8230; Tengo para m\u00ed &#8230; <a class=\"read-more\" href=\"https:\/\/elcotarro.com\/?p=2364\">Read more<\/a><\/p>\n","protected":false},"author":2,"featured_media":0,"comment_status":"open","ping_status":"open","sticky":false,"template":"","format":"standard","meta":{"_jetpack_memberships_contains_paid_content":false,"footnotes":""},"categories":[47],"tags":[],"class_list":["post-2364","post","type-post","status-publish","format-standard","hentry","category-carnaval"],"yoast_head":"<!-- This site is optimized with the Yoast SEO plugin v27.0 - https:\/\/yoast.com\/product\/yoast-seo-wordpress\/ -->\n<title>EMPUJADORAS, ARRASTRADORAS Y\u2026 - El Cotarro<\/title>\n<meta name=\"robots\" content=\"index, follow, max-snippet:-1, max-image-preview:large, max-video-preview:-1\" \/>\n<link rel=\"canonical\" href=\"https:\/\/elcotarro.com\/?p=2364\" \/>\n<meta property=\"og:locale\" content=\"es_ES\" \/>\n<meta property=\"og:type\" content=\"article\" \/>\n<meta property=\"og:title\" content=\"EMPUJADORAS, ARRASTRADORAS Y\u2026 - El Cotarro\" \/>\n<meta property=\"og:description\" content=\"Aunque ya la Cuaresma comenz\u00f3 hace d\u00edas, seguimos con los coletazos carnavaleros y por ello, tal como les adelant\u00e9 en El Cotarro del domingo pasado, quiero compartir con ustedes una \u201cespinita carnavalera\u201d que tengo por sacar desde hace a\u00f1os. Igual ahora se monta con ello una pol\u00e9mica, pero as\u00ed entramos en calorcito&#8230; Tengo para m\u00ed ... Read more\" \/>\n<meta property=\"og:url\" content=\"https:\/\/elcotarro.com\/?p=2364\" \/>\n<meta property=\"og:site_name\" content=\"El Cotarro\" \/>\n<meta property=\"article:publisher\" content=\"https:\/\/www.facebook.com\/ElCotarro.Tenerife\" \/>\n<meta property=\"article:published_time\" content=\"2016-02-21T11:05:35+00:00\" \/>\n<meta property=\"og:image\" content=\"https:\/\/elcotarro.com\/wp-content\/uploads\/2016\/02\/FOTO-1.-Traje-de-la-Reina-2016.jpg\" \/>\n<meta name=\"author\" content=\"Jos\u00e9 Carlos Marrero Gonz\u00e1lez\" \/>\n<meta name=\"twitter:label1\" content=\"Escrito por\" \/>\n\t<meta name=\"twitter:data1\" content=\"Jos\u00e9 Carlos Marrero Gonz\u00e1lez\" \/>\n\t<meta name=\"twitter:label2\" content=\"Tiempo de lectura\" \/>\n\t<meta name=\"twitter:data2\" content=\"1 minuto\" \/>\n<script type=\"application\/ld+json\" class=\"yoast-schema-graph\">{\"@context\":\"https:\/\/schema.org\",\"@graph\":[{\"@type\":\"Article\",\"@id\":\"https:\/\/elcotarro.com\/?p=2364#article\",\"isPartOf\":{\"@id\":\"https:\/\/elcotarro.com\/?p=2364\"},\"author\":{\"name\":\"Jos\u00e9 Carlos Marrero Gonz\u00e1lez\",\"@id\":\"https:\/\/elcotarro.com\/#\/schema\/person\/af537ee7d60d15984c7e0affcd8a918b\"},\"headline\":\"EMPUJADORAS, ARRASTRADORAS Y\u2026\",\"datePublished\":\"2016-02-21T11:05:35+00:00\",\"mainEntityOfPage\":{\"@id\":\"https:\/\/elcotarro.com\/?p=2364\"},\"wordCount\":275,\"commentCount\":0,\"publisher\":{\"@id\":\"https:\/\/elcotarro.com\/#organization\"},\"image\":{\"@id\":\"https:\/\/elcotarro.com\/?p=2364#primaryimage\"},\"thumbnailUrl\":\"https:\/\/elcotarro.com\/wp-content\/uploads\/2016\/02\/FOTO-1.-Traje-de-la-Reina-2016.jpg\",\"articleSection\":[\"Carnaval\"],\"inLanguage\":\"es\",\"potentialAction\":[{\"@type\":\"CommentAction\",\"name\":\"Comment\",\"target\":[\"https:\/\/elcotarro.com\/?p=2364#respond\"]}]},{\"@type\":\"WebPage\",\"@id\":\"https:\/\/elcotarro.com\/?p=2364\",\"url\":\"https:\/\/elcotarro.com\/?p=2364\",\"name\":\"EMPUJADORAS, ARRASTRADORAS Y\u2026 - El Cotarro\",\"isPartOf\":{\"@id\":\"https:\/\/elcotarro.com\/#website\"},\"primaryImageOfPage\":{\"@id\":\"https:\/\/elcotarro.com\/?p=2364#primaryimage\"},\"image\":{\"@id\":\"https:\/\/elcotarro.com\/?p=2364#primaryimage\"},\"thumbnailUrl\":\"https:\/\/elcotarro.com\/wp-content\/uploads\/2016\/02\/FOTO-1.-Traje-de-la-Reina-2016.jpg\",\"datePublished\":\"2016-02-21T11:05:35+00:00\",\"breadcrumb\":{\"@id\":\"https:\/\/elcotarro.com\/?p=2364#breadcrumb\"},\"inLanguage\":\"es\",\"potentialAction\":[{\"@type\":\"ReadAction\",\"target\":[\"https:\/\/elcotarro.com\/?p=2364\"]}]},{\"@type\":\"ImageObject\",\"inLanguage\":\"es\",\"@id\":\"https:\/\/elcotarro.com\/?p=2364#primaryimage\",\"url\":\"https:\/\/elcotarro.com\/wp-content\/uploads\/2016\/02\/FOTO-1.-Traje-de-la-Reina-2016.jpg\",\"contentUrl\":\"https:\/\/elcotarro.com\/wp-content\/uploads\/2016\/02\/FOTO-1.-Traje-de-la-Reina-2016.jpg\",\"width\":750,\"height\":563},{\"@type\":\"BreadcrumbList\",\"@id\":\"https:\/\/elcotarro.com\/?p=2364#breadcrumb\",\"itemListElement\":[{\"@type\":\"ListItem\",\"position\":1,\"name\":\"Portada\",\"item\":\"https:\/\/elcotarro.com\/\"},{\"@type\":\"ListItem\",\"position\":2,\"name\":\"EMPUJADORAS, ARRASTRADORAS Y\u2026\"}]},{\"@type\":\"WebSite\",\"@id\":\"https:\/\/elcotarro.com\/#website\",\"url\":\"https:\/\/elcotarro.com\/\",\"name\":\"El Cotarro\",\"description\":\"Peri\u00f3dico Digital Independiente dirigido por Jos\u00e9 Carlos Marrero\",\"publisher\":{\"@id\":\"https:\/\/elcotarro.com\/#organization\"},\"potentialAction\":[{\"@type\":\"SearchAction\",\"target\":{\"@type\":\"EntryPoint\",\"urlTemplate\":\"https:\/\/elcotarro.com\/?s={search_term_string}\"},\"query-input\":{\"@type\":\"PropertyValueSpecification\",\"valueRequired\":true,\"valueName\":\"search_term_string\"}}],\"inLanguage\":\"es\"},{\"@type\":\"Organization\",\"@id\":\"https:\/\/elcotarro.com\/#organization\",\"name\":\"El Cotarro\",\"url\":\"https:\/\/elcotarro.com\/\",\"logo\":{\"@type\":\"ImageObject\",\"inLanguage\":\"es\",\"@id\":\"https:\/\/elcotarro.com\/#\/schema\/logo\/image\/\",\"url\":\"https:\/\/elcotarro.com\/wp-content\/uploads\/2014\/09\/Cabecera_El_Cotarro_v2.jpg\",\"contentUrl\":\"https:\/\/elcotarro.com\/wp-content\/uploads\/2014\/09\/Cabecera_El_Cotarro_v2.jpg\",\"width\":3540,\"height\":441,\"caption\":\"El Cotarro\"},\"image\":{\"@id\":\"https:\/\/elcotarro.com\/#\/schema\/logo\/image\/\"},\"sameAs\":[\"https:\/\/www.facebook.com\/ElCotarro.Tenerife\"]},{\"@type\":\"Person\",\"@id\":\"https:\/\/elcotarro.com\/#\/schema\/person\/af537ee7d60d15984c7e0affcd8a918b\",\"name\":\"Jos\u00e9 Carlos Marrero Gonz\u00e1lez\",\"image\":{\"@type\":\"ImageObject\",\"inLanguage\":\"es\",\"@id\":\"https:\/\/elcotarro.com\/#\/schema\/person\/image\/\",\"url\":\"https:\/\/secure.gravatar.com\/avatar\/def4da036efb5d32c74d49c351f6dccc064dd69ad9f3aadc295c5a9a5391ca01?s=96&d=mm&r=g\",\"contentUrl\":\"https:\/\/secure.gravatar.com\/avatar\/def4da036efb5d32c74d49c351f6dccc064dd69ad9f3aadc295c5a9a5391ca01?s=96&d=mm&r=g\",\"caption\":\"Jos\u00e9 Carlos Marrero Gonz\u00e1lez\"},\"sameAs\":[\"https:\/\/elcotarro.com\"],\"url\":\"https:\/\/elcotarro.com\/?author=2\"}]}<\/script>\n<!-- \/ Yoast SEO plugin. -->","yoast_head_json":{"title":"EMPUJADORAS, ARRASTRADORAS Y\u2026 - El Cotarro","robots":{"index":"index","follow":"follow","max-snippet":"max-snippet:-1","max-image-preview":"max-image-preview:large","max-video-preview":"max-video-preview:-1"},"canonical":"https:\/\/elcotarro.com\/?p=2364","og_locale":"es_ES","og_type":"article","og_title":"EMPUJADORAS, ARRASTRADORAS Y\u2026 - El Cotarro","og_description":"Aunque ya la Cuaresma comenz\u00f3 hace d\u00edas, seguimos con los coletazos carnavaleros y por ello, tal como les adelant\u00e9 en El Cotarro del domingo pasado, quiero compartir con ustedes una \u201cespinita carnavalera\u201d que tengo por sacar desde hace a\u00f1os. Igual ahora se monta con ello una pol\u00e9mica, pero as\u00ed entramos en calorcito&#8230; Tengo para m\u00ed ... Read more","og_url":"https:\/\/elcotarro.com\/?p=2364","og_site_name":"El Cotarro","article_publisher":"https:\/\/www.facebook.com\/ElCotarro.Tenerife","article_published_time":"2016-02-21T11:05:35+00:00","og_image":[{"url":"https:\/\/elcotarro.com\/wp-content\/uploads\/2016\/02\/FOTO-1.-Traje-de-la-Reina-2016.jpg","type":"","width":"","height":""}],"author":"Jos\u00e9 Carlos Marrero Gonz\u00e1lez","twitter_misc":{"Escrito por":"Jos\u00e9 Carlos Marrero Gonz\u00e1lez","Tiempo de lectura":"1 minuto"},"schema":{"@context":"https:\/\/schema.org","@graph":[{"@type":"Article","@id":"https:\/\/elcotarro.com\/?p=2364#article","isPartOf":{"@id":"https:\/\/elcotarro.com\/?p=2364"},"author":{"name":"Jos\u00e9 Carlos Marrero Gonz\u00e1lez","@id":"https:\/\/elcotarro.com\/#\/schema\/person\/af537ee7d60d15984c7e0affcd8a918b"},"headline":"EMPUJADORAS, ARRASTRADORAS Y\u2026","datePublished":"2016-02-21T11:05:35+00:00","mainEntityOfPage":{"@id":"https:\/\/elcotarro.com\/?p=2364"},"wordCount":275,"commentCount":0,"publisher":{"@id":"https:\/\/elcotarro.com\/#organization"},"image":{"@id":"https:\/\/elcotarro.com\/?p=2364#primaryimage"},"thumbnailUrl":"https:\/\/elcotarro.com\/wp-content\/uploads\/2016\/02\/FOTO-1.-Traje-de-la-Reina-2016.jpg","articleSection":["Carnaval"],"inLanguage":"es","potentialAction":[{"@type":"CommentAction","name":"Comment","target":["https:\/\/elcotarro.com\/?p=2364#respond"]}]},{"@type":"WebPage","@id":"https:\/\/elcotarro.com\/?p=2364","url":"https:\/\/elcotarro.com\/?p=2364","name":"EMPUJADORAS, ARRASTRADORAS Y\u2026 - El Cotarro","isPartOf":{"@id":"https:\/\/elcotarro.com\/#website"},"primaryImageOfPage":{"@id":"https:\/\/elcotarro.com\/?p=2364#primaryimage"},"image":{"@id":"https:\/\/elcotarro.com\/?p=2364#primaryimage"},"thumbnailUrl":"https:\/\/elcotarro.com\/wp-content\/uploads\/2016\/02\/FOTO-1.-Traje-de-la-Reina-2016.jpg","datePublished":"2016-02-21T11:05:35+00:00","breadcrumb":{"@id":"https:\/\/elcotarro.com\/?p=2364#breadcrumb"},"inLanguage":"es","potentialAction":[{"@type":"ReadAction","target":["https:\/\/elcotarro.com\/?p=2364"]}]},{"@type":"ImageObject","inLanguage":"es","@id":"https:\/\/elcotarro.com\/?p=2364#primaryimage","url":"https:\/\/elcotarro.com\/wp-content\/uploads\/2016\/02\/FOTO-1.-Traje-de-la-Reina-2016.jpg","contentUrl":"https:\/\/elcotarro.com\/wp-content\/uploads\/2016\/02\/FOTO-1.-Traje-de-la-Reina-2016.jpg","width":750,"height":563},{"@type":"BreadcrumbList","@id":"https:\/\/elcotarro.com\/?p=2364#breadcrumb","itemListElement":[{"@type":"ListItem","position":1,"name":"Portada","item":"https:\/\/elcotarro.com\/"},{"@type":"ListItem","position":2,"name":"EMPUJADORAS, ARRASTRADORAS Y\u2026"}]},{"@type":"WebSite","@id":"https:\/\/elcotarro.com\/#website","url":"https:\/\/elcotarro.com\/","name":"El Cotarro","description":"Peri\u00f3dico Digital Independiente dirigido por Jos\u00e9 Carlos Marrero","publisher":{"@id":"https:\/\/elcotarro.com\/#organization"},"potentialAction":[{"@type":"SearchAction","target":{"@type":"EntryPoint","urlTemplate":"https:\/\/elcotarro.com\/?s={search_term_string}"},"query-input":{"@type":"PropertyValueSpecification","valueRequired":true,"valueName":"search_term_string"}}],"inLanguage":"es"},{"@type":"Organization","@id":"https:\/\/elcotarro.com\/#organization","name":"El Cotarro","url":"https:\/\/elcotarro.com\/","logo":{"@type":"ImageObject","inLanguage":"es","@id":"https:\/\/elcotarro.com\/#\/schema\/logo\/image\/","url":"https:\/\/elcotarro.com\/wp-content\/uploads\/2014\/09\/Cabecera_El_Cotarro_v2.jpg","contentUrl":"https:\/\/elcotarro.com\/wp-content\/uploads\/2014\/09\/Cabecera_El_Cotarro_v2.jpg","width":3540,"height":441,"caption":"El Cotarro"},"image":{"@id":"https:\/\/elcotarro.com\/#\/schema\/logo\/image\/"},"sameAs":["https:\/\/www.facebook.com\/ElCotarro.Tenerife"]},{"@type":"Person","@id":"https:\/\/elcotarro.com\/#\/schema\/person\/af537ee7d60d15984c7e0affcd8a918b","name":"Jos\u00e9 Carlos Marrero Gonz\u00e1lez","image":{"@type":"ImageObject","inLanguage":"es","@id":"https:\/\/elcotarro.com\/#\/schema\/person\/image\/","url":"https:\/\/secure.gravatar.com\/avatar\/def4da036efb5d32c74d49c351f6dccc064dd69ad9f3aadc295c5a9a5391ca01?s=96&d=mm&r=g","contentUrl":"https:\/\/secure.gravatar.com\/avatar\/def4da036efb5d32c74d49c351f6dccc064dd69ad9f3aadc295c5a9a5391ca01?s=96&d=mm&r=g","caption":"Jos\u00e9 Carlos Marrero Gonz\u00e1lez"},"sameAs":["https:\/\/elcotarro.com"],"url":"https:\/\/elcotarro.com\/?author=2"}]}},"jetpack_featured_media_url":"","jetpack_sharing_enabled":true,"_links":{"self":[{"href":"https:\/\/elcotarro.com\/index.php?rest_route=\/wp\/v2\/posts\/2364","targetHints":{"allow":["GET"]}}],"collection":[{"href":"https:\/\/elcotarro.com\/index.php?rest_route=\/wp\/v2\/posts"}],"about":[{"href":"https:\/\/elcotarro.com\/index.php?rest_route=\/wp\/v2\/types\/post"}],"author":[{"embeddable":true,"href":"https:\/\/elcotarro.com\/index.php?rest_route=\/wp\/v2\/users\/2"}],"replies":[{"embeddable":true,"href":"https:\/\/elcotarro.com\/index.php?rest_route=%2Fwp%2Fv2%2Fcomments&post=2364"}],"version-history":[{"count":1,"href":"https:\/\/elcotarro.com\/index.php?rest_route=\/wp\/v2\/posts\/2364\/revisions"}],"predecessor-version":[{"id":2366,"href":"https:\/\/elcotarro.com\/index.php?rest_route=\/wp\/v2\/posts\/2364\/revisions\/2366"}],"wp:attachment":[{"href":"https:\/\/elcotarro.com\/index.php?rest_route=%2Fwp%2Fv2%2Fmedia&parent=2364"}],"wp:term":[{"taxonomy":"category","embeddable":true,"href":"https:\/\/elcotarro.com\/index.php?rest_route=%2Fwp%2Fv2%2Fcategories&post=2364"},{"taxonomy":"post_tag","embeddable":true,"href":"https:\/\/elcotarro.com\/index.php?rest_route=%2Fwp%2Fv2%2Ftags&post=2364"}],"curies":[{"name":"wp","href":"https:\/\/api.w.org\/{rel}","templated":true}]}}