{"id":2400,"date":"2016-02-28T11:05:20","date_gmt":"2016-02-28T11:05:20","guid":{"rendered":"https:\/\/elcotarro.com\/?p=2400"},"modified":"2016-02-27T11:35:35","modified_gmt":"2016-02-27T11:35:35","slug":"parece-que-empezo-por-el-cotarro-2","status":"publish","type":"post","link":"https:\/\/elcotarro.com\/?p=2400","title":{"rendered":"PARECE QUE EMPEZ\u00d3 POR EL COTARRO"},"content":{"rendered":"<p>No me lo termino de creer pero, a lo peor, mis informantes van a tener raz\u00f3n. Me refiero al motivo del desencuentro entre el alcalde de La Laguna <strong>Jos\u00e9 Alberto D\u00edaz Dom\u00ednguez<\/strong> y su primer teniente de alcalde, <strong>Javier Abreu Gonz\u00e1lez<\/strong>, que ha degenerado en una situaci\u00f3n (creo que de lo m\u00e1s inc\u00f3moda y desagradable) en la que los dos \u201cgallos\u201d laguneros se hablan solo lo justito, por no decir que casi no se hablan y, en su caso, de temas estrictamente \u201cde trabajo\u201d. Verdaderamente lamentable e insostenible en el tiempo.<\/p>\n<p><a href=\"https:\/\/elcotarro.com\/wp-content\/uploads\/2016\/02\/FOTO-1.-Jos\u00e9-Alberto-D\u00edaz-Dom\u00ednguez-1.jpg\"><img loading=\"lazy\" decoding=\"async\" class=\"size-full wp-image-2401 aligncenter\" src=\"https:\/\/elcotarro.com\/wp-content\/uploads\/2016\/02\/FOTO-1.-Jos\u00e9-Alberto-D\u00edaz-Dom\u00ednguez-1.jpg\" alt=\"19-05-2015 la laguna Entrevista a Jos\u00e9 Alberto D\u00edaz (CC)\" width=\"600\" height=\"400\" srcset=\"https:\/\/elcotarro.com\/wp-content\/uploads\/2016\/02\/FOTO-1.-Jos\u00e9-Alberto-D\u00edaz-Dom\u00ednguez-1.jpg 600w, https:\/\/elcotarro.com\/wp-content\/uploads\/2016\/02\/FOTO-1.-Jos\u00e9-Alberto-D\u00edaz-Dom\u00ednguez-1-300x200.jpg 300w\" sizes=\"auto, (max-width: 600px) 100vw, 600px\" \/><\/a><\/p>\n<p style=\"text-align: center\"><em>Jos\u00e9 Alberto D\u00edaz Dom\u00ednguez, alcalde del municipio de San Crist\u00f3bal de La Laguna<\/em><\/p>\n","protected":false},"excerpt":{"rendered":"<p>No me lo termino de creer pero, a lo peor, mis informantes van a tener raz\u00f3n. Me refiero al motivo del desencuentro entre el alcalde de La Laguna Jos\u00e9 Alberto D\u00edaz Dom\u00ednguez y su primer teniente de alcalde, Javier Abreu Gonz\u00e1lez, que ha degenerado en una situaci\u00f3n (creo que de lo m\u00e1s inc\u00f3moda y desagradable) &#8230; <a class=\"read-more\" href=\"https:\/\/elcotarro.com\/?p=2400\">Read more<\/a><\/p>\n","protected":false},"author":2,"featured_media":0,"comment_status":"open","ping_status":"open","sticky":false,"template":"","format":"standard","meta":{"_jetpack_memberships_contains_paid_content":false,"footnotes":""},"categories":[7],"tags":[],"class_list":["post-2400","post","type-post","status-publish","format-standard","hentry","category-politica"],"yoast_head":"<!-- This site is optimized with the Yoast SEO plugin v27.0 - https:\/\/yoast.com\/product\/yoast-seo-wordpress\/ -->\n<title>PARECE QUE EMPEZ\u00d3 POR EL COTARRO - El Cotarro<\/title>\n<meta name=\"robots\" content=\"index, follow, max-snippet:-1, max-image-preview:large, max-video-preview:-1\" \/>\n<link rel=\"canonical\" href=\"https:\/\/elcotarro.com\/?p=2400\" \/>\n<meta property=\"og:locale\" content=\"es_ES\" \/>\n<meta property=\"og:type\" content=\"article\" \/>\n<meta property=\"og:title\" content=\"PARECE QUE EMPEZ\u00d3 POR EL COTARRO - El Cotarro\" \/>\n<meta property=\"og:description\" content=\"No me lo termino de creer pero, a lo peor, mis informantes van a tener raz\u00f3n. Me refiero al motivo del desencuentro entre el alcalde de La Laguna Jos\u00e9 Alberto D\u00edaz Dom\u00ednguez y su primer teniente de alcalde, Javier Abreu Gonz\u00e1lez, que ha degenerado en una situaci\u00f3n (creo que de lo m\u00e1s inc\u00f3moda y desagradable) ... Read more\" \/>\n<meta property=\"og:url\" content=\"https:\/\/elcotarro.com\/?p=2400\" \/>\n<meta property=\"og:site_name\" content=\"El Cotarro\" \/>\n<meta property=\"article:publisher\" content=\"https:\/\/www.facebook.com\/ElCotarro.Tenerife\" \/>\n<meta property=\"article:published_time\" content=\"2016-02-28T11:05:20+00:00\" \/>\n<meta name=\"author\" content=\"Jos\u00e9 Carlos Marrero Gonz\u00e1lez\" \/>\n<meta name=\"twitter:label1\" content=\"Escrito por\" \/>\n\t<meta name=\"twitter:data1\" content=\"Jos\u00e9 Carlos Marrero Gonz\u00e1lez\" \/>\n\t<meta name=\"twitter:label2\" content=\"Tiempo de lectura\" \/>\n\t<meta name=\"twitter:data2\" content=\"1 minuto\" \/>\n<script type=\"application\/ld+json\" class=\"yoast-schema-graph\">{\"@context\":\"https:\/\/schema.org\",\"@graph\":[{\"@type\":\"Article\",\"@id\":\"https:\/\/elcotarro.com\/?p=2400#article\",\"isPartOf\":{\"@id\":\"https:\/\/elcotarro.com\/?p=2400\"},\"author\":{\"name\":\"Jos\u00e9 Carlos Marrero Gonz\u00e1lez\",\"@id\":\"https:\/\/elcotarro.com\/#\/schema\/person\/af537ee7d60d15984c7e0affcd8a918b\"},\"headline\":\"PARECE QUE EMPEZ\u00d3 POR EL COTARRO\",\"datePublished\":\"2016-02-28T11:05:20+00:00\",\"mainEntityOfPage\":{\"@id\":\"https:\/\/elcotarro.com\/?p=2400\"},\"wordCount\":120,\"commentCount\":0,\"publisher\":{\"@id\":\"https:\/\/elcotarro.com\/#organization\"},\"articleSection\":[\"Pol\u00edtica\"],\"inLanguage\":\"es\",\"potentialAction\":[{\"@type\":\"CommentAction\",\"name\":\"Comment\",\"target\":[\"https:\/\/elcotarro.com\/?p=2400#respond\"]}]},{\"@type\":\"WebPage\",\"@id\":\"https:\/\/elcotarro.com\/?p=2400\",\"url\":\"https:\/\/elcotarro.com\/?p=2400\",\"name\":\"PARECE QUE EMPEZ\u00d3 POR EL COTARRO - El Cotarro\",\"isPartOf\":{\"@id\":\"https:\/\/elcotarro.com\/#website\"},\"datePublished\":\"2016-02-28T11:05:20+00:00\",\"breadcrumb\":{\"@id\":\"https:\/\/elcotarro.com\/?p=2400#breadcrumb\"},\"inLanguage\":\"es\",\"potentialAction\":[{\"@type\":\"ReadAction\",\"target\":[\"https:\/\/elcotarro.com\/?p=2400\"]}]},{\"@type\":\"BreadcrumbList\",\"@id\":\"https:\/\/elcotarro.com\/?p=2400#breadcrumb\",\"itemListElement\":[{\"@type\":\"ListItem\",\"position\":1,\"name\":\"Portada\",\"item\":\"https:\/\/elcotarro.com\/\"},{\"@type\":\"ListItem\",\"position\":2,\"name\":\"PARECE QUE EMPEZ\u00d3 POR EL COTARRO\"}]},{\"@type\":\"WebSite\",\"@id\":\"https:\/\/elcotarro.com\/#website\",\"url\":\"https:\/\/elcotarro.com\/\",\"name\":\"El Cotarro\",\"description\":\"Peri\u00f3dico Digital Independiente dirigido por Jos\u00e9 Carlos Marrero\",\"publisher\":{\"@id\":\"https:\/\/elcotarro.com\/#organization\"},\"potentialAction\":[{\"@type\":\"SearchAction\",\"target\":{\"@type\":\"EntryPoint\",\"urlTemplate\":\"https:\/\/elcotarro.com\/?s={search_term_string}\"},\"query-input\":{\"@type\":\"PropertyValueSpecification\",\"valueRequired\":true,\"valueName\":\"search_term_string\"}}],\"inLanguage\":\"es\"},{\"@type\":\"Organization\",\"@id\":\"https:\/\/elcotarro.com\/#organization\",\"name\":\"El Cotarro\",\"url\":\"https:\/\/elcotarro.com\/\",\"logo\":{\"@type\":\"ImageObject\",\"inLanguage\":\"es\",\"@id\":\"https:\/\/elcotarro.com\/#\/schema\/logo\/image\/\",\"url\":\"https:\/\/elcotarro.com\/wp-content\/uploads\/2014\/09\/Cabecera_El_Cotarro_v2.jpg\",\"contentUrl\":\"https:\/\/elcotarro.com\/wp-content\/uploads\/2014\/09\/Cabecera_El_Cotarro_v2.jpg\",\"width\":3540,\"height\":441,\"caption\":\"El Cotarro\"},\"image\":{\"@id\":\"https:\/\/elcotarro.com\/#\/schema\/logo\/image\/\"},\"sameAs\":[\"https:\/\/www.facebook.com\/ElCotarro.Tenerife\"]},{\"@type\":\"Person\",\"@id\":\"https:\/\/elcotarro.com\/#\/schema\/person\/af537ee7d60d15984c7e0affcd8a918b\",\"name\":\"Jos\u00e9 Carlos Marrero Gonz\u00e1lez\",\"image\":{\"@type\":\"ImageObject\",\"inLanguage\":\"es\",\"@id\":\"https:\/\/elcotarro.com\/#\/schema\/person\/image\/\",\"url\":\"https:\/\/secure.gravatar.com\/avatar\/def4da036efb5d32c74d49c351f6dccc064dd69ad9f3aadc295c5a9a5391ca01?s=96&d=mm&r=g\",\"contentUrl\":\"https:\/\/secure.gravatar.com\/avatar\/def4da036efb5d32c74d49c351f6dccc064dd69ad9f3aadc295c5a9a5391ca01?s=96&d=mm&r=g\",\"caption\":\"Jos\u00e9 Carlos Marrero Gonz\u00e1lez\"},\"sameAs\":[\"https:\/\/elcotarro.com\"],\"url\":\"https:\/\/elcotarro.com\/?author=2\"}]}<\/script>\n<!-- \/ Yoast SEO plugin. -->","yoast_head_json":{"title":"PARECE QUE EMPEZ\u00d3 POR EL COTARRO - El Cotarro","robots":{"index":"index","follow":"follow","max-snippet":"max-snippet:-1","max-image-preview":"max-image-preview:large","max-video-preview":"max-video-preview:-1"},"canonical":"https:\/\/elcotarro.com\/?p=2400","og_locale":"es_ES","og_type":"article","og_title":"PARECE QUE EMPEZ\u00d3 POR EL COTARRO - El Cotarro","og_description":"No me lo termino de creer pero, a lo peor, mis informantes van a tener raz\u00f3n. Me refiero al motivo del desencuentro entre el alcalde de La Laguna Jos\u00e9 Alberto D\u00edaz Dom\u00ednguez y su primer teniente de alcalde, Javier Abreu Gonz\u00e1lez, que ha degenerado en una situaci\u00f3n (creo que de lo m\u00e1s inc\u00f3moda y desagradable) ... Read more","og_url":"https:\/\/elcotarro.com\/?p=2400","og_site_name":"El Cotarro","article_publisher":"https:\/\/www.facebook.com\/ElCotarro.Tenerife","article_published_time":"2016-02-28T11:05:20+00:00","author":"Jos\u00e9 Carlos Marrero Gonz\u00e1lez","twitter_misc":{"Escrito por":"Jos\u00e9 Carlos Marrero Gonz\u00e1lez","Tiempo de lectura":"1 minuto"},"schema":{"@context":"https:\/\/schema.org","@graph":[{"@type":"Article","@id":"https:\/\/elcotarro.com\/?p=2400#article","isPartOf":{"@id":"https:\/\/elcotarro.com\/?p=2400"},"author":{"name":"Jos\u00e9 Carlos Marrero Gonz\u00e1lez","@id":"https:\/\/elcotarro.com\/#\/schema\/person\/af537ee7d60d15984c7e0affcd8a918b"},"headline":"PARECE QUE EMPEZ\u00d3 POR EL COTARRO","datePublished":"2016-02-28T11:05:20+00:00","mainEntityOfPage":{"@id":"https:\/\/elcotarro.com\/?p=2400"},"wordCount":120,"commentCount":0,"publisher":{"@id":"https:\/\/elcotarro.com\/#organization"},"articleSection":["Pol\u00edtica"],"inLanguage":"es","potentialAction":[{"@type":"CommentAction","name":"Comment","target":["https:\/\/elcotarro.com\/?p=2400#respond"]}]},{"@type":"WebPage","@id":"https:\/\/elcotarro.com\/?p=2400","url":"https:\/\/elcotarro.com\/?p=2400","name":"PARECE QUE EMPEZ\u00d3 POR EL COTARRO - El Cotarro","isPartOf":{"@id":"https:\/\/elcotarro.com\/#website"},"datePublished":"2016-02-28T11:05:20+00:00","breadcrumb":{"@id":"https:\/\/elcotarro.com\/?p=2400#breadcrumb"},"inLanguage":"es","potentialAction":[{"@type":"ReadAction","target":["https:\/\/elcotarro.com\/?p=2400"]}]},{"@type":"BreadcrumbList","@id":"https:\/\/elcotarro.com\/?p=2400#breadcrumb","itemListElement":[{"@type":"ListItem","position":1,"name":"Portada","item":"https:\/\/elcotarro.com\/"},{"@type":"ListItem","position":2,"name":"PARECE QUE EMPEZ\u00d3 POR EL COTARRO"}]},{"@type":"WebSite","@id":"https:\/\/elcotarro.com\/#website","url":"https:\/\/elcotarro.com\/","name":"El Cotarro","description":"Peri\u00f3dico Digital Independiente dirigido por Jos\u00e9 Carlos Marrero","publisher":{"@id":"https:\/\/elcotarro.com\/#organization"},"potentialAction":[{"@type":"SearchAction","target":{"@type":"EntryPoint","urlTemplate":"https:\/\/elcotarro.com\/?s={search_term_string}"},"query-input":{"@type":"PropertyValueSpecification","valueRequired":true,"valueName":"search_term_string"}}],"inLanguage":"es"},{"@type":"Organization","@id":"https:\/\/elcotarro.com\/#organization","name":"El Cotarro","url":"https:\/\/elcotarro.com\/","logo":{"@type":"ImageObject","inLanguage":"es","@id":"https:\/\/elcotarro.com\/#\/schema\/logo\/image\/","url":"https:\/\/elcotarro.com\/wp-content\/uploads\/2014\/09\/Cabecera_El_Cotarro_v2.jpg","contentUrl":"https:\/\/elcotarro.com\/wp-content\/uploads\/2014\/09\/Cabecera_El_Cotarro_v2.jpg","width":3540,"height":441,"caption":"El Cotarro"},"image":{"@id":"https:\/\/elcotarro.com\/#\/schema\/logo\/image\/"},"sameAs":["https:\/\/www.facebook.com\/ElCotarro.Tenerife"]},{"@type":"Person","@id":"https:\/\/elcotarro.com\/#\/schema\/person\/af537ee7d60d15984c7e0affcd8a918b","name":"Jos\u00e9 Carlos Marrero Gonz\u00e1lez","image":{"@type":"ImageObject","inLanguage":"es","@id":"https:\/\/elcotarro.com\/#\/schema\/person\/image\/","url":"https:\/\/secure.gravatar.com\/avatar\/def4da036efb5d32c74d49c351f6dccc064dd69ad9f3aadc295c5a9a5391ca01?s=96&d=mm&r=g","contentUrl":"https:\/\/secure.gravatar.com\/avatar\/def4da036efb5d32c74d49c351f6dccc064dd69ad9f3aadc295c5a9a5391ca01?s=96&d=mm&r=g","caption":"Jos\u00e9 Carlos Marrero Gonz\u00e1lez"},"sameAs":["https:\/\/elcotarro.com"],"url":"https:\/\/elcotarro.com\/?author=2"}]}},"jetpack_featured_media_url":"","jetpack_sharing_enabled":true,"_links":{"self":[{"href":"https:\/\/elcotarro.com\/index.php?rest_route=\/wp\/v2\/posts\/2400","targetHints":{"allow":["GET"]}}],"collection":[{"href":"https:\/\/elcotarro.com\/index.php?rest_route=\/wp\/v2\/posts"}],"about":[{"href":"https:\/\/elcotarro.com\/index.php?rest_route=\/wp\/v2\/types\/post"}],"author":[{"embeddable":true,"href":"https:\/\/elcotarro.com\/index.php?rest_route=\/wp\/v2\/users\/2"}],"replies":[{"embeddable":true,"href":"https:\/\/elcotarro.com\/index.php?rest_route=%2Fwp%2Fv2%2Fcomments&post=2400"}],"version-history":[{"count":3,"href":"https:\/\/elcotarro.com\/index.php?rest_route=\/wp\/v2\/posts\/2400\/revisions"}],"predecessor-version":[{"id":2404,"href":"https:\/\/elcotarro.com\/index.php?rest_route=\/wp\/v2\/posts\/2400\/revisions\/2404"}],"wp:attachment":[{"href":"https:\/\/elcotarro.com\/index.php?rest_route=%2Fwp%2Fv2%2Fmedia&parent=2400"}],"wp:term":[{"taxonomy":"category","embeddable":true,"href":"https:\/\/elcotarro.com\/index.php?rest_route=%2Fwp%2Fv2%2Fcategories&post=2400"},{"taxonomy":"post_tag","embeddable":true,"href":"https:\/\/elcotarro.com\/index.php?rest_route=%2Fwp%2Fv2%2Ftags&post=2400"}],"curies":[{"name":"wp","href":"https:\/\/api.w.org\/{rel}","templated":true}]}}