{"id":2405,"date":"2016-02-28T11:04:45","date_gmt":"2016-02-28T11:04:45","guid":{"rendered":"https:\/\/elcotarro.com\/?p=2405"},"modified":"2016-02-27T11:37:37","modified_gmt":"2016-02-27T11:37:37","slug":"desencuentro-en-el-tonique","status":"publish","type":"post","link":"https:\/\/elcotarro.com\/?p=2405","title":{"rendered":"DESENCUENTRO EN \u201cEL TONIQUE\u201d"},"content":{"rendered":"<p>Recordar\u00e1n que un domingo del mes de julio del pasado a\u00f1o, les coment\u00e9 que <strong>Jos\u00e9 Alberto D\u00edaz<\/strong> no hab\u00eda saludado al influyente l\u00edder socialista, <strong>Pedro Ramos Negr\u00edn<\/strong> (presidente del PSOE en La Laguna y al mismo tiempo puntal del departamento de Recursos Humanos del Hospital Universitario de Canarias) que, en la popular y lagunera tasca \u201cEl Tonique\u201d, estaba compartiendo mesa y mantel con el tambi\u00e9n influyente empresario <strong>Pedro Luis Cobiella Su\u00e1rez<\/strong> (presidente del Grupo Hospitalario Hospit\u00e9n) que a su vez estaba acompa\u00f1ado por <strong>Antonio Sierra<\/strong> (prestigioso doctor en medicina). Lo cierto y verdad es que, al parecer, un desbordado y despistado <strong>Jos\u00e9 Alberto D\u00edaz<\/strong>, ni se percat\u00f3 de la presencia de los tres ya mencionados, o simplemente, no los reconoci\u00f3.<\/p>\n<p style=\"text-align: center\"><a href=\"https:\/\/elcotarro.com\/wp-content\/uploads\/2016\/02\/FOTO-2.-Abreu-con-S\u00e1nchez-y-Negr\u00edn.jpg\"><img loading=\"lazy\" decoding=\"async\" class=\"alignnone size-full wp-image-2406\" src=\"https:\/\/elcotarro.com\/wp-content\/uploads\/2016\/02\/FOTO-2.-Abreu-con-S\u00e1nchez-y-Negr\u00edn.jpg\" alt=\"FOTO-2.--Abreu-con-S\u00e1nchez-y-Negr\u00edn\" width=\"750\" height=\"812\" srcset=\"https:\/\/elcotarro.com\/wp-content\/uploads\/2016\/02\/FOTO-2.-Abreu-con-S\u00e1nchez-y-Negr\u00edn.jpg 750w, https:\/\/elcotarro.com\/wp-content\/uploads\/2016\/02\/FOTO-2.-Abreu-con-S\u00e1nchez-y-Negr\u00edn-277x300.jpg 277w\" sizes=\"auto, (max-width: 750px) 100vw, 750px\" \/><\/a><\/p>\n<p style=\"text-align: center\"><em>Javier Abreu (i) con Pedro S\u00e1nchez (c) y Pedro Ramos Negr\u00edn<\/em><\/p>\n","protected":false},"excerpt":{"rendered":"<p>Recordar\u00e1n que un domingo del mes de julio del pasado a\u00f1o, les coment\u00e9 que Jos\u00e9 Alberto D\u00edaz no hab\u00eda saludado al influyente l\u00edder socialista, Pedro Ramos Negr\u00edn (presidente del PSOE en La Laguna y al mismo tiempo puntal del departamento de Recursos Humanos del Hospital Universitario de Canarias) que, en la popular y lagunera tasca &#8230; <a class=\"read-more\" href=\"https:\/\/elcotarro.com\/?p=2405\">Read more<\/a><\/p>\n","protected":false},"author":2,"featured_media":0,"comment_status":"open","ping_status":"open","sticky":false,"template":"","format":"standard","meta":{"_jetpack_memberships_contains_paid_content":false,"footnotes":""},"categories":[7],"tags":[],"class_list":["post-2405","post","type-post","status-publish","format-standard","hentry","category-politica"],"yoast_head":"<!-- This site is optimized with the Yoast SEO plugin v27.0 - https:\/\/yoast.com\/product\/yoast-seo-wordpress\/ -->\n<title>DESENCUENTRO EN \u201cEL TONIQUE\u201d - El Cotarro<\/title>\n<meta name=\"robots\" content=\"index, follow, max-snippet:-1, max-image-preview:large, max-video-preview:-1\" \/>\n<link rel=\"canonical\" href=\"https:\/\/elcotarro.com\/?p=2405\" \/>\n<meta property=\"og:locale\" content=\"es_ES\" \/>\n<meta property=\"og:type\" content=\"article\" \/>\n<meta property=\"og:title\" content=\"DESENCUENTRO EN \u201cEL TONIQUE\u201d - El Cotarro\" \/>\n<meta property=\"og:description\" content=\"Recordar\u00e1n que un domingo del mes de julio del pasado a\u00f1o, les coment\u00e9 que Jos\u00e9 Alberto D\u00edaz no hab\u00eda saludado al influyente l\u00edder socialista, Pedro Ramos Negr\u00edn (presidente del PSOE en La Laguna y al mismo tiempo puntal del departamento de Recursos Humanos del Hospital Universitario de Canarias) que, en la popular y lagunera tasca ... Read more\" \/>\n<meta property=\"og:url\" content=\"https:\/\/elcotarro.com\/?p=2405\" \/>\n<meta property=\"og:site_name\" content=\"El Cotarro\" \/>\n<meta property=\"article:publisher\" content=\"https:\/\/www.facebook.com\/ElCotarro.Tenerife\" \/>\n<meta property=\"article:published_time\" content=\"2016-02-28T11:04:45+00:00\" \/>\n<meta name=\"author\" content=\"Jos\u00e9 Carlos Marrero Gonz\u00e1lez\" \/>\n<meta name=\"twitter:label1\" content=\"Escrito por\" \/>\n\t<meta name=\"twitter:data1\" content=\"Jos\u00e9 Carlos Marrero Gonz\u00e1lez\" \/>\n\t<meta name=\"twitter:label2\" content=\"Tiempo de lectura\" \/>\n\t<meta name=\"twitter:data2\" content=\"1 minuto\" \/>\n<script type=\"application\/ld+json\" class=\"yoast-schema-graph\">{\"@context\":\"https:\/\/schema.org\",\"@graph\":[{\"@type\":\"Article\",\"@id\":\"https:\/\/elcotarro.com\/?p=2405#article\",\"isPartOf\":{\"@id\":\"https:\/\/elcotarro.com\/?p=2405\"},\"author\":{\"name\":\"Jos\u00e9 Carlos Marrero Gonz\u00e1lez\",\"@id\":\"https:\/\/elcotarro.com\/#\/schema\/person\/af537ee7d60d15984c7e0affcd8a918b\"},\"headline\":\"DESENCUENTRO EN \u201cEL TONIQUE\u201d\",\"datePublished\":\"2016-02-28T11:04:45+00:00\",\"mainEntityOfPage\":{\"@id\":\"https:\/\/elcotarro.com\/?p=2405\"},\"wordCount\":148,\"commentCount\":0,\"publisher\":{\"@id\":\"https:\/\/elcotarro.com\/#organization\"},\"articleSection\":[\"Pol\u00edtica\"],\"inLanguage\":\"es\",\"potentialAction\":[{\"@type\":\"CommentAction\",\"name\":\"Comment\",\"target\":[\"https:\/\/elcotarro.com\/?p=2405#respond\"]}]},{\"@type\":\"WebPage\",\"@id\":\"https:\/\/elcotarro.com\/?p=2405\",\"url\":\"https:\/\/elcotarro.com\/?p=2405\",\"name\":\"DESENCUENTRO EN \u201cEL TONIQUE\u201d - El Cotarro\",\"isPartOf\":{\"@id\":\"https:\/\/elcotarro.com\/#website\"},\"datePublished\":\"2016-02-28T11:04:45+00:00\",\"breadcrumb\":{\"@id\":\"https:\/\/elcotarro.com\/?p=2405#breadcrumb\"},\"inLanguage\":\"es\",\"potentialAction\":[{\"@type\":\"ReadAction\",\"target\":[\"https:\/\/elcotarro.com\/?p=2405\"]}]},{\"@type\":\"BreadcrumbList\",\"@id\":\"https:\/\/elcotarro.com\/?p=2405#breadcrumb\",\"itemListElement\":[{\"@type\":\"ListItem\",\"position\":1,\"name\":\"Portada\",\"item\":\"https:\/\/elcotarro.com\/\"},{\"@type\":\"ListItem\",\"position\":2,\"name\":\"DESENCUENTRO EN \u201cEL TONIQUE\u201d\"}]},{\"@type\":\"WebSite\",\"@id\":\"https:\/\/elcotarro.com\/#website\",\"url\":\"https:\/\/elcotarro.com\/\",\"name\":\"El Cotarro\",\"description\":\"Peri\u00f3dico Digital Independiente dirigido por Jos\u00e9 Carlos Marrero\",\"publisher\":{\"@id\":\"https:\/\/elcotarro.com\/#organization\"},\"potentialAction\":[{\"@type\":\"SearchAction\",\"target\":{\"@type\":\"EntryPoint\",\"urlTemplate\":\"https:\/\/elcotarro.com\/?s={search_term_string}\"},\"query-input\":{\"@type\":\"PropertyValueSpecification\",\"valueRequired\":true,\"valueName\":\"search_term_string\"}}],\"inLanguage\":\"es\"},{\"@type\":\"Organization\",\"@id\":\"https:\/\/elcotarro.com\/#organization\",\"name\":\"El Cotarro\",\"url\":\"https:\/\/elcotarro.com\/\",\"logo\":{\"@type\":\"ImageObject\",\"inLanguage\":\"es\",\"@id\":\"https:\/\/elcotarro.com\/#\/schema\/logo\/image\/\",\"url\":\"https:\/\/elcotarro.com\/wp-content\/uploads\/2014\/09\/Cabecera_El_Cotarro_v2.jpg\",\"contentUrl\":\"https:\/\/elcotarro.com\/wp-content\/uploads\/2014\/09\/Cabecera_El_Cotarro_v2.jpg\",\"width\":3540,\"height\":441,\"caption\":\"El Cotarro\"},\"image\":{\"@id\":\"https:\/\/elcotarro.com\/#\/schema\/logo\/image\/\"},\"sameAs\":[\"https:\/\/www.facebook.com\/ElCotarro.Tenerife\"]},{\"@type\":\"Person\",\"@id\":\"https:\/\/elcotarro.com\/#\/schema\/person\/af537ee7d60d15984c7e0affcd8a918b\",\"name\":\"Jos\u00e9 Carlos Marrero Gonz\u00e1lez\",\"image\":{\"@type\":\"ImageObject\",\"inLanguage\":\"es\",\"@id\":\"https:\/\/elcotarro.com\/#\/schema\/person\/image\/\",\"url\":\"https:\/\/secure.gravatar.com\/avatar\/def4da036efb5d32c74d49c351f6dccc064dd69ad9f3aadc295c5a9a5391ca01?s=96&d=mm&r=g\",\"contentUrl\":\"https:\/\/secure.gravatar.com\/avatar\/def4da036efb5d32c74d49c351f6dccc064dd69ad9f3aadc295c5a9a5391ca01?s=96&d=mm&r=g\",\"caption\":\"Jos\u00e9 Carlos Marrero Gonz\u00e1lez\"},\"sameAs\":[\"https:\/\/elcotarro.com\"],\"url\":\"https:\/\/elcotarro.com\/?author=2\"}]}<\/script>\n<!-- \/ Yoast SEO plugin. -->","yoast_head_json":{"title":"DESENCUENTRO EN \u201cEL TONIQUE\u201d - El Cotarro","robots":{"index":"index","follow":"follow","max-snippet":"max-snippet:-1","max-image-preview":"max-image-preview:large","max-video-preview":"max-video-preview:-1"},"canonical":"https:\/\/elcotarro.com\/?p=2405","og_locale":"es_ES","og_type":"article","og_title":"DESENCUENTRO EN \u201cEL TONIQUE\u201d - El Cotarro","og_description":"Recordar\u00e1n que un domingo del mes de julio del pasado a\u00f1o, les coment\u00e9 que Jos\u00e9 Alberto D\u00edaz no hab\u00eda saludado al influyente l\u00edder socialista, Pedro Ramos Negr\u00edn (presidente del PSOE en La Laguna y al mismo tiempo puntal del departamento de Recursos Humanos del Hospital Universitario de Canarias) que, en la popular y lagunera tasca ... Read more","og_url":"https:\/\/elcotarro.com\/?p=2405","og_site_name":"El Cotarro","article_publisher":"https:\/\/www.facebook.com\/ElCotarro.Tenerife","article_published_time":"2016-02-28T11:04:45+00:00","author":"Jos\u00e9 Carlos Marrero Gonz\u00e1lez","twitter_misc":{"Escrito por":"Jos\u00e9 Carlos Marrero Gonz\u00e1lez","Tiempo de lectura":"1 minuto"},"schema":{"@context":"https:\/\/schema.org","@graph":[{"@type":"Article","@id":"https:\/\/elcotarro.com\/?p=2405#article","isPartOf":{"@id":"https:\/\/elcotarro.com\/?p=2405"},"author":{"name":"Jos\u00e9 Carlos Marrero Gonz\u00e1lez","@id":"https:\/\/elcotarro.com\/#\/schema\/person\/af537ee7d60d15984c7e0affcd8a918b"},"headline":"DESENCUENTRO EN \u201cEL TONIQUE\u201d","datePublished":"2016-02-28T11:04:45+00:00","mainEntityOfPage":{"@id":"https:\/\/elcotarro.com\/?p=2405"},"wordCount":148,"commentCount":0,"publisher":{"@id":"https:\/\/elcotarro.com\/#organization"},"articleSection":["Pol\u00edtica"],"inLanguage":"es","potentialAction":[{"@type":"CommentAction","name":"Comment","target":["https:\/\/elcotarro.com\/?p=2405#respond"]}]},{"@type":"WebPage","@id":"https:\/\/elcotarro.com\/?p=2405","url":"https:\/\/elcotarro.com\/?p=2405","name":"DESENCUENTRO EN \u201cEL TONIQUE\u201d - El Cotarro","isPartOf":{"@id":"https:\/\/elcotarro.com\/#website"},"datePublished":"2016-02-28T11:04:45+00:00","breadcrumb":{"@id":"https:\/\/elcotarro.com\/?p=2405#breadcrumb"},"inLanguage":"es","potentialAction":[{"@type":"ReadAction","target":["https:\/\/elcotarro.com\/?p=2405"]}]},{"@type":"BreadcrumbList","@id":"https:\/\/elcotarro.com\/?p=2405#breadcrumb","itemListElement":[{"@type":"ListItem","position":1,"name":"Portada","item":"https:\/\/elcotarro.com\/"},{"@type":"ListItem","position":2,"name":"DESENCUENTRO EN \u201cEL TONIQUE\u201d"}]},{"@type":"WebSite","@id":"https:\/\/elcotarro.com\/#website","url":"https:\/\/elcotarro.com\/","name":"El Cotarro","description":"Peri\u00f3dico Digital Independiente dirigido por Jos\u00e9 Carlos Marrero","publisher":{"@id":"https:\/\/elcotarro.com\/#organization"},"potentialAction":[{"@type":"SearchAction","target":{"@type":"EntryPoint","urlTemplate":"https:\/\/elcotarro.com\/?s={search_term_string}"},"query-input":{"@type":"PropertyValueSpecification","valueRequired":true,"valueName":"search_term_string"}}],"inLanguage":"es"},{"@type":"Organization","@id":"https:\/\/elcotarro.com\/#organization","name":"El Cotarro","url":"https:\/\/elcotarro.com\/","logo":{"@type":"ImageObject","inLanguage":"es","@id":"https:\/\/elcotarro.com\/#\/schema\/logo\/image\/","url":"https:\/\/elcotarro.com\/wp-content\/uploads\/2014\/09\/Cabecera_El_Cotarro_v2.jpg","contentUrl":"https:\/\/elcotarro.com\/wp-content\/uploads\/2014\/09\/Cabecera_El_Cotarro_v2.jpg","width":3540,"height":441,"caption":"El Cotarro"},"image":{"@id":"https:\/\/elcotarro.com\/#\/schema\/logo\/image\/"},"sameAs":["https:\/\/www.facebook.com\/ElCotarro.Tenerife"]},{"@type":"Person","@id":"https:\/\/elcotarro.com\/#\/schema\/person\/af537ee7d60d15984c7e0affcd8a918b","name":"Jos\u00e9 Carlos Marrero Gonz\u00e1lez","image":{"@type":"ImageObject","inLanguage":"es","@id":"https:\/\/elcotarro.com\/#\/schema\/person\/image\/","url":"https:\/\/secure.gravatar.com\/avatar\/def4da036efb5d32c74d49c351f6dccc064dd69ad9f3aadc295c5a9a5391ca01?s=96&d=mm&r=g","contentUrl":"https:\/\/secure.gravatar.com\/avatar\/def4da036efb5d32c74d49c351f6dccc064dd69ad9f3aadc295c5a9a5391ca01?s=96&d=mm&r=g","caption":"Jos\u00e9 Carlos Marrero Gonz\u00e1lez"},"sameAs":["https:\/\/elcotarro.com"],"url":"https:\/\/elcotarro.com\/?author=2"}]}},"jetpack_featured_media_url":"","jetpack_sharing_enabled":true,"_links":{"self":[{"href":"https:\/\/elcotarro.com\/index.php?rest_route=\/wp\/v2\/posts\/2405","targetHints":{"allow":["GET"]}}],"collection":[{"href":"https:\/\/elcotarro.com\/index.php?rest_route=\/wp\/v2\/posts"}],"about":[{"href":"https:\/\/elcotarro.com\/index.php?rest_route=\/wp\/v2\/types\/post"}],"author":[{"embeddable":true,"href":"https:\/\/elcotarro.com\/index.php?rest_route=\/wp\/v2\/users\/2"}],"replies":[{"embeddable":true,"href":"https:\/\/elcotarro.com\/index.php?rest_route=%2Fwp%2Fv2%2Fcomments&post=2405"}],"version-history":[{"count":1,"href":"https:\/\/elcotarro.com\/index.php?rest_route=\/wp\/v2\/posts\/2405\/revisions"}],"predecessor-version":[{"id":2407,"href":"https:\/\/elcotarro.com\/index.php?rest_route=\/wp\/v2\/posts\/2405\/revisions\/2407"}],"wp:attachment":[{"href":"https:\/\/elcotarro.com\/index.php?rest_route=%2Fwp%2Fv2%2Fmedia&parent=2405"}],"wp:term":[{"taxonomy":"category","embeddable":true,"href":"https:\/\/elcotarro.com\/index.php?rest_route=%2Fwp%2Fv2%2Fcategories&post=2405"},{"taxonomy":"post_tag","embeddable":true,"href":"https:\/\/elcotarro.com\/index.php?rest_route=%2Fwp%2Fv2%2Ftags&post=2405"}],"curies":[{"name":"wp","href":"https:\/\/api.w.org\/{rel}","templated":true}]}}