{"id":2436,"date":"2016-03-06T11:03:12","date_gmt":"2016-03-06T11:03:12","guid":{"rendered":"https:\/\/elcotarro.com\/?p=2436"},"modified":"2016-03-05T12:54:43","modified_gmt":"2016-03-05T12:54:43","slug":"ejemplo-de-saber-hacer-y-estar","status":"publish","type":"post","link":"https:\/\/elcotarro.com\/?p=2436","title":{"rendered":"EJEMPLO DE SABER HACER Y ESTAR"},"content":{"rendered":"<p>Lo que pasa y les he contado del PP en La Laguna (y que les ampliar\u00e9 la pr\u00f3xima semana) es todo lo contrario que lo que se puede ver en un ayuntamiento peque\u00f1o como es el de Candelaria. All\u00ed, un nuevo pol\u00edtico emergente de Coalici\u00f3n Canaria, <strong>Juan Carlos Armas Febles<\/strong>, el gran dise\u00f1ador, modisto y director de espect\u00e1culos reconvertido en primer teniente de alcaldesa en Candelaria por obra y arte de la pol\u00edtica municipal, est\u00e1 dando todo un ejemplo de c\u00f3mo hay que hacer las cosas dentro de un gobierno de coalici\u00f3n. El bueno de <strong>Juan Carlos Armas<\/strong> est\u00e1 actuando con tal respeto y lealtad hacia la alcaldesa de Candelaria, <strong>Mar\u00eda Concepci\u00f3n Brito N\u00fa\u00f1ez<\/strong> (PSOE), que alguna que otra persona (torpe o mediocre) perteneciente a la corporaci\u00f3n candelariera, est\u00e1 celosa del protagonismo de <strong>Juan Carlos<\/strong>, y hasta le incomoda que aparezca en fotos con la alcaldesa.<\/p>\n<p><a href=\"https:\/\/elcotarro.com\/wp-content\/uploads\/2016\/03\/FOTO-3.-JUAN-CARLOS-Y-LA-ALCALDESA.jpg\"><img loading=\"lazy\" decoding=\"async\" class=\"size-full wp-image-2437 aligncenter\" src=\"https:\/\/elcotarro.com\/wp-content\/uploads\/2016\/03\/FOTO-3.-JUAN-CARLOS-Y-LA-ALCALDESA.jpg\" alt=\"FOTO 3.- JUAN CARLOS Y LA ALCALDESA\" width=\"636\" height=\"791\" srcset=\"https:\/\/elcotarro.com\/wp-content\/uploads\/2016\/03\/FOTO-3.-JUAN-CARLOS-Y-LA-ALCALDESA.jpg 636w, https:\/\/elcotarro.com\/wp-content\/uploads\/2016\/03\/FOTO-3.-JUAN-CARLOS-Y-LA-ALCALDESA-241x300.jpg 241w\" sizes=\"auto, (max-width: 636px) 100vw, 636px\" \/><\/a><\/p>\n<p style=\"text-align: center\"><em>Maria Concepci\u00f3n Brito y Juan Carlos Armas, en Candelaria, delante de m\u00e1s de 200 murgueros y murgueras de las 3 murgas ganadoras del Carnaval de Las Palmas 2016<\/em><\/p>\n","protected":false},"excerpt":{"rendered":"<p>Lo que pasa y les he contado del PP en La Laguna (y que les ampliar\u00e9 la pr\u00f3xima semana) es todo lo contrario que lo que se puede ver en un ayuntamiento peque\u00f1o como es el de Candelaria. All\u00ed, un nuevo pol\u00edtico emergente de Coalici\u00f3n Canaria, Juan Carlos Armas Febles, el gran dise\u00f1ador, modisto y &#8230; <a class=\"read-more\" href=\"https:\/\/elcotarro.com\/?p=2436\">Read more<\/a><\/p>\n","protected":false},"author":2,"featured_media":0,"comment_status":"open","ping_status":"open","sticky":false,"template":"","format":"standard","meta":{"_jetpack_memberships_contains_paid_content":false,"footnotes":""},"categories":[1],"tags":[],"class_list":["post-2436","post","type-post","status-publish","format-standard","hentry","category-sin-categoria"],"yoast_head":"<!-- This site is optimized with the Yoast SEO plugin v27.0 - https:\/\/yoast.com\/product\/yoast-seo-wordpress\/ -->\n<title>EJEMPLO DE SABER HACER Y ESTAR - El Cotarro<\/title>\n<meta name=\"robots\" content=\"index, follow, max-snippet:-1, max-image-preview:large, max-video-preview:-1\" \/>\n<link rel=\"canonical\" href=\"https:\/\/elcotarro.com\/?p=2436\" \/>\n<meta property=\"og:locale\" content=\"es_ES\" \/>\n<meta property=\"og:type\" content=\"article\" \/>\n<meta property=\"og:title\" content=\"EJEMPLO DE SABER HACER Y ESTAR - El Cotarro\" \/>\n<meta property=\"og:description\" content=\"Lo que pasa y les he contado del PP en La Laguna (y que les ampliar\u00e9 la pr\u00f3xima semana) es todo lo contrario que lo que se puede ver en un ayuntamiento peque\u00f1o como es el de Candelaria. All\u00ed, un nuevo pol\u00edtico emergente de Coalici\u00f3n Canaria, Juan Carlos Armas Febles, el gran dise\u00f1ador, modisto y ... Read more\" \/>\n<meta property=\"og:url\" content=\"https:\/\/elcotarro.com\/?p=2436\" \/>\n<meta property=\"og:site_name\" content=\"El Cotarro\" \/>\n<meta property=\"article:publisher\" content=\"https:\/\/www.facebook.com\/ElCotarro.Tenerife\" \/>\n<meta property=\"article:published_time\" content=\"2016-03-06T11:03:12+00:00\" \/>\n<meta property=\"og:image\" content=\"https:\/\/elcotarro.com\/wp-content\/uploads\/2016\/03\/FOTO-3.-JUAN-CARLOS-Y-LA-ALCALDESA.jpg\" \/>\n<meta name=\"author\" content=\"Jos\u00e9 Carlos Marrero Gonz\u00e1lez\" \/>\n<meta name=\"twitter:label1\" content=\"Escrito por\" \/>\n\t<meta name=\"twitter:data1\" content=\"Jos\u00e9 Carlos Marrero Gonz\u00e1lez\" \/>\n\t<meta name=\"twitter:label2\" content=\"Tiempo de lectura\" \/>\n\t<meta name=\"twitter:data2\" content=\"1 minuto\" \/>\n<script type=\"application\/ld+json\" class=\"yoast-schema-graph\">{\"@context\":\"https:\/\/schema.org\",\"@graph\":[{\"@type\":\"Article\",\"@id\":\"https:\/\/elcotarro.com\/?p=2436#article\",\"isPartOf\":{\"@id\":\"https:\/\/elcotarro.com\/?p=2436\"},\"author\":{\"name\":\"Jos\u00e9 Carlos Marrero Gonz\u00e1lez\",\"@id\":\"https:\/\/elcotarro.com\/#\/schema\/person\/af537ee7d60d15984c7e0affcd8a918b\"},\"headline\":\"EJEMPLO DE SABER HACER Y ESTAR\",\"datePublished\":\"2016-03-06T11:03:12+00:00\",\"mainEntityOfPage\":{\"@id\":\"https:\/\/elcotarro.com\/?p=2436\"},\"wordCount\":192,\"commentCount\":0,\"publisher\":{\"@id\":\"https:\/\/elcotarro.com\/#organization\"},\"image\":{\"@id\":\"https:\/\/elcotarro.com\/?p=2436#primaryimage\"},\"thumbnailUrl\":\"https:\/\/elcotarro.com\/wp-content\/uploads\/2016\/03\/FOTO-3.-JUAN-CARLOS-Y-LA-ALCALDESA.jpg\",\"inLanguage\":\"es\",\"potentialAction\":[{\"@type\":\"CommentAction\",\"name\":\"Comment\",\"target\":[\"https:\/\/elcotarro.com\/?p=2436#respond\"]}]},{\"@type\":\"WebPage\",\"@id\":\"https:\/\/elcotarro.com\/?p=2436\",\"url\":\"https:\/\/elcotarro.com\/?p=2436\",\"name\":\"EJEMPLO DE SABER HACER Y ESTAR - El Cotarro\",\"isPartOf\":{\"@id\":\"https:\/\/elcotarro.com\/#website\"},\"primaryImageOfPage\":{\"@id\":\"https:\/\/elcotarro.com\/?p=2436#primaryimage\"},\"image\":{\"@id\":\"https:\/\/elcotarro.com\/?p=2436#primaryimage\"},\"thumbnailUrl\":\"https:\/\/elcotarro.com\/wp-content\/uploads\/2016\/03\/FOTO-3.-JUAN-CARLOS-Y-LA-ALCALDESA.jpg\",\"datePublished\":\"2016-03-06T11:03:12+00:00\",\"breadcrumb\":{\"@id\":\"https:\/\/elcotarro.com\/?p=2436#breadcrumb\"},\"inLanguage\":\"es\",\"potentialAction\":[{\"@type\":\"ReadAction\",\"target\":[\"https:\/\/elcotarro.com\/?p=2436\"]}]},{\"@type\":\"ImageObject\",\"inLanguage\":\"es\",\"@id\":\"https:\/\/elcotarro.com\/?p=2436#primaryimage\",\"url\":\"https:\/\/elcotarro.com\/wp-content\/uploads\/2016\/03\/FOTO-3.-JUAN-CARLOS-Y-LA-ALCALDESA.jpg\",\"contentUrl\":\"https:\/\/elcotarro.com\/wp-content\/uploads\/2016\/03\/FOTO-3.-JUAN-CARLOS-Y-LA-ALCALDESA.jpg\",\"width\":636,\"height\":791},{\"@type\":\"BreadcrumbList\",\"@id\":\"https:\/\/elcotarro.com\/?p=2436#breadcrumb\",\"itemListElement\":[{\"@type\":\"ListItem\",\"position\":1,\"name\":\"Portada\",\"item\":\"https:\/\/elcotarro.com\/\"},{\"@type\":\"ListItem\",\"position\":2,\"name\":\"EJEMPLO DE SABER HACER Y ESTAR\"}]},{\"@type\":\"WebSite\",\"@id\":\"https:\/\/elcotarro.com\/#website\",\"url\":\"https:\/\/elcotarro.com\/\",\"name\":\"El Cotarro\",\"description\":\"Peri\u00f3dico Digital Independiente dirigido por Jos\u00e9 Carlos Marrero\",\"publisher\":{\"@id\":\"https:\/\/elcotarro.com\/#organization\"},\"potentialAction\":[{\"@type\":\"SearchAction\",\"target\":{\"@type\":\"EntryPoint\",\"urlTemplate\":\"https:\/\/elcotarro.com\/?s={search_term_string}\"},\"query-input\":{\"@type\":\"PropertyValueSpecification\",\"valueRequired\":true,\"valueName\":\"search_term_string\"}}],\"inLanguage\":\"es\"},{\"@type\":\"Organization\",\"@id\":\"https:\/\/elcotarro.com\/#organization\",\"name\":\"El Cotarro\",\"url\":\"https:\/\/elcotarro.com\/\",\"logo\":{\"@type\":\"ImageObject\",\"inLanguage\":\"es\",\"@id\":\"https:\/\/elcotarro.com\/#\/schema\/logo\/image\/\",\"url\":\"https:\/\/elcotarro.com\/wp-content\/uploads\/2014\/09\/Cabecera_El_Cotarro_v2.jpg\",\"contentUrl\":\"https:\/\/elcotarro.com\/wp-content\/uploads\/2014\/09\/Cabecera_El_Cotarro_v2.jpg\",\"width\":3540,\"height\":441,\"caption\":\"El Cotarro\"},\"image\":{\"@id\":\"https:\/\/elcotarro.com\/#\/schema\/logo\/image\/\"},\"sameAs\":[\"https:\/\/www.facebook.com\/ElCotarro.Tenerife\"]},{\"@type\":\"Person\",\"@id\":\"https:\/\/elcotarro.com\/#\/schema\/person\/af537ee7d60d15984c7e0affcd8a918b\",\"name\":\"Jos\u00e9 Carlos Marrero Gonz\u00e1lez\",\"image\":{\"@type\":\"ImageObject\",\"inLanguage\":\"es\",\"@id\":\"https:\/\/elcotarro.com\/#\/schema\/person\/image\/\",\"url\":\"https:\/\/secure.gravatar.com\/avatar\/def4da036efb5d32c74d49c351f6dccc064dd69ad9f3aadc295c5a9a5391ca01?s=96&d=mm&r=g\",\"contentUrl\":\"https:\/\/secure.gravatar.com\/avatar\/def4da036efb5d32c74d49c351f6dccc064dd69ad9f3aadc295c5a9a5391ca01?s=96&d=mm&r=g\",\"caption\":\"Jos\u00e9 Carlos Marrero Gonz\u00e1lez\"},\"sameAs\":[\"https:\/\/elcotarro.com\"],\"url\":\"https:\/\/elcotarro.com\/?author=2\"}]}<\/script>\n<!-- \/ Yoast SEO plugin. -->","yoast_head_json":{"title":"EJEMPLO DE SABER HACER Y ESTAR - El Cotarro","robots":{"index":"index","follow":"follow","max-snippet":"max-snippet:-1","max-image-preview":"max-image-preview:large","max-video-preview":"max-video-preview:-1"},"canonical":"https:\/\/elcotarro.com\/?p=2436","og_locale":"es_ES","og_type":"article","og_title":"EJEMPLO DE SABER HACER Y ESTAR - El Cotarro","og_description":"Lo que pasa y les he contado del PP en La Laguna (y que les ampliar\u00e9 la pr\u00f3xima semana) es todo lo contrario que lo que se puede ver en un ayuntamiento peque\u00f1o como es el de Candelaria. All\u00ed, un nuevo pol\u00edtico emergente de Coalici\u00f3n Canaria, Juan Carlos Armas Febles, el gran dise\u00f1ador, modisto y ... Read more","og_url":"https:\/\/elcotarro.com\/?p=2436","og_site_name":"El Cotarro","article_publisher":"https:\/\/www.facebook.com\/ElCotarro.Tenerife","article_published_time":"2016-03-06T11:03:12+00:00","og_image":[{"url":"https:\/\/elcotarro.com\/wp-content\/uploads\/2016\/03\/FOTO-3.-JUAN-CARLOS-Y-LA-ALCALDESA.jpg","type":"","width":"","height":""}],"author":"Jos\u00e9 Carlos Marrero Gonz\u00e1lez","twitter_misc":{"Escrito por":"Jos\u00e9 Carlos Marrero Gonz\u00e1lez","Tiempo de lectura":"1 minuto"},"schema":{"@context":"https:\/\/schema.org","@graph":[{"@type":"Article","@id":"https:\/\/elcotarro.com\/?p=2436#article","isPartOf":{"@id":"https:\/\/elcotarro.com\/?p=2436"},"author":{"name":"Jos\u00e9 Carlos Marrero Gonz\u00e1lez","@id":"https:\/\/elcotarro.com\/#\/schema\/person\/af537ee7d60d15984c7e0affcd8a918b"},"headline":"EJEMPLO DE SABER HACER Y ESTAR","datePublished":"2016-03-06T11:03:12+00:00","mainEntityOfPage":{"@id":"https:\/\/elcotarro.com\/?p=2436"},"wordCount":192,"commentCount":0,"publisher":{"@id":"https:\/\/elcotarro.com\/#organization"},"image":{"@id":"https:\/\/elcotarro.com\/?p=2436#primaryimage"},"thumbnailUrl":"https:\/\/elcotarro.com\/wp-content\/uploads\/2016\/03\/FOTO-3.-JUAN-CARLOS-Y-LA-ALCALDESA.jpg","inLanguage":"es","potentialAction":[{"@type":"CommentAction","name":"Comment","target":["https:\/\/elcotarro.com\/?p=2436#respond"]}]},{"@type":"WebPage","@id":"https:\/\/elcotarro.com\/?p=2436","url":"https:\/\/elcotarro.com\/?p=2436","name":"EJEMPLO DE SABER HACER Y ESTAR - El Cotarro","isPartOf":{"@id":"https:\/\/elcotarro.com\/#website"},"primaryImageOfPage":{"@id":"https:\/\/elcotarro.com\/?p=2436#primaryimage"},"image":{"@id":"https:\/\/elcotarro.com\/?p=2436#primaryimage"},"thumbnailUrl":"https:\/\/elcotarro.com\/wp-content\/uploads\/2016\/03\/FOTO-3.-JUAN-CARLOS-Y-LA-ALCALDESA.jpg","datePublished":"2016-03-06T11:03:12+00:00","breadcrumb":{"@id":"https:\/\/elcotarro.com\/?p=2436#breadcrumb"},"inLanguage":"es","potentialAction":[{"@type":"ReadAction","target":["https:\/\/elcotarro.com\/?p=2436"]}]},{"@type":"ImageObject","inLanguage":"es","@id":"https:\/\/elcotarro.com\/?p=2436#primaryimage","url":"https:\/\/elcotarro.com\/wp-content\/uploads\/2016\/03\/FOTO-3.-JUAN-CARLOS-Y-LA-ALCALDESA.jpg","contentUrl":"https:\/\/elcotarro.com\/wp-content\/uploads\/2016\/03\/FOTO-3.-JUAN-CARLOS-Y-LA-ALCALDESA.jpg","width":636,"height":791},{"@type":"BreadcrumbList","@id":"https:\/\/elcotarro.com\/?p=2436#breadcrumb","itemListElement":[{"@type":"ListItem","position":1,"name":"Portada","item":"https:\/\/elcotarro.com\/"},{"@type":"ListItem","position":2,"name":"EJEMPLO DE SABER HACER Y ESTAR"}]},{"@type":"WebSite","@id":"https:\/\/elcotarro.com\/#website","url":"https:\/\/elcotarro.com\/","name":"El Cotarro","description":"Peri\u00f3dico Digital Independiente dirigido por Jos\u00e9 Carlos Marrero","publisher":{"@id":"https:\/\/elcotarro.com\/#organization"},"potentialAction":[{"@type":"SearchAction","target":{"@type":"EntryPoint","urlTemplate":"https:\/\/elcotarro.com\/?s={search_term_string}"},"query-input":{"@type":"PropertyValueSpecification","valueRequired":true,"valueName":"search_term_string"}}],"inLanguage":"es"},{"@type":"Organization","@id":"https:\/\/elcotarro.com\/#organization","name":"El Cotarro","url":"https:\/\/elcotarro.com\/","logo":{"@type":"ImageObject","inLanguage":"es","@id":"https:\/\/elcotarro.com\/#\/schema\/logo\/image\/","url":"https:\/\/elcotarro.com\/wp-content\/uploads\/2014\/09\/Cabecera_El_Cotarro_v2.jpg","contentUrl":"https:\/\/elcotarro.com\/wp-content\/uploads\/2014\/09\/Cabecera_El_Cotarro_v2.jpg","width":3540,"height":441,"caption":"El Cotarro"},"image":{"@id":"https:\/\/elcotarro.com\/#\/schema\/logo\/image\/"},"sameAs":["https:\/\/www.facebook.com\/ElCotarro.Tenerife"]},{"@type":"Person","@id":"https:\/\/elcotarro.com\/#\/schema\/person\/af537ee7d60d15984c7e0affcd8a918b","name":"Jos\u00e9 Carlos Marrero Gonz\u00e1lez","image":{"@type":"ImageObject","inLanguage":"es","@id":"https:\/\/elcotarro.com\/#\/schema\/person\/image\/","url":"https:\/\/secure.gravatar.com\/avatar\/def4da036efb5d32c74d49c351f6dccc064dd69ad9f3aadc295c5a9a5391ca01?s=96&d=mm&r=g","contentUrl":"https:\/\/secure.gravatar.com\/avatar\/def4da036efb5d32c74d49c351f6dccc064dd69ad9f3aadc295c5a9a5391ca01?s=96&d=mm&r=g","caption":"Jos\u00e9 Carlos Marrero Gonz\u00e1lez"},"sameAs":["https:\/\/elcotarro.com"],"url":"https:\/\/elcotarro.com\/?author=2"}]}},"jetpack_featured_media_url":"","jetpack_sharing_enabled":true,"_links":{"self":[{"href":"https:\/\/elcotarro.com\/index.php?rest_route=\/wp\/v2\/posts\/2436","targetHints":{"allow":["GET"]}}],"collection":[{"href":"https:\/\/elcotarro.com\/index.php?rest_route=\/wp\/v2\/posts"}],"about":[{"href":"https:\/\/elcotarro.com\/index.php?rest_route=\/wp\/v2\/types\/post"}],"author":[{"embeddable":true,"href":"https:\/\/elcotarro.com\/index.php?rest_route=\/wp\/v2\/users\/2"}],"replies":[{"embeddable":true,"href":"https:\/\/elcotarro.com\/index.php?rest_route=%2Fwp%2Fv2%2Fcomments&post=2436"}],"version-history":[{"count":1,"href":"https:\/\/elcotarro.com\/index.php?rest_route=\/wp\/v2\/posts\/2436\/revisions"}],"predecessor-version":[{"id":2438,"href":"https:\/\/elcotarro.com\/index.php?rest_route=\/wp\/v2\/posts\/2436\/revisions\/2438"}],"wp:attachment":[{"href":"https:\/\/elcotarro.com\/index.php?rest_route=%2Fwp%2Fv2%2Fmedia&parent=2436"}],"wp:term":[{"taxonomy":"category","embeddable":true,"href":"https:\/\/elcotarro.com\/index.php?rest_route=%2Fwp%2Fv2%2Fcategories&post=2436"},{"taxonomy":"post_tag","embeddable":true,"href":"https:\/\/elcotarro.com\/index.php?rest_route=%2Fwp%2Fv2%2Ftags&post=2436"}],"curies":[{"name":"wp","href":"https:\/\/api.w.org\/{rel}","templated":true}]}}