{"id":2442,"date":"2016-03-06T11:01:06","date_gmt":"2016-03-06T11:01:06","guid":{"rendered":"https:\/\/elcotarro.com\/?p=2442"},"modified":"2016-03-05T12:59:40","modified_gmt":"2016-03-05T12:59:40","slug":"consulado-palmero-en-tenerife","status":"publish","type":"post","link":"https:\/\/elcotarro.com\/?p=2442","title":{"rendered":"CONSULADO PALMERO EN TENERIFE"},"content":{"rendered":"<p>Dije la pasada semana que el mundo de la gastronom\u00eda se estaba animando en Santa Cruz de Tenerife. Dije que hab\u00edan abierto tres restaurantes en la \u00faltima quincena y adelant\u00e9 que otros dos lo har\u00edan antes de fin de este mes. El primero de ellos ya est\u00e1 abierto. Me refiero al ya popular La Cuadra del Palmero que, tras abrir su primer restaurante en El M\u00e9dano (Granadilla) y el segundo en La Laguna (Calle Juana La Blanca, 32) ahora su propietario, el veterinario palmero <strong>Airam Afonso Cabeza<\/strong>, remata la faena abriendo en Santa Cruz de Tenerife, donde recupera una gran casona canaria en la calle Imeldo Ser\u00eds, 25 (por debajo del teatro Guimer\u00e1). Un lugar que, adem\u00e1s del apartado gastron\u00f3mico, va a ser un punto de encuentro tan palmero en la capital tinerfe\u00f1a, que lo terminar\u00e1n llamando el Consulado de La Palma en Tenerife.<\/p>\n<p><a href=\"https:\/\/elcotarro.com\/wp-content\/uploads\/2016\/03\/FOTO-5.-LA-CUADRA-DEL-PALMERO.jpg\"><img loading=\"lazy\" decoding=\"async\" class=\"size-full wp-image-2443 aligncenter\" src=\"https:\/\/elcotarro.com\/wp-content\/uploads\/2016\/03\/FOTO-5.-LA-CUADRA-DEL-PALMERO.jpg\" alt=\"FOTO-5.--LA-CUADRA-DEL-PALMERO\" width=\"750\" height=\"563\" srcset=\"https:\/\/elcotarro.com\/wp-content\/uploads\/2016\/03\/FOTO-5.-LA-CUADRA-DEL-PALMERO.jpg 750w, https:\/\/elcotarro.com\/wp-content\/uploads\/2016\/03\/FOTO-5.-LA-CUADRA-DEL-PALMERO-300x225.jpg 300w\" sizes=\"auto, (max-width: 750px) 100vw, 750px\" \/><\/a><\/p>\n<p style=\"text-align: center\"><em>Fachada del nuevo restaurante La Cuadra del Palmero, ubicado en la calle Imeldo Ser\u00eds, 25 (por debajo del Teatro Guimer\u00e1) en Santa Cruz de Tenerife<\/em><\/p>\n","protected":false},"excerpt":{"rendered":"<p>Dije la pasada semana que el mundo de la gastronom\u00eda se estaba animando en Santa Cruz de Tenerife. Dije que hab\u00edan abierto tres restaurantes en la \u00faltima quincena y adelant\u00e9 que otros dos lo har\u00edan antes de fin de este mes. El primero de ellos ya est\u00e1 abierto. Me refiero al ya popular La Cuadra &#8230; <a class=\"read-more\" href=\"https:\/\/elcotarro.com\/?p=2442\">Read more<\/a><\/p>\n","protected":false},"author":2,"featured_media":0,"comment_status":"open","ping_status":"open","sticky":false,"template":"","format":"standard","meta":{"_jetpack_memberships_contains_paid_content":false,"footnotes":""},"categories":[1],"tags":[],"class_list":["post-2442","post","type-post","status-publish","format-standard","hentry","category-sin-categoria"],"yoast_head":"<!-- This site is optimized with the Yoast SEO plugin v27.0 - https:\/\/yoast.com\/product\/yoast-seo-wordpress\/ -->\n<title>CONSULADO PALMERO EN TENERIFE - El Cotarro<\/title>\n<meta name=\"robots\" content=\"index, follow, max-snippet:-1, max-image-preview:large, max-video-preview:-1\" \/>\n<link rel=\"canonical\" href=\"https:\/\/elcotarro.com\/?p=2442\" \/>\n<meta property=\"og:locale\" content=\"es_ES\" \/>\n<meta property=\"og:type\" content=\"article\" \/>\n<meta property=\"og:title\" content=\"CONSULADO PALMERO EN TENERIFE - El Cotarro\" \/>\n<meta property=\"og:description\" content=\"Dije la pasada semana que el mundo de la gastronom\u00eda se estaba animando en Santa Cruz de Tenerife. Dije que hab\u00edan abierto tres restaurantes en la \u00faltima quincena y adelant\u00e9 que otros dos lo har\u00edan antes de fin de este mes. El primero de ellos ya est\u00e1 abierto. Me refiero al ya popular La Cuadra ... Read more\" \/>\n<meta property=\"og:url\" content=\"https:\/\/elcotarro.com\/?p=2442\" \/>\n<meta property=\"og:site_name\" content=\"El Cotarro\" \/>\n<meta property=\"article:publisher\" content=\"https:\/\/www.facebook.com\/ElCotarro.Tenerife\" \/>\n<meta property=\"article:published_time\" content=\"2016-03-06T11:01:06+00:00\" \/>\n<meta property=\"og:image\" content=\"https:\/\/elcotarro.com\/wp-content\/uploads\/2016\/03\/FOTO-5.-LA-CUADRA-DEL-PALMERO.jpg\" \/>\n<meta name=\"author\" content=\"Jos\u00e9 Carlos Marrero Gonz\u00e1lez\" \/>\n<meta name=\"twitter:label1\" content=\"Escrito por\" \/>\n\t<meta name=\"twitter:data1\" content=\"Jos\u00e9 Carlos Marrero Gonz\u00e1lez\" \/>\n\t<meta name=\"twitter:label2\" content=\"Tiempo de lectura\" \/>\n\t<meta name=\"twitter:data2\" content=\"1 minuto\" \/>\n<script type=\"application\/ld+json\" class=\"yoast-schema-graph\">{\"@context\":\"https:\/\/schema.org\",\"@graph\":[{\"@type\":\"Article\",\"@id\":\"https:\/\/elcotarro.com\/?p=2442#article\",\"isPartOf\":{\"@id\":\"https:\/\/elcotarro.com\/?p=2442\"},\"author\":{\"name\":\"Jos\u00e9 Carlos Marrero Gonz\u00e1lez\",\"@id\":\"https:\/\/elcotarro.com\/#\/schema\/person\/af537ee7d60d15984c7e0affcd8a918b\"},\"headline\":\"CONSULADO PALMERO EN TENERIFE\",\"datePublished\":\"2016-03-06T11:01:06+00:00\",\"mainEntityOfPage\":{\"@id\":\"https:\/\/elcotarro.com\/?p=2442\"},\"wordCount\":180,\"commentCount\":0,\"publisher\":{\"@id\":\"https:\/\/elcotarro.com\/#organization\"},\"image\":{\"@id\":\"https:\/\/elcotarro.com\/?p=2442#primaryimage\"},\"thumbnailUrl\":\"https:\/\/elcotarro.com\/wp-content\/uploads\/2016\/03\/FOTO-5.-LA-CUADRA-DEL-PALMERO.jpg\",\"inLanguage\":\"es\",\"potentialAction\":[{\"@type\":\"CommentAction\",\"name\":\"Comment\",\"target\":[\"https:\/\/elcotarro.com\/?p=2442#respond\"]}]},{\"@type\":\"WebPage\",\"@id\":\"https:\/\/elcotarro.com\/?p=2442\",\"url\":\"https:\/\/elcotarro.com\/?p=2442\",\"name\":\"CONSULADO PALMERO EN TENERIFE - El Cotarro\",\"isPartOf\":{\"@id\":\"https:\/\/elcotarro.com\/#website\"},\"primaryImageOfPage\":{\"@id\":\"https:\/\/elcotarro.com\/?p=2442#primaryimage\"},\"image\":{\"@id\":\"https:\/\/elcotarro.com\/?p=2442#primaryimage\"},\"thumbnailUrl\":\"https:\/\/elcotarro.com\/wp-content\/uploads\/2016\/03\/FOTO-5.-LA-CUADRA-DEL-PALMERO.jpg\",\"datePublished\":\"2016-03-06T11:01:06+00:00\",\"breadcrumb\":{\"@id\":\"https:\/\/elcotarro.com\/?p=2442#breadcrumb\"},\"inLanguage\":\"es\",\"potentialAction\":[{\"@type\":\"ReadAction\",\"target\":[\"https:\/\/elcotarro.com\/?p=2442\"]}]},{\"@type\":\"ImageObject\",\"inLanguage\":\"es\",\"@id\":\"https:\/\/elcotarro.com\/?p=2442#primaryimage\",\"url\":\"https:\/\/elcotarro.com\/wp-content\/uploads\/2016\/03\/FOTO-5.-LA-CUADRA-DEL-PALMERO.jpg\",\"contentUrl\":\"https:\/\/elcotarro.com\/wp-content\/uploads\/2016\/03\/FOTO-5.-LA-CUADRA-DEL-PALMERO.jpg\",\"width\":750,\"height\":563},{\"@type\":\"BreadcrumbList\",\"@id\":\"https:\/\/elcotarro.com\/?p=2442#breadcrumb\",\"itemListElement\":[{\"@type\":\"ListItem\",\"position\":1,\"name\":\"Portada\",\"item\":\"https:\/\/elcotarro.com\/\"},{\"@type\":\"ListItem\",\"position\":2,\"name\":\"CONSULADO PALMERO EN TENERIFE\"}]},{\"@type\":\"WebSite\",\"@id\":\"https:\/\/elcotarro.com\/#website\",\"url\":\"https:\/\/elcotarro.com\/\",\"name\":\"El Cotarro\",\"description\":\"Peri\u00f3dico Digital Independiente dirigido por Jos\u00e9 Carlos Marrero\",\"publisher\":{\"@id\":\"https:\/\/elcotarro.com\/#organization\"},\"potentialAction\":[{\"@type\":\"SearchAction\",\"target\":{\"@type\":\"EntryPoint\",\"urlTemplate\":\"https:\/\/elcotarro.com\/?s={search_term_string}\"},\"query-input\":{\"@type\":\"PropertyValueSpecification\",\"valueRequired\":true,\"valueName\":\"search_term_string\"}}],\"inLanguage\":\"es\"},{\"@type\":\"Organization\",\"@id\":\"https:\/\/elcotarro.com\/#organization\",\"name\":\"El Cotarro\",\"url\":\"https:\/\/elcotarro.com\/\",\"logo\":{\"@type\":\"ImageObject\",\"inLanguage\":\"es\",\"@id\":\"https:\/\/elcotarro.com\/#\/schema\/logo\/image\/\",\"url\":\"https:\/\/elcotarro.com\/wp-content\/uploads\/2014\/09\/Cabecera_El_Cotarro_v2.jpg\",\"contentUrl\":\"https:\/\/elcotarro.com\/wp-content\/uploads\/2014\/09\/Cabecera_El_Cotarro_v2.jpg\",\"width\":3540,\"height\":441,\"caption\":\"El Cotarro\"},\"image\":{\"@id\":\"https:\/\/elcotarro.com\/#\/schema\/logo\/image\/\"},\"sameAs\":[\"https:\/\/www.facebook.com\/ElCotarro.Tenerife\"]},{\"@type\":\"Person\",\"@id\":\"https:\/\/elcotarro.com\/#\/schema\/person\/af537ee7d60d15984c7e0affcd8a918b\",\"name\":\"Jos\u00e9 Carlos Marrero Gonz\u00e1lez\",\"image\":{\"@type\":\"ImageObject\",\"inLanguage\":\"es\",\"@id\":\"https:\/\/elcotarro.com\/#\/schema\/person\/image\/\",\"url\":\"https:\/\/secure.gravatar.com\/avatar\/def4da036efb5d32c74d49c351f6dccc064dd69ad9f3aadc295c5a9a5391ca01?s=96&d=mm&r=g\",\"contentUrl\":\"https:\/\/secure.gravatar.com\/avatar\/def4da036efb5d32c74d49c351f6dccc064dd69ad9f3aadc295c5a9a5391ca01?s=96&d=mm&r=g\",\"caption\":\"Jos\u00e9 Carlos Marrero Gonz\u00e1lez\"},\"sameAs\":[\"https:\/\/elcotarro.com\"],\"url\":\"https:\/\/elcotarro.com\/?author=2\"}]}<\/script>\n<!-- \/ Yoast SEO plugin. -->","yoast_head_json":{"title":"CONSULADO PALMERO EN TENERIFE - El Cotarro","robots":{"index":"index","follow":"follow","max-snippet":"max-snippet:-1","max-image-preview":"max-image-preview:large","max-video-preview":"max-video-preview:-1"},"canonical":"https:\/\/elcotarro.com\/?p=2442","og_locale":"es_ES","og_type":"article","og_title":"CONSULADO PALMERO EN TENERIFE - El Cotarro","og_description":"Dije la pasada semana que el mundo de la gastronom\u00eda se estaba animando en Santa Cruz de Tenerife. Dije que hab\u00edan abierto tres restaurantes en la \u00faltima quincena y adelant\u00e9 que otros dos lo har\u00edan antes de fin de este mes. El primero de ellos ya est\u00e1 abierto. Me refiero al ya popular La Cuadra ... Read more","og_url":"https:\/\/elcotarro.com\/?p=2442","og_site_name":"El Cotarro","article_publisher":"https:\/\/www.facebook.com\/ElCotarro.Tenerife","article_published_time":"2016-03-06T11:01:06+00:00","og_image":[{"url":"https:\/\/elcotarro.com\/wp-content\/uploads\/2016\/03\/FOTO-5.-LA-CUADRA-DEL-PALMERO.jpg","type":"","width":"","height":""}],"author":"Jos\u00e9 Carlos Marrero Gonz\u00e1lez","twitter_misc":{"Escrito por":"Jos\u00e9 Carlos Marrero Gonz\u00e1lez","Tiempo de lectura":"1 minuto"},"schema":{"@context":"https:\/\/schema.org","@graph":[{"@type":"Article","@id":"https:\/\/elcotarro.com\/?p=2442#article","isPartOf":{"@id":"https:\/\/elcotarro.com\/?p=2442"},"author":{"name":"Jos\u00e9 Carlos Marrero Gonz\u00e1lez","@id":"https:\/\/elcotarro.com\/#\/schema\/person\/af537ee7d60d15984c7e0affcd8a918b"},"headline":"CONSULADO PALMERO EN TENERIFE","datePublished":"2016-03-06T11:01:06+00:00","mainEntityOfPage":{"@id":"https:\/\/elcotarro.com\/?p=2442"},"wordCount":180,"commentCount":0,"publisher":{"@id":"https:\/\/elcotarro.com\/#organization"},"image":{"@id":"https:\/\/elcotarro.com\/?p=2442#primaryimage"},"thumbnailUrl":"https:\/\/elcotarro.com\/wp-content\/uploads\/2016\/03\/FOTO-5.-LA-CUADRA-DEL-PALMERO.jpg","inLanguage":"es","potentialAction":[{"@type":"CommentAction","name":"Comment","target":["https:\/\/elcotarro.com\/?p=2442#respond"]}]},{"@type":"WebPage","@id":"https:\/\/elcotarro.com\/?p=2442","url":"https:\/\/elcotarro.com\/?p=2442","name":"CONSULADO PALMERO EN TENERIFE - El Cotarro","isPartOf":{"@id":"https:\/\/elcotarro.com\/#website"},"primaryImageOfPage":{"@id":"https:\/\/elcotarro.com\/?p=2442#primaryimage"},"image":{"@id":"https:\/\/elcotarro.com\/?p=2442#primaryimage"},"thumbnailUrl":"https:\/\/elcotarro.com\/wp-content\/uploads\/2016\/03\/FOTO-5.-LA-CUADRA-DEL-PALMERO.jpg","datePublished":"2016-03-06T11:01:06+00:00","breadcrumb":{"@id":"https:\/\/elcotarro.com\/?p=2442#breadcrumb"},"inLanguage":"es","potentialAction":[{"@type":"ReadAction","target":["https:\/\/elcotarro.com\/?p=2442"]}]},{"@type":"ImageObject","inLanguage":"es","@id":"https:\/\/elcotarro.com\/?p=2442#primaryimage","url":"https:\/\/elcotarro.com\/wp-content\/uploads\/2016\/03\/FOTO-5.-LA-CUADRA-DEL-PALMERO.jpg","contentUrl":"https:\/\/elcotarro.com\/wp-content\/uploads\/2016\/03\/FOTO-5.-LA-CUADRA-DEL-PALMERO.jpg","width":750,"height":563},{"@type":"BreadcrumbList","@id":"https:\/\/elcotarro.com\/?p=2442#breadcrumb","itemListElement":[{"@type":"ListItem","position":1,"name":"Portada","item":"https:\/\/elcotarro.com\/"},{"@type":"ListItem","position":2,"name":"CONSULADO PALMERO EN TENERIFE"}]},{"@type":"WebSite","@id":"https:\/\/elcotarro.com\/#website","url":"https:\/\/elcotarro.com\/","name":"El Cotarro","description":"Peri\u00f3dico Digital Independiente dirigido por Jos\u00e9 Carlos Marrero","publisher":{"@id":"https:\/\/elcotarro.com\/#organization"},"potentialAction":[{"@type":"SearchAction","target":{"@type":"EntryPoint","urlTemplate":"https:\/\/elcotarro.com\/?s={search_term_string}"},"query-input":{"@type":"PropertyValueSpecification","valueRequired":true,"valueName":"search_term_string"}}],"inLanguage":"es"},{"@type":"Organization","@id":"https:\/\/elcotarro.com\/#organization","name":"El Cotarro","url":"https:\/\/elcotarro.com\/","logo":{"@type":"ImageObject","inLanguage":"es","@id":"https:\/\/elcotarro.com\/#\/schema\/logo\/image\/","url":"https:\/\/elcotarro.com\/wp-content\/uploads\/2014\/09\/Cabecera_El_Cotarro_v2.jpg","contentUrl":"https:\/\/elcotarro.com\/wp-content\/uploads\/2014\/09\/Cabecera_El_Cotarro_v2.jpg","width":3540,"height":441,"caption":"El Cotarro"},"image":{"@id":"https:\/\/elcotarro.com\/#\/schema\/logo\/image\/"},"sameAs":["https:\/\/www.facebook.com\/ElCotarro.Tenerife"]},{"@type":"Person","@id":"https:\/\/elcotarro.com\/#\/schema\/person\/af537ee7d60d15984c7e0affcd8a918b","name":"Jos\u00e9 Carlos Marrero Gonz\u00e1lez","image":{"@type":"ImageObject","inLanguage":"es","@id":"https:\/\/elcotarro.com\/#\/schema\/person\/image\/","url":"https:\/\/secure.gravatar.com\/avatar\/def4da036efb5d32c74d49c351f6dccc064dd69ad9f3aadc295c5a9a5391ca01?s=96&d=mm&r=g","contentUrl":"https:\/\/secure.gravatar.com\/avatar\/def4da036efb5d32c74d49c351f6dccc064dd69ad9f3aadc295c5a9a5391ca01?s=96&d=mm&r=g","caption":"Jos\u00e9 Carlos Marrero Gonz\u00e1lez"},"sameAs":["https:\/\/elcotarro.com"],"url":"https:\/\/elcotarro.com\/?author=2"}]}},"jetpack_featured_media_url":"","jetpack_sharing_enabled":true,"_links":{"self":[{"href":"https:\/\/elcotarro.com\/index.php?rest_route=\/wp\/v2\/posts\/2442","targetHints":{"allow":["GET"]}}],"collection":[{"href":"https:\/\/elcotarro.com\/index.php?rest_route=\/wp\/v2\/posts"}],"about":[{"href":"https:\/\/elcotarro.com\/index.php?rest_route=\/wp\/v2\/types\/post"}],"author":[{"embeddable":true,"href":"https:\/\/elcotarro.com\/index.php?rest_route=\/wp\/v2\/users\/2"}],"replies":[{"embeddable":true,"href":"https:\/\/elcotarro.com\/index.php?rest_route=%2Fwp%2Fv2%2Fcomments&post=2442"}],"version-history":[{"count":1,"href":"https:\/\/elcotarro.com\/index.php?rest_route=\/wp\/v2\/posts\/2442\/revisions"}],"predecessor-version":[{"id":2444,"href":"https:\/\/elcotarro.com\/index.php?rest_route=\/wp\/v2\/posts\/2442\/revisions\/2444"}],"wp:attachment":[{"href":"https:\/\/elcotarro.com\/index.php?rest_route=%2Fwp%2Fv2%2Fmedia&parent=2442"}],"wp:term":[{"taxonomy":"category","embeddable":true,"href":"https:\/\/elcotarro.com\/index.php?rest_route=%2Fwp%2Fv2%2Fcategories&post=2442"},{"taxonomy":"post_tag","embeddable":true,"href":"https:\/\/elcotarro.com\/index.php?rest_route=%2Fwp%2Fv2%2Ftags&post=2442"}],"curies":[{"name":"wp","href":"https:\/\/api.w.org\/{rel}","templated":true}]}}