{"id":2480,"date":"2016-03-13T10:58:36","date_gmt":"2016-03-13T10:58:36","guid":{"rendered":"https:\/\/elcotarro.com\/?p=2480"},"modified":"2016-03-13T09:55:37","modified_gmt":"2016-03-13T09:55:37","slug":"pepe-moreno-y-la-gran-camir","status":"publish","type":"post","link":"https:\/\/elcotarro.com\/?p=2480","title":{"rendered":"PEPE MORENO Y LA GRAN CAMIR"},"content":{"rendered":"<p>No puedo terminar sin celebrar p\u00fablicamente que la vida haya dado la oportunidad a dos grandes amigos de unirse en feliz matrimonio, en un derroche de felicidad que da envidia sana. Me refiero a nuestro compa\u00f1ero y subdirector de <strong>EL D\u00cdA<\/strong> Televisi\u00f3n, <strong>Jos\u00e9 Moreno Garc\u00eda<\/strong>, (periodista de raza y vocaci\u00f3n donde los haya, pero sobre todo buena persona) con la encantadora <strong>Camir G\u00f3mez-Pablos Calvo<\/strong>, otra gran persona, licenciada en Historia, bibliotecaria y la mejor gastr\u00f3noma que conozco. En una ceremonia sencilla y muy discreta, reservada a los familiares de los contrayentes y un restringido grupo de amigos cercanos, <strong>Pepe<\/strong> y <strong>Camir<\/strong> ratificaron el \u201cs\u00ed\u201d que se vienen dando desde hace unos siete a\u00f1os. Posteriormente, celebraron el acontecimiento en las magn\u00edficas instalaciones de la Finca Salamanca, en G\u00fc\u00edmar, donde la chef <strong>Diana Marcelino<\/strong> elabor\u00f3 un exquisito men\u00fa (supongo que supervisado por <strong>Camir<\/strong>, claro). Vaya desde estas sencillas l\u00edneas mi m\u00e1s sincera felicitaci\u00f3n a <strong>Pepe<\/strong> y <strong>Camir<\/strong>, junto con mis mejores deseos de salud y felicidad. Los dos se merecen todo lo mejor.<\/p>\n<p style=\"text-align: center\"><a href=\"http:\/\/www.careca.es\/\" target=\"_blank\"><img loading=\"lazy\" decoding=\"async\" class=\"alignnone size-full wp-image-2216\" src=\"https:\/\/elcotarro.com\/wp-content\/uploads\/2016\/01\/Bnn_Careca.jpg\" alt=\"Bnn_Careca\" width=\"750\" height=\"150\" srcset=\"https:\/\/elcotarro.com\/wp-content\/uploads\/2016\/01\/Bnn_Careca.jpg 750w, https:\/\/elcotarro.com\/wp-content\/uploads\/2016\/01\/Bnn_Careca-300x60.jpg 300w\" sizes=\"auto, (max-width: 750px) 100vw, 750px\" \/><\/a><\/p>\n","protected":false},"excerpt":{"rendered":"<p>No puedo terminar sin celebrar p\u00fablicamente que la vida haya dado la oportunidad a dos grandes amigos de unirse en feliz matrimonio, en un derroche de felicidad que da envidia sana. Me refiero a nuestro compa\u00f1ero y subdirector de EL D\u00cdA Televisi\u00f3n, Jos\u00e9 Moreno Garc\u00eda, (periodista de raza y vocaci\u00f3n donde los haya, pero sobre &#8230; <a class=\"read-more\" href=\"https:\/\/elcotarro.com\/?p=2480\">Read more<\/a><\/p>\n","protected":false},"author":2,"featured_media":0,"comment_status":"open","ping_status":"open","sticky":false,"template":"","format":"standard","meta":{"_jetpack_memberships_contains_paid_content":false,"footnotes":""},"categories":[1],"tags":[],"class_list":["post-2480","post","type-post","status-publish","format-standard","hentry","category-sin-categoria"],"yoast_head":"<!-- This site is optimized with the Yoast SEO plugin v27.0 - https:\/\/yoast.com\/product\/yoast-seo-wordpress\/ -->\n<title>PEPE MORENO Y LA GRAN CAMIR - El Cotarro<\/title>\n<meta name=\"robots\" content=\"index, follow, max-snippet:-1, max-image-preview:large, max-video-preview:-1\" \/>\n<link rel=\"canonical\" href=\"https:\/\/elcotarro.com\/?p=2480\" \/>\n<meta property=\"og:locale\" content=\"es_ES\" \/>\n<meta property=\"og:type\" content=\"article\" \/>\n<meta property=\"og:title\" content=\"PEPE MORENO Y LA GRAN CAMIR - El Cotarro\" \/>\n<meta property=\"og:description\" content=\"No puedo terminar sin celebrar p\u00fablicamente que la vida haya dado la oportunidad a dos grandes amigos de unirse en feliz matrimonio, en un derroche de felicidad que da envidia sana. Me refiero a nuestro compa\u00f1ero y subdirector de EL D\u00cdA Televisi\u00f3n, Jos\u00e9 Moreno Garc\u00eda, (periodista de raza y vocaci\u00f3n donde los haya, pero sobre ... Read more\" \/>\n<meta property=\"og:url\" content=\"https:\/\/elcotarro.com\/?p=2480\" \/>\n<meta property=\"og:site_name\" content=\"El Cotarro\" \/>\n<meta property=\"article:publisher\" content=\"https:\/\/www.facebook.com\/ElCotarro.Tenerife\" \/>\n<meta property=\"article:published_time\" content=\"2016-03-13T10:58:36+00:00\" \/>\n<meta property=\"og:image\" content=\"https:\/\/elcotarro.com\/wp-content\/uploads\/2016\/01\/Bnn_Careca.jpg\" \/>\n<meta name=\"author\" content=\"Jos\u00e9 Carlos Marrero Gonz\u00e1lez\" \/>\n<meta name=\"twitter:label1\" content=\"Escrito por\" \/>\n\t<meta name=\"twitter:data1\" content=\"Jos\u00e9 Carlos Marrero Gonz\u00e1lez\" \/>\n\t<meta name=\"twitter:label2\" content=\"Tiempo de lectura\" \/>\n\t<meta name=\"twitter:data2\" content=\"1 minuto\" \/>\n<script type=\"application\/ld+json\" class=\"yoast-schema-graph\">{\"@context\":\"https:\/\/schema.org\",\"@graph\":[{\"@type\":\"Article\",\"@id\":\"https:\/\/elcotarro.com\/?p=2480#article\",\"isPartOf\":{\"@id\":\"https:\/\/elcotarro.com\/?p=2480\"},\"author\":{\"name\":\"Jos\u00e9 Carlos Marrero Gonz\u00e1lez\",\"@id\":\"https:\/\/elcotarro.com\/#\/schema\/person\/af537ee7d60d15984c7e0affcd8a918b\"},\"headline\":\"PEPE MORENO Y LA GRAN CAMIR\",\"datePublished\":\"2016-03-13T10:58:36+00:00\",\"mainEntityOfPage\":{\"@id\":\"https:\/\/elcotarro.com\/?p=2480\"},\"wordCount\":191,\"commentCount\":0,\"publisher\":{\"@id\":\"https:\/\/elcotarro.com\/#organization\"},\"image\":{\"@id\":\"https:\/\/elcotarro.com\/?p=2480#primaryimage\"},\"thumbnailUrl\":\"https:\/\/elcotarro.com\/wp-content\/uploads\/2016\/01\/Bnn_Careca.jpg\",\"inLanguage\":\"es\",\"potentialAction\":[{\"@type\":\"CommentAction\",\"name\":\"Comment\",\"target\":[\"https:\/\/elcotarro.com\/?p=2480#respond\"]}]},{\"@type\":\"WebPage\",\"@id\":\"https:\/\/elcotarro.com\/?p=2480\",\"url\":\"https:\/\/elcotarro.com\/?p=2480\",\"name\":\"PEPE MORENO Y LA GRAN CAMIR - El Cotarro\",\"isPartOf\":{\"@id\":\"https:\/\/elcotarro.com\/#website\"},\"primaryImageOfPage\":{\"@id\":\"https:\/\/elcotarro.com\/?p=2480#primaryimage\"},\"image\":{\"@id\":\"https:\/\/elcotarro.com\/?p=2480#primaryimage\"},\"thumbnailUrl\":\"https:\/\/elcotarro.com\/wp-content\/uploads\/2016\/01\/Bnn_Careca.jpg\",\"datePublished\":\"2016-03-13T10:58:36+00:00\",\"breadcrumb\":{\"@id\":\"https:\/\/elcotarro.com\/?p=2480#breadcrumb\"},\"inLanguage\":\"es\",\"potentialAction\":[{\"@type\":\"ReadAction\",\"target\":[\"https:\/\/elcotarro.com\/?p=2480\"]}]},{\"@type\":\"ImageObject\",\"inLanguage\":\"es\",\"@id\":\"https:\/\/elcotarro.com\/?p=2480#primaryimage\",\"url\":\"https:\/\/elcotarro.com\/wp-content\/uploads\/2016\/01\/Bnn_Careca.jpg\",\"contentUrl\":\"https:\/\/elcotarro.com\/wp-content\/uploads\/2016\/01\/Bnn_Careca.jpg\",\"width\":750,\"height\":150},{\"@type\":\"BreadcrumbList\",\"@id\":\"https:\/\/elcotarro.com\/?p=2480#breadcrumb\",\"itemListElement\":[{\"@type\":\"ListItem\",\"position\":1,\"name\":\"Portada\",\"item\":\"https:\/\/elcotarro.com\/\"},{\"@type\":\"ListItem\",\"position\":2,\"name\":\"PEPE MORENO Y LA GRAN CAMIR\"}]},{\"@type\":\"WebSite\",\"@id\":\"https:\/\/elcotarro.com\/#website\",\"url\":\"https:\/\/elcotarro.com\/\",\"name\":\"El Cotarro\",\"description\":\"Peri\u00f3dico Digital Independiente dirigido por Jos\u00e9 Carlos Marrero\",\"publisher\":{\"@id\":\"https:\/\/elcotarro.com\/#organization\"},\"potentialAction\":[{\"@type\":\"SearchAction\",\"target\":{\"@type\":\"EntryPoint\",\"urlTemplate\":\"https:\/\/elcotarro.com\/?s={search_term_string}\"},\"query-input\":{\"@type\":\"PropertyValueSpecification\",\"valueRequired\":true,\"valueName\":\"search_term_string\"}}],\"inLanguage\":\"es\"},{\"@type\":\"Organization\",\"@id\":\"https:\/\/elcotarro.com\/#organization\",\"name\":\"El Cotarro\",\"url\":\"https:\/\/elcotarro.com\/\",\"logo\":{\"@type\":\"ImageObject\",\"inLanguage\":\"es\",\"@id\":\"https:\/\/elcotarro.com\/#\/schema\/logo\/image\/\",\"url\":\"https:\/\/elcotarro.com\/wp-content\/uploads\/2014\/09\/Cabecera_El_Cotarro_v2.jpg\",\"contentUrl\":\"https:\/\/elcotarro.com\/wp-content\/uploads\/2014\/09\/Cabecera_El_Cotarro_v2.jpg\",\"width\":3540,\"height\":441,\"caption\":\"El Cotarro\"},\"image\":{\"@id\":\"https:\/\/elcotarro.com\/#\/schema\/logo\/image\/\"},\"sameAs\":[\"https:\/\/www.facebook.com\/ElCotarro.Tenerife\"]},{\"@type\":\"Person\",\"@id\":\"https:\/\/elcotarro.com\/#\/schema\/person\/af537ee7d60d15984c7e0affcd8a918b\",\"name\":\"Jos\u00e9 Carlos Marrero Gonz\u00e1lez\",\"image\":{\"@type\":\"ImageObject\",\"inLanguage\":\"es\",\"@id\":\"https:\/\/elcotarro.com\/#\/schema\/person\/image\/\",\"url\":\"https:\/\/secure.gravatar.com\/avatar\/def4da036efb5d32c74d49c351f6dccc064dd69ad9f3aadc295c5a9a5391ca01?s=96&d=mm&r=g\",\"contentUrl\":\"https:\/\/secure.gravatar.com\/avatar\/def4da036efb5d32c74d49c351f6dccc064dd69ad9f3aadc295c5a9a5391ca01?s=96&d=mm&r=g\",\"caption\":\"Jos\u00e9 Carlos Marrero Gonz\u00e1lez\"},\"sameAs\":[\"https:\/\/elcotarro.com\"],\"url\":\"https:\/\/elcotarro.com\/?author=2\"}]}<\/script>\n<!-- \/ Yoast SEO plugin. -->","yoast_head_json":{"title":"PEPE MORENO Y LA GRAN CAMIR - El Cotarro","robots":{"index":"index","follow":"follow","max-snippet":"max-snippet:-1","max-image-preview":"max-image-preview:large","max-video-preview":"max-video-preview:-1"},"canonical":"https:\/\/elcotarro.com\/?p=2480","og_locale":"es_ES","og_type":"article","og_title":"PEPE MORENO Y LA GRAN CAMIR - El Cotarro","og_description":"No puedo terminar sin celebrar p\u00fablicamente que la vida haya dado la oportunidad a dos grandes amigos de unirse en feliz matrimonio, en un derroche de felicidad que da envidia sana. Me refiero a nuestro compa\u00f1ero y subdirector de EL D\u00cdA Televisi\u00f3n, Jos\u00e9 Moreno Garc\u00eda, (periodista de raza y vocaci\u00f3n donde los haya, pero sobre ... Read more","og_url":"https:\/\/elcotarro.com\/?p=2480","og_site_name":"El Cotarro","article_publisher":"https:\/\/www.facebook.com\/ElCotarro.Tenerife","article_published_time":"2016-03-13T10:58:36+00:00","og_image":[{"url":"https:\/\/elcotarro.com\/wp-content\/uploads\/2016\/01\/Bnn_Careca.jpg","type":"","width":"","height":""}],"author":"Jos\u00e9 Carlos Marrero Gonz\u00e1lez","twitter_misc":{"Escrito por":"Jos\u00e9 Carlos Marrero Gonz\u00e1lez","Tiempo de lectura":"1 minuto"},"schema":{"@context":"https:\/\/schema.org","@graph":[{"@type":"Article","@id":"https:\/\/elcotarro.com\/?p=2480#article","isPartOf":{"@id":"https:\/\/elcotarro.com\/?p=2480"},"author":{"name":"Jos\u00e9 Carlos Marrero Gonz\u00e1lez","@id":"https:\/\/elcotarro.com\/#\/schema\/person\/af537ee7d60d15984c7e0affcd8a918b"},"headline":"PEPE MORENO Y LA GRAN CAMIR","datePublished":"2016-03-13T10:58:36+00:00","mainEntityOfPage":{"@id":"https:\/\/elcotarro.com\/?p=2480"},"wordCount":191,"commentCount":0,"publisher":{"@id":"https:\/\/elcotarro.com\/#organization"},"image":{"@id":"https:\/\/elcotarro.com\/?p=2480#primaryimage"},"thumbnailUrl":"https:\/\/elcotarro.com\/wp-content\/uploads\/2016\/01\/Bnn_Careca.jpg","inLanguage":"es","potentialAction":[{"@type":"CommentAction","name":"Comment","target":["https:\/\/elcotarro.com\/?p=2480#respond"]}]},{"@type":"WebPage","@id":"https:\/\/elcotarro.com\/?p=2480","url":"https:\/\/elcotarro.com\/?p=2480","name":"PEPE MORENO Y LA GRAN CAMIR - El Cotarro","isPartOf":{"@id":"https:\/\/elcotarro.com\/#website"},"primaryImageOfPage":{"@id":"https:\/\/elcotarro.com\/?p=2480#primaryimage"},"image":{"@id":"https:\/\/elcotarro.com\/?p=2480#primaryimage"},"thumbnailUrl":"https:\/\/elcotarro.com\/wp-content\/uploads\/2016\/01\/Bnn_Careca.jpg","datePublished":"2016-03-13T10:58:36+00:00","breadcrumb":{"@id":"https:\/\/elcotarro.com\/?p=2480#breadcrumb"},"inLanguage":"es","potentialAction":[{"@type":"ReadAction","target":["https:\/\/elcotarro.com\/?p=2480"]}]},{"@type":"ImageObject","inLanguage":"es","@id":"https:\/\/elcotarro.com\/?p=2480#primaryimage","url":"https:\/\/elcotarro.com\/wp-content\/uploads\/2016\/01\/Bnn_Careca.jpg","contentUrl":"https:\/\/elcotarro.com\/wp-content\/uploads\/2016\/01\/Bnn_Careca.jpg","width":750,"height":150},{"@type":"BreadcrumbList","@id":"https:\/\/elcotarro.com\/?p=2480#breadcrumb","itemListElement":[{"@type":"ListItem","position":1,"name":"Portada","item":"https:\/\/elcotarro.com\/"},{"@type":"ListItem","position":2,"name":"PEPE MORENO Y LA GRAN CAMIR"}]},{"@type":"WebSite","@id":"https:\/\/elcotarro.com\/#website","url":"https:\/\/elcotarro.com\/","name":"El Cotarro","description":"Peri\u00f3dico Digital Independiente dirigido por Jos\u00e9 Carlos Marrero","publisher":{"@id":"https:\/\/elcotarro.com\/#organization"},"potentialAction":[{"@type":"SearchAction","target":{"@type":"EntryPoint","urlTemplate":"https:\/\/elcotarro.com\/?s={search_term_string}"},"query-input":{"@type":"PropertyValueSpecification","valueRequired":true,"valueName":"search_term_string"}}],"inLanguage":"es"},{"@type":"Organization","@id":"https:\/\/elcotarro.com\/#organization","name":"El Cotarro","url":"https:\/\/elcotarro.com\/","logo":{"@type":"ImageObject","inLanguage":"es","@id":"https:\/\/elcotarro.com\/#\/schema\/logo\/image\/","url":"https:\/\/elcotarro.com\/wp-content\/uploads\/2014\/09\/Cabecera_El_Cotarro_v2.jpg","contentUrl":"https:\/\/elcotarro.com\/wp-content\/uploads\/2014\/09\/Cabecera_El_Cotarro_v2.jpg","width":3540,"height":441,"caption":"El Cotarro"},"image":{"@id":"https:\/\/elcotarro.com\/#\/schema\/logo\/image\/"},"sameAs":["https:\/\/www.facebook.com\/ElCotarro.Tenerife"]},{"@type":"Person","@id":"https:\/\/elcotarro.com\/#\/schema\/person\/af537ee7d60d15984c7e0affcd8a918b","name":"Jos\u00e9 Carlos Marrero Gonz\u00e1lez","image":{"@type":"ImageObject","inLanguage":"es","@id":"https:\/\/elcotarro.com\/#\/schema\/person\/image\/","url":"https:\/\/secure.gravatar.com\/avatar\/def4da036efb5d32c74d49c351f6dccc064dd69ad9f3aadc295c5a9a5391ca01?s=96&d=mm&r=g","contentUrl":"https:\/\/secure.gravatar.com\/avatar\/def4da036efb5d32c74d49c351f6dccc064dd69ad9f3aadc295c5a9a5391ca01?s=96&d=mm&r=g","caption":"Jos\u00e9 Carlos Marrero Gonz\u00e1lez"},"sameAs":["https:\/\/elcotarro.com"],"url":"https:\/\/elcotarro.com\/?author=2"}]}},"jetpack_featured_media_url":"","jetpack_sharing_enabled":true,"_links":{"self":[{"href":"https:\/\/elcotarro.com\/index.php?rest_route=\/wp\/v2\/posts\/2480","targetHints":{"allow":["GET"]}}],"collection":[{"href":"https:\/\/elcotarro.com\/index.php?rest_route=\/wp\/v2\/posts"}],"about":[{"href":"https:\/\/elcotarro.com\/index.php?rest_route=\/wp\/v2\/types\/post"}],"author":[{"embeddable":true,"href":"https:\/\/elcotarro.com\/index.php?rest_route=\/wp\/v2\/users\/2"}],"replies":[{"embeddable":true,"href":"https:\/\/elcotarro.com\/index.php?rest_route=%2Fwp%2Fv2%2Fcomments&post=2480"}],"version-history":[{"count":1,"href":"https:\/\/elcotarro.com\/index.php?rest_route=\/wp\/v2\/posts\/2480\/revisions"}],"predecessor-version":[{"id":2481,"href":"https:\/\/elcotarro.com\/index.php?rest_route=\/wp\/v2\/posts\/2480\/revisions\/2481"}],"wp:attachment":[{"href":"https:\/\/elcotarro.com\/index.php?rest_route=%2Fwp%2Fv2%2Fmedia&parent=2480"}],"wp:term":[{"taxonomy":"category","embeddable":true,"href":"https:\/\/elcotarro.com\/index.php?rest_route=%2Fwp%2Fv2%2Fcategories&post=2480"},{"taxonomy":"post_tag","embeddable":true,"href":"https:\/\/elcotarro.com\/index.php?rest_route=%2Fwp%2Fv2%2Ftags&post=2480"}],"curies":[{"name":"wp","href":"https:\/\/api.w.org\/{rel}","templated":true}]}}