{"id":2487,"date":"2016-03-20T11:05:06","date_gmt":"2016-03-20T11:05:06","guid":{"rendered":"https:\/\/elcotarro.com\/?p=2487"},"modified":"2016-03-20T09:58:04","modified_gmt":"2016-03-20T09:58:04","slug":"clavijo-presidente-pero-uno-mas","status":"publish","type":"post","link":"https:\/\/elcotarro.com\/?p=2487","title":{"rendered":"CLAVIJO, PRESIDENTE PERO UNO M\u00c1S"},"content":{"rendered":"<p>Comienzo con una an\u00e9cdota en positivo que honra a su protagonista. El pasado s\u00e1bado, en la terminal T4 del aeropuerto internacional <strong>Adolfo Su\u00e1rez<\/strong> \u2013 Madrid Barajas, algunos ciudadanos se percataron y se sorprendieron al ver que el tambi\u00e9n ciudadano <strong>Fernando Clavijo Batlle<\/strong>, a la saz\u00f3n presidente actual del Gobierno de Canarias, no solo iba en Clase Turista, sino que hac\u00eda la cola para entrar al avi\u00f3n, como cualquier hijo de vecino. Tanto se sorprendieron que incluso le comentaron qu\u00e9, dada su condici\u00f3n de presidente, por qu\u00e9 al menos no se identificaba y entraba con la prioridad de los que cuentan con la tarjeta Iberia Plus Plata (que por el n\u00famero de trayectos) debe tener ya <strong>Fernando Clavijo<\/strong>. Lo cierto y verdad es que nuestro presidente les respondi\u00f3 que \u00e9l iba a la fila 15 y que ni de co\u00f1a se saltaba la cola, que no quer\u00eda que nadie le echara en cara lo de una posible coladera, y que \u00e9l la hac\u00eda tranquilito. En comparaci\u00f3n con lo que hacen otros pol\u00edticos, todo un ejemplo que honra a <strong>Fernando Clavijo<\/strong>. Aunque sea un simple gesto, es todo un detalle que se reconoce y que, en estos complicados tiempos, el pueblo llano agradece.<\/p>\n<p style=\"text-align: center\"><a href=\"https:\/\/elcotarro.com\/wp-content\/uploads\/2016\/03\/FOTO-1.-Fernando-Clavijo-Batlle.jpg\"><img loading=\"lazy\" decoding=\"async\" class=\"alignnone size-full wp-image-2488\" src=\"https:\/\/elcotarro.com\/wp-content\/uploads\/2016\/03\/FOTO-1.-Fernando-Clavijo-Batlle.jpg\" alt=\"FOTO 1.- Fernando Clavijo Batlle\" width=\"550\" height=\"376\" srcset=\"https:\/\/elcotarro.com\/wp-content\/uploads\/2016\/03\/FOTO-1.-Fernando-Clavijo-Batlle.jpg 550w, https:\/\/elcotarro.com\/wp-content\/uploads\/2016\/03\/FOTO-1.-Fernando-Clavijo-Batlle-300x205.jpg 300w\" sizes=\"auto, (max-width: 550px) 100vw, 550px\" \/><\/a><\/p>\n<p style=\"text-align: center\"><em>Fernando Clavijo Batlle, un presidente de gobierno que act\u00faa como un ciudadano m\u00e1s.<\/em><\/p>\n","protected":false},"excerpt":{"rendered":"<p>Comienzo con una an\u00e9cdota en positivo que honra a su protagonista. El pasado s\u00e1bado, en la terminal T4 del aeropuerto internacional Adolfo Su\u00e1rez \u2013 Madrid Barajas, algunos ciudadanos se percataron y se sorprendieron al ver que el tambi\u00e9n ciudadano Fernando Clavijo Batlle, a la saz\u00f3n presidente actual del Gobierno de Canarias, no solo iba en &#8230; <a class=\"read-more\" href=\"https:\/\/elcotarro.com\/?p=2487\">Read more<\/a><\/p>\n","protected":false},"author":2,"featured_media":0,"comment_status":"open","ping_status":"open","sticky":false,"template":"","format":"standard","meta":{"_jetpack_memberships_contains_paid_content":false,"footnotes":""},"categories":[7],"tags":[],"class_list":["post-2487","post","type-post","status-publish","format-standard","hentry","category-politica"],"yoast_head":"<!-- This site is optimized with the Yoast SEO plugin v27.0 - https:\/\/yoast.com\/product\/yoast-seo-wordpress\/ -->\n<title>CLAVIJO, PRESIDENTE PERO UNO M\u00c1S - El Cotarro<\/title>\n<meta name=\"robots\" content=\"index, follow, max-snippet:-1, max-image-preview:large, max-video-preview:-1\" \/>\n<link rel=\"canonical\" href=\"https:\/\/elcotarro.com\/?p=2487\" \/>\n<meta property=\"og:locale\" content=\"es_ES\" \/>\n<meta property=\"og:type\" content=\"article\" \/>\n<meta property=\"og:title\" content=\"CLAVIJO, PRESIDENTE PERO UNO M\u00c1S - El Cotarro\" \/>\n<meta property=\"og:description\" content=\"Comienzo con una an\u00e9cdota en positivo que honra a su protagonista. El pasado s\u00e1bado, en la terminal T4 del aeropuerto internacional Adolfo Su\u00e1rez \u2013 Madrid Barajas, algunos ciudadanos se percataron y se sorprendieron al ver que el tambi\u00e9n ciudadano Fernando Clavijo Batlle, a la saz\u00f3n presidente actual del Gobierno de Canarias, no solo iba en ... Read more\" \/>\n<meta property=\"og:url\" content=\"https:\/\/elcotarro.com\/?p=2487\" \/>\n<meta property=\"og:site_name\" content=\"El Cotarro\" \/>\n<meta property=\"article:publisher\" content=\"https:\/\/www.facebook.com\/ElCotarro.Tenerife\" \/>\n<meta property=\"article:published_time\" content=\"2016-03-20T11:05:06+00:00\" \/>\n<meta property=\"og:image\" content=\"https:\/\/elcotarro.com\/wp-content\/uploads\/2016\/03\/FOTO-1.-Fernando-Clavijo-Batlle.jpg\" \/>\n<meta name=\"author\" content=\"Jos\u00e9 Carlos Marrero Gonz\u00e1lez\" \/>\n<meta name=\"twitter:label1\" content=\"Escrito por\" \/>\n\t<meta name=\"twitter:data1\" content=\"Jos\u00e9 Carlos Marrero Gonz\u00e1lez\" \/>\n\t<meta name=\"twitter:label2\" content=\"Tiempo de lectura\" \/>\n\t<meta name=\"twitter:data2\" content=\"1 minuto\" \/>\n<script type=\"application\/ld+json\" class=\"yoast-schema-graph\">{\"@context\":\"https:\/\/schema.org\",\"@graph\":[{\"@type\":\"Article\",\"@id\":\"https:\/\/elcotarro.com\/?p=2487#article\",\"isPartOf\":{\"@id\":\"https:\/\/elcotarro.com\/?p=2487\"},\"author\":{\"name\":\"Jos\u00e9 Carlos Marrero Gonz\u00e1lez\",\"@id\":\"https:\/\/elcotarro.com\/#\/schema\/person\/af537ee7d60d15984c7e0affcd8a918b\"},\"headline\":\"CLAVIJO, PRESIDENTE PERO UNO M\u00c1S\",\"datePublished\":\"2016-03-20T11:05:06+00:00\",\"mainEntityOfPage\":{\"@id\":\"https:\/\/elcotarro.com\/?p=2487\"},\"wordCount\":234,\"commentCount\":0,\"publisher\":{\"@id\":\"https:\/\/elcotarro.com\/#organization\"},\"image\":{\"@id\":\"https:\/\/elcotarro.com\/?p=2487#primaryimage\"},\"thumbnailUrl\":\"https:\/\/elcotarro.com\/wp-content\/uploads\/2016\/03\/FOTO-1.-Fernando-Clavijo-Batlle.jpg\",\"articleSection\":[\"Pol\u00edtica\"],\"inLanguage\":\"es\",\"potentialAction\":[{\"@type\":\"CommentAction\",\"name\":\"Comment\",\"target\":[\"https:\/\/elcotarro.com\/?p=2487#respond\"]}]},{\"@type\":\"WebPage\",\"@id\":\"https:\/\/elcotarro.com\/?p=2487\",\"url\":\"https:\/\/elcotarro.com\/?p=2487\",\"name\":\"CLAVIJO, PRESIDENTE PERO UNO M\u00c1S - El Cotarro\",\"isPartOf\":{\"@id\":\"https:\/\/elcotarro.com\/#website\"},\"primaryImageOfPage\":{\"@id\":\"https:\/\/elcotarro.com\/?p=2487#primaryimage\"},\"image\":{\"@id\":\"https:\/\/elcotarro.com\/?p=2487#primaryimage\"},\"thumbnailUrl\":\"https:\/\/elcotarro.com\/wp-content\/uploads\/2016\/03\/FOTO-1.-Fernando-Clavijo-Batlle.jpg\",\"datePublished\":\"2016-03-20T11:05:06+00:00\",\"breadcrumb\":{\"@id\":\"https:\/\/elcotarro.com\/?p=2487#breadcrumb\"},\"inLanguage\":\"es\",\"potentialAction\":[{\"@type\":\"ReadAction\",\"target\":[\"https:\/\/elcotarro.com\/?p=2487\"]}]},{\"@type\":\"ImageObject\",\"inLanguage\":\"es\",\"@id\":\"https:\/\/elcotarro.com\/?p=2487#primaryimage\",\"url\":\"https:\/\/elcotarro.com\/wp-content\/uploads\/2016\/03\/FOTO-1.-Fernando-Clavijo-Batlle.jpg\",\"contentUrl\":\"https:\/\/elcotarro.com\/wp-content\/uploads\/2016\/03\/FOTO-1.-Fernando-Clavijo-Batlle.jpg\",\"width\":550,\"height\":376},{\"@type\":\"BreadcrumbList\",\"@id\":\"https:\/\/elcotarro.com\/?p=2487#breadcrumb\",\"itemListElement\":[{\"@type\":\"ListItem\",\"position\":1,\"name\":\"Portada\",\"item\":\"https:\/\/elcotarro.com\/\"},{\"@type\":\"ListItem\",\"position\":2,\"name\":\"CLAVIJO, PRESIDENTE PERO UNO M\u00c1S\"}]},{\"@type\":\"WebSite\",\"@id\":\"https:\/\/elcotarro.com\/#website\",\"url\":\"https:\/\/elcotarro.com\/\",\"name\":\"El Cotarro\",\"description\":\"Peri\u00f3dico Digital Independiente dirigido por Jos\u00e9 Carlos Marrero\",\"publisher\":{\"@id\":\"https:\/\/elcotarro.com\/#organization\"},\"potentialAction\":[{\"@type\":\"SearchAction\",\"target\":{\"@type\":\"EntryPoint\",\"urlTemplate\":\"https:\/\/elcotarro.com\/?s={search_term_string}\"},\"query-input\":{\"@type\":\"PropertyValueSpecification\",\"valueRequired\":true,\"valueName\":\"search_term_string\"}}],\"inLanguage\":\"es\"},{\"@type\":\"Organization\",\"@id\":\"https:\/\/elcotarro.com\/#organization\",\"name\":\"El Cotarro\",\"url\":\"https:\/\/elcotarro.com\/\",\"logo\":{\"@type\":\"ImageObject\",\"inLanguage\":\"es\",\"@id\":\"https:\/\/elcotarro.com\/#\/schema\/logo\/image\/\",\"url\":\"https:\/\/elcotarro.com\/wp-content\/uploads\/2014\/09\/Cabecera_El_Cotarro_v2.jpg\",\"contentUrl\":\"https:\/\/elcotarro.com\/wp-content\/uploads\/2014\/09\/Cabecera_El_Cotarro_v2.jpg\",\"width\":3540,\"height\":441,\"caption\":\"El Cotarro\"},\"image\":{\"@id\":\"https:\/\/elcotarro.com\/#\/schema\/logo\/image\/\"},\"sameAs\":[\"https:\/\/www.facebook.com\/ElCotarro.Tenerife\"]},{\"@type\":\"Person\",\"@id\":\"https:\/\/elcotarro.com\/#\/schema\/person\/af537ee7d60d15984c7e0affcd8a918b\",\"name\":\"Jos\u00e9 Carlos Marrero Gonz\u00e1lez\",\"image\":{\"@type\":\"ImageObject\",\"inLanguage\":\"es\",\"@id\":\"https:\/\/elcotarro.com\/#\/schema\/person\/image\/\",\"url\":\"https:\/\/secure.gravatar.com\/avatar\/def4da036efb5d32c74d49c351f6dccc064dd69ad9f3aadc295c5a9a5391ca01?s=96&d=mm&r=g\",\"contentUrl\":\"https:\/\/secure.gravatar.com\/avatar\/def4da036efb5d32c74d49c351f6dccc064dd69ad9f3aadc295c5a9a5391ca01?s=96&d=mm&r=g\",\"caption\":\"Jos\u00e9 Carlos Marrero Gonz\u00e1lez\"},\"sameAs\":[\"https:\/\/elcotarro.com\"],\"url\":\"https:\/\/elcotarro.com\/?author=2\"}]}<\/script>\n<!-- \/ Yoast SEO plugin. -->","yoast_head_json":{"title":"CLAVIJO, PRESIDENTE PERO UNO M\u00c1S - El Cotarro","robots":{"index":"index","follow":"follow","max-snippet":"max-snippet:-1","max-image-preview":"max-image-preview:large","max-video-preview":"max-video-preview:-1"},"canonical":"https:\/\/elcotarro.com\/?p=2487","og_locale":"es_ES","og_type":"article","og_title":"CLAVIJO, PRESIDENTE PERO UNO M\u00c1S - El Cotarro","og_description":"Comienzo con una an\u00e9cdota en positivo que honra a su protagonista. El pasado s\u00e1bado, en la terminal T4 del aeropuerto internacional Adolfo Su\u00e1rez \u2013 Madrid Barajas, algunos ciudadanos se percataron y se sorprendieron al ver que el tambi\u00e9n ciudadano Fernando Clavijo Batlle, a la saz\u00f3n presidente actual del Gobierno de Canarias, no solo iba en ... Read more","og_url":"https:\/\/elcotarro.com\/?p=2487","og_site_name":"El Cotarro","article_publisher":"https:\/\/www.facebook.com\/ElCotarro.Tenerife","article_published_time":"2016-03-20T11:05:06+00:00","og_image":[{"url":"https:\/\/elcotarro.com\/wp-content\/uploads\/2016\/03\/FOTO-1.-Fernando-Clavijo-Batlle.jpg","type":"","width":"","height":""}],"author":"Jos\u00e9 Carlos Marrero Gonz\u00e1lez","twitter_misc":{"Escrito por":"Jos\u00e9 Carlos Marrero Gonz\u00e1lez","Tiempo de lectura":"1 minuto"},"schema":{"@context":"https:\/\/schema.org","@graph":[{"@type":"Article","@id":"https:\/\/elcotarro.com\/?p=2487#article","isPartOf":{"@id":"https:\/\/elcotarro.com\/?p=2487"},"author":{"name":"Jos\u00e9 Carlos Marrero Gonz\u00e1lez","@id":"https:\/\/elcotarro.com\/#\/schema\/person\/af537ee7d60d15984c7e0affcd8a918b"},"headline":"CLAVIJO, PRESIDENTE PERO UNO M\u00c1S","datePublished":"2016-03-20T11:05:06+00:00","mainEntityOfPage":{"@id":"https:\/\/elcotarro.com\/?p=2487"},"wordCount":234,"commentCount":0,"publisher":{"@id":"https:\/\/elcotarro.com\/#organization"},"image":{"@id":"https:\/\/elcotarro.com\/?p=2487#primaryimage"},"thumbnailUrl":"https:\/\/elcotarro.com\/wp-content\/uploads\/2016\/03\/FOTO-1.-Fernando-Clavijo-Batlle.jpg","articleSection":["Pol\u00edtica"],"inLanguage":"es","potentialAction":[{"@type":"CommentAction","name":"Comment","target":["https:\/\/elcotarro.com\/?p=2487#respond"]}]},{"@type":"WebPage","@id":"https:\/\/elcotarro.com\/?p=2487","url":"https:\/\/elcotarro.com\/?p=2487","name":"CLAVIJO, PRESIDENTE PERO UNO M\u00c1S - El Cotarro","isPartOf":{"@id":"https:\/\/elcotarro.com\/#website"},"primaryImageOfPage":{"@id":"https:\/\/elcotarro.com\/?p=2487#primaryimage"},"image":{"@id":"https:\/\/elcotarro.com\/?p=2487#primaryimage"},"thumbnailUrl":"https:\/\/elcotarro.com\/wp-content\/uploads\/2016\/03\/FOTO-1.-Fernando-Clavijo-Batlle.jpg","datePublished":"2016-03-20T11:05:06+00:00","breadcrumb":{"@id":"https:\/\/elcotarro.com\/?p=2487#breadcrumb"},"inLanguage":"es","potentialAction":[{"@type":"ReadAction","target":["https:\/\/elcotarro.com\/?p=2487"]}]},{"@type":"ImageObject","inLanguage":"es","@id":"https:\/\/elcotarro.com\/?p=2487#primaryimage","url":"https:\/\/elcotarro.com\/wp-content\/uploads\/2016\/03\/FOTO-1.-Fernando-Clavijo-Batlle.jpg","contentUrl":"https:\/\/elcotarro.com\/wp-content\/uploads\/2016\/03\/FOTO-1.-Fernando-Clavijo-Batlle.jpg","width":550,"height":376},{"@type":"BreadcrumbList","@id":"https:\/\/elcotarro.com\/?p=2487#breadcrumb","itemListElement":[{"@type":"ListItem","position":1,"name":"Portada","item":"https:\/\/elcotarro.com\/"},{"@type":"ListItem","position":2,"name":"CLAVIJO, PRESIDENTE PERO UNO M\u00c1S"}]},{"@type":"WebSite","@id":"https:\/\/elcotarro.com\/#website","url":"https:\/\/elcotarro.com\/","name":"El Cotarro","description":"Peri\u00f3dico Digital Independiente dirigido por Jos\u00e9 Carlos Marrero","publisher":{"@id":"https:\/\/elcotarro.com\/#organization"},"potentialAction":[{"@type":"SearchAction","target":{"@type":"EntryPoint","urlTemplate":"https:\/\/elcotarro.com\/?s={search_term_string}"},"query-input":{"@type":"PropertyValueSpecification","valueRequired":true,"valueName":"search_term_string"}}],"inLanguage":"es"},{"@type":"Organization","@id":"https:\/\/elcotarro.com\/#organization","name":"El Cotarro","url":"https:\/\/elcotarro.com\/","logo":{"@type":"ImageObject","inLanguage":"es","@id":"https:\/\/elcotarro.com\/#\/schema\/logo\/image\/","url":"https:\/\/elcotarro.com\/wp-content\/uploads\/2014\/09\/Cabecera_El_Cotarro_v2.jpg","contentUrl":"https:\/\/elcotarro.com\/wp-content\/uploads\/2014\/09\/Cabecera_El_Cotarro_v2.jpg","width":3540,"height":441,"caption":"El Cotarro"},"image":{"@id":"https:\/\/elcotarro.com\/#\/schema\/logo\/image\/"},"sameAs":["https:\/\/www.facebook.com\/ElCotarro.Tenerife"]},{"@type":"Person","@id":"https:\/\/elcotarro.com\/#\/schema\/person\/af537ee7d60d15984c7e0affcd8a918b","name":"Jos\u00e9 Carlos Marrero Gonz\u00e1lez","image":{"@type":"ImageObject","inLanguage":"es","@id":"https:\/\/elcotarro.com\/#\/schema\/person\/image\/","url":"https:\/\/secure.gravatar.com\/avatar\/def4da036efb5d32c74d49c351f6dccc064dd69ad9f3aadc295c5a9a5391ca01?s=96&d=mm&r=g","contentUrl":"https:\/\/secure.gravatar.com\/avatar\/def4da036efb5d32c74d49c351f6dccc064dd69ad9f3aadc295c5a9a5391ca01?s=96&d=mm&r=g","caption":"Jos\u00e9 Carlos Marrero Gonz\u00e1lez"},"sameAs":["https:\/\/elcotarro.com"],"url":"https:\/\/elcotarro.com\/?author=2"}]}},"jetpack_featured_media_url":"","jetpack_sharing_enabled":true,"_links":{"self":[{"href":"https:\/\/elcotarro.com\/index.php?rest_route=\/wp\/v2\/posts\/2487","targetHints":{"allow":["GET"]}}],"collection":[{"href":"https:\/\/elcotarro.com\/index.php?rest_route=\/wp\/v2\/posts"}],"about":[{"href":"https:\/\/elcotarro.com\/index.php?rest_route=\/wp\/v2\/types\/post"}],"author":[{"embeddable":true,"href":"https:\/\/elcotarro.com\/index.php?rest_route=\/wp\/v2\/users\/2"}],"replies":[{"embeddable":true,"href":"https:\/\/elcotarro.com\/index.php?rest_route=%2Fwp%2Fv2%2Fcomments&post=2487"}],"version-history":[{"count":1,"href":"https:\/\/elcotarro.com\/index.php?rest_route=\/wp\/v2\/posts\/2487\/revisions"}],"predecessor-version":[{"id":2489,"href":"https:\/\/elcotarro.com\/index.php?rest_route=\/wp\/v2\/posts\/2487\/revisions\/2489"}],"wp:attachment":[{"href":"https:\/\/elcotarro.com\/index.php?rest_route=%2Fwp%2Fv2%2Fmedia&parent=2487"}],"wp:term":[{"taxonomy":"category","embeddable":true,"href":"https:\/\/elcotarro.com\/index.php?rest_route=%2Fwp%2Fv2%2Fcategories&post=2487"},{"taxonomy":"post_tag","embeddable":true,"href":"https:\/\/elcotarro.com\/index.php?rest_route=%2Fwp%2Fv2%2Ftags&post=2487"}],"curies":[{"name":"wp","href":"https:\/\/api.w.org\/{rel}","templated":true}]}}