{"id":2490,"date":"2016-03-20T11:04:09","date_gmt":"2016-03-20T11:04:09","guid":{"rendered":"https:\/\/elcotarro.com\/?p=2490"},"modified":"2016-03-20T09:59:04","modified_gmt":"2016-03-20T09:59:04","slug":"unidad-politica-en-el-elcano","status":"publish","type":"post","link":"https:\/\/elcotarro.com\/?p=2490","title":{"rendered":"UNIDAD POL\u00cdTICA EN EL ELCANO"},"content":{"rendered":"<p>Gracias a los buenos amigos de la Tertulia Harry Potter, que se han volcado para homenajear a los mandos y guardiamarinas de buque-escuela de la Armada Espa\u00f1ola, <strong>Juan Sebasti\u00e1n de Elcano<\/strong>, que el pasado fin de semana nos honr\u00f3 con su noble estampa en el puerto capitalino de Tenerife, he conseguido la fotograf\u00eda (creo que exclusiva) que les pongo en El Cotarro de este domingo. Mientras do\u00f1a <strong>Ada Colau<\/strong>, la \u00ednclita alcaldesa de Barcelona, tiene sus m\u00e1s y sus menos con el Ejercito de Espa\u00f1a (o al menos con algunos de sus profesionales), nuestra isla de Tenerife ha dado un gratificante ejemplo de unidad en la pol\u00edtica (bien entendida) y de los propios pol\u00edticos (de unos y otros partidos) en la c\u00e1mara para visitantes del emblem\u00e1tico buque-escuela, cuando fueron recibidos por el capit\u00e1n de nav\u00edo <strong>Victoriano Gilabert Agote<\/strong>, actual comandante del mismo. Se mont\u00f3 una relajada tertulia llena de historias, an\u00e9cdotas y, sobre todo, cordialidad.<\/p>\n<p style=\"text-align: center\"><a href=\"https:\/\/elcotarro.com\/wp-content\/uploads\/2016\/03\/FOTO-2.-Juan-Sebasti\u00e1n-de-Elcano.jpg\"><img loading=\"lazy\" decoding=\"async\" class=\"alignnone size-full wp-image-2491\" src=\"https:\/\/elcotarro.com\/wp-content\/uploads\/2016\/03\/FOTO-2.-Juan-Sebasti\u00e1n-de-Elcano.jpg\" alt=\"FOTO 2.- Juan Sebasti\u00e1n de Elcano\" width=\"1600\" height=\"1066\" srcset=\"https:\/\/elcotarro.com\/wp-content\/uploads\/2016\/03\/FOTO-2.-Juan-Sebasti\u00e1n-de-Elcano.jpg 1600w, https:\/\/elcotarro.com\/wp-content\/uploads\/2016\/03\/FOTO-2.-Juan-Sebasti\u00e1n-de-Elcano-300x200.jpg 300w, https:\/\/elcotarro.com\/wp-content\/uploads\/2016\/03\/FOTO-2.-Juan-Sebasti\u00e1n-de-Elcano-1024x682.jpg 1024w\" sizes=\"auto, (max-width: 1600px) 100vw, 1600px\" \/><\/a><\/p>\n<p style=\"text-align: center\"><em>El buque-escuela Juan Sebasti\u00e1n de Elcano en el puerto de Santa Cruz de Tenerife<\/em><\/p>\n","protected":false},"excerpt":{"rendered":"<p>Gracias a los buenos amigos de la Tertulia Harry Potter, que se han volcado para homenajear a los mandos y guardiamarinas de buque-escuela de la Armada Espa\u00f1ola, Juan Sebasti\u00e1n de Elcano, que el pasado fin de semana nos honr\u00f3 con su noble estampa en el puerto capitalino de Tenerife, he conseguido la fotograf\u00eda (creo que &#8230; <a class=\"read-more\" href=\"https:\/\/elcotarro.com\/?p=2490\">Read more<\/a><\/p>\n","protected":false},"author":2,"featured_media":0,"comment_status":"open","ping_status":"open","sticky":false,"template":"","format":"standard","meta":{"_jetpack_memberships_contains_paid_content":false,"footnotes":""},"categories":[1],"tags":[],"class_list":["post-2490","post","type-post","status-publish","format-standard","hentry","category-sin-categoria"],"yoast_head":"<!-- This site is optimized with the Yoast SEO plugin v27.0 - https:\/\/yoast.com\/product\/yoast-seo-wordpress\/ -->\n<title>UNIDAD POL\u00cdTICA EN EL ELCANO - El Cotarro<\/title>\n<meta name=\"robots\" content=\"index, follow, max-snippet:-1, max-image-preview:large, max-video-preview:-1\" \/>\n<link rel=\"canonical\" href=\"https:\/\/elcotarro.com\/?p=2490\" \/>\n<meta property=\"og:locale\" content=\"es_ES\" \/>\n<meta property=\"og:type\" content=\"article\" \/>\n<meta property=\"og:title\" content=\"UNIDAD POL\u00cdTICA EN EL ELCANO - El Cotarro\" \/>\n<meta property=\"og:description\" content=\"Gracias a los buenos amigos de la Tertulia Harry Potter, que se han volcado para homenajear a los mandos y guardiamarinas de buque-escuela de la Armada Espa\u00f1ola, Juan Sebasti\u00e1n de Elcano, que el pasado fin de semana nos honr\u00f3 con su noble estampa en el puerto capitalino de Tenerife, he conseguido la fotograf\u00eda (creo que ... Read more\" \/>\n<meta property=\"og:url\" content=\"https:\/\/elcotarro.com\/?p=2490\" \/>\n<meta property=\"og:site_name\" content=\"El Cotarro\" \/>\n<meta property=\"article:publisher\" content=\"https:\/\/www.facebook.com\/ElCotarro.Tenerife\" \/>\n<meta property=\"article:published_time\" content=\"2016-03-20T11:04:09+00:00\" \/>\n<meta name=\"author\" content=\"Jos\u00e9 Carlos Marrero Gonz\u00e1lez\" \/>\n<meta name=\"twitter:label1\" content=\"Escrito por\" \/>\n\t<meta name=\"twitter:data1\" content=\"Jos\u00e9 Carlos Marrero Gonz\u00e1lez\" \/>\n\t<meta name=\"twitter:label2\" content=\"Tiempo de lectura\" \/>\n\t<meta name=\"twitter:data2\" content=\"1 minuto\" \/>\n<script type=\"application\/ld+json\" class=\"yoast-schema-graph\">{\"@context\":\"https:\/\/schema.org\",\"@graph\":[{\"@type\":\"Article\",\"@id\":\"https:\/\/elcotarro.com\/?p=2490#article\",\"isPartOf\":{\"@id\":\"https:\/\/elcotarro.com\/?p=2490\"},\"author\":{\"name\":\"Jos\u00e9 Carlos Marrero Gonz\u00e1lez\",\"@id\":\"https:\/\/elcotarro.com\/#\/schema\/person\/af537ee7d60d15984c7e0affcd8a918b\"},\"headline\":\"UNIDAD POL\u00cdTICA EN EL ELCANO\",\"datePublished\":\"2016-03-20T11:04:09+00:00\",\"mainEntityOfPage\":{\"@id\":\"https:\/\/elcotarro.com\/?p=2490\"},\"wordCount\":189,\"commentCount\":0,\"publisher\":{\"@id\":\"https:\/\/elcotarro.com\/#organization\"},\"inLanguage\":\"es\",\"potentialAction\":[{\"@type\":\"CommentAction\",\"name\":\"Comment\",\"target\":[\"https:\/\/elcotarro.com\/?p=2490#respond\"]}]},{\"@type\":\"WebPage\",\"@id\":\"https:\/\/elcotarro.com\/?p=2490\",\"url\":\"https:\/\/elcotarro.com\/?p=2490\",\"name\":\"UNIDAD POL\u00cdTICA EN EL ELCANO - El Cotarro\",\"isPartOf\":{\"@id\":\"https:\/\/elcotarro.com\/#website\"},\"datePublished\":\"2016-03-20T11:04:09+00:00\",\"breadcrumb\":{\"@id\":\"https:\/\/elcotarro.com\/?p=2490#breadcrumb\"},\"inLanguage\":\"es\",\"potentialAction\":[{\"@type\":\"ReadAction\",\"target\":[\"https:\/\/elcotarro.com\/?p=2490\"]}]},{\"@type\":\"BreadcrumbList\",\"@id\":\"https:\/\/elcotarro.com\/?p=2490#breadcrumb\",\"itemListElement\":[{\"@type\":\"ListItem\",\"position\":1,\"name\":\"Portada\",\"item\":\"https:\/\/elcotarro.com\/\"},{\"@type\":\"ListItem\",\"position\":2,\"name\":\"UNIDAD POL\u00cdTICA EN EL ELCANO\"}]},{\"@type\":\"WebSite\",\"@id\":\"https:\/\/elcotarro.com\/#website\",\"url\":\"https:\/\/elcotarro.com\/\",\"name\":\"El Cotarro\",\"description\":\"Peri\u00f3dico Digital Independiente dirigido por Jos\u00e9 Carlos Marrero\",\"publisher\":{\"@id\":\"https:\/\/elcotarro.com\/#organization\"},\"potentialAction\":[{\"@type\":\"SearchAction\",\"target\":{\"@type\":\"EntryPoint\",\"urlTemplate\":\"https:\/\/elcotarro.com\/?s={search_term_string}\"},\"query-input\":{\"@type\":\"PropertyValueSpecification\",\"valueRequired\":true,\"valueName\":\"search_term_string\"}}],\"inLanguage\":\"es\"},{\"@type\":\"Organization\",\"@id\":\"https:\/\/elcotarro.com\/#organization\",\"name\":\"El Cotarro\",\"url\":\"https:\/\/elcotarro.com\/\",\"logo\":{\"@type\":\"ImageObject\",\"inLanguage\":\"es\",\"@id\":\"https:\/\/elcotarro.com\/#\/schema\/logo\/image\/\",\"url\":\"https:\/\/elcotarro.com\/wp-content\/uploads\/2014\/09\/Cabecera_El_Cotarro_v2.jpg\",\"contentUrl\":\"https:\/\/elcotarro.com\/wp-content\/uploads\/2014\/09\/Cabecera_El_Cotarro_v2.jpg\",\"width\":3540,\"height\":441,\"caption\":\"El Cotarro\"},\"image\":{\"@id\":\"https:\/\/elcotarro.com\/#\/schema\/logo\/image\/\"},\"sameAs\":[\"https:\/\/www.facebook.com\/ElCotarro.Tenerife\"]},{\"@type\":\"Person\",\"@id\":\"https:\/\/elcotarro.com\/#\/schema\/person\/af537ee7d60d15984c7e0affcd8a918b\",\"name\":\"Jos\u00e9 Carlos Marrero Gonz\u00e1lez\",\"image\":{\"@type\":\"ImageObject\",\"inLanguage\":\"es\",\"@id\":\"https:\/\/elcotarro.com\/#\/schema\/person\/image\/\",\"url\":\"https:\/\/secure.gravatar.com\/avatar\/def4da036efb5d32c74d49c351f6dccc064dd69ad9f3aadc295c5a9a5391ca01?s=96&d=mm&r=g\",\"contentUrl\":\"https:\/\/secure.gravatar.com\/avatar\/def4da036efb5d32c74d49c351f6dccc064dd69ad9f3aadc295c5a9a5391ca01?s=96&d=mm&r=g\",\"caption\":\"Jos\u00e9 Carlos Marrero Gonz\u00e1lez\"},\"sameAs\":[\"https:\/\/elcotarro.com\"],\"url\":\"https:\/\/elcotarro.com\/?author=2\"}]}<\/script>\n<!-- \/ Yoast SEO plugin. -->","yoast_head_json":{"title":"UNIDAD POL\u00cdTICA EN EL ELCANO - El Cotarro","robots":{"index":"index","follow":"follow","max-snippet":"max-snippet:-1","max-image-preview":"max-image-preview:large","max-video-preview":"max-video-preview:-1"},"canonical":"https:\/\/elcotarro.com\/?p=2490","og_locale":"es_ES","og_type":"article","og_title":"UNIDAD POL\u00cdTICA EN EL ELCANO - El Cotarro","og_description":"Gracias a los buenos amigos de la Tertulia Harry Potter, que se han volcado para homenajear a los mandos y guardiamarinas de buque-escuela de la Armada Espa\u00f1ola, Juan Sebasti\u00e1n de Elcano, que el pasado fin de semana nos honr\u00f3 con su noble estampa en el puerto capitalino de Tenerife, he conseguido la fotograf\u00eda (creo que ... Read more","og_url":"https:\/\/elcotarro.com\/?p=2490","og_site_name":"El Cotarro","article_publisher":"https:\/\/www.facebook.com\/ElCotarro.Tenerife","article_published_time":"2016-03-20T11:04:09+00:00","author":"Jos\u00e9 Carlos Marrero Gonz\u00e1lez","twitter_misc":{"Escrito por":"Jos\u00e9 Carlos Marrero Gonz\u00e1lez","Tiempo de lectura":"1 minuto"},"schema":{"@context":"https:\/\/schema.org","@graph":[{"@type":"Article","@id":"https:\/\/elcotarro.com\/?p=2490#article","isPartOf":{"@id":"https:\/\/elcotarro.com\/?p=2490"},"author":{"name":"Jos\u00e9 Carlos Marrero Gonz\u00e1lez","@id":"https:\/\/elcotarro.com\/#\/schema\/person\/af537ee7d60d15984c7e0affcd8a918b"},"headline":"UNIDAD POL\u00cdTICA EN EL ELCANO","datePublished":"2016-03-20T11:04:09+00:00","mainEntityOfPage":{"@id":"https:\/\/elcotarro.com\/?p=2490"},"wordCount":189,"commentCount":0,"publisher":{"@id":"https:\/\/elcotarro.com\/#organization"},"inLanguage":"es","potentialAction":[{"@type":"CommentAction","name":"Comment","target":["https:\/\/elcotarro.com\/?p=2490#respond"]}]},{"@type":"WebPage","@id":"https:\/\/elcotarro.com\/?p=2490","url":"https:\/\/elcotarro.com\/?p=2490","name":"UNIDAD POL\u00cdTICA EN EL ELCANO - El Cotarro","isPartOf":{"@id":"https:\/\/elcotarro.com\/#website"},"datePublished":"2016-03-20T11:04:09+00:00","breadcrumb":{"@id":"https:\/\/elcotarro.com\/?p=2490#breadcrumb"},"inLanguage":"es","potentialAction":[{"@type":"ReadAction","target":["https:\/\/elcotarro.com\/?p=2490"]}]},{"@type":"BreadcrumbList","@id":"https:\/\/elcotarro.com\/?p=2490#breadcrumb","itemListElement":[{"@type":"ListItem","position":1,"name":"Portada","item":"https:\/\/elcotarro.com\/"},{"@type":"ListItem","position":2,"name":"UNIDAD POL\u00cdTICA EN EL ELCANO"}]},{"@type":"WebSite","@id":"https:\/\/elcotarro.com\/#website","url":"https:\/\/elcotarro.com\/","name":"El Cotarro","description":"Peri\u00f3dico Digital Independiente dirigido por Jos\u00e9 Carlos Marrero","publisher":{"@id":"https:\/\/elcotarro.com\/#organization"},"potentialAction":[{"@type":"SearchAction","target":{"@type":"EntryPoint","urlTemplate":"https:\/\/elcotarro.com\/?s={search_term_string}"},"query-input":{"@type":"PropertyValueSpecification","valueRequired":true,"valueName":"search_term_string"}}],"inLanguage":"es"},{"@type":"Organization","@id":"https:\/\/elcotarro.com\/#organization","name":"El Cotarro","url":"https:\/\/elcotarro.com\/","logo":{"@type":"ImageObject","inLanguage":"es","@id":"https:\/\/elcotarro.com\/#\/schema\/logo\/image\/","url":"https:\/\/elcotarro.com\/wp-content\/uploads\/2014\/09\/Cabecera_El_Cotarro_v2.jpg","contentUrl":"https:\/\/elcotarro.com\/wp-content\/uploads\/2014\/09\/Cabecera_El_Cotarro_v2.jpg","width":3540,"height":441,"caption":"El Cotarro"},"image":{"@id":"https:\/\/elcotarro.com\/#\/schema\/logo\/image\/"},"sameAs":["https:\/\/www.facebook.com\/ElCotarro.Tenerife"]},{"@type":"Person","@id":"https:\/\/elcotarro.com\/#\/schema\/person\/af537ee7d60d15984c7e0affcd8a918b","name":"Jos\u00e9 Carlos Marrero Gonz\u00e1lez","image":{"@type":"ImageObject","inLanguage":"es","@id":"https:\/\/elcotarro.com\/#\/schema\/person\/image\/","url":"https:\/\/secure.gravatar.com\/avatar\/def4da036efb5d32c74d49c351f6dccc064dd69ad9f3aadc295c5a9a5391ca01?s=96&d=mm&r=g","contentUrl":"https:\/\/secure.gravatar.com\/avatar\/def4da036efb5d32c74d49c351f6dccc064dd69ad9f3aadc295c5a9a5391ca01?s=96&d=mm&r=g","caption":"Jos\u00e9 Carlos Marrero Gonz\u00e1lez"},"sameAs":["https:\/\/elcotarro.com"],"url":"https:\/\/elcotarro.com\/?author=2"}]}},"jetpack_featured_media_url":"","jetpack_sharing_enabled":true,"_links":{"self":[{"href":"https:\/\/elcotarro.com\/index.php?rest_route=\/wp\/v2\/posts\/2490","targetHints":{"allow":["GET"]}}],"collection":[{"href":"https:\/\/elcotarro.com\/index.php?rest_route=\/wp\/v2\/posts"}],"about":[{"href":"https:\/\/elcotarro.com\/index.php?rest_route=\/wp\/v2\/types\/post"}],"author":[{"embeddable":true,"href":"https:\/\/elcotarro.com\/index.php?rest_route=\/wp\/v2\/users\/2"}],"replies":[{"embeddable":true,"href":"https:\/\/elcotarro.com\/index.php?rest_route=%2Fwp%2Fv2%2Fcomments&post=2490"}],"version-history":[{"count":1,"href":"https:\/\/elcotarro.com\/index.php?rest_route=\/wp\/v2\/posts\/2490\/revisions"}],"predecessor-version":[{"id":2492,"href":"https:\/\/elcotarro.com\/index.php?rest_route=\/wp\/v2\/posts\/2490\/revisions\/2492"}],"wp:attachment":[{"href":"https:\/\/elcotarro.com\/index.php?rest_route=%2Fwp%2Fv2%2Fmedia&parent=2490"}],"wp:term":[{"taxonomy":"category","embeddable":true,"href":"https:\/\/elcotarro.com\/index.php?rest_route=%2Fwp%2Fv2%2Fcategories&post=2490"},{"taxonomy":"post_tag","embeddable":true,"href":"https:\/\/elcotarro.com\/index.php?rest_route=%2Fwp%2Fv2%2Ftags&post=2490"}],"curies":[{"name":"wp","href":"https:\/\/api.w.org\/{rel}","templated":true}]}}