{"id":2493,"date":"2016-03-20T11:03:07","date_gmt":"2016-03-20T11:03:07","guid":{"rendered":"https:\/\/elcotarro.com\/?p=2493"},"modified":"2016-03-20T10:00:02","modified_gmt":"2016-03-20T10:00:02","slug":"por-encima-de-los-partidos","status":"publish","type":"post","link":"https:\/\/elcotarro.com\/?p=2493","title":{"rendered":"POR ENCIMA DE LOS PARTIDOS"},"content":{"rendered":"<p>En la fotograf\u00eda que les muestro y, de izquierda a derecha, pueden ver a <strong>Jos\u00e9 Carlos Acha Dom\u00ednguez<\/strong>, del Partido Popular (<strong>Presidente del Organismo Aut\u00f3nomo de Cultura del Ayuntamiento de Santa Cruz de Tenerife), Luis Cola Ben\u00edtez (Cronista Oficial de la capital tinerfe\u00f1a), Jaime Gonz\u00e1lez Cejas, del Partido Socialista (Alcalde de Granadilla de Abona), Ricardo Melchior Navarro, de Coalici\u00f3n Canaria (presidente de la Autoridad Portuaria de los Puertos del Estado en la provincia de Santa Cruz de Tenerife) y, de uniforme, el ya mencionado <\/strong>capit\u00e1n de nav\u00edo <strong>Victoriano Gilabert Agote<\/strong>, actual comandante del <strong>Juan Sebasti\u00e1n de Elcano<\/strong>, que hizo en el puerto capitalino tinerfe\u00f1o la primera escala de su LXXXVII Crucero de Instrucci\u00f3n. Durante la agradable tertulia que se puede intuir al ver la foto, los pol\u00edticos de uno y otro partido departieron distendidamente, al margen de ideolog\u00edas y partidismos mal entendidos. Otro ejemplo para muchos que siguen cerrados. Por cierto: <strong>Luis Cola<\/strong> es historiador y no est\u00e1 metido en pol\u00edtica, ni falta que le hace.<\/p>\n<p style=\"text-align: center\"><a href=\"https:\/\/elcotarro.com\/wp-content\/uploads\/2016\/03\/FOTO-3.-Tertulia-en-el-Elcano.jpg\"><img loading=\"lazy\" decoding=\"async\" class=\"alignnone size-full wp-image-2494\" src=\"https:\/\/elcotarro.com\/wp-content\/uploads\/2016\/03\/FOTO-3.-Tertulia-en-el-Elcano.jpg\" alt=\"FOTO 3.- Tertulia en el Elcano\" width=\"1600\" height=\"900\" srcset=\"https:\/\/elcotarro.com\/wp-content\/uploads\/2016\/03\/FOTO-3.-Tertulia-en-el-Elcano.jpg 1600w, https:\/\/elcotarro.com\/wp-content\/uploads\/2016\/03\/FOTO-3.-Tertulia-en-el-Elcano-300x169.jpg 300w, https:\/\/elcotarro.com\/wp-content\/uploads\/2016\/03\/FOTO-3.-Tertulia-en-el-Elcano-1024x576.jpg 1024w\" sizes=\"auto, (max-width: 1600px) 100vw, 1600px\" \/><\/a><\/p>\n<p style=\"text-align: center\"><em>Distendida tertulia en el J. S. de Elcano. De Izda. a Dcha.: Jos\u00e9 Carlos Acha, Luis Cola Ben\u00edtez, Jaime Gonz\u00e1lez Cejas, Ricardo Melchior Navarro y Victoriano Gilabert Agote.<\/em><\/p>\n","protected":false},"excerpt":{"rendered":"<p>En la fotograf\u00eda que les muestro y, de izquierda a derecha, pueden ver a Jos\u00e9 Carlos Acha Dom\u00ednguez, del Partido Popular (Presidente del Organismo Aut\u00f3nomo de Cultura del Ayuntamiento de Santa Cruz de Tenerife), Luis Cola Ben\u00edtez (Cronista Oficial de la capital tinerfe\u00f1a), Jaime Gonz\u00e1lez Cejas, del Partido Socialista (Alcalde de Granadilla de Abona), Ricardo &#8230; <a class=\"read-more\" href=\"https:\/\/elcotarro.com\/?p=2493\">Read more<\/a><\/p>\n","protected":false},"author":2,"featured_media":0,"comment_status":"open","ping_status":"open","sticky":false,"template":"","format":"standard","meta":{"_jetpack_memberships_contains_paid_content":false,"footnotes":""},"categories":[1],"tags":[],"class_list":["post-2493","post","type-post","status-publish","format-standard","hentry","category-sin-categoria"],"yoast_head":"<!-- This site is optimized with the Yoast SEO plugin v27.0 - https:\/\/yoast.com\/product\/yoast-seo-wordpress\/ -->\n<title>POR ENCIMA DE LOS PARTIDOS - El Cotarro<\/title>\n<meta name=\"robots\" content=\"index, follow, max-snippet:-1, max-image-preview:large, max-video-preview:-1\" \/>\n<link rel=\"canonical\" href=\"https:\/\/elcotarro.com\/?p=2493\" \/>\n<meta property=\"og:locale\" content=\"es_ES\" \/>\n<meta property=\"og:type\" content=\"article\" \/>\n<meta property=\"og:title\" content=\"POR ENCIMA DE LOS PARTIDOS - El Cotarro\" \/>\n<meta property=\"og:description\" content=\"En la fotograf\u00eda que les muestro y, de izquierda a derecha, pueden ver a Jos\u00e9 Carlos Acha Dom\u00ednguez, del Partido Popular (Presidente del Organismo Aut\u00f3nomo de Cultura del Ayuntamiento de Santa Cruz de Tenerife), Luis Cola Ben\u00edtez (Cronista Oficial de la capital tinerfe\u00f1a), Jaime Gonz\u00e1lez Cejas, del Partido Socialista (Alcalde de Granadilla de Abona), Ricardo ... Read more\" \/>\n<meta property=\"og:url\" content=\"https:\/\/elcotarro.com\/?p=2493\" \/>\n<meta property=\"og:site_name\" content=\"El Cotarro\" \/>\n<meta property=\"article:publisher\" content=\"https:\/\/www.facebook.com\/ElCotarro.Tenerife\" \/>\n<meta property=\"article:published_time\" content=\"2016-03-20T11:03:07+00:00\" \/>\n<meta property=\"og:image\" content=\"https:\/\/elcotarro.com\/wp-content\/uploads\/2016\/03\/FOTO-3.-Tertulia-en-el-Elcano.jpg\" \/>\n<meta name=\"author\" content=\"Jos\u00e9 Carlos Marrero Gonz\u00e1lez\" \/>\n<meta name=\"twitter:label1\" content=\"Escrito por\" \/>\n\t<meta name=\"twitter:data1\" content=\"Jos\u00e9 Carlos Marrero Gonz\u00e1lez\" \/>\n\t<meta name=\"twitter:label2\" content=\"Tiempo de lectura\" \/>\n\t<meta name=\"twitter:data2\" content=\"1 minuto\" \/>\n<script type=\"application\/ld+json\" class=\"yoast-schema-graph\">{\"@context\":\"https:\/\/schema.org\",\"@graph\":[{\"@type\":\"Article\",\"@id\":\"https:\/\/elcotarro.com\/?p=2493#article\",\"isPartOf\":{\"@id\":\"https:\/\/elcotarro.com\/?p=2493\"},\"author\":{\"name\":\"Jos\u00e9 Carlos Marrero Gonz\u00e1lez\",\"@id\":\"https:\/\/elcotarro.com\/#\/schema\/person\/af537ee7d60d15984c7e0affcd8a918b\"},\"headline\":\"POR ENCIMA DE LOS PARTIDOS\",\"datePublished\":\"2016-03-20T11:03:07+00:00\",\"mainEntityOfPage\":{\"@id\":\"https:\/\/elcotarro.com\/?p=2493\"},\"wordCount\":216,\"commentCount\":0,\"publisher\":{\"@id\":\"https:\/\/elcotarro.com\/#organization\"},\"image\":{\"@id\":\"https:\/\/elcotarro.com\/?p=2493#primaryimage\"},\"thumbnailUrl\":\"https:\/\/elcotarro.com\/wp-content\/uploads\/2016\/03\/FOTO-3.-Tertulia-en-el-Elcano.jpg\",\"inLanguage\":\"es\",\"potentialAction\":[{\"@type\":\"CommentAction\",\"name\":\"Comment\",\"target\":[\"https:\/\/elcotarro.com\/?p=2493#respond\"]}]},{\"@type\":\"WebPage\",\"@id\":\"https:\/\/elcotarro.com\/?p=2493\",\"url\":\"https:\/\/elcotarro.com\/?p=2493\",\"name\":\"POR ENCIMA DE LOS PARTIDOS - El Cotarro\",\"isPartOf\":{\"@id\":\"https:\/\/elcotarro.com\/#website\"},\"primaryImageOfPage\":{\"@id\":\"https:\/\/elcotarro.com\/?p=2493#primaryimage\"},\"image\":{\"@id\":\"https:\/\/elcotarro.com\/?p=2493#primaryimage\"},\"thumbnailUrl\":\"https:\/\/elcotarro.com\/wp-content\/uploads\/2016\/03\/FOTO-3.-Tertulia-en-el-Elcano.jpg\",\"datePublished\":\"2016-03-20T11:03:07+00:00\",\"breadcrumb\":{\"@id\":\"https:\/\/elcotarro.com\/?p=2493#breadcrumb\"},\"inLanguage\":\"es\",\"potentialAction\":[{\"@type\":\"ReadAction\",\"target\":[\"https:\/\/elcotarro.com\/?p=2493\"]}]},{\"@type\":\"ImageObject\",\"inLanguage\":\"es\",\"@id\":\"https:\/\/elcotarro.com\/?p=2493#primaryimage\",\"url\":\"https:\/\/elcotarro.com\/wp-content\/uploads\/2016\/03\/FOTO-3.-Tertulia-en-el-Elcano.jpg\",\"contentUrl\":\"https:\/\/elcotarro.com\/wp-content\/uploads\/2016\/03\/FOTO-3.-Tertulia-en-el-Elcano.jpg\",\"width\":1600,\"height\":900},{\"@type\":\"BreadcrumbList\",\"@id\":\"https:\/\/elcotarro.com\/?p=2493#breadcrumb\",\"itemListElement\":[{\"@type\":\"ListItem\",\"position\":1,\"name\":\"Portada\",\"item\":\"https:\/\/elcotarro.com\/\"},{\"@type\":\"ListItem\",\"position\":2,\"name\":\"POR ENCIMA DE LOS PARTIDOS\"}]},{\"@type\":\"WebSite\",\"@id\":\"https:\/\/elcotarro.com\/#website\",\"url\":\"https:\/\/elcotarro.com\/\",\"name\":\"El Cotarro\",\"description\":\"Peri\u00f3dico Digital Independiente dirigido por Jos\u00e9 Carlos Marrero\",\"publisher\":{\"@id\":\"https:\/\/elcotarro.com\/#organization\"},\"potentialAction\":[{\"@type\":\"SearchAction\",\"target\":{\"@type\":\"EntryPoint\",\"urlTemplate\":\"https:\/\/elcotarro.com\/?s={search_term_string}\"},\"query-input\":{\"@type\":\"PropertyValueSpecification\",\"valueRequired\":true,\"valueName\":\"search_term_string\"}}],\"inLanguage\":\"es\"},{\"@type\":\"Organization\",\"@id\":\"https:\/\/elcotarro.com\/#organization\",\"name\":\"El Cotarro\",\"url\":\"https:\/\/elcotarro.com\/\",\"logo\":{\"@type\":\"ImageObject\",\"inLanguage\":\"es\",\"@id\":\"https:\/\/elcotarro.com\/#\/schema\/logo\/image\/\",\"url\":\"https:\/\/elcotarro.com\/wp-content\/uploads\/2014\/09\/Cabecera_El_Cotarro_v2.jpg\",\"contentUrl\":\"https:\/\/elcotarro.com\/wp-content\/uploads\/2014\/09\/Cabecera_El_Cotarro_v2.jpg\",\"width\":3540,\"height\":441,\"caption\":\"El Cotarro\"},\"image\":{\"@id\":\"https:\/\/elcotarro.com\/#\/schema\/logo\/image\/\"},\"sameAs\":[\"https:\/\/www.facebook.com\/ElCotarro.Tenerife\"]},{\"@type\":\"Person\",\"@id\":\"https:\/\/elcotarro.com\/#\/schema\/person\/af537ee7d60d15984c7e0affcd8a918b\",\"name\":\"Jos\u00e9 Carlos Marrero Gonz\u00e1lez\",\"image\":{\"@type\":\"ImageObject\",\"inLanguage\":\"es\",\"@id\":\"https:\/\/elcotarro.com\/#\/schema\/person\/image\/\",\"url\":\"https:\/\/secure.gravatar.com\/avatar\/def4da036efb5d32c74d49c351f6dccc064dd69ad9f3aadc295c5a9a5391ca01?s=96&d=mm&r=g\",\"contentUrl\":\"https:\/\/secure.gravatar.com\/avatar\/def4da036efb5d32c74d49c351f6dccc064dd69ad9f3aadc295c5a9a5391ca01?s=96&d=mm&r=g\",\"caption\":\"Jos\u00e9 Carlos Marrero Gonz\u00e1lez\"},\"sameAs\":[\"https:\/\/elcotarro.com\"],\"url\":\"https:\/\/elcotarro.com\/?author=2\"}]}<\/script>\n<!-- \/ Yoast SEO plugin. -->","yoast_head_json":{"title":"POR ENCIMA DE LOS PARTIDOS - El Cotarro","robots":{"index":"index","follow":"follow","max-snippet":"max-snippet:-1","max-image-preview":"max-image-preview:large","max-video-preview":"max-video-preview:-1"},"canonical":"https:\/\/elcotarro.com\/?p=2493","og_locale":"es_ES","og_type":"article","og_title":"POR ENCIMA DE LOS PARTIDOS - El Cotarro","og_description":"En la fotograf\u00eda que les muestro y, de izquierda a derecha, pueden ver a Jos\u00e9 Carlos Acha Dom\u00ednguez, del Partido Popular (Presidente del Organismo Aut\u00f3nomo de Cultura del Ayuntamiento de Santa Cruz de Tenerife), Luis Cola Ben\u00edtez (Cronista Oficial de la capital tinerfe\u00f1a), Jaime Gonz\u00e1lez Cejas, del Partido Socialista (Alcalde de Granadilla de Abona), Ricardo ... Read more","og_url":"https:\/\/elcotarro.com\/?p=2493","og_site_name":"El Cotarro","article_publisher":"https:\/\/www.facebook.com\/ElCotarro.Tenerife","article_published_time":"2016-03-20T11:03:07+00:00","og_image":[{"url":"https:\/\/elcotarro.com\/wp-content\/uploads\/2016\/03\/FOTO-3.-Tertulia-en-el-Elcano.jpg","type":"","width":"","height":""}],"author":"Jos\u00e9 Carlos Marrero Gonz\u00e1lez","twitter_misc":{"Escrito por":"Jos\u00e9 Carlos Marrero Gonz\u00e1lez","Tiempo de lectura":"1 minuto"},"schema":{"@context":"https:\/\/schema.org","@graph":[{"@type":"Article","@id":"https:\/\/elcotarro.com\/?p=2493#article","isPartOf":{"@id":"https:\/\/elcotarro.com\/?p=2493"},"author":{"name":"Jos\u00e9 Carlos Marrero Gonz\u00e1lez","@id":"https:\/\/elcotarro.com\/#\/schema\/person\/af537ee7d60d15984c7e0affcd8a918b"},"headline":"POR ENCIMA DE LOS PARTIDOS","datePublished":"2016-03-20T11:03:07+00:00","mainEntityOfPage":{"@id":"https:\/\/elcotarro.com\/?p=2493"},"wordCount":216,"commentCount":0,"publisher":{"@id":"https:\/\/elcotarro.com\/#organization"},"image":{"@id":"https:\/\/elcotarro.com\/?p=2493#primaryimage"},"thumbnailUrl":"https:\/\/elcotarro.com\/wp-content\/uploads\/2016\/03\/FOTO-3.-Tertulia-en-el-Elcano.jpg","inLanguage":"es","potentialAction":[{"@type":"CommentAction","name":"Comment","target":["https:\/\/elcotarro.com\/?p=2493#respond"]}]},{"@type":"WebPage","@id":"https:\/\/elcotarro.com\/?p=2493","url":"https:\/\/elcotarro.com\/?p=2493","name":"POR ENCIMA DE LOS PARTIDOS - El Cotarro","isPartOf":{"@id":"https:\/\/elcotarro.com\/#website"},"primaryImageOfPage":{"@id":"https:\/\/elcotarro.com\/?p=2493#primaryimage"},"image":{"@id":"https:\/\/elcotarro.com\/?p=2493#primaryimage"},"thumbnailUrl":"https:\/\/elcotarro.com\/wp-content\/uploads\/2016\/03\/FOTO-3.-Tertulia-en-el-Elcano.jpg","datePublished":"2016-03-20T11:03:07+00:00","breadcrumb":{"@id":"https:\/\/elcotarro.com\/?p=2493#breadcrumb"},"inLanguage":"es","potentialAction":[{"@type":"ReadAction","target":["https:\/\/elcotarro.com\/?p=2493"]}]},{"@type":"ImageObject","inLanguage":"es","@id":"https:\/\/elcotarro.com\/?p=2493#primaryimage","url":"https:\/\/elcotarro.com\/wp-content\/uploads\/2016\/03\/FOTO-3.-Tertulia-en-el-Elcano.jpg","contentUrl":"https:\/\/elcotarro.com\/wp-content\/uploads\/2016\/03\/FOTO-3.-Tertulia-en-el-Elcano.jpg","width":1600,"height":900},{"@type":"BreadcrumbList","@id":"https:\/\/elcotarro.com\/?p=2493#breadcrumb","itemListElement":[{"@type":"ListItem","position":1,"name":"Portada","item":"https:\/\/elcotarro.com\/"},{"@type":"ListItem","position":2,"name":"POR ENCIMA DE LOS PARTIDOS"}]},{"@type":"WebSite","@id":"https:\/\/elcotarro.com\/#website","url":"https:\/\/elcotarro.com\/","name":"El Cotarro","description":"Peri\u00f3dico Digital Independiente dirigido por Jos\u00e9 Carlos Marrero","publisher":{"@id":"https:\/\/elcotarro.com\/#organization"},"potentialAction":[{"@type":"SearchAction","target":{"@type":"EntryPoint","urlTemplate":"https:\/\/elcotarro.com\/?s={search_term_string}"},"query-input":{"@type":"PropertyValueSpecification","valueRequired":true,"valueName":"search_term_string"}}],"inLanguage":"es"},{"@type":"Organization","@id":"https:\/\/elcotarro.com\/#organization","name":"El Cotarro","url":"https:\/\/elcotarro.com\/","logo":{"@type":"ImageObject","inLanguage":"es","@id":"https:\/\/elcotarro.com\/#\/schema\/logo\/image\/","url":"https:\/\/elcotarro.com\/wp-content\/uploads\/2014\/09\/Cabecera_El_Cotarro_v2.jpg","contentUrl":"https:\/\/elcotarro.com\/wp-content\/uploads\/2014\/09\/Cabecera_El_Cotarro_v2.jpg","width":3540,"height":441,"caption":"El Cotarro"},"image":{"@id":"https:\/\/elcotarro.com\/#\/schema\/logo\/image\/"},"sameAs":["https:\/\/www.facebook.com\/ElCotarro.Tenerife"]},{"@type":"Person","@id":"https:\/\/elcotarro.com\/#\/schema\/person\/af537ee7d60d15984c7e0affcd8a918b","name":"Jos\u00e9 Carlos Marrero Gonz\u00e1lez","image":{"@type":"ImageObject","inLanguage":"es","@id":"https:\/\/elcotarro.com\/#\/schema\/person\/image\/","url":"https:\/\/secure.gravatar.com\/avatar\/def4da036efb5d32c74d49c351f6dccc064dd69ad9f3aadc295c5a9a5391ca01?s=96&d=mm&r=g","contentUrl":"https:\/\/secure.gravatar.com\/avatar\/def4da036efb5d32c74d49c351f6dccc064dd69ad9f3aadc295c5a9a5391ca01?s=96&d=mm&r=g","caption":"Jos\u00e9 Carlos Marrero Gonz\u00e1lez"},"sameAs":["https:\/\/elcotarro.com"],"url":"https:\/\/elcotarro.com\/?author=2"}]}},"jetpack_featured_media_url":"","jetpack_sharing_enabled":true,"_links":{"self":[{"href":"https:\/\/elcotarro.com\/index.php?rest_route=\/wp\/v2\/posts\/2493","targetHints":{"allow":["GET"]}}],"collection":[{"href":"https:\/\/elcotarro.com\/index.php?rest_route=\/wp\/v2\/posts"}],"about":[{"href":"https:\/\/elcotarro.com\/index.php?rest_route=\/wp\/v2\/types\/post"}],"author":[{"embeddable":true,"href":"https:\/\/elcotarro.com\/index.php?rest_route=\/wp\/v2\/users\/2"}],"replies":[{"embeddable":true,"href":"https:\/\/elcotarro.com\/index.php?rest_route=%2Fwp%2Fv2%2Fcomments&post=2493"}],"version-history":[{"count":1,"href":"https:\/\/elcotarro.com\/index.php?rest_route=\/wp\/v2\/posts\/2493\/revisions"}],"predecessor-version":[{"id":2495,"href":"https:\/\/elcotarro.com\/index.php?rest_route=\/wp\/v2\/posts\/2493\/revisions\/2495"}],"wp:attachment":[{"href":"https:\/\/elcotarro.com\/index.php?rest_route=%2Fwp%2Fv2%2Fmedia&parent=2493"}],"wp:term":[{"taxonomy":"category","embeddable":true,"href":"https:\/\/elcotarro.com\/index.php?rest_route=%2Fwp%2Fv2%2Fcategories&post=2493"},{"taxonomy":"post_tag","embeddable":true,"href":"https:\/\/elcotarro.com\/index.php?rest_route=%2Fwp%2Fv2%2Ftags&post=2493"}],"curies":[{"name":"wp","href":"https:\/\/api.w.org\/{rel}","templated":true}]}}