{"id":2502,"date":"2016-03-20T11:00:58","date_gmt":"2016-03-20T11:00:58","guid":{"rendered":"https:\/\/elcotarro.com\/?p=2502"},"modified":"2016-03-20T10:02:57","modified_gmt":"2016-03-20T10:02:57","slug":"sabroso-recordatorio-2","status":"publish","type":"post","link":"https:\/\/elcotarro.com\/?p=2502","title":{"rendered":"SABROSO RECORDATORIO"},"content":{"rendered":"<p>Perm\u00edtanme que hoy termine haciendo un favor a todas las cocineras y cocineros de Canarias, record\u00e1ndoles que el 28 de marzo (el Lunes de Pascua despu\u00e9s de Semana Santa), se abrir\u00e1 el plazo de inscripci\u00f3n de los distintos campeonatos que se van a celebrar dentro de dicho 3\u00ba Sal\u00f3n Gastron\u00f3mico de Canarias. Entre ellos est\u00e1 el 12\u00ba Campeonato Regional Absoluto de Cocineros de Canarias (que el a\u00f1o pasado gan\u00f3 el tinerfe\u00f1o <strong>V\u00edctor Su\u00e1rez Gonz\u00e1lez<\/strong>), el 5\u00ba Campeonato de Cortadores de Jam\u00f3n de Canarias &#8211; Gran Premio Montesano (que el a\u00f1o pasado gan\u00f3 <strong>Sara Isabel Ruiz Osuna<\/strong>), el 3\u00ba Campeonato de Bocadillos Canarios de Autor &#8211; Gran Premio Ingap\u00e1n Canarias (que el a\u00f1o pasado gan\u00f3 el gomero <strong>Jacobo Negr\u00edn Mora<\/strong>) y el 3\u00ba Campeonato de J\u00f3venes Cocineros de Canarias \u2013 Gran Premio Binter (que el a\u00f1o pasado gan\u00f3 la tinerfe\u00f1a <strong>Mar\u00eda Daniela Amezquita S\u00e1nchez<\/strong> (alumna del Centro Polit\u00e9cnico de Formaci\u00f3n Profesional Mar\u00eda Inmaculada, porque este \u00faltimo campeonato est\u00e1 reservado exclusivamente para las alumnas y alumnos de los centros formativos de Cocina y Hosteler\u00eda que prestan su labor docente en Canarias). Este a\u00f1o adem\u00e1s, nace el I Campeonato Regional Absoluto de Pasteler\u00eda de Canarias \u2013 Gran Premio Grupo Harinalia, que ser\u00e1 el dulce \u201cbroche de oro\u201d al III Sal\u00f3n Gastron\u00f3mico.<\/p>\n<p style=\"text-align: center\"><a href=\"https:\/\/elcotarro.com\/wp-content\/uploads\/2016\/03\/FOTO-6.-Podio-Cocineros-2015.jpg\"><img loading=\"lazy\" decoding=\"async\" class=\"alignnone size-full wp-image-2503\" src=\"https:\/\/elcotarro.com\/wp-content\/uploads\/2016\/03\/FOTO-6.-Podio-Cocineros-2015.jpg\" alt=\"FOTO 6.- Podio Cocineros 2015\" width=\"1620\" height=\"1080\" srcset=\"https:\/\/elcotarro.com\/wp-content\/uploads\/2016\/03\/FOTO-6.-Podio-Cocineros-2015.jpg 1620w, https:\/\/elcotarro.com\/wp-content\/uploads\/2016\/03\/FOTO-6.-Podio-Cocineros-2015-300x200.jpg 300w, https:\/\/elcotarro.com\/wp-content\/uploads\/2016\/03\/FOTO-6.-Podio-Cocineros-2015-1024x683.jpg 1024w\" sizes=\"auto, (max-width: 1620px) 100vw, 1620px\" \/><\/a><\/p>\n<p style=\"text-align: center\"><em>El podio del 11\u00ba Campeonato de Cocineros de Canarias 2016. De Izda. a Dcha.: Eduardo Dom\u00ednguez de Le\u00f3n (Segundo clasificado) V\u00edctor Su\u00e1rez (Campe\u00f3n) Luis Mart\u00edn Gonz\u00e1lez (Tercer clasificado)<\/em><\/p>\n","protected":false},"excerpt":{"rendered":"<p>Perm\u00edtanme que hoy termine haciendo un favor a todas las cocineras y cocineros de Canarias, record\u00e1ndoles que el 28 de marzo (el Lunes de Pascua despu\u00e9s de Semana Santa), se abrir\u00e1 el plazo de inscripci\u00f3n de los distintos campeonatos que se van a celebrar dentro de dicho 3\u00ba Sal\u00f3n Gastron\u00f3mico de Canarias. Entre ellos est\u00e1 &#8230; <a class=\"read-more\" href=\"https:\/\/elcotarro.com\/?p=2502\">Read more<\/a><\/p>\n","protected":false},"author":2,"featured_media":0,"comment_status":"open","ping_status":"open","sticky":false,"template":"","format":"standard","meta":{"_jetpack_memberships_contains_paid_content":false,"footnotes":""},"categories":[1],"tags":[],"class_list":["post-2502","post","type-post","status-publish","format-standard","hentry","category-sin-categoria"],"yoast_head":"<!-- This site is optimized with the Yoast SEO plugin v27.0 - https:\/\/yoast.com\/product\/yoast-seo-wordpress\/ -->\n<title>SABROSO RECORDATORIO - El Cotarro<\/title>\n<meta name=\"robots\" content=\"index, follow, max-snippet:-1, max-image-preview:large, max-video-preview:-1\" \/>\n<link rel=\"canonical\" href=\"https:\/\/elcotarro.com\/?p=2502\" \/>\n<meta property=\"og:locale\" content=\"es_ES\" \/>\n<meta property=\"og:type\" content=\"article\" \/>\n<meta property=\"og:title\" content=\"SABROSO RECORDATORIO - El Cotarro\" \/>\n<meta property=\"og:description\" content=\"Perm\u00edtanme que hoy termine haciendo un favor a todas las cocineras y cocineros de Canarias, record\u00e1ndoles que el 28 de marzo (el Lunes de Pascua despu\u00e9s de Semana Santa), se abrir\u00e1 el plazo de inscripci\u00f3n de los distintos campeonatos que se van a celebrar dentro de dicho 3\u00ba Sal\u00f3n Gastron\u00f3mico de Canarias. Entre ellos est\u00e1 ... Read more\" \/>\n<meta property=\"og:url\" content=\"https:\/\/elcotarro.com\/?p=2502\" \/>\n<meta property=\"og:site_name\" content=\"El Cotarro\" \/>\n<meta property=\"article:publisher\" content=\"https:\/\/www.facebook.com\/ElCotarro.Tenerife\" \/>\n<meta property=\"article:published_time\" content=\"2016-03-20T11:00:58+00:00\" \/>\n<meta property=\"og:image\" content=\"https:\/\/elcotarro.com\/wp-content\/uploads\/2016\/03\/FOTO-6.-Podio-Cocineros-2015.jpg\" \/>\n<meta name=\"author\" content=\"Jos\u00e9 Carlos Marrero Gonz\u00e1lez\" \/>\n<meta name=\"twitter:label1\" content=\"Escrito por\" \/>\n\t<meta name=\"twitter:data1\" content=\"Jos\u00e9 Carlos Marrero Gonz\u00e1lez\" \/>\n\t<meta name=\"twitter:label2\" content=\"Tiempo de lectura\" \/>\n\t<meta name=\"twitter:data2\" content=\"1 minuto\" \/>\n<script type=\"application\/ld+json\" class=\"yoast-schema-graph\">{\"@context\":\"https:\/\/schema.org\",\"@graph\":[{\"@type\":\"Article\",\"@id\":\"https:\/\/elcotarro.com\/?p=2502#article\",\"isPartOf\":{\"@id\":\"https:\/\/elcotarro.com\/?p=2502\"},\"author\":{\"name\":\"Jos\u00e9 Carlos Marrero Gonz\u00e1lez\",\"@id\":\"https:\/\/elcotarro.com\/#\/schema\/person\/af537ee7d60d15984c7e0affcd8a918b\"},\"headline\":\"SABROSO RECORDATORIO\",\"datePublished\":\"2016-03-20T11:00:58+00:00\",\"mainEntityOfPage\":{\"@id\":\"https:\/\/elcotarro.com\/?p=2502\"},\"wordCount\":265,\"commentCount\":0,\"publisher\":{\"@id\":\"https:\/\/elcotarro.com\/#organization\"},\"image\":{\"@id\":\"https:\/\/elcotarro.com\/?p=2502#primaryimage\"},\"thumbnailUrl\":\"https:\/\/elcotarro.com\/wp-content\/uploads\/2016\/03\/FOTO-6.-Podio-Cocineros-2015.jpg\",\"inLanguage\":\"es\",\"potentialAction\":[{\"@type\":\"CommentAction\",\"name\":\"Comment\",\"target\":[\"https:\/\/elcotarro.com\/?p=2502#respond\"]}]},{\"@type\":\"WebPage\",\"@id\":\"https:\/\/elcotarro.com\/?p=2502\",\"url\":\"https:\/\/elcotarro.com\/?p=2502\",\"name\":\"SABROSO RECORDATORIO - El Cotarro\",\"isPartOf\":{\"@id\":\"https:\/\/elcotarro.com\/#website\"},\"primaryImageOfPage\":{\"@id\":\"https:\/\/elcotarro.com\/?p=2502#primaryimage\"},\"image\":{\"@id\":\"https:\/\/elcotarro.com\/?p=2502#primaryimage\"},\"thumbnailUrl\":\"https:\/\/elcotarro.com\/wp-content\/uploads\/2016\/03\/FOTO-6.-Podio-Cocineros-2015.jpg\",\"datePublished\":\"2016-03-20T11:00:58+00:00\",\"breadcrumb\":{\"@id\":\"https:\/\/elcotarro.com\/?p=2502#breadcrumb\"},\"inLanguage\":\"es\",\"potentialAction\":[{\"@type\":\"ReadAction\",\"target\":[\"https:\/\/elcotarro.com\/?p=2502\"]}]},{\"@type\":\"ImageObject\",\"inLanguage\":\"es\",\"@id\":\"https:\/\/elcotarro.com\/?p=2502#primaryimage\",\"url\":\"https:\/\/elcotarro.com\/wp-content\/uploads\/2016\/03\/FOTO-6.-Podio-Cocineros-2015.jpg\",\"contentUrl\":\"https:\/\/elcotarro.com\/wp-content\/uploads\/2016\/03\/FOTO-6.-Podio-Cocineros-2015.jpg\",\"width\":1620,\"height\":1080},{\"@type\":\"BreadcrumbList\",\"@id\":\"https:\/\/elcotarro.com\/?p=2502#breadcrumb\",\"itemListElement\":[{\"@type\":\"ListItem\",\"position\":1,\"name\":\"Portada\",\"item\":\"https:\/\/elcotarro.com\/\"},{\"@type\":\"ListItem\",\"position\":2,\"name\":\"SABROSO RECORDATORIO\"}]},{\"@type\":\"WebSite\",\"@id\":\"https:\/\/elcotarro.com\/#website\",\"url\":\"https:\/\/elcotarro.com\/\",\"name\":\"El Cotarro\",\"description\":\"Peri\u00f3dico Digital Independiente dirigido por Jos\u00e9 Carlos Marrero\",\"publisher\":{\"@id\":\"https:\/\/elcotarro.com\/#organization\"},\"potentialAction\":[{\"@type\":\"SearchAction\",\"target\":{\"@type\":\"EntryPoint\",\"urlTemplate\":\"https:\/\/elcotarro.com\/?s={search_term_string}\"},\"query-input\":{\"@type\":\"PropertyValueSpecification\",\"valueRequired\":true,\"valueName\":\"search_term_string\"}}],\"inLanguage\":\"es\"},{\"@type\":\"Organization\",\"@id\":\"https:\/\/elcotarro.com\/#organization\",\"name\":\"El Cotarro\",\"url\":\"https:\/\/elcotarro.com\/\",\"logo\":{\"@type\":\"ImageObject\",\"inLanguage\":\"es\",\"@id\":\"https:\/\/elcotarro.com\/#\/schema\/logo\/image\/\",\"url\":\"https:\/\/elcotarro.com\/wp-content\/uploads\/2014\/09\/Cabecera_El_Cotarro_v2.jpg\",\"contentUrl\":\"https:\/\/elcotarro.com\/wp-content\/uploads\/2014\/09\/Cabecera_El_Cotarro_v2.jpg\",\"width\":3540,\"height\":441,\"caption\":\"El Cotarro\"},\"image\":{\"@id\":\"https:\/\/elcotarro.com\/#\/schema\/logo\/image\/\"},\"sameAs\":[\"https:\/\/www.facebook.com\/ElCotarro.Tenerife\"]},{\"@type\":\"Person\",\"@id\":\"https:\/\/elcotarro.com\/#\/schema\/person\/af537ee7d60d15984c7e0affcd8a918b\",\"name\":\"Jos\u00e9 Carlos Marrero Gonz\u00e1lez\",\"image\":{\"@type\":\"ImageObject\",\"inLanguage\":\"es\",\"@id\":\"https:\/\/elcotarro.com\/#\/schema\/person\/image\/\",\"url\":\"https:\/\/secure.gravatar.com\/avatar\/def4da036efb5d32c74d49c351f6dccc064dd69ad9f3aadc295c5a9a5391ca01?s=96&d=mm&r=g\",\"contentUrl\":\"https:\/\/secure.gravatar.com\/avatar\/def4da036efb5d32c74d49c351f6dccc064dd69ad9f3aadc295c5a9a5391ca01?s=96&d=mm&r=g\",\"caption\":\"Jos\u00e9 Carlos Marrero Gonz\u00e1lez\"},\"sameAs\":[\"https:\/\/elcotarro.com\"],\"url\":\"https:\/\/elcotarro.com\/?author=2\"}]}<\/script>\n<!-- \/ Yoast SEO plugin. -->","yoast_head_json":{"title":"SABROSO RECORDATORIO - El Cotarro","robots":{"index":"index","follow":"follow","max-snippet":"max-snippet:-1","max-image-preview":"max-image-preview:large","max-video-preview":"max-video-preview:-1"},"canonical":"https:\/\/elcotarro.com\/?p=2502","og_locale":"es_ES","og_type":"article","og_title":"SABROSO RECORDATORIO - El Cotarro","og_description":"Perm\u00edtanme que hoy termine haciendo un favor a todas las cocineras y cocineros de Canarias, record\u00e1ndoles que el 28 de marzo (el Lunes de Pascua despu\u00e9s de Semana Santa), se abrir\u00e1 el plazo de inscripci\u00f3n de los distintos campeonatos que se van a celebrar dentro de dicho 3\u00ba Sal\u00f3n Gastron\u00f3mico de Canarias. Entre ellos est\u00e1 ... Read more","og_url":"https:\/\/elcotarro.com\/?p=2502","og_site_name":"El Cotarro","article_publisher":"https:\/\/www.facebook.com\/ElCotarro.Tenerife","article_published_time":"2016-03-20T11:00:58+00:00","og_image":[{"url":"https:\/\/elcotarro.com\/wp-content\/uploads\/2016\/03\/FOTO-6.-Podio-Cocineros-2015.jpg","type":"","width":"","height":""}],"author":"Jos\u00e9 Carlos Marrero Gonz\u00e1lez","twitter_misc":{"Escrito por":"Jos\u00e9 Carlos Marrero Gonz\u00e1lez","Tiempo de lectura":"1 minuto"},"schema":{"@context":"https:\/\/schema.org","@graph":[{"@type":"Article","@id":"https:\/\/elcotarro.com\/?p=2502#article","isPartOf":{"@id":"https:\/\/elcotarro.com\/?p=2502"},"author":{"name":"Jos\u00e9 Carlos Marrero Gonz\u00e1lez","@id":"https:\/\/elcotarro.com\/#\/schema\/person\/af537ee7d60d15984c7e0affcd8a918b"},"headline":"SABROSO RECORDATORIO","datePublished":"2016-03-20T11:00:58+00:00","mainEntityOfPage":{"@id":"https:\/\/elcotarro.com\/?p=2502"},"wordCount":265,"commentCount":0,"publisher":{"@id":"https:\/\/elcotarro.com\/#organization"},"image":{"@id":"https:\/\/elcotarro.com\/?p=2502#primaryimage"},"thumbnailUrl":"https:\/\/elcotarro.com\/wp-content\/uploads\/2016\/03\/FOTO-6.-Podio-Cocineros-2015.jpg","inLanguage":"es","potentialAction":[{"@type":"CommentAction","name":"Comment","target":["https:\/\/elcotarro.com\/?p=2502#respond"]}]},{"@type":"WebPage","@id":"https:\/\/elcotarro.com\/?p=2502","url":"https:\/\/elcotarro.com\/?p=2502","name":"SABROSO RECORDATORIO - El Cotarro","isPartOf":{"@id":"https:\/\/elcotarro.com\/#website"},"primaryImageOfPage":{"@id":"https:\/\/elcotarro.com\/?p=2502#primaryimage"},"image":{"@id":"https:\/\/elcotarro.com\/?p=2502#primaryimage"},"thumbnailUrl":"https:\/\/elcotarro.com\/wp-content\/uploads\/2016\/03\/FOTO-6.-Podio-Cocineros-2015.jpg","datePublished":"2016-03-20T11:00:58+00:00","breadcrumb":{"@id":"https:\/\/elcotarro.com\/?p=2502#breadcrumb"},"inLanguage":"es","potentialAction":[{"@type":"ReadAction","target":["https:\/\/elcotarro.com\/?p=2502"]}]},{"@type":"ImageObject","inLanguage":"es","@id":"https:\/\/elcotarro.com\/?p=2502#primaryimage","url":"https:\/\/elcotarro.com\/wp-content\/uploads\/2016\/03\/FOTO-6.-Podio-Cocineros-2015.jpg","contentUrl":"https:\/\/elcotarro.com\/wp-content\/uploads\/2016\/03\/FOTO-6.-Podio-Cocineros-2015.jpg","width":1620,"height":1080},{"@type":"BreadcrumbList","@id":"https:\/\/elcotarro.com\/?p=2502#breadcrumb","itemListElement":[{"@type":"ListItem","position":1,"name":"Portada","item":"https:\/\/elcotarro.com\/"},{"@type":"ListItem","position":2,"name":"SABROSO RECORDATORIO"}]},{"@type":"WebSite","@id":"https:\/\/elcotarro.com\/#website","url":"https:\/\/elcotarro.com\/","name":"El Cotarro","description":"Peri\u00f3dico Digital Independiente dirigido por Jos\u00e9 Carlos Marrero","publisher":{"@id":"https:\/\/elcotarro.com\/#organization"},"potentialAction":[{"@type":"SearchAction","target":{"@type":"EntryPoint","urlTemplate":"https:\/\/elcotarro.com\/?s={search_term_string}"},"query-input":{"@type":"PropertyValueSpecification","valueRequired":true,"valueName":"search_term_string"}}],"inLanguage":"es"},{"@type":"Organization","@id":"https:\/\/elcotarro.com\/#organization","name":"El Cotarro","url":"https:\/\/elcotarro.com\/","logo":{"@type":"ImageObject","inLanguage":"es","@id":"https:\/\/elcotarro.com\/#\/schema\/logo\/image\/","url":"https:\/\/elcotarro.com\/wp-content\/uploads\/2014\/09\/Cabecera_El_Cotarro_v2.jpg","contentUrl":"https:\/\/elcotarro.com\/wp-content\/uploads\/2014\/09\/Cabecera_El_Cotarro_v2.jpg","width":3540,"height":441,"caption":"El Cotarro"},"image":{"@id":"https:\/\/elcotarro.com\/#\/schema\/logo\/image\/"},"sameAs":["https:\/\/www.facebook.com\/ElCotarro.Tenerife"]},{"@type":"Person","@id":"https:\/\/elcotarro.com\/#\/schema\/person\/af537ee7d60d15984c7e0affcd8a918b","name":"Jos\u00e9 Carlos Marrero Gonz\u00e1lez","image":{"@type":"ImageObject","inLanguage":"es","@id":"https:\/\/elcotarro.com\/#\/schema\/person\/image\/","url":"https:\/\/secure.gravatar.com\/avatar\/def4da036efb5d32c74d49c351f6dccc064dd69ad9f3aadc295c5a9a5391ca01?s=96&d=mm&r=g","contentUrl":"https:\/\/secure.gravatar.com\/avatar\/def4da036efb5d32c74d49c351f6dccc064dd69ad9f3aadc295c5a9a5391ca01?s=96&d=mm&r=g","caption":"Jos\u00e9 Carlos Marrero Gonz\u00e1lez"},"sameAs":["https:\/\/elcotarro.com"],"url":"https:\/\/elcotarro.com\/?author=2"}]}},"jetpack_featured_media_url":"","jetpack_sharing_enabled":true,"_links":{"self":[{"href":"https:\/\/elcotarro.com\/index.php?rest_route=\/wp\/v2\/posts\/2502","targetHints":{"allow":["GET"]}}],"collection":[{"href":"https:\/\/elcotarro.com\/index.php?rest_route=\/wp\/v2\/posts"}],"about":[{"href":"https:\/\/elcotarro.com\/index.php?rest_route=\/wp\/v2\/types\/post"}],"author":[{"embeddable":true,"href":"https:\/\/elcotarro.com\/index.php?rest_route=\/wp\/v2\/users\/2"}],"replies":[{"embeddable":true,"href":"https:\/\/elcotarro.com\/index.php?rest_route=%2Fwp%2Fv2%2Fcomments&post=2502"}],"version-history":[{"count":1,"href":"https:\/\/elcotarro.com\/index.php?rest_route=\/wp\/v2\/posts\/2502\/revisions"}],"predecessor-version":[{"id":2504,"href":"https:\/\/elcotarro.com\/index.php?rest_route=\/wp\/v2\/posts\/2502\/revisions\/2504"}],"wp:attachment":[{"href":"https:\/\/elcotarro.com\/index.php?rest_route=%2Fwp%2Fv2%2Fmedia&parent=2502"}],"wp:term":[{"taxonomy":"category","embeddable":true,"href":"https:\/\/elcotarro.com\/index.php?rest_route=%2Fwp%2Fv2%2Fcategories&post=2502"},{"taxonomy":"post_tag","embeddable":true,"href":"https:\/\/elcotarro.com\/index.php?rest_route=%2Fwp%2Fv2%2Ftags&post=2502"}],"curies":[{"name":"wp","href":"https:\/\/api.w.org\/{rel}","templated":true}]}}