{"id":2515,"date":"2016-03-27T11:05:30","date_gmt":"2016-03-27T10:05:30","guid":{"rendered":"https:\/\/elcotarro.com\/?p=2515"},"modified":"2016-03-26T10:53:41","modified_gmt":"2016-03-26T10:53:41","slug":"virgencita-de-merluza-bajo-palio","status":"publish","type":"post","link":"https:\/\/elcotarro.com\/?p=2515","title":{"rendered":"VIRGENCITA DE MERLUZA BAJO PALIO"},"content":{"rendered":"<p>Para comenzar <strong><em>El Cotarro<\/em><\/strong> de este Domingo de Resurrecci\u00f3n, nada mejor que una sabrosa visi\u00f3n retrospectiva de la pasada Semana Santa, que mucho tiene que ver con la inmensa capacidad de imaginaci\u00f3n y el tremendo sentido del humor de nuestra buena gente (en este caso, creo, de la gente de Sevilla). No se pierdan el \u201cgastron\u00f3mico paso\u201d que ha \u201cprocesionado\u201d por principales las redes sociales en los \u00faltimos d\u00edas. El t\u00edtulo del mismo lo dice todo: <em>\u201cVirgencita de merluza con manto de piquillo, sobre lecho de ensaladilla y bajo palio de trigo\u201d<\/em>. Sin duda, no me negar\u00e1n que es una buena an\u00e9cdota para, con buen humor y siempre con todo respeto y en positivo, desearles muy buena Pascua de Resurrecci\u00f3n.<\/p>\n<p style=\"text-align: center\"><a href=\"https:\/\/elcotarro.com\/wp-content\/uploads\/2016\/03\/FOTO-1.-Tapa-sevillana.jpg\"><img loading=\"lazy\" decoding=\"async\" class=\"alignnone size-full wp-image-2516\" src=\"https:\/\/elcotarro.com\/wp-content\/uploads\/2016\/03\/FOTO-1.-Tapa-sevillana.jpg\" alt=\"FOTO 1.- Tapa sevillana\" width=\"596\" height=\"669\" srcset=\"https:\/\/elcotarro.com\/wp-content\/uploads\/2016\/03\/FOTO-1.-Tapa-sevillana.jpg 596w, https:\/\/elcotarro.com\/wp-content\/uploads\/2016\/03\/FOTO-1.-Tapa-sevillana-267x300.jpg 267w\" sizes=\"auto, (max-width: 596px) 100vw, 596px\" \/><\/a><\/p>\n<p style=\"text-align: center\"><em>Un respetuoso y \u201cgastron\u00f3mico\u201d paso de Semana Santa.<\/em><\/p>\n","protected":false},"excerpt":{"rendered":"<p>Para comenzar El Cotarro de este Domingo de Resurrecci\u00f3n, nada mejor que una sabrosa visi\u00f3n retrospectiva de la pasada Semana Santa, que mucho tiene que ver con la inmensa capacidad de imaginaci\u00f3n y el tremendo sentido del humor de nuestra buena gente (en este caso, creo, de la gente de Sevilla). No se pierdan el &#8230; <a class=\"read-more\" href=\"https:\/\/elcotarro.com\/?p=2515\">Read more<\/a><\/p>\n","protected":false},"author":2,"featured_media":0,"comment_status":"open","ping_status":"open","sticky":false,"template":"","format":"standard","meta":{"_jetpack_memberships_contains_paid_content":false,"footnotes":""},"categories":[1],"tags":[],"class_list":["post-2515","post","type-post","status-publish","format-standard","hentry","category-sin-categoria"],"yoast_head":"<!-- This site is optimized with the Yoast SEO plugin v27.0 - https:\/\/yoast.com\/product\/yoast-seo-wordpress\/ -->\n<title>VIRGENCITA DE MERLUZA BAJO PALIO - El Cotarro<\/title>\n<meta name=\"robots\" content=\"index, follow, max-snippet:-1, max-image-preview:large, max-video-preview:-1\" \/>\n<link rel=\"canonical\" href=\"https:\/\/elcotarro.com\/?p=2515\" \/>\n<meta property=\"og:locale\" content=\"es_ES\" \/>\n<meta property=\"og:type\" content=\"article\" \/>\n<meta property=\"og:title\" content=\"VIRGENCITA DE MERLUZA BAJO PALIO - El Cotarro\" \/>\n<meta property=\"og:description\" content=\"Para comenzar El Cotarro de este Domingo de Resurrecci\u00f3n, nada mejor que una sabrosa visi\u00f3n retrospectiva de la pasada Semana Santa, que mucho tiene que ver con la inmensa capacidad de imaginaci\u00f3n y el tremendo sentido del humor de nuestra buena gente (en este caso, creo, de la gente de Sevilla). No se pierdan el ... Read more\" \/>\n<meta property=\"og:url\" content=\"https:\/\/elcotarro.com\/?p=2515\" \/>\n<meta property=\"og:site_name\" content=\"El Cotarro\" \/>\n<meta property=\"article:publisher\" content=\"https:\/\/www.facebook.com\/ElCotarro.Tenerife\" \/>\n<meta property=\"article:published_time\" content=\"2016-03-27T10:05:30+00:00\" \/>\n<meta property=\"og:image\" content=\"https:\/\/elcotarro.com\/wp-content\/uploads\/2016\/03\/FOTO-1.-Tapa-sevillana.jpg\" \/>\n<meta name=\"author\" content=\"Jos\u00e9 Carlos Marrero Gonz\u00e1lez\" \/>\n<meta name=\"twitter:label1\" content=\"Escrito por\" \/>\n\t<meta name=\"twitter:data1\" content=\"Jos\u00e9 Carlos Marrero Gonz\u00e1lez\" \/>\n\t<meta name=\"twitter:label2\" content=\"Tiempo de lectura\" \/>\n\t<meta name=\"twitter:data2\" content=\"1 minuto\" \/>\n<script type=\"application\/ld+json\" class=\"yoast-schema-graph\">{\"@context\":\"https:\/\/schema.org\",\"@graph\":[{\"@type\":\"Article\",\"@id\":\"https:\/\/elcotarro.com\/?p=2515#article\",\"isPartOf\":{\"@id\":\"https:\/\/elcotarro.com\/?p=2515\"},\"author\":{\"name\":\"Jos\u00e9 Carlos Marrero Gonz\u00e1lez\",\"@id\":\"https:\/\/elcotarro.com\/#\/schema\/person\/af537ee7d60d15984c7e0affcd8a918b\"},\"headline\":\"VIRGENCITA DE MERLUZA BAJO PALIO\",\"datePublished\":\"2016-03-27T10:05:30+00:00\",\"mainEntityOfPage\":{\"@id\":\"https:\/\/elcotarro.com\/?p=2515\"},\"wordCount\":143,\"commentCount\":0,\"publisher\":{\"@id\":\"https:\/\/elcotarro.com\/#organization\"},\"image\":{\"@id\":\"https:\/\/elcotarro.com\/?p=2515#primaryimage\"},\"thumbnailUrl\":\"https:\/\/elcotarro.com\/wp-content\/uploads\/2016\/03\/FOTO-1.-Tapa-sevillana.jpg\",\"inLanguage\":\"es\",\"potentialAction\":[{\"@type\":\"CommentAction\",\"name\":\"Comment\",\"target\":[\"https:\/\/elcotarro.com\/?p=2515#respond\"]}]},{\"@type\":\"WebPage\",\"@id\":\"https:\/\/elcotarro.com\/?p=2515\",\"url\":\"https:\/\/elcotarro.com\/?p=2515\",\"name\":\"VIRGENCITA DE MERLUZA BAJO PALIO - El Cotarro\",\"isPartOf\":{\"@id\":\"https:\/\/elcotarro.com\/#website\"},\"primaryImageOfPage\":{\"@id\":\"https:\/\/elcotarro.com\/?p=2515#primaryimage\"},\"image\":{\"@id\":\"https:\/\/elcotarro.com\/?p=2515#primaryimage\"},\"thumbnailUrl\":\"https:\/\/elcotarro.com\/wp-content\/uploads\/2016\/03\/FOTO-1.-Tapa-sevillana.jpg\",\"datePublished\":\"2016-03-27T10:05:30+00:00\",\"breadcrumb\":{\"@id\":\"https:\/\/elcotarro.com\/?p=2515#breadcrumb\"},\"inLanguage\":\"es\",\"potentialAction\":[{\"@type\":\"ReadAction\",\"target\":[\"https:\/\/elcotarro.com\/?p=2515\"]}]},{\"@type\":\"ImageObject\",\"inLanguage\":\"es\",\"@id\":\"https:\/\/elcotarro.com\/?p=2515#primaryimage\",\"url\":\"https:\/\/elcotarro.com\/wp-content\/uploads\/2016\/03\/FOTO-1.-Tapa-sevillana.jpg\",\"contentUrl\":\"https:\/\/elcotarro.com\/wp-content\/uploads\/2016\/03\/FOTO-1.-Tapa-sevillana.jpg\",\"width\":596,\"height\":669},{\"@type\":\"BreadcrumbList\",\"@id\":\"https:\/\/elcotarro.com\/?p=2515#breadcrumb\",\"itemListElement\":[{\"@type\":\"ListItem\",\"position\":1,\"name\":\"Portada\",\"item\":\"https:\/\/elcotarro.com\/\"},{\"@type\":\"ListItem\",\"position\":2,\"name\":\"VIRGENCITA DE MERLUZA BAJO PALIO\"}]},{\"@type\":\"WebSite\",\"@id\":\"https:\/\/elcotarro.com\/#website\",\"url\":\"https:\/\/elcotarro.com\/\",\"name\":\"El Cotarro\",\"description\":\"Peri\u00f3dico Digital Independiente dirigido por Jos\u00e9 Carlos Marrero\",\"publisher\":{\"@id\":\"https:\/\/elcotarro.com\/#organization\"},\"potentialAction\":[{\"@type\":\"SearchAction\",\"target\":{\"@type\":\"EntryPoint\",\"urlTemplate\":\"https:\/\/elcotarro.com\/?s={search_term_string}\"},\"query-input\":{\"@type\":\"PropertyValueSpecification\",\"valueRequired\":true,\"valueName\":\"search_term_string\"}}],\"inLanguage\":\"es\"},{\"@type\":\"Organization\",\"@id\":\"https:\/\/elcotarro.com\/#organization\",\"name\":\"El Cotarro\",\"url\":\"https:\/\/elcotarro.com\/\",\"logo\":{\"@type\":\"ImageObject\",\"inLanguage\":\"es\",\"@id\":\"https:\/\/elcotarro.com\/#\/schema\/logo\/image\/\",\"url\":\"https:\/\/elcotarro.com\/wp-content\/uploads\/2014\/09\/Cabecera_El_Cotarro_v2.jpg\",\"contentUrl\":\"https:\/\/elcotarro.com\/wp-content\/uploads\/2014\/09\/Cabecera_El_Cotarro_v2.jpg\",\"width\":3540,\"height\":441,\"caption\":\"El Cotarro\"},\"image\":{\"@id\":\"https:\/\/elcotarro.com\/#\/schema\/logo\/image\/\"},\"sameAs\":[\"https:\/\/www.facebook.com\/ElCotarro.Tenerife\"]},{\"@type\":\"Person\",\"@id\":\"https:\/\/elcotarro.com\/#\/schema\/person\/af537ee7d60d15984c7e0affcd8a918b\",\"name\":\"Jos\u00e9 Carlos Marrero Gonz\u00e1lez\",\"image\":{\"@type\":\"ImageObject\",\"inLanguage\":\"es\",\"@id\":\"https:\/\/elcotarro.com\/#\/schema\/person\/image\/\",\"url\":\"https:\/\/secure.gravatar.com\/avatar\/def4da036efb5d32c74d49c351f6dccc064dd69ad9f3aadc295c5a9a5391ca01?s=96&d=mm&r=g\",\"contentUrl\":\"https:\/\/secure.gravatar.com\/avatar\/def4da036efb5d32c74d49c351f6dccc064dd69ad9f3aadc295c5a9a5391ca01?s=96&d=mm&r=g\",\"caption\":\"Jos\u00e9 Carlos Marrero Gonz\u00e1lez\"},\"sameAs\":[\"https:\/\/elcotarro.com\"],\"url\":\"https:\/\/elcotarro.com\/?author=2\"}]}<\/script>\n<!-- \/ Yoast SEO plugin. -->","yoast_head_json":{"title":"VIRGENCITA DE MERLUZA BAJO PALIO - El Cotarro","robots":{"index":"index","follow":"follow","max-snippet":"max-snippet:-1","max-image-preview":"max-image-preview:large","max-video-preview":"max-video-preview:-1"},"canonical":"https:\/\/elcotarro.com\/?p=2515","og_locale":"es_ES","og_type":"article","og_title":"VIRGENCITA DE MERLUZA BAJO PALIO - El Cotarro","og_description":"Para comenzar El Cotarro de este Domingo de Resurrecci\u00f3n, nada mejor que una sabrosa visi\u00f3n retrospectiva de la pasada Semana Santa, que mucho tiene que ver con la inmensa capacidad de imaginaci\u00f3n y el tremendo sentido del humor de nuestra buena gente (en este caso, creo, de la gente de Sevilla). No se pierdan el ... Read more","og_url":"https:\/\/elcotarro.com\/?p=2515","og_site_name":"El Cotarro","article_publisher":"https:\/\/www.facebook.com\/ElCotarro.Tenerife","article_published_time":"2016-03-27T10:05:30+00:00","og_image":[{"url":"https:\/\/elcotarro.com\/wp-content\/uploads\/2016\/03\/FOTO-1.-Tapa-sevillana.jpg","type":"","width":"","height":""}],"author":"Jos\u00e9 Carlos Marrero Gonz\u00e1lez","twitter_misc":{"Escrito por":"Jos\u00e9 Carlos Marrero Gonz\u00e1lez","Tiempo de lectura":"1 minuto"},"schema":{"@context":"https:\/\/schema.org","@graph":[{"@type":"Article","@id":"https:\/\/elcotarro.com\/?p=2515#article","isPartOf":{"@id":"https:\/\/elcotarro.com\/?p=2515"},"author":{"name":"Jos\u00e9 Carlos Marrero Gonz\u00e1lez","@id":"https:\/\/elcotarro.com\/#\/schema\/person\/af537ee7d60d15984c7e0affcd8a918b"},"headline":"VIRGENCITA DE MERLUZA BAJO PALIO","datePublished":"2016-03-27T10:05:30+00:00","mainEntityOfPage":{"@id":"https:\/\/elcotarro.com\/?p=2515"},"wordCount":143,"commentCount":0,"publisher":{"@id":"https:\/\/elcotarro.com\/#organization"},"image":{"@id":"https:\/\/elcotarro.com\/?p=2515#primaryimage"},"thumbnailUrl":"https:\/\/elcotarro.com\/wp-content\/uploads\/2016\/03\/FOTO-1.-Tapa-sevillana.jpg","inLanguage":"es","potentialAction":[{"@type":"CommentAction","name":"Comment","target":["https:\/\/elcotarro.com\/?p=2515#respond"]}]},{"@type":"WebPage","@id":"https:\/\/elcotarro.com\/?p=2515","url":"https:\/\/elcotarro.com\/?p=2515","name":"VIRGENCITA DE MERLUZA BAJO PALIO - El Cotarro","isPartOf":{"@id":"https:\/\/elcotarro.com\/#website"},"primaryImageOfPage":{"@id":"https:\/\/elcotarro.com\/?p=2515#primaryimage"},"image":{"@id":"https:\/\/elcotarro.com\/?p=2515#primaryimage"},"thumbnailUrl":"https:\/\/elcotarro.com\/wp-content\/uploads\/2016\/03\/FOTO-1.-Tapa-sevillana.jpg","datePublished":"2016-03-27T10:05:30+00:00","breadcrumb":{"@id":"https:\/\/elcotarro.com\/?p=2515#breadcrumb"},"inLanguage":"es","potentialAction":[{"@type":"ReadAction","target":["https:\/\/elcotarro.com\/?p=2515"]}]},{"@type":"ImageObject","inLanguage":"es","@id":"https:\/\/elcotarro.com\/?p=2515#primaryimage","url":"https:\/\/elcotarro.com\/wp-content\/uploads\/2016\/03\/FOTO-1.-Tapa-sevillana.jpg","contentUrl":"https:\/\/elcotarro.com\/wp-content\/uploads\/2016\/03\/FOTO-1.-Tapa-sevillana.jpg","width":596,"height":669},{"@type":"BreadcrumbList","@id":"https:\/\/elcotarro.com\/?p=2515#breadcrumb","itemListElement":[{"@type":"ListItem","position":1,"name":"Portada","item":"https:\/\/elcotarro.com\/"},{"@type":"ListItem","position":2,"name":"VIRGENCITA DE MERLUZA BAJO PALIO"}]},{"@type":"WebSite","@id":"https:\/\/elcotarro.com\/#website","url":"https:\/\/elcotarro.com\/","name":"El Cotarro","description":"Peri\u00f3dico Digital Independiente dirigido por Jos\u00e9 Carlos Marrero","publisher":{"@id":"https:\/\/elcotarro.com\/#organization"},"potentialAction":[{"@type":"SearchAction","target":{"@type":"EntryPoint","urlTemplate":"https:\/\/elcotarro.com\/?s={search_term_string}"},"query-input":{"@type":"PropertyValueSpecification","valueRequired":true,"valueName":"search_term_string"}}],"inLanguage":"es"},{"@type":"Organization","@id":"https:\/\/elcotarro.com\/#organization","name":"El Cotarro","url":"https:\/\/elcotarro.com\/","logo":{"@type":"ImageObject","inLanguage":"es","@id":"https:\/\/elcotarro.com\/#\/schema\/logo\/image\/","url":"https:\/\/elcotarro.com\/wp-content\/uploads\/2014\/09\/Cabecera_El_Cotarro_v2.jpg","contentUrl":"https:\/\/elcotarro.com\/wp-content\/uploads\/2014\/09\/Cabecera_El_Cotarro_v2.jpg","width":3540,"height":441,"caption":"El Cotarro"},"image":{"@id":"https:\/\/elcotarro.com\/#\/schema\/logo\/image\/"},"sameAs":["https:\/\/www.facebook.com\/ElCotarro.Tenerife"]},{"@type":"Person","@id":"https:\/\/elcotarro.com\/#\/schema\/person\/af537ee7d60d15984c7e0affcd8a918b","name":"Jos\u00e9 Carlos Marrero Gonz\u00e1lez","image":{"@type":"ImageObject","inLanguage":"es","@id":"https:\/\/elcotarro.com\/#\/schema\/person\/image\/","url":"https:\/\/secure.gravatar.com\/avatar\/def4da036efb5d32c74d49c351f6dccc064dd69ad9f3aadc295c5a9a5391ca01?s=96&d=mm&r=g","contentUrl":"https:\/\/secure.gravatar.com\/avatar\/def4da036efb5d32c74d49c351f6dccc064dd69ad9f3aadc295c5a9a5391ca01?s=96&d=mm&r=g","caption":"Jos\u00e9 Carlos Marrero Gonz\u00e1lez"},"sameAs":["https:\/\/elcotarro.com"],"url":"https:\/\/elcotarro.com\/?author=2"}]}},"jetpack_featured_media_url":"","jetpack_sharing_enabled":true,"_links":{"self":[{"href":"https:\/\/elcotarro.com\/index.php?rest_route=\/wp\/v2\/posts\/2515","targetHints":{"allow":["GET"]}}],"collection":[{"href":"https:\/\/elcotarro.com\/index.php?rest_route=\/wp\/v2\/posts"}],"about":[{"href":"https:\/\/elcotarro.com\/index.php?rest_route=\/wp\/v2\/types\/post"}],"author":[{"embeddable":true,"href":"https:\/\/elcotarro.com\/index.php?rest_route=\/wp\/v2\/users\/2"}],"replies":[{"embeddable":true,"href":"https:\/\/elcotarro.com\/index.php?rest_route=%2Fwp%2Fv2%2Fcomments&post=2515"}],"version-history":[{"count":1,"href":"https:\/\/elcotarro.com\/index.php?rest_route=\/wp\/v2\/posts\/2515\/revisions"}],"predecessor-version":[{"id":2517,"href":"https:\/\/elcotarro.com\/index.php?rest_route=\/wp\/v2\/posts\/2515\/revisions\/2517"}],"wp:attachment":[{"href":"https:\/\/elcotarro.com\/index.php?rest_route=%2Fwp%2Fv2%2Fmedia&parent=2515"}],"wp:term":[{"taxonomy":"category","embeddable":true,"href":"https:\/\/elcotarro.com\/index.php?rest_route=%2Fwp%2Fv2%2Fcategories&post=2515"},{"taxonomy":"post_tag","embeddable":true,"href":"https:\/\/elcotarro.com\/index.php?rest_route=%2Fwp%2Fv2%2Ftags&post=2515"}],"curies":[{"name":"wp","href":"https:\/\/api.w.org\/{rel}","templated":true}]}}