{"id":2518,"date":"2016-03-27T11:04:49","date_gmt":"2016-03-27T10:04:49","guid":{"rendered":"https:\/\/elcotarro.com\/?p=2518"},"modified":"2016-03-26T10:54:55","modified_gmt":"2016-03-26T10:54:55","slug":"casimiro-curbelo-y-coalicion","status":"publish","type":"post","link":"https:\/\/elcotarro.com\/?p=2518","title":{"rendered":"CASIMIRO CURBELO Y COALICI\u00d3N"},"content":{"rendered":"<p>Hablando de pascua, resurrecci\u00f3n y gastronom\u00eda, decirles que en la antesala del acto de presentaci\u00f3n del III Sal\u00f3n Gastron\u00f3mico de Canarias \u2013 GastroCanarias 2016 se mont\u00f3 un curioso y muy \u201csabroso\u201d corrillo de pol\u00edticos en el que pudimos ver a <strong>Jos\u00e9 Manuel Berm\u00fadez Esparza<\/strong> (alcalde de Santa Cruz de Tenerife), <strong>Narvay Quintero Casta\u00f1eda<\/strong> (consejero de Agricultura, Ganader\u00eda, Pesca y Aguas del Gobierno de Canarias), <strong>Casimiro Curbelo Curbelo<\/strong> (presidente del Cabildo de La Gomera y diputado en el Parlamento de Canarias) y <strong>Alberto Bernab\u00e9 Teja<\/strong> (Consejero Insular del \u00c1rea de Turismo, Internacionalizaci\u00f3n y Acci\u00f3n Exterior del Cabildo de Tenerife). Todos de Coalici\u00f3n Canaria menos <strong>Casimiro Curbelo<\/strong>, presidente y l\u00edder indiscutible de la nueva Agrupaci\u00f3n Socialista Gomera (ASG). En medio del animado debate que ten\u00edan sobre \u201csus cosas\u201d alguien que pululaba por all\u00ed dijo que, dadas las actuales circunstancias y con su inteligencia, habilidad y experiencia, <strong>Casimiro Curbelo<\/strong> podr\u00eda ser un magn\u00edfico secretario de Organizaci\u00f3n para Coalici\u00f3n Canaria. \u00a1O\u00eddo, cocina!<\/p>\n<p style=\"text-align: center\"><a href=\"https:\/\/elcotarro.com\/wp-content\/uploads\/2016\/03\/FOTO-2.-Casimiro-con-Narvay.jpg\"><img loading=\"lazy\" decoding=\"async\" class=\"alignnone size-full wp-image-2519\" src=\"https:\/\/elcotarro.com\/wp-content\/uploads\/2016\/03\/FOTO-2.-Casimiro-con-Narvay.jpg\" alt=\"FOTO 2.- Casimiro con Narvay\" width=\"884\" height=\"798\" srcset=\"https:\/\/elcotarro.com\/wp-content\/uploads\/2016\/03\/FOTO-2.-Casimiro-con-Narvay.jpg 884w, https:\/\/elcotarro.com\/wp-content\/uploads\/2016\/03\/FOTO-2.-Casimiro-con-Narvay-300x271.jpg 300w\" sizes=\"auto, (max-width: 884px) 100vw, 884px\" \/><\/a><\/p>\n<p style=\"text-align: center\"><em>El \u201cchef\u201d herre\u00f1o, Narvay Quintero (i) con el \u201cchef\u201d gomero, Casimiro Curbelo, podr\u00edan \u201ccocinar\u201d juntos en Coalici\u00f3n canaria<\/em><\/p>\n","protected":false},"excerpt":{"rendered":"<p>Hablando de pascua, resurrecci\u00f3n y gastronom\u00eda, decirles que en la antesala del acto de presentaci\u00f3n del III Sal\u00f3n Gastron\u00f3mico de Canarias \u2013 GastroCanarias 2016 se mont\u00f3 un curioso y muy \u201csabroso\u201d corrillo de pol\u00edticos en el que pudimos ver a Jos\u00e9 Manuel Berm\u00fadez Esparza (alcalde de Santa Cruz de Tenerife), Narvay Quintero Casta\u00f1eda (consejero de &#8230; <a class=\"read-more\" href=\"https:\/\/elcotarro.com\/?p=2518\">Read more<\/a><\/p>\n","protected":false},"author":2,"featured_media":0,"comment_status":"open","ping_status":"open","sticky":false,"template":"","format":"standard","meta":{"_jetpack_memberships_contains_paid_content":false,"footnotes":""},"categories":[1],"tags":[],"class_list":["post-2518","post","type-post","status-publish","format-standard","hentry","category-sin-categoria"],"yoast_head":"<!-- This site is optimized with the Yoast SEO plugin v27.0 - https:\/\/yoast.com\/product\/yoast-seo-wordpress\/ -->\n<title>CASIMIRO CURBELO Y COALICI\u00d3N - El Cotarro<\/title>\n<meta name=\"robots\" content=\"index, follow, max-snippet:-1, max-image-preview:large, max-video-preview:-1\" \/>\n<link rel=\"canonical\" href=\"https:\/\/elcotarro.com\/?p=2518\" \/>\n<meta property=\"og:locale\" content=\"es_ES\" \/>\n<meta property=\"og:type\" content=\"article\" \/>\n<meta property=\"og:title\" content=\"CASIMIRO CURBELO Y COALICI\u00d3N - El Cotarro\" \/>\n<meta property=\"og:description\" content=\"Hablando de pascua, resurrecci\u00f3n y gastronom\u00eda, decirles que en la antesala del acto de presentaci\u00f3n del III Sal\u00f3n Gastron\u00f3mico de Canarias \u2013 GastroCanarias 2016 se mont\u00f3 un curioso y muy \u201csabroso\u201d corrillo de pol\u00edticos en el que pudimos ver a Jos\u00e9 Manuel Berm\u00fadez Esparza (alcalde de Santa Cruz de Tenerife), Narvay Quintero Casta\u00f1eda (consejero de ... Read more\" \/>\n<meta property=\"og:url\" content=\"https:\/\/elcotarro.com\/?p=2518\" \/>\n<meta property=\"og:site_name\" content=\"El Cotarro\" \/>\n<meta property=\"article:publisher\" content=\"https:\/\/www.facebook.com\/ElCotarro.Tenerife\" \/>\n<meta property=\"article:published_time\" content=\"2016-03-27T10:04:49+00:00\" \/>\n<meta property=\"og:image\" content=\"https:\/\/elcotarro.com\/wp-content\/uploads\/2016\/03\/FOTO-2.-Casimiro-con-Narvay.jpg\" \/>\n<meta name=\"author\" content=\"Jos\u00e9 Carlos Marrero Gonz\u00e1lez\" \/>\n<meta name=\"twitter:label1\" content=\"Escrito por\" \/>\n\t<meta name=\"twitter:data1\" content=\"Jos\u00e9 Carlos Marrero Gonz\u00e1lez\" \/>\n\t<meta name=\"twitter:label2\" content=\"Tiempo de lectura\" \/>\n\t<meta name=\"twitter:data2\" content=\"1 minuto\" \/>\n<script type=\"application\/ld+json\" class=\"yoast-schema-graph\">{\"@context\":\"https:\/\/schema.org\",\"@graph\":[{\"@type\":\"Article\",\"@id\":\"https:\/\/elcotarro.com\/?p=2518#article\",\"isPartOf\":{\"@id\":\"https:\/\/elcotarro.com\/?p=2518\"},\"author\":{\"name\":\"Jos\u00e9 Carlos Marrero Gonz\u00e1lez\",\"@id\":\"https:\/\/elcotarro.com\/#\/schema\/person\/af537ee7d60d15984c7e0affcd8a918b\"},\"headline\":\"CASIMIRO CURBELO Y COALICI\u00d3N\",\"datePublished\":\"2016-03-27T10:04:49+00:00\",\"mainEntityOfPage\":{\"@id\":\"https:\/\/elcotarro.com\/?p=2518\"},\"wordCount\":202,\"commentCount\":0,\"publisher\":{\"@id\":\"https:\/\/elcotarro.com\/#organization\"},\"image\":{\"@id\":\"https:\/\/elcotarro.com\/?p=2518#primaryimage\"},\"thumbnailUrl\":\"https:\/\/elcotarro.com\/wp-content\/uploads\/2016\/03\/FOTO-2.-Casimiro-con-Narvay.jpg\",\"inLanguage\":\"es\",\"potentialAction\":[{\"@type\":\"CommentAction\",\"name\":\"Comment\",\"target\":[\"https:\/\/elcotarro.com\/?p=2518#respond\"]}]},{\"@type\":\"WebPage\",\"@id\":\"https:\/\/elcotarro.com\/?p=2518\",\"url\":\"https:\/\/elcotarro.com\/?p=2518\",\"name\":\"CASIMIRO CURBELO Y COALICI\u00d3N - El Cotarro\",\"isPartOf\":{\"@id\":\"https:\/\/elcotarro.com\/#website\"},\"primaryImageOfPage\":{\"@id\":\"https:\/\/elcotarro.com\/?p=2518#primaryimage\"},\"image\":{\"@id\":\"https:\/\/elcotarro.com\/?p=2518#primaryimage\"},\"thumbnailUrl\":\"https:\/\/elcotarro.com\/wp-content\/uploads\/2016\/03\/FOTO-2.-Casimiro-con-Narvay.jpg\",\"datePublished\":\"2016-03-27T10:04:49+00:00\",\"breadcrumb\":{\"@id\":\"https:\/\/elcotarro.com\/?p=2518#breadcrumb\"},\"inLanguage\":\"es\",\"potentialAction\":[{\"@type\":\"ReadAction\",\"target\":[\"https:\/\/elcotarro.com\/?p=2518\"]}]},{\"@type\":\"ImageObject\",\"inLanguage\":\"es\",\"@id\":\"https:\/\/elcotarro.com\/?p=2518#primaryimage\",\"url\":\"https:\/\/elcotarro.com\/wp-content\/uploads\/2016\/03\/FOTO-2.-Casimiro-con-Narvay.jpg\",\"contentUrl\":\"https:\/\/elcotarro.com\/wp-content\/uploads\/2016\/03\/FOTO-2.-Casimiro-con-Narvay.jpg\",\"width\":884,\"height\":798},{\"@type\":\"BreadcrumbList\",\"@id\":\"https:\/\/elcotarro.com\/?p=2518#breadcrumb\",\"itemListElement\":[{\"@type\":\"ListItem\",\"position\":1,\"name\":\"Portada\",\"item\":\"https:\/\/elcotarro.com\/\"},{\"@type\":\"ListItem\",\"position\":2,\"name\":\"CASIMIRO CURBELO Y COALICI\u00d3N\"}]},{\"@type\":\"WebSite\",\"@id\":\"https:\/\/elcotarro.com\/#website\",\"url\":\"https:\/\/elcotarro.com\/\",\"name\":\"El Cotarro\",\"description\":\"Peri\u00f3dico Digital Independiente dirigido por Jos\u00e9 Carlos Marrero\",\"publisher\":{\"@id\":\"https:\/\/elcotarro.com\/#organization\"},\"potentialAction\":[{\"@type\":\"SearchAction\",\"target\":{\"@type\":\"EntryPoint\",\"urlTemplate\":\"https:\/\/elcotarro.com\/?s={search_term_string}\"},\"query-input\":{\"@type\":\"PropertyValueSpecification\",\"valueRequired\":true,\"valueName\":\"search_term_string\"}}],\"inLanguage\":\"es\"},{\"@type\":\"Organization\",\"@id\":\"https:\/\/elcotarro.com\/#organization\",\"name\":\"El Cotarro\",\"url\":\"https:\/\/elcotarro.com\/\",\"logo\":{\"@type\":\"ImageObject\",\"inLanguage\":\"es\",\"@id\":\"https:\/\/elcotarro.com\/#\/schema\/logo\/image\/\",\"url\":\"https:\/\/elcotarro.com\/wp-content\/uploads\/2014\/09\/Cabecera_El_Cotarro_v2.jpg\",\"contentUrl\":\"https:\/\/elcotarro.com\/wp-content\/uploads\/2014\/09\/Cabecera_El_Cotarro_v2.jpg\",\"width\":3540,\"height\":441,\"caption\":\"El Cotarro\"},\"image\":{\"@id\":\"https:\/\/elcotarro.com\/#\/schema\/logo\/image\/\"},\"sameAs\":[\"https:\/\/www.facebook.com\/ElCotarro.Tenerife\"]},{\"@type\":\"Person\",\"@id\":\"https:\/\/elcotarro.com\/#\/schema\/person\/af537ee7d60d15984c7e0affcd8a918b\",\"name\":\"Jos\u00e9 Carlos Marrero Gonz\u00e1lez\",\"image\":{\"@type\":\"ImageObject\",\"inLanguage\":\"es\",\"@id\":\"https:\/\/elcotarro.com\/#\/schema\/person\/image\/\",\"url\":\"https:\/\/secure.gravatar.com\/avatar\/def4da036efb5d32c74d49c351f6dccc064dd69ad9f3aadc295c5a9a5391ca01?s=96&d=mm&r=g\",\"contentUrl\":\"https:\/\/secure.gravatar.com\/avatar\/def4da036efb5d32c74d49c351f6dccc064dd69ad9f3aadc295c5a9a5391ca01?s=96&d=mm&r=g\",\"caption\":\"Jos\u00e9 Carlos Marrero Gonz\u00e1lez\"},\"sameAs\":[\"https:\/\/elcotarro.com\"],\"url\":\"https:\/\/elcotarro.com\/?author=2\"}]}<\/script>\n<!-- \/ Yoast SEO plugin. -->","yoast_head_json":{"title":"CASIMIRO CURBELO Y COALICI\u00d3N - El Cotarro","robots":{"index":"index","follow":"follow","max-snippet":"max-snippet:-1","max-image-preview":"max-image-preview:large","max-video-preview":"max-video-preview:-1"},"canonical":"https:\/\/elcotarro.com\/?p=2518","og_locale":"es_ES","og_type":"article","og_title":"CASIMIRO CURBELO Y COALICI\u00d3N - El Cotarro","og_description":"Hablando de pascua, resurrecci\u00f3n y gastronom\u00eda, decirles que en la antesala del acto de presentaci\u00f3n del III Sal\u00f3n Gastron\u00f3mico de Canarias \u2013 GastroCanarias 2016 se mont\u00f3 un curioso y muy \u201csabroso\u201d corrillo de pol\u00edticos en el que pudimos ver a Jos\u00e9 Manuel Berm\u00fadez Esparza (alcalde de Santa Cruz de Tenerife), Narvay Quintero Casta\u00f1eda (consejero de ... Read more","og_url":"https:\/\/elcotarro.com\/?p=2518","og_site_name":"El Cotarro","article_publisher":"https:\/\/www.facebook.com\/ElCotarro.Tenerife","article_published_time":"2016-03-27T10:04:49+00:00","og_image":[{"url":"https:\/\/elcotarro.com\/wp-content\/uploads\/2016\/03\/FOTO-2.-Casimiro-con-Narvay.jpg","type":"","width":"","height":""}],"author":"Jos\u00e9 Carlos Marrero Gonz\u00e1lez","twitter_misc":{"Escrito por":"Jos\u00e9 Carlos Marrero Gonz\u00e1lez","Tiempo de lectura":"1 minuto"},"schema":{"@context":"https:\/\/schema.org","@graph":[{"@type":"Article","@id":"https:\/\/elcotarro.com\/?p=2518#article","isPartOf":{"@id":"https:\/\/elcotarro.com\/?p=2518"},"author":{"name":"Jos\u00e9 Carlos Marrero Gonz\u00e1lez","@id":"https:\/\/elcotarro.com\/#\/schema\/person\/af537ee7d60d15984c7e0affcd8a918b"},"headline":"CASIMIRO CURBELO Y COALICI\u00d3N","datePublished":"2016-03-27T10:04:49+00:00","mainEntityOfPage":{"@id":"https:\/\/elcotarro.com\/?p=2518"},"wordCount":202,"commentCount":0,"publisher":{"@id":"https:\/\/elcotarro.com\/#organization"},"image":{"@id":"https:\/\/elcotarro.com\/?p=2518#primaryimage"},"thumbnailUrl":"https:\/\/elcotarro.com\/wp-content\/uploads\/2016\/03\/FOTO-2.-Casimiro-con-Narvay.jpg","inLanguage":"es","potentialAction":[{"@type":"CommentAction","name":"Comment","target":["https:\/\/elcotarro.com\/?p=2518#respond"]}]},{"@type":"WebPage","@id":"https:\/\/elcotarro.com\/?p=2518","url":"https:\/\/elcotarro.com\/?p=2518","name":"CASIMIRO CURBELO Y COALICI\u00d3N - El Cotarro","isPartOf":{"@id":"https:\/\/elcotarro.com\/#website"},"primaryImageOfPage":{"@id":"https:\/\/elcotarro.com\/?p=2518#primaryimage"},"image":{"@id":"https:\/\/elcotarro.com\/?p=2518#primaryimage"},"thumbnailUrl":"https:\/\/elcotarro.com\/wp-content\/uploads\/2016\/03\/FOTO-2.-Casimiro-con-Narvay.jpg","datePublished":"2016-03-27T10:04:49+00:00","breadcrumb":{"@id":"https:\/\/elcotarro.com\/?p=2518#breadcrumb"},"inLanguage":"es","potentialAction":[{"@type":"ReadAction","target":["https:\/\/elcotarro.com\/?p=2518"]}]},{"@type":"ImageObject","inLanguage":"es","@id":"https:\/\/elcotarro.com\/?p=2518#primaryimage","url":"https:\/\/elcotarro.com\/wp-content\/uploads\/2016\/03\/FOTO-2.-Casimiro-con-Narvay.jpg","contentUrl":"https:\/\/elcotarro.com\/wp-content\/uploads\/2016\/03\/FOTO-2.-Casimiro-con-Narvay.jpg","width":884,"height":798},{"@type":"BreadcrumbList","@id":"https:\/\/elcotarro.com\/?p=2518#breadcrumb","itemListElement":[{"@type":"ListItem","position":1,"name":"Portada","item":"https:\/\/elcotarro.com\/"},{"@type":"ListItem","position":2,"name":"CASIMIRO CURBELO Y COALICI\u00d3N"}]},{"@type":"WebSite","@id":"https:\/\/elcotarro.com\/#website","url":"https:\/\/elcotarro.com\/","name":"El Cotarro","description":"Peri\u00f3dico Digital Independiente dirigido por Jos\u00e9 Carlos Marrero","publisher":{"@id":"https:\/\/elcotarro.com\/#organization"},"potentialAction":[{"@type":"SearchAction","target":{"@type":"EntryPoint","urlTemplate":"https:\/\/elcotarro.com\/?s={search_term_string}"},"query-input":{"@type":"PropertyValueSpecification","valueRequired":true,"valueName":"search_term_string"}}],"inLanguage":"es"},{"@type":"Organization","@id":"https:\/\/elcotarro.com\/#organization","name":"El Cotarro","url":"https:\/\/elcotarro.com\/","logo":{"@type":"ImageObject","inLanguage":"es","@id":"https:\/\/elcotarro.com\/#\/schema\/logo\/image\/","url":"https:\/\/elcotarro.com\/wp-content\/uploads\/2014\/09\/Cabecera_El_Cotarro_v2.jpg","contentUrl":"https:\/\/elcotarro.com\/wp-content\/uploads\/2014\/09\/Cabecera_El_Cotarro_v2.jpg","width":3540,"height":441,"caption":"El Cotarro"},"image":{"@id":"https:\/\/elcotarro.com\/#\/schema\/logo\/image\/"},"sameAs":["https:\/\/www.facebook.com\/ElCotarro.Tenerife"]},{"@type":"Person","@id":"https:\/\/elcotarro.com\/#\/schema\/person\/af537ee7d60d15984c7e0affcd8a918b","name":"Jos\u00e9 Carlos Marrero Gonz\u00e1lez","image":{"@type":"ImageObject","inLanguage":"es","@id":"https:\/\/elcotarro.com\/#\/schema\/person\/image\/","url":"https:\/\/secure.gravatar.com\/avatar\/def4da036efb5d32c74d49c351f6dccc064dd69ad9f3aadc295c5a9a5391ca01?s=96&d=mm&r=g","contentUrl":"https:\/\/secure.gravatar.com\/avatar\/def4da036efb5d32c74d49c351f6dccc064dd69ad9f3aadc295c5a9a5391ca01?s=96&d=mm&r=g","caption":"Jos\u00e9 Carlos Marrero Gonz\u00e1lez"},"sameAs":["https:\/\/elcotarro.com"],"url":"https:\/\/elcotarro.com\/?author=2"}]}},"jetpack_featured_media_url":"","jetpack_sharing_enabled":true,"_links":{"self":[{"href":"https:\/\/elcotarro.com\/index.php?rest_route=\/wp\/v2\/posts\/2518","targetHints":{"allow":["GET"]}}],"collection":[{"href":"https:\/\/elcotarro.com\/index.php?rest_route=\/wp\/v2\/posts"}],"about":[{"href":"https:\/\/elcotarro.com\/index.php?rest_route=\/wp\/v2\/types\/post"}],"author":[{"embeddable":true,"href":"https:\/\/elcotarro.com\/index.php?rest_route=\/wp\/v2\/users\/2"}],"replies":[{"embeddable":true,"href":"https:\/\/elcotarro.com\/index.php?rest_route=%2Fwp%2Fv2%2Fcomments&post=2518"}],"version-history":[{"count":1,"href":"https:\/\/elcotarro.com\/index.php?rest_route=\/wp\/v2\/posts\/2518\/revisions"}],"predecessor-version":[{"id":2520,"href":"https:\/\/elcotarro.com\/index.php?rest_route=\/wp\/v2\/posts\/2518\/revisions\/2520"}],"wp:attachment":[{"href":"https:\/\/elcotarro.com\/index.php?rest_route=%2Fwp%2Fv2%2Fmedia&parent=2518"}],"wp:term":[{"taxonomy":"category","embeddable":true,"href":"https:\/\/elcotarro.com\/index.php?rest_route=%2Fwp%2Fv2%2Fcategories&post=2518"},{"taxonomy":"post_tag","embeddable":true,"href":"https:\/\/elcotarro.com\/index.php?rest_route=%2Fwp%2Fv2%2Ftags&post=2518"}],"curies":[{"name":"wp","href":"https:\/\/api.w.org\/{rel}","templated":true}]}}