{"id":2525,"date":"2016-03-27T11:02:14","date_gmt":"2016-03-27T10:02:14","guid":{"rendered":"https:\/\/elcotarro.com\/?p=2525"},"modified":"2016-03-26T10:57:11","modified_gmt":"2016-03-26T10:57:11","slug":"algo-mas-que-una-jubilacion","status":"publish","type":"post","link":"https:\/\/elcotarro.com\/?p=2525","title":{"rendered":"ALGO M\u00c1S QUE UNA JUBILACI\u00d3N"},"content":{"rendered":"<p>Tras 40 a\u00f1os en la Ense\u00f1anza y 36 de ellos en el Colegio P\u00fablico <strong>Manuel de Falla <\/strong>de Barroso, en los altos de La Orotava, esta pasada semana se ha jubilado <strong>Pablo Reyes N\u00fa\u00f1ez<\/strong>, una gran persona que ha sido mucho m\u00e1s que un profesor, aunque \u00e9l siempre se ha autodenominado \u201cmaestro de escuela\u201d. <strong>Pablo<\/strong> se ha desvivido, no solo por ense\u00f1ar, sino educar en valores a varias generaciones de alumnas y alumnas que, a\u00f1o tras a\u00f1o, le fueron llegando procedentes de Barroso, Pinolere, Benijos Bebedero, Aguamansa Chasna, Ca\u00f1e\u00f1o, El Sauce y Los Pinos. De forma muy especial se ha ocupado de alumnas y alumnos con problemas familiares y de adaptaci\u00f3n a la escuela, impulsando huertos escolares, actividades con los \u201cmaestros de la tierra\u201d, as\u00ed como infinidad de acciones a cual m\u00e1s beneficiosa para la poblaci\u00f3n de aquella zona. Fruto de su iniciativa y el buen trabajo de <strong>Pablo Reyes N\u00fa\u00f1ez<\/strong> es el Aula de Etnograf\u00eda del hoy Centro de Ense\u00f1anza Obligatoria (CEO) <strong>Manuel de Falla<\/strong>, y, m\u00e1s concretamente, de su ya popular y famoso \u201cMuseo Pajar\u201d, por no decir del proyecto, feria y Museo Etnogr\u00e1fico de Pinolere que, sin duda, mucho le debe al bueno de <strong>Pablo Reyes<\/strong>.<\/p>\n<p style=\"text-align: center\"><a href=\"https:\/\/elcotarro.com\/wp-content\/uploads\/2016\/03\/FOTO-4.-Pablo-Reyes-N\u00fa\u00f1ez.jpg\"><img loading=\"lazy\" decoding=\"async\" class=\"size-full wp-image-2526 aligncenter\" src=\"https:\/\/elcotarro.com\/wp-content\/uploads\/2016\/03\/FOTO-4.-Pablo-Reyes-N\u00fa\u00f1ez.jpg\" alt=\"FOTO 4.- Pablo Reyes N\u00fa\u00f1ez\" width=\"190\" height=\"110\" \/><\/a><\/p>\n<p style=\"text-align: center\"><em>Pablo Reyes N\u00fa\u00f1ez, 40 a\u00f1os de gran trabajo como \u201cmaestro de escuela\u201d<\/em><\/p>\n","protected":false},"excerpt":{"rendered":"<p>Tras 40 a\u00f1os en la Ense\u00f1anza y 36 de ellos en el Colegio P\u00fablico Manuel de Falla de Barroso, en los altos de La Orotava, esta pasada semana se ha jubilado Pablo Reyes N\u00fa\u00f1ez, una gran persona que ha sido mucho m\u00e1s que un profesor, aunque \u00e9l siempre se ha autodenominado \u201cmaestro de escuela\u201d. Pablo &#8230; <a class=\"read-more\" href=\"https:\/\/elcotarro.com\/?p=2525\">Read more<\/a><\/p>\n","protected":false},"author":2,"featured_media":0,"comment_status":"open","ping_status":"open","sticky":false,"template":"","format":"standard","meta":{"_jetpack_memberships_contains_paid_content":false,"footnotes":""},"categories":[1],"tags":[],"class_list":["post-2525","post","type-post","status-publish","format-standard","hentry","category-sin-categoria"],"yoast_head":"<!-- This site is optimized with the Yoast SEO plugin v27.0 - https:\/\/yoast.com\/product\/yoast-seo-wordpress\/ -->\n<title>ALGO M\u00c1S QUE UNA JUBILACI\u00d3N - El Cotarro<\/title>\n<meta name=\"robots\" content=\"index, follow, max-snippet:-1, max-image-preview:large, max-video-preview:-1\" \/>\n<link rel=\"canonical\" href=\"https:\/\/elcotarro.com\/?p=2525\" \/>\n<meta property=\"og:locale\" content=\"es_ES\" \/>\n<meta property=\"og:type\" content=\"article\" \/>\n<meta property=\"og:title\" content=\"ALGO M\u00c1S QUE UNA JUBILACI\u00d3N - El Cotarro\" \/>\n<meta property=\"og:description\" content=\"Tras 40 a\u00f1os en la Ense\u00f1anza y 36 de ellos en el Colegio P\u00fablico Manuel de Falla de Barroso, en los altos de La Orotava, esta pasada semana se ha jubilado Pablo Reyes N\u00fa\u00f1ez, una gran persona que ha sido mucho m\u00e1s que un profesor, aunque \u00e9l siempre se ha autodenominado \u201cmaestro de escuela\u201d. Pablo ... Read more\" \/>\n<meta property=\"og:url\" content=\"https:\/\/elcotarro.com\/?p=2525\" \/>\n<meta property=\"og:site_name\" content=\"El Cotarro\" \/>\n<meta property=\"article:publisher\" content=\"https:\/\/www.facebook.com\/ElCotarro.Tenerife\" \/>\n<meta property=\"article:published_time\" content=\"2016-03-27T10:02:14+00:00\" \/>\n<meta name=\"author\" content=\"Jos\u00e9 Carlos Marrero Gonz\u00e1lez\" \/>\n<meta name=\"twitter:label1\" content=\"Escrito por\" \/>\n\t<meta name=\"twitter:data1\" content=\"Jos\u00e9 Carlos Marrero Gonz\u00e1lez\" \/>\n\t<meta name=\"twitter:label2\" content=\"Tiempo de lectura\" \/>\n\t<meta name=\"twitter:data2\" content=\"1 minuto\" \/>\n<script type=\"application\/ld+json\" class=\"yoast-schema-graph\">{\"@context\":\"https:\/\/schema.org\",\"@graph\":[{\"@type\":\"Article\",\"@id\":\"https:\/\/elcotarro.com\/?p=2525#article\",\"isPartOf\":{\"@id\":\"https:\/\/elcotarro.com\/?p=2525\"},\"author\":{\"name\":\"Jos\u00e9 Carlos Marrero Gonz\u00e1lez\",\"@id\":\"https:\/\/elcotarro.com\/#\/schema\/person\/af537ee7d60d15984c7e0affcd8a918b\"},\"headline\":\"ALGO M\u00c1S QUE UNA JUBILACI\u00d3N\",\"datePublished\":\"2016-03-27T10:02:14+00:00\",\"mainEntityOfPage\":{\"@id\":\"https:\/\/elcotarro.com\/?p=2525\"},\"wordCount\":235,\"commentCount\":0,\"publisher\":{\"@id\":\"https:\/\/elcotarro.com\/#organization\"},\"inLanguage\":\"es\",\"potentialAction\":[{\"@type\":\"CommentAction\",\"name\":\"Comment\",\"target\":[\"https:\/\/elcotarro.com\/?p=2525#respond\"]}]},{\"@type\":\"WebPage\",\"@id\":\"https:\/\/elcotarro.com\/?p=2525\",\"url\":\"https:\/\/elcotarro.com\/?p=2525\",\"name\":\"ALGO M\u00c1S QUE UNA JUBILACI\u00d3N - El Cotarro\",\"isPartOf\":{\"@id\":\"https:\/\/elcotarro.com\/#website\"},\"datePublished\":\"2016-03-27T10:02:14+00:00\",\"breadcrumb\":{\"@id\":\"https:\/\/elcotarro.com\/?p=2525#breadcrumb\"},\"inLanguage\":\"es\",\"potentialAction\":[{\"@type\":\"ReadAction\",\"target\":[\"https:\/\/elcotarro.com\/?p=2525\"]}]},{\"@type\":\"BreadcrumbList\",\"@id\":\"https:\/\/elcotarro.com\/?p=2525#breadcrumb\",\"itemListElement\":[{\"@type\":\"ListItem\",\"position\":1,\"name\":\"Portada\",\"item\":\"https:\/\/elcotarro.com\/\"},{\"@type\":\"ListItem\",\"position\":2,\"name\":\"ALGO M\u00c1S QUE UNA JUBILACI\u00d3N\"}]},{\"@type\":\"WebSite\",\"@id\":\"https:\/\/elcotarro.com\/#website\",\"url\":\"https:\/\/elcotarro.com\/\",\"name\":\"El Cotarro\",\"description\":\"Peri\u00f3dico Digital Independiente dirigido por Jos\u00e9 Carlos Marrero\",\"publisher\":{\"@id\":\"https:\/\/elcotarro.com\/#organization\"},\"potentialAction\":[{\"@type\":\"SearchAction\",\"target\":{\"@type\":\"EntryPoint\",\"urlTemplate\":\"https:\/\/elcotarro.com\/?s={search_term_string}\"},\"query-input\":{\"@type\":\"PropertyValueSpecification\",\"valueRequired\":true,\"valueName\":\"search_term_string\"}}],\"inLanguage\":\"es\"},{\"@type\":\"Organization\",\"@id\":\"https:\/\/elcotarro.com\/#organization\",\"name\":\"El Cotarro\",\"url\":\"https:\/\/elcotarro.com\/\",\"logo\":{\"@type\":\"ImageObject\",\"inLanguage\":\"es\",\"@id\":\"https:\/\/elcotarro.com\/#\/schema\/logo\/image\/\",\"url\":\"https:\/\/elcotarro.com\/wp-content\/uploads\/2014\/09\/Cabecera_El_Cotarro_v2.jpg\",\"contentUrl\":\"https:\/\/elcotarro.com\/wp-content\/uploads\/2014\/09\/Cabecera_El_Cotarro_v2.jpg\",\"width\":3540,\"height\":441,\"caption\":\"El Cotarro\"},\"image\":{\"@id\":\"https:\/\/elcotarro.com\/#\/schema\/logo\/image\/\"},\"sameAs\":[\"https:\/\/www.facebook.com\/ElCotarro.Tenerife\"]},{\"@type\":\"Person\",\"@id\":\"https:\/\/elcotarro.com\/#\/schema\/person\/af537ee7d60d15984c7e0affcd8a918b\",\"name\":\"Jos\u00e9 Carlos Marrero Gonz\u00e1lez\",\"image\":{\"@type\":\"ImageObject\",\"inLanguage\":\"es\",\"@id\":\"https:\/\/elcotarro.com\/#\/schema\/person\/image\/\",\"url\":\"https:\/\/secure.gravatar.com\/avatar\/def4da036efb5d32c74d49c351f6dccc064dd69ad9f3aadc295c5a9a5391ca01?s=96&d=mm&r=g\",\"contentUrl\":\"https:\/\/secure.gravatar.com\/avatar\/def4da036efb5d32c74d49c351f6dccc064dd69ad9f3aadc295c5a9a5391ca01?s=96&d=mm&r=g\",\"caption\":\"Jos\u00e9 Carlos Marrero Gonz\u00e1lez\"},\"sameAs\":[\"https:\/\/elcotarro.com\"],\"url\":\"https:\/\/elcotarro.com\/?author=2\"}]}<\/script>\n<!-- \/ Yoast SEO plugin. -->","yoast_head_json":{"title":"ALGO M\u00c1S QUE UNA JUBILACI\u00d3N - El Cotarro","robots":{"index":"index","follow":"follow","max-snippet":"max-snippet:-1","max-image-preview":"max-image-preview:large","max-video-preview":"max-video-preview:-1"},"canonical":"https:\/\/elcotarro.com\/?p=2525","og_locale":"es_ES","og_type":"article","og_title":"ALGO M\u00c1S QUE UNA JUBILACI\u00d3N - El Cotarro","og_description":"Tras 40 a\u00f1os en la Ense\u00f1anza y 36 de ellos en el Colegio P\u00fablico Manuel de Falla de Barroso, en los altos de La Orotava, esta pasada semana se ha jubilado Pablo Reyes N\u00fa\u00f1ez, una gran persona que ha sido mucho m\u00e1s que un profesor, aunque \u00e9l siempre se ha autodenominado \u201cmaestro de escuela\u201d. Pablo ... Read more","og_url":"https:\/\/elcotarro.com\/?p=2525","og_site_name":"El Cotarro","article_publisher":"https:\/\/www.facebook.com\/ElCotarro.Tenerife","article_published_time":"2016-03-27T10:02:14+00:00","author":"Jos\u00e9 Carlos Marrero Gonz\u00e1lez","twitter_misc":{"Escrito por":"Jos\u00e9 Carlos Marrero Gonz\u00e1lez","Tiempo de lectura":"1 minuto"},"schema":{"@context":"https:\/\/schema.org","@graph":[{"@type":"Article","@id":"https:\/\/elcotarro.com\/?p=2525#article","isPartOf":{"@id":"https:\/\/elcotarro.com\/?p=2525"},"author":{"name":"Jos\u00e9 Carlos Marrero Gonz\u00e1lez","@id":"https:\/\/elcotarro.com\/#\/schema\/person\/af537ee7d60d15984c7e0affcd8a918b"},"headline":"ALGO M\u00c1S QUE UNA JUBILACI\u00d3N","datePublished":"2016-03-27T10:02:14+00:00","mainEntityOfPage":{"@id":"https:\/\/elcotarro.com\/?p=2525"},"wordCount":235,"commentCount":0,"publisher":{"@id":"https:\/\/elcotarro.com\/#organization"},"inLanguage":"es","potentialAction":[{"@type":"CommentAction","name":"Comment","target":["https:\/\/elcotarro.com\/?p=2525#respond"]}]},{"@type":"WebPage","@id":"https:\/\/elcotarro.com\/?p=2525","url":"https:\/\/elcotarro.com\/?p=2525","name":"ALGO M\u00c1S QUE UNA JUBILACI\u00d3N - El Cotarro","isPartOf":{"@id":"https:\/\/elcotarro.com\/#website"},"datePublished":"2016-03-27T10:02:14+00:00","breadcrumb":{"@id":"https:\/\/elcotarro.com\/?p=2525#breadcrumb"},"inLanguage":"es","potentialAction":[{"@type":"ReadAction","target":["https:\/\/elcotarro.com\/?p=2525"]}]},{"@type":"BreadcrumbList","@id":"https:\/\/elcotarro.com\/?p=2525#breadcrumb","itemListElement":[{"@type":"ListItem","position":1,"name":"Portada","item":"https:\/\/elcotarro.com\/"},{"@type":"ListItem","position":2,"name":"ALGO M\u00c1S QUE UNA JUBILACI\u00d3N"}]},{"@type":"WebSite","@id":"https:\/\/elcotarro.com\/#website","url":"https:\/\/elcotarro.com\/","name":"El Cotarro","description":"Peri\u00f3dico Digital Independiente dirigido por Jos\u00e9 Carlos Marrero","publisher":{"@id":"https:\/\/elcotarro.com\/#organization"},"potentialAction":[{"@type":"SearchAction","target":{"@type":"EntryPoint","urlTemplate":"https:\/\/elcotarro.com\/?s={search_term_string}"},"query-input":{"@type":"PropertyValueSpecification","valueRequired":true,"valueName":"search_term_string"}}],"inLanguage":"es"},{"@type":"Organization","@id":"https:\/\/elcotarro.com\/#organization","name":"El Cotarro","url":"https:\/\/elcotarro.com\/","logo":{"@type":"ImageObject","inLanguage":"es","@id":"https:\/\/elcotarro.com\/#\/schema\/logo\/image\/","url":"https:\/\/elcotarro.com\/wp-content\/uploads\/2014\/09\/Cabecera_El_Cotarro_v2.jpg","contentUrl":"https:\/\/elcotarro.com\/wp-content\/uploads\/2014\/09\/Cabecera_El_Cotarro_v2.jpg","width":3540,"height":441,"caption":"El Cotarro"},"image":{"@id":"https:\/\/elcotarro.com\/#\/schema\/logo\/image\/"},"sameAs":["https:\/\/www.facebook.com\/ElCotarro.Tenerife"]},{"@type":"Person","@id":"https:\/\/elcotarro.com\/#\/schema\/person\/af537ee7d60d15984c7e0affcd8a918b","name":"Jos\u00e9 Carlos Marrero Gonz\u00e1lez","image":{"@type":"ImageObject","inLanguage":"es","@id":"https:\/\/elcotarro.com\/#\/schema\/person\/image\/","url":"https:\/\/secure.gravatar.com\/avatar\/def4da036efb5d32c74d49c351f6dccc064dd69ad9f3aadc295c5a9a5391ca01?s=96&d=mm&r=g","contentUrl":"https:\/\/secure.gravatar.com\/avatar\/def4da036efb5d32c74d49c351f6dccc064dd69ad9f3aadc295c5a9a5391ca01?s=96&d=mm&r=g","caption":"Jos\u00e9 Carlos Marrero Gonz\u00e1lez"},"sameAs":["https:\/\/elcotarro.com"],"url":"https:\/\/elcotarro.com\/?author=2"}]}},"jetpack_featured_media_url":"","jetpack_sharing_enabled":true,"_links":{"self":[{"href":"https:\/\/elcotarro.com\/index.php?rest_route=\/wp\/v2\/posts\/2525","targetHints":{"allow":["GET"]}}],"collection":[{"href":"https:\/\/elcotarro.com\/index.php?rest_route=\/wp\/v2\/posts"}],"about":[{"href":"https:\/\/elcotarro.com\/index.php?rest_route=\/wp\/v2\/types\/post"}],"author":[{"embeddable":true,"href":"https:\/\/elcotarro.com\/index.php?rest_route=\/wp\/v2\/users\/2"}],"replies":[{"embeddable":true,"href":"https:\/\/elcotarro.com\/index.php?rest_route=%2Fwp%2Fv2%2Fcomments&post=2525"}],"version-history":[{"count":2,"href":"https:\/\/elcotarro.com\/index.php?rest_route=\/wp\/v2\/posts\/2525\/revisions"}],"predecessor-version":[{"id":2528,"href":"https:\/\/elcotarro.com\/index.php?rest_route=\/wp\/v2\/posts\/2525\/revisions\/2528"}],"wp:attachment":[{"href":"https:\/\/elcotarro.com\/index.php?rest_route=%2Fwp%2Fv2%2Fmedia&parent=2525"}],"wp:term":[{"taxonomy":"category","embeddable":true,"href":"https:\/\/elcotarro.com\/index.php?rest_route=%2Fwp%2Fv2%2Fcategories&post=2525"},{"taxonomy":"post_tag","embeddable":true,"href":"https:\/\/elcotarro.com\/index.php?rest_route=%2Fwp%2Fv2%2Ftags&post=2525"}],"curies":[{"name":"wp","href":"https:\/\/api.w.org\/{rel}","templated":true}]}}