{"id":2584,"date":"2016-04-10T11:01:46","date_gmt":"2016-04-10T10:01:46","guid":{"rendered":"https:\/\/elcotarro.com\/?p=2584"},"modified":"2016-04-10T10:21:23","modified_gmt":"2016-04-10T09:21:23","slug":"unas-denuncias-equivocadas","status":"publish","type":"post","link":"https:\/\/elcotarro.com\/?p=2584","title":{"rendered":"UNAS DENUNCIAS&#8230; EQUIVOCADAS"},"content":{"rendered":"<p>He tenido acceso al llamado \u201cInforme de la inspecci\u00f3n al n\u00facleo zool\u00f3gico Loro Parque de Santa Cruz de Tenerife\u201d realizado por la Unidad Central Operativa del Medio Ambiente (UCOMA), dependiente de la Jefatura del Servicio de Protecci\u00f3n de la Naturaleza (SEPRONA) perteneciente a la Direcci\u00f3n General de la Guardia Civil. La inspecci\u00f3n tiene que ver con la presencia en Loro Parque de la holandesa orca Morgan y a partir de (lo dice el propio informe) la denuncia presentada por la organizaci\u00f3n \u201cproteccionista\u201d People for the Ethical Treatament of Animals (PETA) y luego difundida aqu\u00ed por el Partido Animalista Contra el Maltrato Animal (PACMA).<\/p>\n<p style=\"text-align: center\"><a href=\"https:\/\/elcotarro.com\/wp-content\/uploads\/2016\/04\/FOTO-5.-Escudo-del-Seprona.jpg\"><img loading=\"lazy\" decoding=\"async\" class=\"alignnone size-full wp-image-2585\" src=\"https:\/\/elcotarro.com\/wp-content\/uploads\/2016\/04\/FOTO-5.-Escudo-del-Seprona.jpg\" alt=\"FOTO 5.- Escudo del Seprona\" width=\"600\" height=\"940\" srcset=\"https:\/\/elcotarro.com\/wp-content\/uploads\/2016\/04\/FOTO-5.-Escudo-del-Seprona.jpg 600w, https:\/\/elcotarro.com\/wp-content\/uploads\/2016\/04\/FOTO-5.-Escudo-del-Seprona-191x300.jpg 191w\" sizes=\"auto, (max-width: 600px) 100vw, 600px\" \/><\/a><\/p>\n<p style=\"text-align: center\"><em>Escudo del Seprona de la Guardia Civil, cuyos profesionales han hecho un informe riguroso<\/em><\/p>\n","protected":false},"excerpt":{"rendered":"<p>He tenido acceso al llamado \u201cInforme de la inspecci\u00f3n al n\u00facleo zool\u00f3gico Loro Parque de Santa Cruz de Tenerife\u201d realizado por la Unidad Central Operativa del Medio Ambiente (UCOMA), dependiente de la Jefatura del Servicio de Protecci\u00f3n de la Naturaleza (SEPRONA) perteneciente a la Direcci\u00f3n General de la Guardia Civil. La inspecci\u00f3n tiene que ver &#8230; <a class=\"read-more\" href=\"https:\/\/elcotarro.com\/?p=2584\">Read more<\/a><\/p>\n","protected":false},"author":2,"featured_media":0,"comment_status":"open","ping_status":"open","sticky":false,"template":"","format":"standard","meta":{"_jetpack_memberships_contains_paid_content":false,"footnotes":""},"categories":[1],"tags":[],"class_list":["post-2584","post","type-post","status-publish","format-standard","hentry","category-sin-categoria"],"yoast_head":"<!-- This site is optimized with the Yoast SEO plugin v27.0 - https:\/\/yoast.com\/product\/yoast-seo-wordpress\/ -->\n<title>UNAS DENUNCIAS... EQUIVOCADAS - El Cotarro<\/title>\n<meta name=\"robots\" content=\"index, follow, max-snippet:-1, max-image-preview:large, max-video-preview:-1\" \/>\n<link rel=\"canonical\" href=\"https:\/\/elcotarro.com\/?p=2584\" \/>\n<meta property=\"og:locale\" content=\"es_ES\" \/>\n<meta property=\"og:type\" content=\"article\" \/>\n<meta property=\"og:title\" content=\"UNAS DENUNCIAS... EQUIVOCADAS - El Cotarro\" \/>\n<meta property=\"og:description\" content=\"He tenido acceso al llamado \u201cInforme de la inspecci\u00f3n al n\u00facleo zool\u00f3gico Loro Parque de Santa Cruz de Tenerife\u201d realizado por la Unidad Central Operativa del Medio Ambiente (UCOMA), dependiente de la Jefatura del Servicio de Protecci\u00f3n de la Naturaleza (SEPRONA) perteneciente a la Direcci\u00f3n General de la Guardia Civil. La inspecci\u00f3n tiene que ver ... Read more\" \/>\n<meta property=\"og:url\" content=\"https:\/\/elcotarro.com\/?p=2584\" \/>\n<meta property=\"og:site_name\" content=\"El Cotarro\" \/>\n<meta property=\"article:publisher\" content=\"https:\/\/www.facebook.com\/ElCotarro.Tenerife\" \/>\n<meta property=\"article:published_time\" content=\"2016-04-10T10:01:46+00:00\" \/>\n<meta property=\"og:image\" content=\"https:\/\/elcotarro.com\/wp-content\/uploads\/2016\/04\/FOTO-5.-Escudo-del-Seprona.jpg\" \/>\n<meta name=\"author\" content=\"Jos\u00e9 Carlos Marrero Gonz\u00e1lez\" \/>\n<meta name=\"twitter:label1\" content=\"Escrito por\" \/>\n\t<meta name=\"twitter:data1\" content=\"Jos\u00e9 Carlos Marrero Gonz\u00e1lez\" \/>\n\t<meta name=\"twitter:label2\" content=\"Tiempo de lectura\" \/>\n\t<meta name=\"twitter:data2\" content=\"1 minuto\" \/>\n<script type=\"application\/ld+json\" class=\"yoast-schema-graph\">{\"@context\":\"https:\/\/schema.org\",\"@graph\":[{\"@type\":\"Article\",\"@id\":\"https:\/\/elcotarro.com\/?p=2584#article\",\"isPartOf\":{\"@id\":\"https:\/\/elcotarro.com\/?p=2584\"},\"author\":{\"name\":\"Jos\u00e9 Carlos Marrero Gonz\u00e1lez\",\"@id\":\"https:\/\/elcotarro.com\/#\/schema\/person\/af537ee7d60d15984c7e0affcd8a918b\"},\"headline\":\"UNAS DENUNCIAS&#8230; EQUIVOCADAS\",\"datePublished\":\"2016-04-10T10:01:46+00:00\",\"mainEntityOfPage\":{\"@id\":\"https:\/\/elcotarro.com\/?p=2584\"},\"wordCount\":127,\"commentCount\":0,\"publisher\":{\"@id\":\"https:\/\/elcotarro.com\/#organization\"},\"image\":{\"@id\":\"https:\/\/elcotarro.com\/?p=2584#primaryimage\"},\"thumbnailUrl\":\"https:\/\/elcotarro.com\/wp-content\/uploads\/2016\/04\/FOTO-5.-Escudo-del-Seprona.jpg\",\"inLanguage\":\"es\",\"potentialAction\":[{\"@type\":\"CommentAction\",\"name\":\"Comment\",\"target\":[\"https:\/\/elcotarro.com\/?p=2584#respond\"]}]},{\"@type\":\"WebPage\",\"@id\":\"https:\/\/elcotarro.com\/?p=2584\",\"url\":\"https:\/\/elcotarro.com\/?p=2584\",\"name\":\"UNAS DENUNCIAS... EQUIVOCADAS - El Cotarro\",\"isPartOf\":{\"@id\":\"https:\/\/elcotarro.com\/#website\"},\"primaryImageOfPage\":{\"@id\":\"https:\/\/elcotarro.com\/?p=2584#primaryimage\"},\"image\":{\"@id\":\"https:\/\/elcotarro.com\/?p=2584#primaryimage\"},\"thumbnailUrl\":\"https:\/\/elcotarro.com\/wp-content\/uploads\/2016\/04\/FOTO-5.-Escudo-del-Seprona.jpg\",\"datePublished\":\"2016-04-10T10:01:46+00:00\",\"breadcrumb\":{\"@id\":\"https:\/\/elcotarro.com\/?p=2584#breadcrumb\"},\"inLanguage\":\"es\",\"potentialAction\":[{\"@type\":\"ReadAction\",\"target\":[\"https:\/\/elcotarro.com\/?p=2584\"]}]},{\"@type\":\"ImageObject\",\"inLanguage\":\"es\",\"@id\":\"https:\/\/elcotarro.com\/?p=2584#primaryimage\",\"url\":\"https:\/\/elcotarro.com\/wp-content\/uploads\/2016\/04\/FOTO-5.-Escudo-del-Seprona.jpg\",\"contentUrl\":\"https:\/\/elcotarro.com\/wp-content\/uploads\/2016\/04\/FOTO-5.-Escudo-del-Seprona.jpg\",\"width\":600,\"height\":940},{\"@type\":\"BreadcrumbList\",\"@id\":\"https:\/\/elcotarro.com\/?p=2584#breadcrumb\",\"itemListElement\":[{\"@type\":\"ListItem\",\"position\":1,\"name\":\"Portada\",\"item\":\"https:\/\/elcotarro.com\/\"},{\"@type\":\"ListItem\",\"position\":2,\"name\":\"UNAS DENUNCIAS&#8230; EQUIVOCADAS\"}]},{\"@type\":\"WebSite\",\"@id\":\"https:\/\/elcotarro.com\/#website\",\"url\":\"https:\/\/elcotarro.com\/\",\"name\":\"El Cotarro\",\"description\":\"Peri\u00f3dico Digital Independiente dirigido por Jos\u00e9 Carlos Marrero\",\"publisher\":{\"@id\":\"https:\/\/elcotarro.com\/#organization\"},\"potentialAction\":[{\"@type\":\"SearchAction\",\"target\":{\"@type\":\"EntryPoint\",\"urlTemplate\":\"https:\/\/elcotarro.com\/?s={search_term_string}\"},\"query-input\":{\"@type\":\"PropertyValueSpecification\",\"valueRequired\":true,\"valueName\":\"search_term_string\"}}],\"inLanguage\":\"es\"},{\"@type\":\"Organization\",\"@id\":\"https:\/\/elcotarro.com\/#organization\",\"name\":\"El Cotarro\",\"url\":\"https:\/\/elcotarro.com\/\",\"logo\":{\"@type\":\"ImageObject\",\"inLanguage\":\"es\",\"@id\":\"https:\/\/elcotarro.com\/#\/schema\/logo\/image\/\",\"url\":\"https:\/\/elcotarro.com\/wp-content\/uploads\/2014\/09\/Cabecera_El_Cotarro_v2.jpg\",\"contentUrl\":\"https:\/\/elcotarro.com\/wp-content\/uploads\/2014\/09\/Cabecera_El_Cotarro_v2.jpg\",\"width\":3540,\"height\":441,\"caption\":\"El Cotarro\"},\"image\":{\"@id\":\"https:\/\/elcotarro.com\/#\/schema\/logo\/image\/\"},\"sameAs\":[\"https:\/\/www.facebook.com\/ElCotarro.Tenerife\"]},{\"@type\":\"Person\",\"@id\":\"https:\/\/elcotarro.com\/#\/schema\/person\/af537ee7d60d15984c7e0affcd8a918b\",\"name\":\"Jos\u00e9 Carlos Marrero Gonz\u00e1lez\",\"image\":{\"@type\":\"ImageObject\",\"inLanguage\":\"es\",\"@id\":\"https:\/\/elcotarro.com\/#\/schema\/person\/image\/\",\"url\":\"https:\/\/secure.gravatar.com\/avatar\/def4da036efb5d32c74d49c351f6dccc064dd69ad9f3aadc295c5a9a5391ca01?s=96&d=mm&r=g\",\"contentUrl\":\"https:\/\/secure.gravatar.com\/avatar\/def4da036efb5d32c74d49c351f6dccc064dd69ad9f3aadc295c5a9a5391ca01?s=96&d=mm&r=g\",\"caption\":\"Jos\u00e9 Carlos Marrero Gonz\u00e1lez\"},\"sameAs\":[\"https:\/\/elcotarro.com\"],\"url\":\"https:\/\/elcotarro.com\/?author=2\"}]}<\/script>\n<!-- \/ Yoast SEO plugin. -->","yoast_head_json":{"title":"UNAS DENUNCIAS... EQUIVOCADAS - El Cotarro","robots":{"index":"index","follow":"follow","max-snippet":"max-snippet:-1","max-image-preview":"max-image-preview:large","max-video-preview":"max-video-preview:-1"},"canonical":"https:\/\/elcotarro.com\/?p=2584","og_locale":"es_ES","og_type":"article","og_title":"UNAS DENUNCIAS... EQUIVOCADAS - El Cotarro","og_description":"He tenido acceso al llamado \u201cInforme de la inspecci\u00f3n al n\u00facleo zool\u00f3gico Loro Parque de Santa Cruz de Tenerife\u201d realizado por la Unidad Central Operativa del Medio Ambiente (UCOMA), dependiente de la Jefatura del Servicio de Protecci\u00f3n de la Naturaleza (SEPRONA) perteneciente a la Direcci\u00f3n General de la Guardia Civil. La inspecci\u00f3n tiene que ver ... Read more","og_url":"https:\/\/elcotarro.com\/?p=2584","og_site_name":"El Cotarro","article_publisher":"https:\/\/www.facebook.com\/ElCotarro.Tenerife","article_published_time":"2016-04-10T10:01:46+00:00","og_image":[{"url":"https:\/\/elcotarro.com\/wp-content\/uploads\/2016\/04\/FOTO-5.-Escudo-del-Seprona.jpg","type":"","width":"","height":""}],"author":"Jos\u00e9 Carlos Marrero Gonz\u00e1lez","twitter_misc":{"Escrito por":"Jos\u00e9 Carlos Marrero Gonz\u00e1lez","Tiempo de lectura":"1 minuto"},"schema":{"@context":"https:\/\/schema.org","@graph":[{"@type":"Article","@id":"https:\/\/elcotarro.com\/?p=2584#article","isPartOf":{"@id":"https:\/\/elcotarro.com\/?p=2584"},"author":{"name":"Jos\u00e9 Carlos Marrero Gonz\u00e1lez","@id":"https:\/\/elcotarro.com\/#\/schema\/person\/af537ee7d60d15984c7e0affcd8a918b"},"headline":"UNAS DENUNCIAS&#8230; EQUIVOCADAS","datePublished":"2016-04-10T10:01:46+00:00","mainEntityOfPage":{"@id":"https:\/\/elcotarro.com\/?p=2584"},"wordCount":127,"commentCount":0,"publisher":{"@id":"https:\/\/elcotarro.com\/#organization"},"image":{"@id":"https:\/\/elcotarro.com\/?p=2584#primaryimage"},"thumbnailUrl":"https:\/\/elcotarro.com\/wp-content\/uploads\/2016\/04\/FOTO-5.-Escudo-del-Seprona.jpg","inLanguage":"es","potentialAction":[{"@type":"CommentAction","name":"Comment","target":["https:\/\/elcotarro.com\/?p=2584#respond"]}]},{"@type":"WebPage","@id":"https:\/\/elcotarro.com\/?p=2584","url":"https:\/\/elcotarro.com\/?p=2584","name":"UNAS DENUNCIAS... EQUIVOCADAS - El Cotarro","isPartOf":{"@id":"https:\/\/elcotarro.com\/#website"},"primaryImageOfPage":{"@id":"https:\/\/elcotarro.com\/?p=2584#primaryimage"},"image":{"@id":"https:\/\/elcotarro.com\/?p=2584#primaryimage"},"thumbnailUrl":"https:\/\/elcotarro.com\/wp-content\/uploads\/2016\/04\/FOTO-5.-Escudo-del-Seprona.jpg","datePublished":"2016-04-10T10:01:46+00:00","breadcrumb":{"@id":"https:\/\/elcotarro.com\/?p=2584#breadcrumb"},"inLanguage":"es","potentialAction":[{"@type":"ReadAction","target":["https:\/\/elcotarro.com\/?p=2584"]}]},{"@type":"ImageObject","inLanguage":"es","@id":"https:\/\/elcotarro.com\/?p=2584#primaryimage","url":"https:\/\/elcotarro.com\/wp-content\/uploads\/2016\/04\/FOTO-5.-Escudo-del-Seprona.jpg","contentUrl":"https:\/\/elcotarro.com\/wp-content\/uploads\/2016\/04\/FOTO-5.-Escudo-del-Seprona.jpg","width":600,"height":940},{"@type":"BreadcrumbList","@id":"https:\/\/elcotarro.com\/?p=2584#breadcrumb","itemListElement":[{"@type":"ListItem","position":1,"name":"Portada","item":"https:\/\/elcotarro.com\/"},{"@type":"ListItem","position":2,"name":"UNAS DENUNCIAS&#8230; EQUIVOCADAS"}]},{"@type":"WebSite","@id":"https:\/\/elcotarro.com\/#website","url":"https:\/\/elcotarro.com\/","name":"El Cotarro","description":"Peri\u00f3dico Digital Independiente dirigido por Jos\u00e9 Carlos Marrero","publisher":{"@id":"https:\/\/elcotarro.com\/#organization"},"potentialAction":[{"@type":"SearchAction","target":{"@type":"EntryPoint","urlTemplate":"https:\/\/elcotarro.com\/?s={search_term_string}"},"query-input":{"@type":"PropertyValueSpecification","valueRequired":true,"valueName":"search_term_string"}}],"inLanguage":"es"},{"@type":"Organization","@id":"https:\/\/elcotarro.com\/#organization","name":"El Cotarro","url":"https:\/\/elcotarro.com\/","logo":{"@type":"ImageObject","inLanguage":"es","@id":"https:\/\/elcotarro.com\/#\/schema\/logo\/image\/","url":"https:\/\/elcotarro.com\/wp-content\/uploads\/2014\/09\/Cabecera_El_Cotarro_v2.jpg","contentUrl":"https:\/\/elcotarro.com\/wp-content\/uploads\/2014\/09\/Cabecera_El_Cotarro_v2.jpg","width":3540,"height":441,"caption":"El Cotarro"},"image":{"@id":"https:\/\/elcotarro.com\/#\/schema\/logo\/image\/"},"sameAs":["https:\/\/www.facebook.com\/ElCotarro.Tenerife"]},{"@type":"Person","@id":"https:\/\/elcotarro.com\/#\/schema\/person\/af537ee7d60d15984c7e0affcd8a918b","name":"Jos\u00e9 Carlos Marrero Gonz\u00e1lez","image":{"@type":"ImageObject","inLanguage":"es","@id":"https:\/\/elcotarro.com\/#\/schema\/person\/image\/","url":"https:\/\/secure.gravatar.com\/avatar\/def4da036efb5d32c74d49c351f6dccc064dd69ad9f3aadc295c5a9a5391ca01?s=96&d=mm&r=g","contentUrl":"https:\/\/secure.gravatar.com\/avatar\/def4da036efb5d32c74d49c351f6dccc064dd69ad9f3aadc295c5a9a5391ca01?s=96&d=mm&r=g","caption":"Jos\u00e9 Carlos Marrero Gonz\u00e1lez"},"sameAs":["https:\/\/elcotarro.com"],"url":"https:\/\/elcotarro.com\/?author=2"}]}},"jetpack_featured_media_url":"","jetpack_sharing_enabled":true,"_links":{"self":[{"href":"https:\/\/elcotarro.com\/index.php?rest_route=\/wp\/v2\/posts\/2584","targetHints":{"allow":["GET"]}}],"collection":[{"href":"https:\/\/elcotarro.com\/index.php?rest_route=\/wp\/v2\/posts"}],"about":[{"href":"https:\/\/elcotarro.com\/index.php?rest_route=\/wp\/v2\/types\/post"}],"author":[{"embeddable":true,"href":"https:\/\/elcotarro.com\/index.php?rest_route=\/wp\/v2\/users\/2"}],"replies":[{"embeddable":true,"href":"https:\/\/elcotarro.com\/index.php?rest_route=%2Fwp%2Fv2%2Fcomments&post=2584"}],"version-history":[{"count":1,"href":"https:\/\/elcotarro.com\/index.php?rest_route=\/wp\/v2\/posts\/2584\/revisions"}],"predecessor-version":[{"id":2586,"href":"https:\/\/elcotarro.com\/index.php?rest_route=\/wp\/v2\/posts\/2584\/revisions\/2586"}],"wp:attachment":[{"href":"https:\/\/elcotarro.com\/index.php?rest_route=%2Fwp%2Fv2%2Fmedia&parent=2584"}],"wp:term":[{"taxonomy":"category","embeddable":true,"href":"https:\/\/elcotarro.com\/index.php?rest_route=%2Fwp%2Fv2%2Fcategories&post=2584"},{"taxonomy":"post_tag","embeddable":true,"href":"https:\/\/elcotarro.com\/index.php?rest_route=%2Fwp%2Fv2%2Ftags&post=2584"}],"curies":[{"name":"wp","href":"https:\/\/api.w.org\/{rel}","templated":true}]}}