{"id":2646,"date":"2016-04-24T11:02:35","date_gmt":"2016-04-24T10:02:35","guid":{"rendered":"https:\/\/elcotarro.com\/?p=2646"},"modified":"2016-04-24T09:28:31","modified_gmt":"2016-04-24T08:28:31","slug":"refinitiva-para-el-vino-de-tenerife","status":"publish","type":"post","link":"https:\/\/elcotarro.com\/?p=2646","title":{"rendered":"\u201cREFINITIVA\u201d PARA EL VINO DE TENERIFE"},"content":{"rendered":"<p>Sin duda estamos ahora en la que, como dir\u00eda el popular Joe R\u00edgoli con su personaje <strong><em>Felipito Tacat\u00fan<\/em><\/strong>, ser\u00e1 la \u201crefinitiva\u201d oportunidad para el vino de Tenerife. Promovida por el mencionado <strong>Enrique Alfonso<\/strong> (Bodega Altos de Trevejos) y cinco bodegueros, m\u00e1s ha nacido la nueva Asociaci\u00f3n de Bodegueros y Viticultores de Tenerife, que no s\u00e9 si la llamar\u00e1n ABOVITEN. Junto a <strong>Enrique \u201cQuique\u201d Alfonso<\/strong> en la presidencia, est\u00e1 como vicepresidente <strong>Jonatan Garc\u00eda<\/strong> (Bodega Soagronorte-Suertes del Marqu\u00e9s), como secretario <strong>Borja P\u00e9rez<\/strong> (Bodega Art\u00edfice-Ignios), como tesorero <strong>Juan Francisco Fari\u00f1a<\/strong> (Bodega El Borujo) y como vocales <strong>Ismael D\u00edaz<\/strong> (Bodega El Mocanero) y <strong>Diego Rever\u00f3n<\/strong> (Bodegas Rever\u00f3n). Seis personajes cualificados y respetados que ya aglutinan a m\u00e1s de 2.000 viticultores, m\u00e1s 30 bodegas y representan a m\u00e1s del 70% del vino que se elabora y embotella en Tenerife. Nacen con fuerza y con un objetivo final en el horizonte de tres a\u00f1os, la creaci\u00f3n de la D.O.P. Tenerife.<\/p>\n<p style=\"text-align: center\"><a href=\"https:\/\/elcotarro.com\/wp-content\/uploads\/2016\/04\/FOTO-4.-Directiva-de-ABOVITEN.jpg\"><img loading=\"lazy\" decoding=\"async\" class=\"alignnone size-full wp-image-2647\" src=\"https:\/\/elcotarro.com\/wp-content\/uploads\/2016\/04\/FOTO-4.-Directiva-de-ABOVITEN.jpg\" alt=\"FOTO 4.- Directiva de ABOVITEN\" width=\"1623\" height=\"849\" srcset=\"https:\/\/elcotarro.com\/wp-content\/uploads\/2016\/04\/FOTO-4.-Directiva-de-ABOVITEN.jpg 1623w, https:\/\/elcotarro.com\/wp-content\/uploads\/2016\/04\/FOTO-4.-Directiva-de-ABOVITEN-300x157.jpg 300w, https:\/\/elcotarro.com\/wp-content\/uploads\/2016\/04\/FOTO-4.-Directiva-de-ABOVITEN-1024x536.jpg 1024w\" sizes=\"auto, (max-width: 1623px) 100vw, 1623px\" \/><\/a><\/p>\n<p style=\"text-align: center\"><em>Directiva de la nueva Asociaci\u00f3n de Bodegueros y Viticultores: Diego Rever\u00f3n, Jonatan Garc\u00eda, Borja P\u00e9rez, Enrique Alfonso, Juan Fco. Fari\u00f1a e Ismael D\u00edaz, de izda. a dcha.<\/em><\/p>\n","protected":false},"excerpt":{"rendered":"<p>Sin duda estamos ahora en la que, como dir\u00eda el popular Joe R\u00edgoli con su personaje Felipito Tacat\u00fan, ser\u00e1 la \u201crefinitiva\u201d oportunidad para el vino de Tenerife. Promovida por el mencionado Enrique Alfonso (Bodega Altos de Trevejos) y cinco bodegueros, m\u00e1s ha nacido la nueva Asociaci\u00f3n de Bodegueros y Viticultores de Tenerife, que no s\u00e9 &#8230; <a class=\"read-more\" href=\"https:\/\/elcotarro.com\/?p=2646\">Read more<\/a><\/p>\n","protected":false},"author":2,"featured_media":0,"comment_status":"open","ping_status":"open","sticky":false,"template":"","format":"standard","meta":{"_jetpack_memberships_contains_paid_content":false,"footnotes":""},"categories":[1],"tags":[],"class_list":["post-2646","post","type-post","status-publish","format-standard","hentry","category-sin-categoria"],"yoast_head":"<!-- This site is optimized with the Yoast SEO plugin v27.0 - https:\/\/yoast.com\/product\/yoast-seo-wordpress\/ -->\n<title>\u201cREFINITIVA\u201d PARA EL VINO DE TENERIFE - El Cotarro<\/title>\n<meta name=\"robots\" content=\"index, follow, max-snippet:-1, max-image-preview:large, max-video-preview:-1\" \/>\n<link rel=\"canonical\" href=\"https:\/\/elcotarro.com\/?p=2646\" \/>\n<meta property=\"og:locale\" content=\"es_ES\" \/>\n<meta property=\"og:type\" content=\"article\" \/>\n<meta property=\"og:title\" content=\"\u201cREFINITIVA\u201d PARA EL VINO DE TENERIFE - El Cotarro\" \/>\n<meta property=\"og:description\" content=\"Sin duda estamos ahora en la que, como dir\u00eda el popular Joe R\u00edgoli con su personaje Felipito Tacat\u00fan, ser\u00e1 la \u201crefinitiva\u201d oportunidad para el vino de Tenerife. Promovida por el mencionado Enrique Alfonso (Bodega Altos de Trevejos) y cinco bodegueros, m\u00e1s ha nacido la nueva Asociaci\u00f3n de Bodegueros y Viticultores de Tenerife, que no s\u00e9 ... Read more\" \/>\n<meta property=\"og:url\" content=\"https:\/\/elcotarro.com\/?p=2646\" \/>\n<meta property=\"og:site_name\" content=\"El Cotarro\" \/>\n<meta property=\"article:publisher\" content=\"https:\/\/www.facebook.com\/ElCotarro.Tenerife\" \/>\n<meta property=\"article:published_time\" content=\"2016-04-24T10:02:35+00:00\" \/>\n<meta property=\"og:image\" content=\"https:\/\/elcotarro.com\/wp-content\/uploads\/2016\/04\/FOTO-4.-Directiva-de-ABOVITEN.jpg\" \/>\n<meta name=\"author\" content=\"Jos\u00e9 Carlos Marrero Gonz\u00e1lez\" \/>\n<meta name=\"twitter:label1\" content=\"Escrito por\" \/>\n\t<meta name=\"twitter:data1\" content=\"Jos\u00e9 Carlos Marrero Gonz\u00e1lez\" \/>\n\t<meta name=\"twitter:label2\" content=\"Tiempo de lectura\" \/>\n\t<meta name=\"twitter:data2\" content=\"1 minuto\" \/>\n<script type=\"application\/ld+json\" class=\"yoast-schema-graph\">{\"@context\":\"https:\/\/schema.org\",\"@graph\":[{\"@type\":\"Article\",\"@id\":\"https:\/\/elcotarro.com\/?p=2646#article\",\"isPartOf\":{\"@id\":\"https:\/\/elcotarro.com\/?p=2646\"},\"author\":{\"name\":\"Jos\u00e9 Carlos Marrero Gonz\u00e1lez\",\"@id\":\"https:\/\/elcotarro.com\/#\/schema\/person\/af537ee7d60d15984c7e0affcd8a918b\"},\"headline\":\"\u201cREFINITIVA\u201d PARA EL VINO DE TENERIFE\",\"datePublished\":\"2016-04-24T10:02:35+00:00\",\"mainEntityOfPage\":{\"@id\":\"https:\/\/elcotarro.com\/?p=2646\"},\"wordCount\":211,\"commentCount\":0,\"publisher\":{\"@id\":\"https:\/\/elcotarro.com\/#organization\"},\"image\":{\"@id\":\"https:\/\/elcotarro.com\/?p=2646#primaryimage\"},\"thumbnailUrl\":\"https:\/\/elcotarro.com\/wp-content\/uploads\/2016\/04\/FOTO-4.-Directiva-de-ABOVITEN.jpg\",\"inLanguage\":\"es\",\"potentialAction\":[{\"@type\":\"CommentAction\",\"name\":\"Comment\",\"target\":[\"https:\/\/elcotarro.com\/?p=2646#respond\"]}]},{\"@type\":\"WebPage\",\"@id\":\"https:\/\/elcotarro.com\/?p=2646\",\"url\":\"https:\/\/elcotarro.com\/?p=2646\",\"name\":\"\u201cREFINITIVA\u201d PARA EL VINO DE TENERIFE - El Cotarro\",\"isPartOf\":{\"@id\":\"https:\/\/elcotarro.com\/#website\"},\"primaryImageOfPage\":{\"@id\":\"https:\/\/elcotarro.com\/?p=2646#primaryimage\"},\"image\":{\"@id\":\"https:\/\/elcotarro.com\/?p=2646#primaryimage\"},\"thumbnailUrl\":\"https:\/\/elcotarro.com\/wp-content\/uploads\/2016\/04\/FOTO-4.-Directiva-de-ABOVITEN.jpg\",\"datePublished\":\"2016-04-24T10:02:35+00:00\",\"breadcrumb\":{\"@id\":\"https:\/\/elcotarro.com\/?p=2646#breadcrumb\"},\"inLanguage\":\"es\",\"potentialAction\":[{\"@type\":\"ReadAction\",\"target\":[\"https:\/\/elcotarro.com\/?p=2646\"]}]},{\"@type\":\"ImageObject\",\"inLanguage\":\"es\",\"@id\":\"https:\/\/elcotarro.com\/?p=2646#primaryimage\",\"url\":\"https:\/\/elcotarro.com\/wp-content\/uploads\/2016\/04\/FOTO-4.-Directiva-de-ABOVITEN.jpg\",\"contentUrl\":\"https:\/\/elcotarro.com\/wp-content\/uploads\/2016\/04\/FOTO-4.-Directiva-de-ABOVITEN.jpg\",\"width\":1623,\"height\":849},{\"@type\":\"BreadcrumbList\",\"@id\":\"https:\/\/elcotarro.com\/?p=2646#breadcrumb\",\"itemListElement\":[{\"@type\":\"ListItem\",\"position\":1,\"name\":\"Portada\",\"item\":\"https:\/\/elcotarro.com\/\"},{\"@type\":\"ListItem\",\"position\":2,\"name\":\"\u201cREFINITIVA\u201d PARA EL VINO DE TENERIFE\"}]},{\"@type\":\"WebSite\",\"@id\":\"https:\/\/elcotarro.com\/#website\",\"url\":\"https:\/\/elcotarro.com\/\",\"name\":\"El Cotarro\",\"description\":\"Peri\u00f3dico Digital Independiente dirigido por Jos\u00e9 Carlos Marrero\",\"publisher\":{\"@id\":\"https:\/\/elcotarro.com\/#organization\"},\"potentialAction\":[{\"@type\":\"SearchAction\",\"target\":{\"@type\":\"EntryPoint\",\"urlTemplate\":\"https:\/\/elcotarro.com\/?s={search_term_string}\"},\"query-input\":{\"@type\":\"PropertyValueSpecification\",\"valueRequired\":true,\"valueName\":\"search_term_string\"}}],\"inLanguage\":\"es\"},{\"@type\":\"Organization\",\"@id\":\"https:\/\/elcotarro.com\/#organization\",\"name\":\"El Cotarro\",\"url\":\"https:\/\/elcotarro.com\/\",\"logo\":{\"@type\":\"ImageObject\",\"inLanguage\":\"es\",\"@id\":\"https:\/\/elcotarro.com\/#\/schema\/logo\/image\/\",\"url\":\"https:\/\/elcotarro.com\/wp-content\/uploads\/2014\/09\/Cabecera_El_Cotarro_v2.jpg\",\"contentUrl\":\"https:\/\/elcotarro.com\/wp-content\/uploads\/2014\/09\/Cabecera_El_Cotarro_v2.jpg\",\"width\":3540,\"height\":441,\"caption\":\"El Cotarro\"},\"image\":{\"@id\":\"https:\/\/elcotarro.com\/#\/schema\/logo\/image\/\"},\"sameAs\":[\"https:\/\/www.facebook.com\/ElCotarro.Tenerife\"]},{\"@type\":\"Person\",\"@id\":\"https:\/\/elcotarro.com\/#\/schema\/person\/af537ee7d60d15984c7e0affcd8a918b\",\"name\":\"Jos\u00e9 Carlos Marrero Gonz\u00e1lez\",\"image\":{\"@type\":\"ImageObject\",\"inLanguage\":\"es\",\"@id\":\"https:\/\/elcotarro.com\/#\/schema\/person\/image\/\",\"url\":\"https:\/\/secure.gravatar.com\/avatar\/def4da036efb5d32c74d49c351f6dccc064dd69ad9f3aadc295c5a9a5391ca01?s=96&d=mm&r=g\",\"contentUrl\":\"https:\/\/secure.gravatar.com\/avatar\/def4da036efb5d32c74d49c351f6dccc064dd69ad9f3aadc295c5a9a5391ca01?s=96&d=mm&r=g\",\"caption\":\"Jos\u00e9 Carlos Marrero Gonz\u00e1lez\"},\"sameAs\":[\"https:\/\/elcotarro.com\"],\"url\":\"https:\/\/elcotarro.com\/?author=2\"}]}<\/script>\n<!-- \/ Yoast SEO plugin. -->","yoast_head_json":{"title":"\u201cREFINITIVA\u201d PARA EL VINO DE TENERIFE - El Cotarro","robots":{"index":"index","follow":"follow","max-snippet":"max-snippet:-1","max-image-preview":"max-image-preview:large","max-video-preview":"max-video-preview:-1"},"canonical":"https:\/\/elcotarro.com\/?p=2646","og_locale":"es_ES","og_type":"article","og_title":"\u201cREFINITIVA\u201d PARA EL VINO DE TENERIFE - El Cotarro","og_description":"Sin duda estamos ahora en la que, como dir\u00eda el popular Joe R\u00edgoli con su personaje Felipito Tacat\u00fan, ser\u00e1 la \u201crefinitiva\u201d oportunidad para el vino de Tenerife. Promovida por el mencionado Enrique Alfonso (Bodega Altos de Trevejos) y cinco bodegueros, m\u00e1s ha nacido la nueva Asociaci\u00f3n de Bodegueros y Viticultores de Tenerife, que no s\u00e9 ... Read more","og_url":"https:\/\/elcotarro.com\/?p=2646","og_site_name":"El Cotarro","article_publisher":"https:\/\/www.facebook.com\/ElCotarro.Tenerife","article_published_time":"2016-04-24T10:02:35+00:00","og_image":[{"url":"https:\/\/elcotarro.com\/wp-content\/uploads\/2016\/04\/FOTO-4.-Directiva-de-ABOVITEN.jpg","type":"","width":"","height":""}],"author":"Jos\u00e9 Carlos Marrero Gonz\u00e1lez","twitter_misc":{"Escrito por":"Jos\u00e9 Carlos Marrero Gonz\u00e1lez","Tiempo de lectura":"1 minuto"},"schema":{"@context":"https:\/\/schema.org","@graph":[{"@type":"Article","@id":"https:\/\/elcotarro.com\/?p=2646#article","isPartOf":{"@id":"https:\/\/elcotarro.com\/?p=2646"},"author":{"name":"Jos\u00e9 Carlos Marrero Gonz\u00e1lez","@id":"https:\/\/elcotarro.com\/#\/schema\/person\/af537ee7d60d15984c7e0affcd8a918b"},"headline":"\u201cREFINITIVA\u201d PARA EL VINO DE TENERIFE","datePublished":"2016-04-24T10:02:35+00:00","mainEntityOfPage":{"@id":"https:\/\/elcotarro.com\/?p=2646"},"wordCount":211,"commentCount":0,"publisher":{"@id":"https:\/\/elcotarro.com\/#organization"},"image":{"@id":"https:\/\/elcotarro.com\/?p=2646#primaryimage"},"thumbnailUrl":"https:\/\/elcotarro.com\/wp-content\/uploads\/2016\/04\/FOTO-4.-Directiva-de-ABOVITEN.jpg","inLanguage":"es","potentialAction":[{"@type":"CommentAction","name":"Comment","target":["https:\/\/elcotarro.com\/?p=2646#respond"]}]},{"@type":"WebPage","@id":"https:\/\/elcotarro.com\/?p=2646","url":"https:\/\/elcotarro.com\/?p=2646","name":"\u201cREFINITIVA\u201d PARA EL VINO DE TENERIFE - El Cotarro","isPartOf":{"@id":"https:\/\/elcotarro.com\/#website"},"primaryImageOfPage":{"@id":"https:\/\/elcotarro.com\/?p=2646#primaryimage"},"image":{"@id":"https:\/\/elcotarro.com\/?p=2646#primaryimage"},"thumbnailUrl":"https:\/\/elcotarro.com\/wp-content\/uploads\/2016\/04\/FOTO-4.-Directiva-de-ABOVITEN.jpg","datePublished":"2016-04-24T10:02:35+00:00","breadcrumb":{"@id":"https:\/\/elcotarro.com\/?p=2646#breadcrumb"},"inLanguage":"es","potentialAction":[{"@type":"ReadAction","target":["https:\/\/elcotarro.com\/?p=2646"]}]},{"@type":"ImageObject","inLanguage":"es","@id":"https:\/\/elcotarro.com\/?p=2646#primaryimage","url":"https:\/\/elcotarro.com\/wp-content\/uploads\/2016\/04\/FOTO-4.-Directiva-de-ABOVITEN.jpg","contentUrl":"https:\/\/elcotarro.com\/wp-content\/uploads\/2016\/04\/FOTO-4.-Directiva-de-ABOVITEN.jpg","width":1623,"height":849},{"@type":"BreadcrumbList","@id":"https:\/\/elcotarro.com\/?p=2646#breadcrumb","itemListElement":[{"@type":"ListItem","position":1,"name":"Portada","item":"https:\/\/elcotarro.com\/"},{"@type":"ListItem","position":2,"name":"\u201cREFINITIVA\u201d PARA EL VINO DE TENERIFE"}]},{"@type":"WebSite","@id":"https:\/\/elcotarro.com\/#website","url":"https:\/\/elcotarro.com\/","name":"El Cotarro","description":"Peri\u00f3dico Digital Independiente dirigido por Jos\u00e9 Carlos Marrero","publisher":{"@id":"https:\/\/elcotarro.com\/#organization"},"potentialAction":[{"@type":"SearchAction","target":{"@type":"EntryPoint","urlTemplate":"https:\/\/elcotarro.com\/?s={search_term_string}"},"query-input":{"@type":"PropertyValueSpecification","valueRequired":true,"valueName":"search_term_string"}}],"inLanguage":"es"},{"@type":"Organization","@id":"https:\/\/elcotarro.com\/#organization","name":"El Cotarro","url":"https:\/\/elcotarro.com\/","logo":{"@type":"ImageObject","inLanguage":"es","@id":"https:\/\/elcotarro.com\/#\/schema\/logo\/image\/","url":"https:\/\/elcotarro.com\/wp-content\/uploads\/2014\/09\/Cabecera_El_Cotarro_v2.jpg","contentUrl":"https:\/\/elcotarro.com\/wp-content\/uploads\/2014\/09\/Cabecera_El_Cotarro_v2.jpg","width":3540,"height":441,"caption":"El Cotarro"},"image":{"@id":"https:\/\/elcotarro.com\/#\/schema\/logo\/image\/"},"sameAs":["https:\/\/www.facebook.com\/ElCotarro.Tenerife"]},{"@type":"Person","@id":"https:\/\/elcotarro.com\/#\/schema\/person\/af537ee7d60d15984c7e0affcd8a918b","name":"Jos\u00e9 Carlos Marrero Gonz\u00e1lez","image":{"@type":"ImageObject","inLanguage":"es","@id":"https:\/\/elcotarro.com\/#\/schema\/person\/image\/","url":"https:\/\/secure.gravatar.com\/avatar\/def4da036efb5d32c74d49c351f6dccc064dd69ad9f3aadc295c5a9a5391ca01?s=96&d=mm&r=g","contentUrl":"https:\/\/secure.gravatar.com\/avatar\/def4da036efb5d32c74d49c351f6dccc064dd69ad9f3aadc295c5a9a5391ca01?s=96&d=mm&r=g","caption":"Jos\u00e9 Carlos Marrero Gonz\u00e1lez"},"sameAs":["https:\/\/elcotarro.com"],"url":"https:\/\/elcotarro.com\/?author=2"}]}},"jetpack_featured_media_url":"","jetpack_sharing_enabled":true,"_links":{"self":[{"href":"https:\/\/elcotarro.com\/index.php?rest_route=\/wp\/v2\/posts\/2646","targetHints":{"allow":["GET"]}}],"collection":[{"href":"https:\/\/elcotarro.com\/index.php?rest_route=\/wp\/v2\/posts"}],"about":[{"href":"https:\/\/elcotarro.com\/index.php?rest_route=\/wp\/v2\/types\/post"}],"author":[{"embeddable":true,"href":"https:\/\/elcotarro.com\/index.php?rest_route=\/wp\/v2\/users\/2"}],"replies":[{"embeddable":true,"href":"https:\/\/elcotarro.com\/index.php?rest_route=%2Fwp%2Fv2%2Fcomments&post=2646"}],"version-history":[{"count":1,"href":"https:\/\/elcotarro.com\/index.php?rest_route=\/wp\/v2\/posts\/2646\/revisions"}],"predecessor-version":[{"id":2648,"href":"https:\/\/elcotarro.com\/index.php?rest_route=\/wp\/v2\/posts\/2646\/revisions\/2648"}],"wp:attachment":[{"href":"https:\/\/elcotarro.com\/index.php?rest_route=%2Fwp%2Fv2%2Fmedia&parent=2646"}],"wp:term":[{"taxonomy":"category","embeddable":true,"href":"https:\/\/elcotarro.com\/index.php?rest_route=%2Fwp%2Fv2%2Fcategories&post=2646"},{"taxonomy":"post_tag","embeddable":true,"href":"https:\/\/elcotarro.com\/index.php?rest_route=%2Fwp%2Fv2%2Ftags&post=2646"}],"curies":[{"name":"wp","href":"https:\/\/api.w.org\/{rel}","templated":true}]}}