{"id":2676,"date":"2016-05-01T11:02:38","date_gmt":"2016-05-01T10:02:38","guid":{"rendered":"https:\/\/elcotarro.com\/?p=2676"},"modified":"2016-05-01T10:26:26","modified_gmt":"2016-05-01T09:26:26","slug":"canarios-en-el-circulo-polar-artico","status":"publish","type":"post","link":"https:\/\/elcotarro.com\/?p=2676","title":{"rendered":"CANARIOS EN EL C\u00cdRCULO POLAR \u00c1RTICO"},"content":{"rendered":"<p>Ahora <strong>C\u00e9sar Sar<\/strong> se vuelve a \u201cliar la manta a la cabeza\u201d para afrontar una nueva y apasionante experiencia de supervivencia, realizando una dura ruta de la que nos dar\u00e1 cuenta en su pr\u00f3xima producci\u00f3n audiovisual, que esperamos ver muy pronto. <strong>C\u00e9sar Sar<\/strong> ir\u00e1 acompa\u00f1ado por otros cuatro tinerfe\u00f1os, pero \u00e9l ser\u00e1 el encargado de inmortalizar en im\u00e1genes la estancia de cinco canarios en el \u00c1rtico. Me he enterado de que <strong>C\u00e9sar<\/strong> se va a llevar una muestra de siete productos agroalimentarios t\u00edpicos de Canarias, uno representativo de cada isla, para demostrar la calidad y beneficio de los mismos en condiciones extremas. Una apasionante, dura y fr\u00eda experiencia, que esperamos sea, al menos, m\u00e1s sabrosa y llevadera con nuestros productos gastron\u00f3micos, de los que hablaremos m\u00e1s adelante.<\/p>\n<p style=\"text-align: center\"><a href=\"https:\/\/elcotarro.com\/wp-content\/uploads\/2016\/05\/FOTO-4.-C\u00e9sar-Sar-en-bici.jpg\"><img loading=\"lazy\" decoding=\"async\" class=\"alignnone size-full wp-image-2677\" src=\"https:\/\/elcotarro.com\/wp-content\/uploads\/2016\/05\/FOTO-4.-C\u00e9sar-Sar-en-bici.jpg\" alt=\"FOTO 4.- C\u00e9sar Sar en bici\" width=\"646\" height=\"373\" srcset=\"https:\/\/elcotarro.com\/wp-content\/uploads\/2016\/05\/FOTO-4.-C\u00e9sar-Sar-en-bici.jpg 646w, https:\/\/elcotarro.com\/wp-content\/uploads\/2016\/05\/FOTO-4.-C\u00e9sar-Sar-en-bici-300x173.jpg 300w\" sizes=\"auto, (max-width: 646px) 100vw, 646px\" \/><\/a><\/p>\n<p style=\"text-align: center\"><em>El paisano periodista C\u00e9sar Sar\u2026 suponemos que dando la vuelta al mundo<\/em><\/p>\n","protected":false},"excerpt":{"rendered":"<p>Ahora C\u00e9sar Sar se vuelve a \u201cliar la manta a la cabeza\u201d para afrontar una nueva y apasionante experiencia de supervivencia, realizando una dura ruta de la que nos dar\u00e1 cuenta en su pr\u00f3xima producci\u00f3n audiovisual, que esperamos ver muy pronto. C\u00e9sar Sar ir\u00e1 acompa\u00f1ado por otros cuatro tinerfe\u00f1os, pero \u00e9l ser\u00e1 el encargado de &#8230; <a class=\"read-more\" href=\"https:\/\/elcotarro.com\/?p=2676\">Read more<\/a><\/p>\n","protected":false},"author":2,"featured_media":0,"comment_status":"open","ping_status":"open","sticky":false,"template":"","format":"standard","meta":{"_jetpack_memberships_contains_paid_content":false,"footnotes":""},"categories":[1],"tags":[],"class_list":["post-2676","post","type-post","status-publish","format-standard","hentry","category-sin-categoria"],"yoast_head":"<!-- This site is optimized with the Yoast SEO plugin v27.0 - https:\/\/yoast.com\/product\/yoast-seo-wordpress\/ -->\n<title>CANARIOS EN EL C\u00cdRCULO POLAR \u00c1RTICO - El Cotarro<\/title>\n<meta name=\"robots\" content=\"index, follow, max-snippet:-1, max-image-preview:large, max-video-preview:-1\" \/>\n<link rel=\"canonical\" href=\"https:\/\/elcotarro.com\/?p=2676\" \/>\n<meta property=\"og:locale\" content=\"es_ES\" \/>\n<meta property=\"og:type\" content=\"article\" \/>\n<meta property=\"og:title\" content=\"CANARIOS EN EL C\u00cdRCULO POLAR \u00c1RTICO - El Cotarro\" \/>\n<meta property=\"og:description\" content=\"Ahora C\u00e9sar Sar se vuelve a \u201cliar la manta a la cabeza\u201d para afrontar una nueva y apasionante experiencia de supervivencia, realizando una dura ruta de la que nos dar\u00e1 cuenta en su pr\u00f3xima producci\u00f3n audiovisual, que esperamos ver muy pronto. C\u00e9sar Sar ir\u00e1 acompa\u00f1ado por otros cuatro tinerfe\u00f1os, pero \u00e9l ser\u00e1 el encargado de ... Read more\" \/>\n<meta property=\"og:url\" content=\"https:\/\/elcotarro.com\/?p=2676\" \/>\n<meta property=\"og:site_name\" content=\"El Cotarro\" \/>\n<meta property=\"article:publisher\" content=\"https:\/\/www.facebook.com\/ElCotarro.Tenerife\" \/>\n<meta property=\"article:published_time\" content=\"2016-05-01T10:02:38+00:00\" \/>\n<meta name=\"author\" content=\"Jos\u00e9 Carlos Marrero Gonz\u00e1lez\" \/>\n<meta name=\"twitter:label1\" content=\"Escrito por\" \/>\n\t<meta name=\"twitter:data1\" content=\"Jos\u00e9 Carlos Marrero Gonz\u00e1lez\" \/>\n\t<meta name=\"twitter:label2\" content=\"Tiempo de lectura\" \/>\n\t<meta name=\"twitter:data2\" content=\"1 minuto\" \/>\n<script type=\"application\/ld+json\" class=\"yoast-schema-graph\">{\"@context\":\"https:\/\/schema.org\",\"@graph\":[{\"@type\":\"Article\",\"@id\":\"https:\/\/elcotarro.com\/?p=2676#article\",\"isPartOf\":{\"@id\":\"https:\/\/elcotarro.com\/?p=2676\"},\"author\":{\"name\":\"Jos\u00e9 Carlos Marrero Gonz\u00e1lez\",\"@id\":\"https:\/\/elcotarro.com\/#\/schema\/person\/af537ee7d60d15984c7e0affcd8a918b\"},\"headline\":\"CANARIOS EN EL C\u00cdRCULO POLAR \u00c1RTICO\",\"datePublished\":\"2016-05-01T10:02:38+00:00\",\"mainEntityOfPage\":{\"@id\":\"https:\/\/elcotarro.com\/?p=2676\"},\"wordCount\":160,\"commentCount\":0,\"publisher\":{\"@id\":\"https:\/\/elcotarro.com\/#organization\"},\"inLanguage\":\"es\",\"potentialAction\":[{\"@type\":\"CommentAction\",\"name\":\"Comment\",\"target\":[\"https:\/\/elcotarro.com\/?p=2676#respond\"]}]},{\"@type\":\"WebPage\",\"@id\":\"https:\/\/elcotarro.com\/?p=2676\",\"url\":\"https:\/\/elcotarro.com\/?p=2676\",\"name\":\"CANARIOS EN EL C\u00cdRCULO POLAR \u00c1RTICO - El Cotarro\",\"isPartOf\":{\"@id\":\"https:\/\/elcotarro.com\/#website\"},\"datePublished\":\"2016-05-01T10:02:38+00:00\",\"breadcrumb\":{\"@id\":\"https:\/\/elcotarro.com\/?p=2676#breadcrumb\"},\"inLanguage\":\"es\",\"potentialAction\":[{\"@type\":\"ReadAction\",\"target\":[\"https:\/\/elcotarro.com\/?p=2676\"]}]},{\"@type\":\"BreadcrumbList\",\"@id\":\"https:\/\/elcotarro.com\/?p=2676#breadcrumb\",\"itemListElement\":[{\"@type\":\"ListItem\",\"position\":1,\"name\":\"Portada\",\"item\":\"https:\/\/elcotarro.com\/\"},{\"@type\":\"ListItem\",\"position\":2,\"name\":\"CANARIOS EN EL C\u00cdRCULO POLAR \u00c1RTICO\"}]},{\"@type\":\"WebSite\",\"@id\":\"https:\/\/elcotarro.com\/#website\",\"url\":\"https:\/\/elcotarro.com\/\",\"name\":\"El Cotarro\",\"description\":\"Peri\u00f3dico Digital Independiente dirigido por Jos\u00e9 Carlos Marrero\",\"publisher\":{\"@id\":\"https:\/\/elcotarro.com\/#organization\"},\"potentialAction\":[{\"@type\":\"SearchAction\",\"target\":{\"@type\":\"EntryPoint\",\"urlTemplate\":\"https:\/\/elcotarro.com\/?s={search_term_string}\"},\"query-input\":{\"@type\":\"PropertyValueSpecification\",\"valueRequired\":true,\"valueName\":\"search_term_string\"}}],\"inLanguage\":\"es\"},{\"@type\":\"Organization\",\"@id\":\"https:\/\/elcotarro.com\/#organization\",\"name\":\"El Cotarro\",\"url\":\"https:\/\/elcotarro.com\/\",\"logo\":{\"@type\":\"ImageObject\",\"inLanguage\":\"es\",\"@id\":\"https:\/\/elcotarro.com\/#\/schema\/logo\/image\/\",\"url\":\"https:\/\/elcotarro.com\/wp-content\/uploads\/2014\/09\/Cabecera_El_Cotarro_v2.jpg\",\"contentUrl\":\"https:\/\/elcotarro.com\/wp-content\/uploads\/2014\/09\/Cabecera_El_Cotarro_v2.jpg\",\"width\":3540,\"height\":441,\"caption\":\"El Cotarro\"},\"image\":{\"@id\":\"https:\/\/elcotarro.com\/#\/schema\/logo\/image\/\"},\"sameAs\":[\"https:\/\/www.facebook.com\/ElCotarro.Tenerife\"]},{\"@type\":\"Person\",\"@id\":\"https:\/\/elcotarro.com\/#\/schema\/person\/af537ee7d60d15984c7e0affcd8a918b\",\"name\":\"Jos\u00e9 Carlos Marrero Gonz\u00e1lez\",\"image\":{\"@type\":\"ImageObject\",\"inLanguage\":\"es\",\"@id\":\"https:\/\/elcotarro.com\/#\/schema\/person\/image\/\",\"url\":\"https:\/\/secure.gravatar.com\/avatar\/def4da036efb5d32c74d49c351f6dccc064dd69ad9f3aadc295c5a9a5391ca01?s=96&d=mm&r=g\",\"contentUrl\":\"https:\/\/secure.gravatar.com\/avatar\/def4da036efb5d32c74d49c351f6dccc064dd69ad9f3aadc295c5a9a5391ca01?s=96&d=mm&r=g\",\"caption\":\"Jos\u00e9 Carlos Marrero Gonz\u00e1lez\"},\"sameAs\":[\"https:\/\/elcotarro.com\"],\"url\":\"https:\/\/elcotarro.com\/?author=2\"}]}<\/script>\n<!-- \/ Yoast SEO plugin. -->","yoast_head_json":{"title":"CANARIOS EN EL C\u00cdRCULO POLAR \u00c1RTICO - El Cotarro","robots":{"index":"index","follow":"follow","max-snippet":"max-snippet:-1","max-image-preview":"max-image-preview:large","max-video-preview":"max-video-preview:-1"},"canonical":"https:\/\/elcotarro.com\/?p=2676","og_locale":"es_ES","og_type":"article","og_title":"CANARIOS EN EL C\u00cdRCULO POLAR \u00c1RTICO - El Cotarro","og_description":"Ahora C\u00e9sar Sar se vuelve a \u201cliar la manta a la cabeza\u201d para afrontar una nueva y apasionante experiencia de supervivencia, realizando una dura ruta de la que nos dar\u00e1 cuenta en su pr\u00f3xima producci\u00f3n audiovisual, que esperamos ver muy pronto. C\u00e9sar Sar ir\u00e1 acompa\u00f1ado por otros cuatro tinerfe\u00f1os, pero \u00e9l ser\u00e1 el encargado de ... Read more","og_url":"https:\/\/elcotarro.com\/?p=2676","og_site_name":"El Cotarro","article_publisher":"https:\/\/www.facebook.com\/ElCotarro.Tenerife","article_published_time":"2016-05-01T10:02:38+00:00","author":"Jos\u00e9 Carlos Marrero Gonz\u00e1lez","twitter_misc":{"Escrito por":"Jos\u00e9 Carlos Marrero Gonz\u00e1lez","Tiempo de lectura":"1 minuto"},"schema":{"@context":"https:\/\/schema.org","@graph":[{"@type":"Article","@id":"https:\/\/elcotarro.com\/?p=2676#article","isPartOf":{"@id":"https:\/\/elcotarro.com\/?p=2676"},"author":{"name":"Jos\u00e9 Carlos Marrero Gonz\u00e1lez","@id":"https:\/\/elcotarro.com\/#\/schema\/person\/af537ee7d60d15984c7e0affcd8a918b"},"headline":"CANARIOS EN EL C\u00cdRCULO POLAR \u00c1RTICO","datePublished":"2016-05-01T10:02:38+00:00","mainEntityOfPage":{"@id":"https:\/\/elcotarro.com\/?p=2676"},"wordCount":160,"commentCount":0,"publisher":{"@id":"https:\/\/elcotarro.com\/#organization"},"inLanguage":"es","potentialAction":[{"@type":"CommentAction","name":"Comment","target":["https:\/\/elcotarro.com\/?p=2676#respond"]}]},{"@type":"WebPage","@id":"https:\/\/elcotarro.com\/?p=2676","url":"https:\/\/elcotarro.com\/?p=2676","name":"CANARIOS EN EL C\u00cdRCULO POLAR \u00c1RTICO - El Cotarro","isPartOf":{"@id":"https:\/\/elcotarro.com\/#website"},"datePublished":"2016-05-01T10:02:38+00:00","breadcrumb":{"@id":"https:\/\/elcotarro.com\/?p=2676#breadcrumb"},"inLanguage":"es","potentialAction":[{"@type":"ReadAction","target":["https:\/\/elcotarro.com\/?p=2676"]}]},{"@type":"BreadcrumbList","@id":"https:\/\/elcotarro.com\/?p=2676#breadcrumb","itemListElement":[{"@type":"ListItem","position":1,"name":"Portada","item":"https:\/\/elcotarro.com\/"},{"@type":"ListItem","position":2,"name":"CANARIOS EN EL C\u00cdRCULO POLAR \u00c1RTICO"}]},{"@type":"WebSite","@id":"https:\/\/elcotarro.com\/#website","url":"https:\/\/elcotarro.com\/","name":"El Cotarro","description":"Peri\u00f3dico Digital Independiente dirigido por Jos\u00e9 Carlos Marrero","publisher":{"@id":"https:\/\/elcotarro.com\/#organization"},"potentialAction":[{"@type":"SearchAction","target":{"@type":"EntryPoint","urlTemplate":"https:\/\/elcotarro.com\/?s={search_term_string}"},"query-input":{"@type":"PropertyValueSpecification","valueRequired":true,"valueName":"search_term_string"}}],"inLanguage":"es"},{"@type":"Organization","@id":"https:\/\/elcotarro.com\/#organization","name":"El Cotarro","url":"https:\/\/elcotarro.com\/","logo":{"@type":"ImageObject","inLanguage":"es","@id":"https:\/\/elcotarro.com\/#\/schema\/logo\/image\/","url":"https:\/\/elcotarro.com\/wp-content\/uploads\/2014\/09\/Cabecera_El_Cotarro_v2.jpg","contentUrl":"https:\/\/elcotarro.com\/wp-content\/uploads\/2014\/09\/Cabecera_El_Cotarro_v2.jpg","width":3540,"height":441,"caption":"El Cotarro"},"image":{"@id":"https:\/\/elcotarro.com\/#\/schema\/logo\/image\/"},"sameAs":["https:\/\/www.facebook.com\/ElCotarro.Tenerife"]},{"@type":"Person","@id":"https:\/\/elcotarro.com\/#\/schema\/person\/af537ee7d60d15984c7e0affcd8a918b","name":"Jos\u00e9 Carlos Marrero Gonz\u00e1lez","image":{"@type":"ImageObject","inLanguage":"es","@id":"https:\/\/elcotarro.com\/#\/schema\/person\/image\/","url":"https:\/\/secure.gravatar.com\/avatar\/def4da036efb5d32c74d49c351f6dccc064dd69ad9f3aadc295c5a9a5391ca01?s=96&d=mm&r=g","contentUrl":"https:\/\/secure.gravatar.com\/avatar\/def4da036efb5d32c74d49c351f6dccc064dd69ad9f3aadc295c5a9a5391ca01?s=96&d=mm&r=g","caption":"Jos\u00e9 Carlos Marrero Gonz\u00e1lez"},"sameAs":["https:\/\/elcotarro.com"],"url":"https:\/\/elcotarro.com\/?author=2"}]}},"jetpack_featured_media_url":"","jetpack_sharing_enabled":true,"_links":{"self":[{"href":"https:\/\/elcotarro.com\/index.php?rest_route=\/wp\/v2\/posts\/2676","targetHints":{"allow":["GET"]}}],"collection":[{"href":"https:\/\/elcotarro.com\/index.php?rest_route=\/wp\/v2\/posts"}],"about":[{"href":"https:\/\/elcotarro.com\/index.php?rest_route=\/wp\/v2\/types\/post"}],"author":[{"embeddable":true,"href":"https:\/\/elcotarro.com\/index.php?rest_route=\/wp\/v2\/users\/2"}],"replies":[{"embeddable":true,"href":"https:\/\/elcotarro.com\/index.php?rest_route=%2Fwp%2Fv2%2Fcomments&post=2676"}],"version-history":[{"count":1,"href":"https:\/\/elcotarro.com\/index.php?rest_route=\/wp\/v2\/posts\/2676\/revisions"}],"predecessor-version":[{"id":2678,"href":"https:\/\/elcotarro.com\/index.php?rest_route=\/wp\/v2\/posts\/2676\/revisions\/2678"}],"wp:attachment":[{"href":"https:\/\/elcotarro.com\/index.php?rest_route=%2Fwp%2Fv2%2Fmedia&parent=2676"}],"wp:term":[{"taxonomy":"category","embeddable":true,"href":"https:\/\/elcotarro.com\/index.php?rest_route=%2Fwp%2Fv2%2Fcategories&post=2676"},{"taxonomy":"post_tag","embeddable":true,"href":"https:\/\/elcotarro.com\/index.php?rest_route=%2Fwp%2Fv2%2Ftags&post=2676"}],"curies":[{"name":"wp","href":"https:\/\/api.w.org\/{rel}","templated":true}]}}