{"id":2703,"date":"2016-05-08T11:00:56","date_gmt":"2016-05-08T10:00:56","guid":{"rendered":"https:\/\/elcotarro.com\/?p=2703"},"modified":"2016-05-08T11:00:56","modified_gmt":"2016-05-08T10:00:56","slug":"campeonato-de-espana-en-puerto-de-la-cruz","status":"publish","type":"post","link":"https:\/\/elcotarro.com\/?p=2703","title":{"rendered":"CAMPEONATO DE ESPA\u00d1A EN PUERTO DE LA CRUZ"},"content":{"rendered":"<p>El propio <strong>Lope Afonso<\/strong> entreg\u00f3 el trofeo de ganador al palmero <strong>Jos\u00e9 Alexis Rodr\u00edguez Ortega<\/strong>, quien representar\u00e1 a Canarias en la gran final del Campeonato de Espa\u00f1a que se celebrar\u00e1 el pr\u00f3ximo mes de octubre en Barcelona. Pero el h\u00e1bil alcalde portuense, que se preocup\u00f3 de conocer a fondo lo que es un campeonato barista y la espectacularidad del mismo, no se cort\u00f3 un pelo y aprovech\u00f3 la oportunidad para ofrecer a <strong>Emiliano Arencibia<\/strong> la posibilidad de que Tenerife (el Puerto de la Cruz, claro est\u00e1) presente oficialmente su candidatura y sea la sede del Campeonato de Espa\u00f1a del a\u00f1o 2019. Ser\u00eda todo un puntazo para <strong>Lope Afonso<\/strong>, para el Puerto de la Cruz, y una muy buena manera de ayudar a potenciar y recuperar la maestr\u00eda y la fama en el servicio del caf\u00e9, que Tenerife y Canarias tuvieron a\u00f1os atr\u00e1s.<\/p>\n<p style=\"text-align: center\"><a href=\"https:\/\/elcotarro.com\/wp-content\/uploads\/2016\/05\/FOTO-6.-In\u00e9s-Arencibia-con-Emiliano-Arencibia.jpg\"><img loading=\"lazy\" decoding=\"async\" class=\"alignnone size-full wp-image-2704\" src=\"https:\/\/elcotarro.com\/wp-content\/uploads\/2016\/05\/FOTO-6.-In\u00e9s-Arencibia-con-Emiliano-Arencibia.jpg\" alt=\"FOTO 6.- In\u00e9s Arencibia con Emiliano Arencibia\" width=\"1280\" height=\"960\" srcset=\"https:\/\/elcotarro.com\/wp-content\/uploads\/2016\/05\/FOTO-6.-In\u00e9s-Arencibia-con-Emiliano-Arencibia.jpg 1280w, https:\/\/elcotarro.com\/wp-content\/uploads\/2016\/05\/FOTO-6.-In\u00e9s-Arencibia-con-Emiliano-Arencibia-300x225.jpg 300w, https:\/\/elcotarro.com\/wp-content\/uploads\/2016\/05\/FOTO-6.-In\u00e9s-Arencibia-con-Emiliano-Arencibia-1024x768.jpg 1024w\" sizes=\"auto, (max-width: 1280px) 100vw, 1280px\" \/><\/a><\/p>\n<p style=\"text-align: center\"><em>Emiliano Arencibia con su hija In\u00e9s, juez de Forum del Caf\u00e9 y una de las m\u00e1ximas expertas internacionales en la cata de caf\u00e9<\/em><\/p>\n","protected":false},"excerpt":{"rendered":"<p>El propio Lope Afonso entreg\u00f3 el trofeo de ganador al palmero Jos\u00e9 Alexis Rodr\u00edguez Ortega, quien representar\u00e1 a Canarias en la gran final del Campeonato de Espa\u00f1a que se celebrar\u00e1 el pr\u00f3ximo mes de octubre en Barcelona. Pero el h\u00e1bil alcalde portuense, que se preocup\u00f3 de conocer a fondo lo que es un campeonato barista &#8230; <a class=\"read-more\" href=\"https:\/\/elcotarro.com\/?p=2703\">Read more<\/a><\/p>\n","protected":false},"author":2,"featured_media":0,"comment_status":"open","ping_status":"open","sticky":false,"template":"","format":"standard","meta":{"_jetpack_memberships_contains_paid_content":false,"footnotes":""},"categories":[1],"tags":[],"class_list":["post-2703","post","type-post","status-publish","format-standard","hentry","category-sin-categoria"],"yoast_head":"<!-- This site is optimized with the Yoast SEO plugin v27.0 - https:\/\/yoast.com\/product\/yoast-seo-wordpress\/ -->\n<title>CAMPEONATO DE ESPA\u00d1A EN PUERTO DE LA CRUZ - El Cotarro<\/title>\n<meta name=\"robots\" content=\"index, follow, max-snippet:-1, max-image-preview:large, max-video-preview:-1\" \/>\n<link rel=\"canonical\" href=\"https:\/\/elcotarro.com\/?p=2703\" \/>\n<meta property=\"og:locale\" content=\"es_ES\" \/>\n<meta property=\"og:type\" content=\"article\" \/>\n<meta property=\"og:title\" content=\"CAMPEONATO DE ESPA\u00d1A EN PUERTO DE LA CRUZ - El Cotarro\" \/>\n<meta property=\"og:description\" content=\"El propio Lope Afonso entreg\u00f3 el trofeo de ganador al palmero Jos\u00e9 Alexis Rodr\u00edguez Ortega, quien representar\u00e1 a Canarias en la gran final del Campeonato de Espa\u00f1a que se celebrar\u00e1 el pr\u00f3ximo mes de octubre en Barcelona. Pero el h\u00e1bil alcalde portuense, que se preocup\u00f3 de conocer a fondo lo que es un campeonato barista ... Read more\" \/>\n<meta property=\"og:url\" content=\"https:\/\/elcotarro.com\/?p=2703\" \/>\n<meta property=\"og:site_name\" content=\"El Cotarro\" \/>\n<meta property=\"article:publisher\" content=\"https:\/\/www.facebook.com\/ElCotarro.Tenerife\" \/>\n<meta property=\"article:published_time\" content=\"2016-05-08T10:00:56+00:00\" \/>\n<meta name=\"author\" content=\"Jos\u00e9 Carlos Marrero Gonz\u00e1lez\" \/>\n<meta name=\"twitter:label1\" content=\"Escrito por\" \/>\n\t<meta name=\"twitter:data1\" content=\"Jos\u00e9 Carlos Marrero Gonz\u00e1lez\" \/>\n\t<meta name=\"twitter:label2\" content=\"Tiempo de lectura\" \/>\n\t<meta name=\"twitter:data2\" content=\"1 minuto\" \/>\n<script type=\"application\/ld+json\" class=\"yoast-schema-graph\">{\"@context\":\"https:\/\/schema.org\",\"@graph\":[{\"@type\":\"Article\",\"@id\":\"https:\/\/elcotarro.com\/?p=2703#article\",\"isPartOf\":{\"@id\":\"https:\/\/elcotarro.com\/?p=2703\"},\"author\":{\"name\":\"Jos\u00e9 Carlos Marrero Gonz\u00e1lez\",\"@id\":\"https:\/\/elcotarro.com\/#\/schema\/person\/af537ee7d60d15984c7e0affcd8a918b\"},\"headline\":\"CAMPEONATO DE ESPA\u00d1A EN PUERTO DE LA CRUZ\",\"datePublished\":\"2016-05-08T10:00:56+00:00\",\"mainEntityOfPage\":{\"@id\":\"https:\/\/elcotarro.com\/?p=2703\"},\"wordCount\":185,\"commentCount\":0,\"publisher\":{\"@id\":\"https:\/\/elcotarro.com\/#organization\"},\"inLanguage\":\"es\",\"potentialAction\":[{\"@type\":\"CommentAction\",\"name\":\"Comment\",\"target\":[\"https:\/\/elcotarro.com\/?p=2703#respond\"]}]},{\"@type\":\"WebPage\",\"@id\":\"https:\/\/elcotarro.com\/?p=2703\",\"url\":\"https:\/\/elcotarro.com\/?p=2703\",\"name\":\"CAMPEONATO DE ESPA\u00d1A EN PUERTO DE LA CRUZ - El Cotarro\",\"isPartOf\":{\"@id\":\"https:\/\/elcotarro.com\/#website\"},\"datePublished\":\"2016-05-08T10:00:56+00:00\",\"breadcrumb\":{\"@id\":\"https:\/\/elcotarro.com\/?p=2703#breadcrumb\"},\"inLanguage\":\"es\",\"potentialAction\":[{\"@type\":\"ReadAction\",\"target\":[\"https:\/\/elcotarro.com\/?p=2703\"]}]},{\"@type\":\"BreadcrumbList\",\"@id\":\"https:\/\/elcotarro.com\/?p=2703#breadcrumb\",\"itemListElement\":[{\"@type\":\"ListItem\",\"position\":1,\"name\":\"Portada\",\"item\":\"https:\/\/elcotarro.com\/\"},{\"@type\":\"ListItem\",\"position\":2,\"name\":\"CAMPEONATO DE ESPA\u00d1A EN PUERTO DE LA CRUZ\"}]},{\"@type\":\"WebSite\",\"@id\":\"https:\/\/elcotarro.com\/#website\",\"url\":\"https:\/\/elcotarro.com\/\",\"name\":\"El Cotarro\",\"description\":\"Peri\u00f3dico Digital Independiente dirigido por Jos\u00e9 Carlos Marrero\",\"publisher\":{\"@id\":\"https:\/\/elcotarro.com\/#organization\"},\"potentialAction\":[{\"@type\":\"SearchAction\",\"target\":{\"@type\":\"EntryPoint\",\"urlTemplate\":\"https:\/\/elcotarro.com\/?s={search_term_string}\"},\"query-input\":{\"@type\":\"PropertyValueSpecification\",\"valueRequired\":true,\"valueName\":\"search_term_string\"}}],\"inLanguage\":\"es\"},{\"@type\":\"Organization\",\"@id\":\"https:\/\/elcotarro.com\/#organization\",\"name\":\"El Cotarro\",\"url\":\"https:\/\/elcotarro.com\/\",\"logo\":{\"@type\":\"ImageObject\",\"inLanguage\":\"es\",\"@id\":\"https:\/\/elcotarro.com\/#\/schema\/logo\/image\/\",\"url\":\"https:\/\/elcotarro.com\/wp-content\/uploads\/2014\/09\/Cabecera_El_Cotarro_v2.jpg\",\"contentUrl\":\"https:\/\/elcotarro.com\/wp-content\/uploads\/2014\/09\/Cabecera_El_Cotarro_v2.jpg\",\"width\":3540,\"height\":441,\"caption\":\"El Cotarro\"},\"image\":{\"@id\":\"https:\/\/elcotarro.com\/#\/schema\/logo\/image\/\"},\"sameAs\":[\"https:\/\/www.facebook.com\/ElCotarro.Tenerife\"]},{\"@type\":\"Person\",\"@id\":\"https:\/\/elcotarro.com\/#\/schema\/person\/af537ee7d60d15984c7e0affcd8a918b\",\"name\":\"Jos\u00e9 Carlos Marrero Gonz\u00e1lez\",\"image\":{\"@type\":\"ImageObject\",\"inLanguage\":\"es\",\"@id\":\"https:\/\/elcotarro.com\/#\/schema\/person\/image\/\",\"url\":\"https:\/\/secure.gravatar.com\/avatar\/def4da036efb5d32c74d49c351f6dccc064dd69ad9f3aadc295c5a9a5391ca01?s=96&d=mm&r=g\",\"contentUrl\":\"https:\/\/secure.gravatar.com\/avatar\/def4da036efb5d32c74d49c351f6dccc064dd69ad9f3aadc295c5a9a5391ca01?s=96&d=mm&r=g\",\"caption\":\"Jos\u00e9 Carlos Marrero Gonz\u00e1lez\"},\"sameAs\":[\"https:\/\/elcotarro.com\"],\"url\":\"https:\/\/elcotarro.com\/?author=2\"}]}<\/script>\n<!-- \/ Yoast SEO plugin. -->","yoast_head_json":{"title":"CAMPEONATO DE ESPA\u00d1A EN PUERTO DE LA CRUZ - El Cotarro","robots":{"index":"index","follow":"follow","max-snippet":"max-snippet:-1","max-image-preview":"max-image-preview:large","max-video-preview":"max-video-preview:-1"},"canonical":"https:\/\/elcotarro.com\/?p=2703","og_locale":"es_ES","og_type":"article","og_title":"CAMPEONATO DE ESPA\u00d1A EN PUERTO DE LA CRUZ - El Cotarro","og_description":"El propio Lope Afonso entreg\u00f3 el trofeo de ganador al palmero Jos\u00e9 Alexis Rodr\u00edguez Ortega, quien representar\u00e1 a Canarias en la gran final del Campeonato de Espa\u00f1a que se celebrar\u00e1 el pr\u00f3ximo mes de octubre en Barcelona. Pero el h\u00e1bil alcalde portuense, que se preocup\u00f3 de conocer a fondo lo que es un campeonato barista ... Read more","og_url":"https:\/\/elcotarro.com\/?p=2703","og_site_name":"El Cotarro","article_publisher":"https:\/\/www.facebook.com\/ElCotarro.Tenerife","article_published_time":"2016-05-08T10:00:56+00:00","author":"Jos\u00e9 Carlos Marrero Gonz\u00e1lez","twitter_misc":{"Escrito por":"Jos\u00e9 Carlos Marrero Gonz\u00e1lez","Tiempo de lectura":"1 minuto"},"schema":{"@context":"https:\/\/schema.org","@graph":[{"@type":"Article","@id":"https:\/\/elcotarro.com\/?p=2703#article","isPartOf":{"@id":"https:\/\/elcotarro.com\/?p=2703"},"author":{"name":"Jos\u00e9 Carlos Marrero Gonz\u00e1lez","@id":"https:\/\/elcotarro.com\/#\/schema\/person\/af537ee7d60d15984c7e0affcd8a918b"},"headline":"CAMPEONATO DE ESPA\u00d1A EN PUERTO DE LA CRUZ","datePublished":"2016-05-08T10:00:56+00:00","mainEntityOfPage":{"@id":"https:\/\/elcotarro.com\/?p=2703"},"wordCount":185,"commentCount":0,"publisher":{"@id":"https:\/\/elcotarro.com\/#organization"},"inLanguage":"es","potentialAction":[{"@type":"CommentAction","name":"Comment","target":["https:\/\/elcotarro.com\/?p=2703#respond"]}]},{"@type":"WebPage","@id":"https:\/\/elcotarro.com\/?p=2703","url":"https:\/\/elcotarro.com\/?p=2703","name":"CAMPEONATO DE ESPA\u00d1A EN PUERTO DE LA CRUZ - El Cotarro","isPartOf":{"@id":"https:\/\/elcotarro.com\/#website"},"datePublished":"2016-05-08T10:00:56+00:00","breadcrumb":{"@id":"https:\/\/elcotarro.com\/?p=2703#breadcrumb"},"inLanguage":"es","potentialAction":[{"@type":"ReadAction","target":["https:\/\/elcotarro.com\/?p=2703"]}]},{"@type":"BreadcrumbList","@id":"https:\/\/elcotarro.com\/?p=2703#breadcrumb","itemListElement":[{"@type":"ListItem","position":1,"name":"Portada","item":"https:\/\/elcotarro.com\/"},{"@type":"ListItem","position":2,"name":"CAMPEONATO DE ESPA\u00d1A EN PUERTO DE LA CRUZ"}]},{"@type":"WebSite","@id":"https:\/\/elcotarro.com\/#website","url":"https:\/\/elcotarro.com\/","name":"El Cotarro","description":"Peri\u00f3dico Digital Independiente dirigido por Jos\u00e9 Carlos Marrero","publisher":{"@id":"https:\/\/elcotarro.com\/#organization"},"potentialAction":[{"@type":"SearchAction","target":{"@type":"EntryPoint","urlTemplate":"https:\/\/elcotarro.com\/?s={search_term_string}"},"query-input":{"@type":"PropertyValueSpecification","valueRequired":true,"valueName":"search_term_string"}}],"inLanguage":"es"},{"@type":"Organization","@id":"https:\/\/elcotarro.com\/#organization","name":"El Cotarro","url":"https:\/\/elcotarro.com\/","logo":{"@type":"ImageObject","inLanguage":"es","@id":"https:\/\/elcotarro.com\/#\/schema\/logo\/image\/","url":"https:\/\/elcotarro.com\/wp-content\/uploads\/2014\/09\/Cabecera_El_Cotarro_v2.jpg","contentUrl":"https:\/\/elcotarro.com\/wp-content\/uploads\/2014\/09\/Cabecera_El_Cotarro_v2.jpg","width":3540,"height":441,"caption":"El Cotarro"},"image":{"@id":"https:\/\/elcotarro.com\/#\/schema\/logo\/image\/"},"sameAs":["https:\/\/www.facebook.com\/ElCotarro.Tenerife"]},{"@type":"Person","@id":"https:\/\/elcotarro.com\/#\/schema\/person\/af537ee7d60d15984c7e0affcd8a918b","name":"Jos\u00e9 Carlos Marrero Gonz\u00e1lez","image":{"@type":"ImageObject","inLanguage":"es","@id":"https:\/\/elcotarro.com\/#\/schema\/person\/image\/","url":"https:\/\/secure.gravatar.com\/avatar\/def4da036efb5d32c74d49c351f6dccc064dd69ad9f3aadc295c5a9a5391ca01?s=96&d=mm&r=g","contentUrl":"https:\/\/secure.gravatar.com\/avatar\/def4da036efb5d32c74d49c351f6dccc064dd69ad9f3aadc295c5a9a5391ca01?s=96&d=mm&r=g","caption":"Jos\u00e9 Carlos Marrero Gonz\u00e1lez"},"sameAs":["https:\/\/elcotarro.com"],"url":"https:\/\/elcotarro.com\/?author=2"}]}},"jetpack_featured_media_url":"","jetpack_sharing_enabled":true,"_links":{"self":[{"href":"https:\/\/elcotarro.com\/index.php?rest_route=\/wp\/v2\/posts\/2703","targetHints":{"allow":["GET"]}}],"collection":[{"href":"https:\/\/elcotarro.com\/index.php?rest_route=\/wp\/v2\/posts"}],"about":[{"href":"https:\/\/elcotarro.com\/index.php?rest_route=\/wp\/v2\/types\/post"}],"author":[{"embeddable":true,"href":"https:\/\/elcotarro.com\/index.php?rest_route=\/wp\/v2\/users\/2"}],"replies":[{"embeddable":true,"href":"https:\/\/elcotarro.com\/index.php?rest_route=%2Fwp%2Fv2%2Fcomments&post=2703"}],"version-history":[{"count":1,"href":"https:\/\/elcotarro.com\/index.php?rest_route=\/wp\/v2\/posts\/2703\/revisions"}],"predecessor-version":[{"id":2705,"href":"https:\/\/elcotarro.com\/index.php?rest_route=\/wp\/v2\/posts\/2703\/revisions\/2705"}],"wp:attachment":[{"href":"https:\/\/elcotarro.com\/index.php?rest_route=%2Fwp%2Fv2%2Fmedia&parent=2703"}],"wp:term":[{"taxonomy":"category","embeddable":true,"href":"https:\/\/elcotarro.com\/index.php?rest_route=%2Fwp%2Fv2%2Fcategories&post=2703"},{"taxonomy":"post_tag","embeddable":true,"href":"https:\/\/elcotarro.com\/index.php?rest_route=%2Fwp%2Fv2%2Ftags&post=2703"}],"curies":[{"name":"wp","href":"https:\/\/api.w.org\/{rel}","templated":true}]}}