{"id":2712,"date":"2016-05-08T11:03:57","date_gmt":"2016-05-08T10:03:57","guid":{"rendered":"https:\/\/elcotarro.com\/?p=2712"},"modified":"2016-05-08T11:03:57","modified_gmt":"2016-05-08T10:03:57","slug":"y-carlos-alonso-al-senado-por-tenerife","status":"publish","type":"post","link":"https:\/\/elcotarro.com\/?p=2712","title":{"rendered":"Y CARLOS ALONSO AL SENADO POR TENERIFE"},"content":{"rendered":"<p>Cambiando de c\u00e1mara, puedo decirles que tambi\u00e9n va a renovarse la cabeza de lista al Senado por Coalici\u00f3n Canaria en la isla de Tenerife. La renuncia a encabezar esa lista por parte del alcalde de La Orotava, <strong>Francisco Linares<\/strong>, por motivos personales, ha hecho que las miradas se hayan ido a la persona y figura del presidente del Cabildo de Tenerife, <strong>Carlos Enrique Alonso Rodr\u00edguez<\/strong>, que tambi\u00e9n podr\u00eda compatibilizar su actual cargo con un esca\u00f1o en el Senado. En las pasada elecciones el bueno de <strong>Paco Linares<\/strong> se qued\u00f3 con la alcald\u00eda, pero sin el esca\u00f1o en el Senado. Ahora, de confirmarse el rumor, <strong>Carlos Alonso<\/strong> tendr\u00e1 que trabajar duro para arrancar los votos necesarios para conseguir ese tan importante como dif\u00edcil esca\u00f1o. Cierto es que, para culminar un buen mont\u00f3n de obras y proyectos para la isla de Tenerife, la presencia de <strong>Carlos Alonso<\/strong> en el Senado ser\u00eda un puntazo.<\/p>\n<p style=\"text-align: center\"><a href=\"https:\/\/elcotarro.com\/wp-content\/uploads\/2016\/05\/FOTO-3.-Carlos-Alonso.jpg\"><img loading=\"lazy\" decoding=\"async\" class=\"alignnone size-full wp-image-2713\" src=\"https:\/\/elcotarro.com\/wp-content\/uploads\/2016\/05\/FOTO-3.-Carlos-Alonso.jpg\" alt=\"FOTO 3.- Carlos Alonso\" width=\"3456\" height=\"2304\" srcset=\"https:\/\/elcotarro.com\/wp-content\/uploads\/2016\/05\/FOTO-3.-Carlos-Alonso.jpg 3456w, https:\/\/elcotarro.com\/wp-content\/uploads\/2016\/05\/FOTO-3.-Carlos-Alonso-300x200.jpg 300w, https:\/\/elcotarro.com\/wp-content\/uploads\/2016\/05\/FOTO-3.-Carlos-Alonso-1024x683.jpg 1024w\" sizes=\"auto, (max-width: 3456px) 100vw, 3456px\" \/><\/a><\/p>\n<p style=\"text-align: center\"><em>Carlos Alonso simultanear\u00eda la presidencia del Cabildo con el esca\u00f1o en el Senado por Tenerife<\/em><\/p>\n","protected":false},"excerpt":{"rendered":"<p>Cambiando de c\u00e1mara, puedo decirles que tambi\u00e9n va a renovarse la cabeza de lista al Senado por Coalici\u00f3n Canaria en la isla de Tenerife. La renuncia a encabezar esa lista por parte del alcalde de La Orotava, Francisco Linares, por motivos personales, ha hecho que las miradas se hayan ido a la persona y figura &#8230; <a class=\"read-more\" href=\"https:\/\/elcotarro.com\/?p=2712\">Read more<\/a><\/p>\n","protected":false},"author":2,"featured_media":0,"comment_status":"open","ping_status":"open","sticky":false,"template":"","format":"standard","meta":{"_jetpack_memberships_contains_paid_content":false,"footnotes":""},"categories":[1],"tags":[],"class_list":["post-2712","post","type-post","status-publish","format-standard","hentry","category-sin-categoria"],"yoast_head":"<!-- This site is optimized with the Yoast SEO plugin v27.0 - https:\/\/yoast.com\/product\/yoast-seo-wordpress\/ -->\n<title>Y CARLOS ALONSO AL SENADO POR TENERIFE - El Cotarro<\/title>\n<meta name=\"robots\" content=\"index, follow, max-snippet:-1, max-image-preview:large, max-video-preview:-1\" \/>\n<link rel=\"canonical\" href=\"https:\/\/elcotarro.com\/?p=2712\" \/>\n<meta property=\"og:locale\" content=\"es_ES\" \/>\n<meta property=\"og:type\" content=\"article\" \/>\n<meta property=\"og:title\" content=\"Y CARLOS ALONSO AL SENADO POR TENERIFE - El Cotarro\" \/>\n<meta property=\"og:description\" content=\"Cambiando de c\u00e1mara, puedo decirles que tambi\u00e9n va a renovarse la cabeza de lista al Senado por Coalici\u00f3n Canaria en la isla de Tenerife. La renuncia a encabezar esa lista por parte del alcalde de La Orotava, Francisco Linares, por motivos personales, ha hecho que las miradas se hayan ido a la persona y figura ... Read more\" \/>\n<meta property=\"og:url\" content=\"https:\/\/elcotarro.com\/?p=2712\" \/>\n<meta property=\"og:site_name\" content=\"El Cotarro\" \/>\n<meta property=\"article:publisher\" content=\"https:\/\/www.facebook.com\/ElCotarro.Tenerife\" \/>\n<meta property=\"article:published_time\" content=\"2016-05-08T10:03:57+00:00\" \/>\n<meta property=\"og:image\" content=\"https:\/\/elcotarro.com\/wp-content\/uploads\/2016\/05\/FOTO-3.-Carlos-Alonso.jpg\" \/>\n<meta name=\"author\" content=\"Jos\u00e9 Carlos Marrero Gonz\u00e1lez\" \/>\n<meta name=\"twitter:label1\" content=\"Escrito por\" \/>\n\t<meta name=\"twitter:data1\" content=\"Jos\u00e9 Carlos Marrero Gonz\u00e1lez\" \/>\n\t<meta name=\"twitter:label2\" content=\"Tiempo de lectura\" \/>\n\t<meta name=\"twitter:data2\" content=\"1 minuto\" \/>\n<script type=\"application\/ld+json\" class=\"yoast-schema-graph\">{\"@context\":\"https:\/\/schema.org\",\"@graph\":[{\"@type\":\"Article\",\"@id\":\"https:\/\/elcotarro.com\/?p=2712#article\",\"isPartOf\":{\"@id\":\"https:\/\/elcotarro.com\/?p=2712\"},\"author\":{\"name\":\"Jos\u00e9 Carlos Marrero Gonz\u00e1lez\",\"@id\":\"https:\/\/elcotarro.com\/#\/schema\/person\/af537ee7d60d15984c7e0affcd8a918b\"},\"headline\":\"Y CARLOS ALONSO AL SENADO POR TENERIFE\",\"datePublished\":\"2016-05-08T10:03:57+00:00\",\"mainEntityOfPage\":{\"@id\":\"https:\/\/elcotarro.com\/?p=2712\"},\"wordCount\":188,\"commentCount\":0,\"publisher\":{\"@id\":\"https:\/\/elcotarro.com\/#organization\"},\"image\":{\"@id\":\"https:\/\/elcotarro.com\/?p=2712#primaryimage\"},\"thumbnailUrl\":\"https:\/\/elcotarro.com\/wp-content\/uploads\/2016\/05\/FOTO-3.-Carlos-Alonso.jpg\",\"inLanguage\":\"es\",\"potentialAction\":[{\"@type\":\"CommentAction\",\"name\":\"Comment\",\"target\":[\"https:\/\/elcotarro.com\/?p=2712#respond\"]}]},{\"@type\":\"WebPage\",\"@id\":\"https:\/\/elcotarro.com\/?p=2712\",\"url\":\"https:\/\/elcotarro.com\/?p=2712\",\"name\":\"Y CARLOS ALONSO AL SENADO POR TENERIFE - El Cotarro\",\"isPartOf\":{\"@id\":\"https:\/\/elcotarro.com\/#website\"},\"primaryImageOfPage\":{\"@id\":\"https:\/\/elcotarro.com\/?p=2712#primaryimage\"},\"image\":{\"@id\":\"https:\/\/elcotarro.com\/?p=2712#primaryimage\"},\"thumbnailUrl\":\"https:\/\/elcotarro.com\/wp-content\/uploads\/2016\/05\/FOTO-3.-Carlos-Alonso.jpg\",\"datePublished\":\"2016-05-08T10:03:57+00:00\",\"breadcrumb\":{\"@id\":\"https:\/\/elcotarro.com\/?p=2712#breadcrumb\"},\"inLanguage\":\"es\",\"potentialAction\":[{\"@type\":\"ReadAction\",\"target\":[\"https:\/\/elcotarro.com\/?p=2712\"]}]},{\"@type\":\"ImageObject\",\"inLanguage\":\"es\",\"@id\":\"https:\/\/elcotarro.com\/?p=2712#primaryimage\",\"url\":\"https:\/\/elcotarro.com\/wp-content\/uploads\/2016\/05\/FOTO-3.-Carlos-Alonso.jpg\",\"contentUrl\":\"https:\/\/elcotarro.com\/wp-content\/uploads\/2016\/05\/FOTO-3.-Carlos-Alonso.jpg\",\"width\":3456,\"height\":2304},{\"@type\":\"BreadcrumbList\",\"@id\":\"https:\/\/elcotarro.com\/?p=2712#breadcrumb\",\"itemListElement\":[{\"@type\":\"ListItem\",\"position\":1,\"name\":\"Portada\",\"item\":\"https:\/\/elcotarro.com\/\"},{\"@type\":\"ListItem\",\"position\":2,\"name\":\"Y CARLOS ALONSO AL SENADO POR TENERIFE\"}]},{\"@type\":\"WebSite\",\"@id\":\"https:\/\/elcotarro.com\/#website\",\"url\":\"https:\/\/elcotarro.com\/\",\"name\":\"El Cotarro\",\"description\":\"Peri\u00f3dico Digital Independiente dirigido por Jos\u00e9 Carlos Marrero\",\"publisher\":{\"@id\":\"https:\/\/elcotarro.com\/#organization\"},\"potentialAction\":[{\"@type\":\"SearchAction\",\"target\":{\"@type\":\"EntryPoint\",\"urlTemplate\":\"https:\/\/elcotarro.com\/?s={search_term_string}\"},\"query-input\":{\"@type\":\"PropertyValueSpecification\",\"valueRequired\":true,\"valueName\":\"search_term_string\"}}],\"inLanguage\":\"es\"},{\"@type\":\"Organization\",\"@id\":\"https:\/\/elcotarro.com\/#organization\",\"name\":\"El Cotarro\",\"url\":\"https:\/\/elcotarro.com\/\",\"logo\":{\"@type\":\"ImageObject\",\"inLanguage\":\"es\",\"@id\":\"https:\/\/elcotarro.com\/#\/schema\/logo\/image\/\",\"url\":\"https:\/\/elcotarro.com\/wp-content\/uploads\/2014\/09\/Cabecera_El_Cotarro_v2.jpg\",\"contentUrl\":\"https:\/\/elcotarro.com\/wp-content\/uploads\/2014\/09\/Cabecera_El_Cotarro_v2.jpg\",\"width\":3540,\"height\":441,\"caption\":\"El Cotarro\"},\"image\":{\"@id\":\"https:\/\/elcotarro.com\/#\/schema\/logo\/image\/\"},\"sameAs\":[\"https:\/\/www.facebook.com\/ElCotarro.Tenerife\"]},{\"@type\":\"Person\",\"@id\":\"https:\/\/elcotarro.com\/#\/schema\/person\/af537ee7d60d15984c7e0affcd8a918b\",\"name\":\"Jos\u00e9 Carlos Marrero Gonz\u00e1lez\",\"image\":{\"@type\":\"ImageObject\",\"inLanguage\":\"es\",\"@id\":\"https:\/\/elcotarro.com\/#\/schema\/person\/image\/\",\"url\":\"https:\/\/secure.gravatar.com\/avatar\/def4da036efb5d32c74d49c351f6dccc064dd69ad9f3aadc295c5a9a5391ca01?s=96&d=mm&r=g\",\"contentUrl\":\"https:\/\/secure.gravatar.com\/avatar\/def4da036efb5d32c74d49c351f6dccc064dd69ad9f3aadc295c5a9a5391ca01?s=96&d=mm&r=g\",\"caption\":\"Jos\u00e9 Carlos Marrero Gonz\u00e1lez\"},\"sameAs\":[\"https:\/\/elcotarro.com\"],\"url\":\"https:\/\/elcotarro.com\/?author=2\"}]}<\/script>\n<!-- \/ Yoast SEO plugin. -->","yoast_head_json":{"title":"Y CARLOS ALONSO AL SENADO POR TENERIFE - El Cotarro","robots":{"index":"index","follow":"follow","max-snippet":"max-snippet:-1","max-image-preview":"max-image-preview:large","max-video-preview":"max-video-preview:-1"},"canonical":"https:\/\/elcotarro.com\/?p=2712","og_locale":"es_ES","og_type":"article","og_title":"Y CARLOS ALONSO AL SENADO POR TENERIFE - El Cotarro","og_description":"Cambiando de c\u00e1mara, puedo decirles que tambi\u00e9n va a renovarse la cabeza de lista al Senado por Coalici\u00f3n Canaria en la isla de Tenerife. La renuncia a encabezar esa lista por parte del alcalde de La Orotava, Francisco Linares, por motivos personales, ha hecho que las miradas se hayan ido a la persona y figura ... Read more","og_url":"https:\/\/elcotarro.com\/?p=2712","og_site_name":"El Cotarro","article_publisher":"https:\/\/www.facebook.com\/ElCotarro.Tenerife","article_published_time":"2016-05-08T10:03:57+00:00","og_image":[{"url":"https:\/\/elcotarro.com\/wp-content\/uploads\/2016\/05\/FOTO-3.-Carlos-Alonso.jpg","type":"","width":"","height":""}],"author":"Jos\u00e9 Carlos Marrero Gonz\u00e1lez","twitter_misc":{"Escrito por":"Jos\u00e9 Carlos Marrero Gonz\u00e1lez","Tiempo de lectura":"1 minuto"},"schema":{"@context":"https:\/\/schema.org","@graph":[{"@type":"Article","@id":"https:\/\/elcotarro.com\/?p=2712#article","isPartOf":{"@id":"https:\/\/elcotarro.com\/?p=2712"},"author":{"name":"Jos\u00e9 Carlos Marrero Gonz\u00e1lez","@id":"https:\/\/elcotarro.com\/#\/schema\/person\/af537ee7d60d15984c7e0affcd8a918b"},"headline":"Y CARLOS ALONSO AL SENADO POR TENERIFE","datePublished":"2016-05-08T10:03:57+00:00","mainEntityOfPage":{"@id":"https:\/\/elcotarro.com\/?p=2712"},"wordCount":188,"commentCount":0,"publisher":{"@id":"https:\/\/elcotarro.com\/#organization"},"image":{"@id":"https:\/\/elcotarro.com\/?p=2712#primaryimage"},"thumbnailUrl":"https:\/\/elcotarro.com\/wp-content\/uploads\/2016\/05\/FOTO-3.-Carlos-Alonso.jpg","inLanguage":"es","potentialAction":[{"@type":"CommentAction","name":"Comment","target":["https:\/\/elcotarro.com\/?p=2712#respond"]}]},{"@type":"WebPage","@id":"https:\/\/elcotarro.com\/?p=2712","url":"https:\/\/elcotarro.com\/?p=2712","name":"Y CARLOS ALONSO AL SENADO POR TENERIFE - El Cotarro","isPartOf":{"@id":"https:\/\/elcotarro.com\/#website"},"primaryImageOfPage":{"@id":"https:\/\/elcotarro.com\/?p=2712#primaryimage"},"image":{"@id":"https:\/\/elcotarro.com\/?p=2712#primaryimage"},"thumbnailUrl":"https:\/\/elcotarro.com\/wp-content\/uploads\/2016\/05\/FOTO-3.-Carlos-Alonso.jpg","datePublished":"2016-05-08T10:03:57+00:00","breadcrumb":{"@id":"https:\/\/elcotarro.com\/?p=2712#breadcrumb"},"inLanguage":"es","potentialAction":[{"@type":"ReadAction","target":["https:\/\/elcotarro.com\/?p=2712"]}]},{"@type":"ImageObject","inLanguage":"es","@id":"https:\/\/elcotarro.com\/?p=2712#primaryimage","url":"https:\/\/elcotarro.com\/wp-content\/uploads\/2016\/05\/FOTO-3.-Carlos-Alonso.jpg","contentUrl":"https:\/\/elcotarro.com\/wp-content\/uploads\/2016\/05\/FOTO-3.-Carlos-Alonso.jpg","width":3456,"height":2304},{"@type":"BreadcrumbList","@id":"https:\/\/elcotarro.com\/?p=2712#breadcrumb","itemListElement":[{"@type":"ListItem","position":1,"name":"Portada","item":"https:\/\/elcotarro.com\/"},{"@type":"ListItem","position":2,"name":"Y CARLOS ALONSO AL SENADO POR TENERIFE"}]},{"@type":"WebSite","@id":"https:\/\/elcotarro.com\/#website","url":"https:\/\/elcotarro.com\/","name":"El Cotarro","description":"Peri\u00f3dico Digital Independiente dirigido por Jos\u00e9 Carlos Marrero","publisher":{"@id":"https:\/\/elcotarro.com\/#organization"},"potentialAction":[{"@type":"SearchAction","target":{"@type":"EntryPoint","urlTemplate":"https:\/\/elcotarro.com\/?s={search_term_string}"},"query-input":{"@type":"PropertyValueSpecification","valueRequired":true,"valueName":"search_term_string"}}],"inLanguage":"es"},{"@type":"Organization","@id":"https:\/\/elcotarro.com\/#organization","name":"El Cotarro","url":"https:\/\/elcotarro.com\/","logo":{"@type":"ImageObject","inLanguage":"es","@id":"https:\/\/elcotarro.com\/#\/schema\/logo\/image\/","url":"https:\/\/elcotarro.com\/wp-content\/uploads\/2014\/09\/Cabecera_El_Cotarro_v2.jpg","contentUrl":"https:\/\/elcotarro.com\/wp-content\/uploads\/2014\/09\/Cabecera_El_Cotarro_v2.jpg","width":3540,"height":441,"caption":"El Cotarro"},"image":{"@id":"https:\/\/elcotarro.com\/#\/schema\/logo\/image\/"},"sameAs":["https:\/\/www.facebook.com\/ElCotarro.Tenerife"]},{"@type":"Person","@id":"https:\/\/elcotarro.com\/#\/schema\/person\/af537ee7d60d15984c7e0affcd8a918b","name":"Jos\u00e9 Carlos Marrero Gonz\u00e1lez","image":{"@type":"ImageObject","inLanguage":"es","@id":"https:\/\/elcotarro.com\/#\/schema\/person\/image\/","url":"https:\/\/secure.gravatar.com\/avatar\/def4da036efb5d32c74d49c351f6dccc064dd69ad9f3aadc295c5a9a5391ca01?s=96&d=mm&r=g","contentUrl":"https:\/\/secure.gravatar.com\/avatar\/def4da036efb5d32c74d49c351f6dccc064dd69ad9f3aadc295c5a9a5391ca01?s=96&d=mm&r=g","caption":"Jos\u00e9 Carlos Marrero Gonz\u00e1lez"},"sameAs":["https:\/\/elcotarro.com"],"url":"https:\/\/elcotarro.com\/?author=2"}]}},"jetpack_featured_media_url":"","jetpack_sharing_enabled":true,"_links":{"self":[{"href":"https:\/\/elcotarro.com\/index.php?rest_route=\/wp\/v2\/posts\/2712","targetHints":{"allow":["GET"]}}],"collection":[{"href":"https:\/\/elcotarro.com\/index.php?rest_route=\/wp\/v2\/posts"}],"about":[{"href":"https:\/\/elcotarro.com\/index.php?rest_route=\/wp\/v2\/types\/post"}],"author":[{"embeddable":true,"href":"https:\/\/elcotarro.com\/index.php?rest_route=\/wp\/v2\/users\/2"}],"replies":[{"embeddable":true,"href":"https:\/\/elcotarro.com\/index.php?rest_route=%2Fwp%2Fv2%2Fcomments&post=2712"}],"version-history":[{"count":1,"href":"https:\/\/elcotarro.com\/index.php?rest_route=\/wp\/v2\/posts\/2712\/revisions"}],"predecessor-version":[{"id":2714,"href":"https:\/\/elcotarro.com\/index.php?rest_route=\/wp\/v2\/posts\/2712\/revisions\/2714"}],"wp:attachment":[{"href":"https:\/\/elcotarro.com\/index.php?rest_route=%2Fwp%2Fv2%2Fmedia&parent=2712"}],"wp:term":[{"taxonomy":"category","embeddable":true,"href":"https:\/\/elcotarro.com\/index.php?rest_route=%2Fwp%2Fv2%2Fcategories&post=2712"},{"taxonomy":"post_tag","embeddable":true,"href":"https:\/\/elcotarro.com\/index.php?rest_route=%2Fwp%2Fv2%2Ftags&post=2712"}],"curies":[{"name":"wp","href":"https:\/\/api.w.org\/{rel}","templated":true}]}}