{"id":273,"date":"2014-10-19T00:03:22","date_gmt":"2014-10-18T23:03:22","guid":{"rendered":"https:\/\/elcotarro.com\/?p=273"},"modified":"2014-10-18T20:52:14","modified_gmt":"2014-10-18T19:52:14","slug":"luchada-de-alonso-y-bermudez","status":"publish","type":"post","link":"https:\/\/elcotarro.com\/?p=273","title":{"rendered":"LUCHADA DE ALONSO Y BERM\u00daDEZ"},"content":{"rendered":"<p style=\"text-align: justify;\">\u2666\u00a0\u00a0 El cumplea\u00f1os de El Corte Ingl\u00e9s concluy\u00f3 con un c\u00f3ctel para una amplia representaci\u00f3n de la sociedad santacrucera y tinerfe\u00f1a, donde estuvo el viceconsejero de Turismo, <strong>Ricardo Fern\u00e1ndez de la Puente<\/strong> (el presidente <strong>Paulino Rivero<\/strong> se disculp\u00f3)\u2026 El alcalde <strong>Jos\u00e9 Manuel Berm\u00fadez<\/strong> tambi\u00e9n se disculp\u00f3 porque estaba ejerciendo de \u201ccura\u201d en el casorio del consejero del cabildo <strong>Crist\u00f3bal de la Rosa<\/strong> con nuestra colega periodista <strong>Irma Cervino <\/strong>(felicidades a los nuevos esposos)\u2026 En su lugar vimos a los concejales santacruceros <strong>Carmen Delia Alberto <\/strong>(acompa\u00f1ada por la diputada<strong> Flora Marrero)<\/strong> y <strong>D\u00e1maso Arteaga<\/strong>, as\u00ed como a la concejala y candidata del Partido Popular, <strong>Cristina Tav\u00edo Ascanio<\/strong>, quien confes\u00f3 estarse poniendo en forma v\u00eda gimnasio\u2026 Hemos sabido por otro lado que, por su parte, el alcalde chicharrero tambi\u00e9n se est\u00e1 poniendo en forma, pero v\u00eda lucha canaria\u2026 Tanto que hace unos d\u00edas, en un \u00abBe\u00f1esmer\u00bb (fiesta de la cosecha y las tradiciones de los abor\u00edgenes canarios) organizado en el Barrio de la Salud, no se cort\u00f3 un pelo en mandarse una agarrada de lucha canaria con el mism\u00edsimo Carlos Alonso, presidente del Cabildo tinerfe\u00f1o\u2026 Tengo entendido que la agarrada entre el puntal municipal <strong>Berm\u00fadez <em>\u201cPollo de Valleseco\u201d<\/em><\/strong> y el puntal insular <strong>Alonso<em> \u201cPollo de la Charca\u201d<\/em><\/strong> (de la Plaza de Espa\u00f1a) acab\u00f3 en empate\u2026 No se sabe si por pasividad en la brega&#8230; Pero la fotograf\u00eda de la agarrada, en primicia exclusiva, aqu\u00ed la tienen.<\/p>\n<p style=\"text-align: justify;\"><a href=\"https:\/\/elcotarro.com\/wp-content\/uploads\/2014\/10\/Luchada-de-Berm\u00fadez-contra-Alonso.jpg\"><img loading=\"lazy\" decoding=\"async\" class=\"aligncenter wp-image-274\" src=\"https:\/\/elcotarro.com\/wp-content\/uploads\/2014\/10\/Luchada-de-Berm\u00fadez-contra-Alonso.jpg\" alt=\"Luchada de Berm\u00fadez contra Alonso\" width=\"600\" height=\"400\" srcset=\"https:\/\/elcotarro.com\/wp-content\/uploads\/2014\/10\/Luchada-de-Berm\u00fadez-contra-Alonso.jpg 1280w, https:\/\/elcotarro.com\/wp-content\/uploads\/2014\/10\/Luchada-de-Berm\u00fadez-contra-Alonso-300x199.jpg 300w, https:\/\/elcotarro.com\/wp-content\/uploads\/2014\/10\/Luchada-de-Berm\u00fadez-contra-Alonso-1024x682.jpg 1024w\" sizes=\"auto, (max-width: 600px) 100vw, 600px\" \/><\/a><\/p>\n<p class=\"comentario\">Berm\u00fadez (en primer plano) en plena agarrada de lucha canaria con Carlos Alonso<\/p>\n","protected":false},"excerpt":{"rendered":"<p>\u2666\u00a0\u00a0 El cumplea\u00f1os de El Corte Ingl\u00e9s concluy\u00f3 con un c\u00f3ctel para una amplia representaci\u00f3n de la sociedad santacrucera y tinerfe\u00f1a, donde estuvo el viceconsejero de Turismo, Ricardo Fern\u00e1ndez de la Puente (el presidente Paulino Rivero se disculp\u00f3)\u2026 El alcalde Jos\u00e9 Manuel Berm\u00fadez tambi\u00e9n se disculp\u00f3 porque estaba ejerciendo de \u201ccura\u201d en el casorio del &#8230; <a class=\"read-more\" href=\"https:\/\/elcotarro.com\/?p=273\">Read more<\/a><\/p>\n","protected":false},"author":2,"featured_media":0,"comment_status":"open","ping_status":"open","sticky":false,"template":"","format":"standard","meta":{"_jetpack_memberships_contains_paid_content":false,"footnotes":""},"categories":[54],"tags":[122,120,124,123,121,48,100,119],"class_list":["post-273","post","type-post","status-publish","format-standard","hentry","category-personajes","tag-carmen-delia-alberto","tag-cristobal-de-la-rosa","tag-damaso-arteaga","tag-flora-marrero","tag-irma-cervino","tag-jose-manuel-bermudez","tag-paulino-rivero","tag-ricardo-fernandez-de-la-puente"],"yoast_head":"<!-- This site is optimized with the Yoast SEO plugin v27.0 - https:\/\/yoast.com\/product\/yoast-seo-wordpress\/ -->\n<title>LUCHADA DE ALONSO Y BERM\u00daDEZ - El Cotarro<\/title>\n<meta name=\"robots\" content=\"index, follow, max-snippet:-1, max-image-preview:large, max-video-preview:-1\" \/>\n<link rel=\"canonical\" href=\"https:\/\/elcotarro.com\/?p=273\" \/>\n<meta property=\"og:locale\" content=\"es_ES\" \/>\n<meta property=\"og:type\" content=\"article\" \/>\n<meta property=\"og:title\" content=\"LUCHADA DE ALONSO Y BERM\u00daDEZ - El Cotarro\" \/>\n<meta property=\"og:description\" content=\"\u2666\u00a0\u00a0 El cumplea\u00f1os de El Corte Ingl\u00e9s concluy\u00f3 con un c\u00f3ctel para una amplia representaci\u00f3n de la sociedad santacrucera y tinerfe\u00f1a, donde estuvo el viceconsejero de Turismo, Ricardo Fern\u00e1ndez de la Puente (el presidente Paulino Rivero se disculp\u00f3)\u2026 El alcalde Jos\u00e9 Manuel Berm\u00fadez tambi\u00e9n se disculp\u00f3 porque estaba ejerciendo de \u201ccura\u201d en el casorio del ... Read more\" \/>\n<meta property=\"og:url\" content=\"https:\/\/elcotarro.com\/?p=273\" \/>\n<meta property=\"og:site_name\" content=\"El Cotarro\" \/>\n<meta property=\"article:publisher\" content=\"https:\/\/www.facebook.com\/ElCotarro.Tenerife\" \/>\n<meta property=\"article:published_time\" content=\"2014-10-18T23:03:22+00:00\" \/>\n<meta name=\"author\" content=\"Jos\u00e9 Carlos Marrero Gonz\u00e1lez\" \/>\n<meta name=\"twitter:label1\" content=\"Escrito por\" \/>\n\t<meta name=\"twitter:data1\" content=\"Jos\u00e9 Carlos Marrero Gonz\u00e1lez\" \/>\n\t<meta name=\"twitter:label2\" content=\"Tiempo de lectura\" \/>\n\t<meta name=\"twitter:data2\" content=\"1 minuto\" \/>\n<script type=\"application\/ld+json\" class=\"yoast-schema-graph\">{\"@context\":\"https:\/\/schema.org\",\"@graph\":[{\"@type\":\"Article\",\"@id\":\"https:\/\/elcotarro.com\/?p=273#article\",\"isPartOf\":{\"@id\":\"https:\/\/elcotarro.com\/?p=273\"},\"author\":{\"name\":\"Jos\u00e9 Carlos Marrero Gonz\u00e1lez\",\"@id\":\"https:\/\/elcotarro.com\/#\/schema\/person\/af537ee7d60d15984c7e0affcd8a918b\"},\"headline\":\"LUCHADA DE ALONSO Y BERM\u00daDEZ\",\"datePublished\":\"2014-10-18T23:03:22+00:00\",\"mainEntityOfPage\":{\"@id\":\"https:\/\/elcotarro.com\/?p=273\"},\"wordCount\":276,\"commentCount\":0,\"publisher\":{\"@id\":\"https:\/\/elcotarro.com\/#organization\"},\"keywords\":[\"Carmen Delia Alberto\",\"Crist\u00f3bal de la Rosa\",\"D\u00e1maso Arteaga\",\"Flora Marrero\",\"Irma Cervino\",\"Jos\u00e9 Manuel Berm\u00fadez\",\"Paulino Rivero\",\"Ricardo Fern\u00e1ndez de la Puente\"],\"articleSection\":[\"Personajes\"],\"inLanguage\":\"es\",\"potentialAction\":[{\"@type\":\"CommentAction\",\"name\":\"Comment\",\"target\":[\"https:\/\/elcotarro.com\/?p=273#respond\"]}]},{\"@type\":\"WebPage\",\"@id\":\"https:\/\/elcotarro.com\/?p=273\",\"url\":\"https:\/\/elcotarro.com\/?p=273\",\"name\":\"LUCHADA DE ALONSO Y BERM\u00daDEZ - El Cotarro\",\"isPartOf\":{\"@id\":\"https:\/\/elcotarro.com\/#website\"},\"datePublished\":\"2014-10-18T23:03:22+00:00\",\"breadcrumb\":{\"@id\":\"https:\/\/elcotarro.com\/?p=273#breadcrumb\"},\"inLanguage\":\"es\",\"potentialAction\":[{\"@type\":\"ReadAction\",\"target\":[\"https:\/\/elcotarro.com\/?p=273\"]}]},{\"@type\":\"BreadcrumbList\",\"@id\":\"https:\/\/elcotarro.com\/?p=273#breadcrumb\",\"itemListElement\":[{\"@type\":\"ListItem\",\"position\":1,\"name\":\"Portada\",\"item\":\"https:\/\/elcotarro.com\/\"},{\"@type\":\"ListItem\",\"position\":2,\"name\":\"LUCHADA DE ALONSO Y BERM\u00daDEZ\"}]},{\"@type\":\"WebSite\",\"@id\":\"https:\/\/elcotarro.com\/#website\",\"url\":\"https:\/\/elcotarro.com\/\",\"name\":\"El Cotarro\",\"description\":\"Peri\u00f3dico Digital Independiente dirigido por Jos\u00e9 Carlos Marrero\",\"publisher\":{\"@id\":\"https:\/\/elcotarro.com\/#organization\"},\"potentialAction\":[{\"@type\":\"SearchAction\",\"target\":{\"@type\":\"EntryPoint\",\"urlTemplate\":\"https:\/\/elcotarro.com\/?s={search_term_string}\"},\"query-input\":{\"@type\":\"PropertyValueSpecification\",\"valueRequired\":true,\"valueName\":\"search_term_string\"}}],\"inLanguage\":\"es\"},{\"@type\":\"Organization\",\"@id\":\"https:\/\/elcotarro.com\/#organization\",\"name\":\"El Cotarro\",\"url\":\"https:\/\/elcotarro.com\/\",\"logo\":{\"@type\":\"ImageObject\",\"inLanguage\":\"es\",\"@id\":\"https:\/\/elcotarro.com\/#\/schema\/logo\/image\/\",\"url\":\"https:\/\/elcotarro.com\/wp-content\/uploads\/2014\/09\/Cabecera_El_Cotarro_v2.jpg\",\"contentUrl\":\"https:\/\/elcotarro.com\/wp-content\/uploads\/2014\/09\/Cabecera_El_Cotarro_v2.jpg\",\"width\":3540,\"height\":441,\"caption\":\"El Cotarro\"},\"image\":{\"@id\":\"https:\/\/elcotarro.com\/#\/schema\/logo\/image\/\"},\"sameAs\":[\"https:\/\/www.facebook.com\/ElCotarro.Tenerife\"]},{\"@type\":\"Person\",\"@id\":\"https:\/\/elcotarro.com\/#\/schema\/person\/af537ee7d60d15984c7e0affcd8a918b\",\"name\":\"Jos\u00e9 Carlos Marrero Gonz\u00e1lez\",\"image\":{\"@type\":\"ImageObject\",\"inLanguage\":\"es\",\"@id\":\"https:\/\/elcotarro.com\/#\/schema\/person\/image\/\",\"url\":\"https:\/\/secure.gravatar.com\/avatar\/def4da036efb5d32c74d49c351f6dccc064dd69ad9f3aadc295c5a9a5391ca01?s=96&d=mm&r=g\",\"contentUrl\":\"https:\/\/secure.gravatar.com\/avatar\/def4da036efb5d32c74d49c351f6dccc064dd69ad9f3aadc295c5a9a5391ca01?s=96&d=mm&r=g\",\"caption\":\"Jos\u00e9 Carlos Marrero Gonz\u00e1lez\"},\"sameAs\":[\"https:\/\/elcotarro.com\"],\"url\":\"https:\/\/elcotarro.com\/?author=2\"}]}<\/script>\n<!-- \/ Yoast SEO plugin. -->","yoast_head_json":{"title":"LUCHADA DE ALONSO Y BERM\u00daDEZ - El Cotarro","robots":{"index":"index","follow":"follow","max-snippet":"max-snippet:-1","max-image-preview":"max-image-preview:large","max-video-preview":"max-video-preview:-1"},"canonical":"https:\/\/elcotarro.com\/?p=273","og_locale":"es_ES","og_type":"article","og_title":"LUCHADA DE ALONSO Y BERM\u00daDEZ - El Cotarro","og_description":"\u2666\u00a0\u00a0 El cumplea\u00f1os de El Corte Ingl\u00e9s concluy\u00f3 con un c\u00f3ctel para una amplia representaci\u00f3n de la sociedad santacrucera y tinerfe\u00f1a, donde estuvo el viceconsejero de Turismo, Ricardo Fern\u00e1ndez de la Puente (el presidente Paulino Rivero se disculp\u00f3)\u2026 El alcalde Jos\u00e9 Manuel Berm\u00fadez tambi\u00e9n se disculp\u00f3 porque estaba ejerciendo de \u201ccura\u201d en el casorio del ... Read more","og_url":"https:\/\/elcotarro.com\/?p=273","og_site_name":"El Cotarro","article_publisher":"https:\/\/www.facebook.com\/ElCotarro.Tenerife","article_published_time":"2014-10-18T23:03:22+00:00","author":"Jos\u00e9 Carlos Marrero Gonz\u00e1lez","twitter_misc":{"Escrito por":"Jos\u00e9 Carlos Marrero Gonz\u00e1lez","Tiempo de lectura":"1 minuto"},"schema":{"@context":"https:\/\/schema.org","@graph":[{"@type":"Article","@id":"https:\/\/elcotarro.com\/?p=273#article","isPartOf":{"@id":"https:\/\/elcotarro.com\/?p=273"},"author":{"name":"Jos\u00e9 Carlos Marrero Gonz\u00e1lez","@id":"https:\/\/elcotarro.com\/#\/schema\/person\/af537ee7d60d15984c7e0affcd8a918b"},"headline":"LUCHADA DE ALONSO Y BERM\u00daDEZ","datePublished":"2014-10-18T23:03:22+00:00","mainEntityOfPage":{"@id":"https:\/\/elcotarro.com\/?p=273"},"wordCount":276,"commentCount":0,"publisher":{"@id":"https:\/\/elcotarro.com\/#organization"},"keywords":["Carmen Delia Alberto","Crist\u00f3bal de la Rosa","D\u00e1maso Arteaga","Flora Marrero","Irma Cervino","Jos\u00e9 Manuel Berm\u00fadez","Paulino Rivero","Ricardo Fern\u00e1ndez de la Puente"],"articleSection":["Personajes"],"inLanguage":"es","potentialAction":[{"@type":"CommentAction","name":"Comment","target":["https:\/\/elcotarro.com\/?p=273#respond"]}]},{"@type":"WebPage","@id":"https:\/\/elcotarro.com\/?p=273","url":"https:\/\/elcotarro.com\/?p=273","name":"LUCHADA DE ALONSO Y BERM\u00daDEZ - El Cotarro","isPartOf":{"@id":"https:\/\/elcotarro.com\/#website"},"datePublished":"2014-10-18T23:03:22+00:00","breadcrumb":{"@id":"https:\/\/elcotarro.com\/?p=273#breadcrumb"},"inLanguage":"es","potentialAction":[{"@type":"ReadAction","target":["https:\/\/elcotarro.com\/?p=273"]}]},{"@type":"BreadcrumbList","@id":"https:\/\/elcotarro.com\/?p=273#breadcrumb","itemListElement":[{"@type":"ListItem","position":1,"name":"Portada","item":"https:\/\/elcotarro.com\/"},{"@type":"ListItem","position":2,"name":"LUCHADA DE ALONSO Y BERM\u00daDEZ"}]},{"@type":"WebSite","@id":"https:\/\/elcotarro.com\/#website","url":"https:\/\/elcotarro.com\/","name":"El Cotarro","description":"Peri\u00f3dico Digital Independiente dirigido por Jos\u00e9 Carlos Marrero","publisher":{"@id":"https:\/\/elcotarro.com\/#organization"},"potentialAction":[{"@type":"SearchAction","target":{"@type":"EntryPoint","urlTemplate":"https:\/\/elcotarro.com\/?s={search_term_string}"},"query-input":{"@type":"PropertyValueSpecification","valueRequired":true,"valueName":"search_term_string"}}],"inLanguage":"es"},{"@type":"Organization","@id":"https:\/\/elcotarro.com\/#organization","name":"El Cotarro","url":"https:\/\/elcotarro.com\/","logo":{"@type":"ImageObject","inLanguage":"es","@id":"https:\/\/elcotarro.com\/#\/schema\/logo\/image\/","url":"https:\/\/elcotarro.com\/wp-content\/uploads\/2014\/09\/Cabecera_El_Cotarro_v2.jpg","contentUrl":"https:\/\/elcotarro.com\/wp-content\/uploads\/2014\/09\/Cabecera_El_Cotarro_v2.jpg","width":3540,"height":441,"caption":"El Cotarro"},"image":{"@id":"https:\/\/elcotarro.com\/#\/schema\/logo\/image\/"},"sameAs":["https:\/\/www.facebook.com\/ElCotarro.Tenerife"]},{"@type":"Person","@id":"https:\/\/elcotarro.com\/#\/schema\/person\/af537ee7d60d15984c7e0affcd8a918b","name":"Jos\u00e9 Carlos Marrero Gonz\u00e1lez","image":{"@type":"ImageObject","inLanguage":"es","@id":"https:\/\/elcotarro.com\/#\/schema\/person\/image\/","url":"https:\/\/secure.gravatar.com\/avatar\/def4da036efb5d32c74d49c351f6dccc064dd69ad9f3aadc295c5a9a5391ca01?s=96&d=mm&r=g","contentUrl":"https:\/\/secure.gravatar.com\/avatar\/def4da036efb5d32c74d49c351f6dccc064dd69ad9f3aadc295c5a9a5391ca01?s=96&d=mm&r=g","caption":"Jos\u00e9 Carlos Marrero Gonz\u00e1lez"},"sameAs":["https:\/\/elcotarro.com"],"url":"https:\/\/elcotarro.com\/?author=2"}]}},"jetpack_featured_media_url":"","jetpack_sharing_enabled":true,"_links":{"self":[{"href":"https:\/\/elcotarro.com\/index.php?rest_route=\/wp\/v2\/posts\/273","targetHints":{"allow":["GET"]}}],"collection":[{"href":"https:\/\/elcotarro.com\/index.php?rest_route=\/wp\/v2\/posts"}],"about":[{"href":"https:\/\/elcotarro.com\/index.php?rest_route=\/wp\/v2\/types\/post"}],"author":[{"embeddable":true,"href":"https:\/\/elcotarro.com\/index.php?rest_route=\/wp\/v2\/users\/2"}],"replies":[{"embeddable":true,"href":"https:\/\/elcotarro.com\/index.php?rest_route=%2Fwp%2Fv2%2Fcomments&post=273"}],"version-history":[{"count":1,"href":"https:\/\/elcotarro.com\/index.php?rest_route=\/wp\/v2\/posts\/273\/revisions"}],"predecessor-version":[{"id":275,"href":"https:\/\/elcotarro.com\/index.php?rest_route=\/wp\/v2\/posts\/273\/revisions\/275"}],"wp:attachment":[{"href":"https:\/\/elcotarro.com\/index.php?rest_route=%2Fwp%2Fv2%2Fmedia&parent=273"}],"wp:term":[{"taxonomy":"category","embeddable":true,"href":"https:\/\/elcotarro.com\/index.php?rest_route=%2Fwp%2Fv2%2Fcategories&post=273"},{"taxonomy":"post_tag","embeddable":true,"href":"https:\/\/elcotarro.com\/index.php?rest_route=%2Fwp%2Fv2%2Ftags&post=273"}],"curies":[{"name":"wp","href":"https:\/\/api.w.org\/{rel}","templated":true}]}}