{"id":2896,"date":"2016-06-26T11:05:10","date_gmt":"2016-06-26T10:05:10","guid":{"rendered":"https:\/\/elcotarro.com\/?p=2896"},"modified":"2016-06-25T10:34:54","modified_gmt":"2016-06-25T09:34:54","slug":"con-la-cuchara-que-coges-con-esa-comes","status":"publish","type":"post","link":"https:\/\/elcotarro.com\/?p=2896","title":{"rendered":"CON LA CUCHARA QUE COGES, CON ESA COMES"},"content":{"rendered":"<p>Ya sab\u00eda yo desde hace tiempo, como ustedes, que \u201ccon la cuchara que coges, con esa comes\u201d\u2026 Me lo dec\u00eda mi madre (que en paz descanse) como lo dec\u00edan siguen dici\u00e9ndolo muchas madres canarias. Los hijos y las hijas de la Gran Breta\u00f1a ya han cogido su cuchara, libre, voluntaria y responsablemente, y por lo que se ve, todos ellos con <strong>David Cameron<\/strong> a su lado, van a comer dentro de poco fuera de Europa. No s\u00e9 lo que pensar\u00e1 de todo esto la nonagenaria <strong>Elizabeth Alexandra Mary<\/strong>, o sea, Su Majestad la Reina <strong>Isabel II,<\/strong> y si al final para ellos ser\u00e1 bueno. El tiempo lo dir\u00e1 y tambi\u00e9n dir\u00e1 si ser\u00e1 bueno, mejor o peor para todos nosotros\u2026<\/p>\n<p style=\"text-align: center\"><a href=\"https:\/\/elcotarro.com\/wp-content\/uploads\/2016\/06\/FOTO-1.-Brexit.jpg\"><img loading=\"lazy\" decoding=\"async\" class=\"alignnone size-full wp-image-2897\" src=\"https:\/\/elcotarro.com\/wp-content\/uploads\/2016\/06\/FOTO-1.-Brexit.jpg\" alt=\"FOTO 1.- Brexit\" width=\"620\" height=\"264\" srcset=\"https:\/\/elcotarro.com\/wp-content\/uploads\/2016\/06\/FOTO-1.-Brexit.jpg 620w, https:\/\/elcotarro.com\/wp-content\/uploads\/2016\/06\/FOTO-1.-Brexit-300x128.jpg 300w\" sizes=\"auto, (max-width: 620px) 100vw, 620px\" \/><\/a><\/p>\n<p style=\"text-align: center\"><em>El tiempo tambi\u00e9n dir\u00e1 si el \u201cbrexit\u201d ser\u00e1 bueno, mejor o peor para todos nosotros\u2026<\/em><\/p>\n","protected":false},"excerpt":{"rendered":"<p>Ya sab\u00eda yo desde hace tiempo, como ustedes, que \u201ccon la cuchara que coges, con esa comes\u201d\u2026 Me lo dec\u00eda mi madre (que en paz descanse) como lo dec\u00edan siguen dici\u00e9ndolo muchas madres canarias. Los hijos y las hijas de la Gran Breta\u00f1a ya han cogido su cuchara, libre, voluntaria y responsablemente, y por lo &#8230; <a class=\"read-more\" href=\"https:\/\/elcotarro.com\/?p=2896\">Read more<\/a><\/p>\n","protected":false},"author":2,"featured_media":0,"comment_status":"open","ping_status":"open","sticky":false,"template":"","format":"standard","meta":{"_jetpack_memberships_contains_paid_content":false,"footnotes":""},"categories":[1],"tags":[],"class_list":["post-2896","post","type-post","status-publish","format-standard","hentry","category-sin-categoria"],"yoast_head":"<!-- This site is optimized with the Yoast SEO plugin v27.0 - https:\/\/yoast.com\/product\/yoast-seo-wordpress\/ -->\n<title>CON LA CUCHARA QUE COGES, CON ESA COMES - El Cotarro<\/title>\n<meta name=\"robots\" content=\"index, follow, max-snippet:-1, max-image-preview:large, max-video-preview:-1\" \/>\n<link rel=\"canonical\" href=\"https:\/\/elcotarro.com\/?p=2896\" \/>\n<meta property=\"og:locale\" content=\"es_ES\" \/>\n<meta property=\"og:type\" content=\"article\" \/>\n<meta property=\"og:title\" content=\"CON LA CUCHARA QUE COGES, CON ESA COMES - El Cotarro\" \/>\n<meta property=\"og:description\" content=\"Ya sab\u00eda yo desde hace tiempo, como ustedes, que \u201ccon la cuchara que coges, con esa comes\u201d\u2026 Me lo dec\u00eda mi madre (que en paz descanse) como lo dec\u00edan siguen dici\u00e9ndolo muchas madres canarias. Los hijos y las hijas de la Gran Breta\u00f1a ya han cogido su cuchara, libre, voluntaria y responsablemente, y por lo ... Read more\" \/>\n<meta property=\"og:url\" content=\"https:\/\/elcotarro.com\/?p=2896\" \/>\n<meta property=\"og:site_name\" content=\"El Cotarro\" \/>\n<meta property=\"article:publisher\" content=\"https:\/\/www.facebook.com\/ElCotarro.Tenerife\" \/>\n<meta property=\"article:published_time\" content=\"2016-06-26T10:05:10+00:00\" \/>\n<meta property=\"og:image\" content=\"https:\/\/elcotarro.com\/wp-content\/uploads\/2016\/06\/FOTO-1.-Brexit.jpg\" \/>\n<meta name=\"author\" content=\"Jos\u00e9 Carlos Marrero Gonz\u00e1lez\" \/>\n<meta name=\"twitter:label1\" content=\"Escrito por\" \/>\n\t<meta name=\"twitter:data1\" content=\"Jos\u00e9 Carlos Marrero Gonz\u00e1lez\" \/>\n\t<meta name=\"twitter:label2\" content=\"Tiempo de lectura\" \/>\n\t<meta name=\"twitter:data2\" content=\"1 minuto\" \/>\n<script type=\"application\/ld+json\" class=\"yoast-schema-graph\">{\"@context\":\"https:\/\/schema.org\",\"@graph\":[{\"@type\":\"Article\",\"@id\":\"https:\/\/elcotarro.com\/?p=2896#article\",\"isPartOf\":{\"@id\":\"https:\/\/elcotarro.com\/?p=2896\"},\"author\":{\"name\":\"Jos\u00e9 Carlos Marrero Gonz\u00e1lez\",\"@id\":\"https:\/\/elcotarro.com\/#\/schema\/person\/af537ee7d60d15984c7e0affcd8a918b\"},\"headline\":\"CON LA CUCHARA QUE COGES, CON ESA COMES\",\"datePublished\":\"2016-06-26T10:05:10+00:00\",\"mainEntityOfPage\":{\"@id\":\"https:\/\/elcotarro.com\/?p=2896\"},\"wordCount\":150,\"commentCount\":0,\"publisher\":{\"@id\":\"https:\/\/elcotarro.com\/#organization\"},\"image\":{\"@id\":\"https:\/\/elcotarro.com\/?p=2896#primaryimage\"},\"thumbnailUrl\":\"https:\/\/elcotarro.com\/wp-content\/uploads\/2016\/06\/FOTO-1.-Brexit.jpg\",\"inLanguage\":\"es\",\"potentialAction\":[{\"@type\":\"CommentAction\",\"name\":\"Comment\",\"target\":[\"https:\/\/elcotarro.com\/?p=2896#respond\"]}]},{\"@type\":\"WebPage\",\"@id\":\"https:\/\/elcotarro.com\/?p=2896\",\"url\":\"https:\/\/elcotarro.com\/?p=2896\",\"name\":\"CON LA CUCHARA QUE COGES, CON ESA COMES - El Cotarro\",\"isPartOf\":{\"@id\":\"https:\/\/elcotarro.com\/#website\"},\"primaryImageOfPage\":{\"@id\":\"https:\/\/elcotarro.com\/?p=2896#primaryimage\"},\"image\":{\"@id\":\"https:\/\/elcotarro.com\/?p=2896#primaryimage\"},\"thumbnailUrl\":\"https:\/\/elcotarro.com\/wp-content\/uploads\/2016\/06\/FOTO-1.-Brexit.jpg\",\"datePublished\":\"2016-06-26T10:05:10+00:00\",\"breadcrumb\":{\"@id\":\"https:\/\/elcotarro.com\/?p=2896#breadcrumb\"},\"inLanguage\":\"es\",\"potentialAction\":[{\"@type\":\"ReadAction\",\"target\":[\"https:\/\/elcotarro.com\/?p=2896\"]}]},{\"@type\":\"ImageObject\",\"inLanguage\":\"es\",\"@id\":\"https:\/\/elcotarro.com\/?p=2896#primaryimage\",\"url\":\"https:\/\/elcotarro.com\/wp-content\/uploads\/2016\/06\/FOTO-1.-Brexit.jpg\",\"contentUrl\":\"https:\/\/elcotarro.com\/wp-content\/uploads\/2016\/06\/FOTO-1.-Brexit.jpg\",\"width\":620,\"height\":264},{\"@type\":\"BreadcrumbList\",\"@id\":\"https:\/\/elcotarro.com\/?p=2896#breadcrumb\",\"itemListElement\":[{\"@type\":\"ListItem\",\"position\":1,\"name\":\"Portada\",\"item\":\"https:\/\/elcotarro.com\/\"},{\"@type\":\"ListItem\",\"position\":2,\"name\":\"CON LA CUCHARA QUE COGES, CON ESA COMES\"}]},{\"@type\":\"WebSite\",\"@id\":\"https:\/\/elcotarro.com\/#website\",\"url\":\"https:\/\/elcotarro.com\/\",\"name\":\"El Cotarro\",\"description\":\"Peri\u00f3dico Digital Independiente dirigido por Jos\u00e9 Carlos Marrero\",\"publisher\":{\"@id\":\"https:\/\/elcotarro.com\/#organization\"},\"potentialAction\":[{\"@type\":\"SearchAction\",\"target\":{\"@type\":\"EntryPoint\",\"urlTemplate\":\"https:\/\/elcotarro.com\/?s={search_term_string}\"},\"query-input\":{\"@type\":\"PropertyValueSpecification\",\"valueRequired\":true,\"valueName\":\"search_term_string\"}}],\"inLanguage\":\"es\"},{\"@type\":\"Organization\",\"@id\":\"https:\/\/elcotarro.com\/#organization\",\"name\":\"El Cotarro\",\"url\":\"https:\/\/elcotarro.com\/\",\"logo\":{\"@type\":\"ImageObject\",\"inLanguage\":\"es\",\"@id\":\"https:\/\/elcotarro.com\/#\/schema\/logo\/image\/\",\"url\":\"https:\/\/elcotarro.com\/wp-content\/uploads\/2014\/09\/Cabecera_El_Cotarro_v2.jpg\",\"contentUrl\":\"https:\/\/elcotarro.com\/wp-content\/uploads\/2014\/09\/Cabecera_El_Cotarro_v2.jpg\",\"width\":3540,\"height\":441,\"caption\":\"El Cotarro\"},\"image\":{\"@id\":\"https:\/\/elcotarro.com\/#\/schema\/logo\/image\/\"},\"sameAs\":[\"https:\/\/www.facebook.com\/ElCotarro.Tenerife\"]},{\"@type\":\"Person\",\"@id\":\"https:\/\/elcotarro.com\/#\/schema\/person\/af537ee7d60d15984c7e0affcd8a918b\",\"name\":\"Jos\u00e9 Carlos Marrero Gonz\u00e1lez\",\"image\":{\"@type\":\"ImageObject\",\"inLanguage\":\"es\",\"@id\":\"https:\/\/elcotarro.com\/#\/schema\/person\/image\/\",\"url\":\"https:\/\/secure.gravatar.com\/avatar\/def4da036efb5d32c74d49c351f6dccc064dd69ad9f3aadc295c5a9a5391ca01?s=96&d=mm&r=g\",\"contentUrl\":\"https:\/\/secure.gravatar.com\/avatar\/def4da036efb5d32c74d49c351f6dccc064dd69ad9f3aadc295c5a9a5391ca01?s=96&d=mm&r=g\",\"caption\":\"Jos\u00e9 Carlos Marrero Gonz\u00e1lez\"},\"sameAs\":[\"https:\/\/elcotarro.com\"],\"url\":\"https:\/\/elcotarro.com\/?author=2\"}]}<\/script>\n<!-- \/ Yoast SEO plugin. -->","yoast_head_json":{"title":"CON LA CUCHARA QUE COGES, CON ESA COMES - El Cotarro","robots":{"index":"index","follow":"follow","max-snippet":"max-snippet:-1","max-image-preview":"max-image-preview:large","max-video-preview":"max-video-preview:-1"},"canonical":"https:\/\/elcotarro.com\/?p=2896","og_locale":"es_ES","og_type":"article","og_title":"CON LA CUCHARA QUE COGES, CON ESA COMES - El Cotarro","og_description":"Ya sab\u00eda yo desde hace tiempo, como ustedes, que \u201ccon la cuchara que coges, con esa comes\u201d\u2026 Me lo dec\u00eda mi madre (que en paz descanse) como lo dec\u00edan siguen dici\u00e9ndolo muchas madres canarias. Los hijos y las hijas de la Gran Breta\u00f1a ya han cogido su cuchara, libre, voluntaria y responsablemente, y por lo ... Read more","og_url":"https:\/\/elcotarro.com\/?p=2896","og_site_name":"El Cotarro","article_publisher":"https:\/\/www.facebook.com\/ElCotarro.Tenerife","article_published_time":"2016-06-26T10:05:10+00:00","og_image":[{"url":"https:\/\/elcotarro.com\/wp-content\/uploads\/2016\/06\/FOTO-1.-Brexit.jpg","type":"","width":"","height":""}],"author":"Jos\u00e9 Carlos Marrero Gonz\u00e1lez","twitter_misc":{"Escrito por":"Jos\u00e9 Carlos Marrero Gonz\u00e1lez","Tiempo de lectura":"1 minuto"},"schema":{"@context":"https:\/\/schema.org","@graph":[{"@type":"Article","@id":"https:\/\/elcotarro.com\/?p=2896#article","isPartOf":{"@id":"https:\/\/elcotarro.com\/?p=2896"},"author":{"name":"Jos\u00e9 Carlos Marrero Gonz\u00e1lez","@id":"https:\/\/elcotarro.com\/#\/schema\/person\/af537ee7d60d15984c7e0affcd8a918b"},"headline":"CON LA CUCHARA QUE COGES, CON ESA COMES","datePublished":"2016-06-26T10:05:10+00:00","mainEntityOfPage":{"@id":"https:\/\/elcotarro.com\/?p=2896"},"wordCount":150,"commentCount":0,"publisher":{"@id":"https:\/\/elcotarro.com\/#organization"},"image":{"@id":"https:\/\/elcotarro.com\/?p=2896#primaryimage"},"thumbnailUrl":"https:\/\/elcotarro.com\/wp-content\/uploads\/2016\/06\/FOTO-1.-Brexit.jpg","inLanguage":"es","potentialAction":[{"@type":"CommentAction","name":"Comment","target":["https:\/\/elcotarro.com\/?p=2896#respond"]}]},{"@type":"WebPage","@id":"https:\/\/elcotarro.com\/?p=2896","url":"https:\/\/elcotarro.com\/?p=2896","name":"CON LA CUCHARA QUE COGES, CON ESA COMES - El Cotarro","isPartOf":{"@id":"https:\/\/elcotarro.com\/#website"},"primaryImageOfPage":{"@id":"https:\/\/elcotarro.com\/?p=2896#primaryimage"},"image":{"@id":"https:\/\/elcotarro.com\/?p=2896#primaryimage"},"thumbnailUrl":"https:\/\/elcotarro.com\/wp-content\/uploads\/2016\/06\/FOTO-1.-Brexit.jpg","datePublished":"2016-06-26T10:05:10+00:00","breadcrumb":{"@id":"https:\/\/elcotarro.com\/?p=2896#breadcrumb"},"inLanguage":"es","potentialAction":[{"@type":"ReadAction","target":["https:\/\/elcotarro.com\/?p=2896"]}]},{"@type":"ImageObject","inLanguage":"es","@id":"https:\/\/elcotarro.com\/?p=2896#primaryimage","url":"https:\/\/elcotarro.com\/wp-content\/uploads\/2016\/06\/FOTO-1.-Brexit.jpg","contentUrl":"https:\/\/elcotarro.com\/wp-content\/uploads\/2016\/06\/FOTO-1.-Brexit.jpg","width":620,"height":264},{"@type":"BreadcrumbList","@id":"https:\/\/elcotarro.com\/?p=2896#breadcrumb","itemListElement":[{"@type":"ListItem","position":1,"name":"Portada","item":"https:\/\/elcotarro.com\/"},{"@type":"ListItem","position":2,"name":"CON LA CUCHARA QUE COGES, CON ESA COMES"}]},{"@type":"WebSite","@id":"https:\/\/elcotarro.com\/#website","url":"https:\/\/elcotarro.com\/","name":"El Cotarro","description":"Peri\u00f3dico Digital Independiente dirigido por Jos\u00e9 Carlos Marrero","publisher":{"@id":"https:\/\/elcotarro.com\/#organization"},"potentialAction":[{"@type":"SearchAction","target":{"@type":"EntryPoint","urlTemplate":"https:\/\/elcotarro.com\/?s={search_term_string}"},"query-input":{"@type":"PropertyValueSpecification","valueRequired":true,"valueName":"search_term_string"}}],"inLanguage":"es"},{"@type":"Organization","@id":"https:\/\/elcotarro.com\/#organization","name":"El Cotarro","url":"https:\/\/elcotarro.com\/","logo":{"@type":"ImageObject","inLanguage":"es","@id":"https:\/\/elcotarro.com\/#\/schema\/logo\/image\/","url":"https:\/\/elcotarro.com\/wp-content\/uploads\/2014\/09\/Cabecera_El_Cotarro_v2.jpg","contentUrl":"https:\/\/elcotarro.com\/wp-content\/uploads\/2014\/09\/Cabecera_El_Cotarro_v2.jpg","width":3540,"height":441,"caption":"El Cotarro"},"image":{"@id":"https:\/\/elcotarro.com\/#\/schema\/logo\/image\/"},"sameAs":["https:\/\/www.facebook.com\/ElCotarro.Tenerife"]},{"@type":"Person","@id":"https:\/\/elcotarro.com\/#\/schema\/person\/af537ee7d60d15984c7e0affcd8a918b","name":"Jos\u00e9 Carlos Marrero Gonz\u00e1lez","image":{"@type":"ImageObject","inLanguage":"es","@id":"https:\/\/elcotarro.com\/#\/schema\/person\/image\/","url":"https:\/\/secure.gravatar.com\/avatar\/def4da036efb5d32c74d49c351f6dccc064dd69ad9f3aadc295c5a9a5391ca01?s=96&d=mm&r=g","contentUrl":"https:\/\/secure.gravatar.com\/avatar\/def4da036efb5d32c74d49c351f6dccc064dd69ad9f3aadc295c5a9a5391ca01?s=96&d=mm&r=g","caption":"Jos\u00e9 Carlos Marrero Gonz\u00e1lez"},"sameAs":["https:\/\/elcotarro.com"],"url":"https:\/\/elcotarro.com\/?author=2"}]}},"jetpack_featured_media_url":"","jetpack_sharing_enabled":true,"_links":{"self":[{"href":"https:\/\/elcotarro.com\/index.php?rest_route=\/wp\/v2\/posts\/2896","targetHints":{"allow":["GET"]}}],"collection":[{"href":"https:\/\/elcotarro.com\/index.php?rest_route=\/wp\/v2\/posts"}],"about":[{"href":"https:\/\/elcotarro.com\/index.php?rest_route=\/wp\/v2\/types\/post"}],"author":[{"embeddable":true,"href":"https:\/\/elcotarro.com\/index.php?rest_route=\/wp\/v2\/users\/2"}],"replies":[{"embeddable":true,"href":"https:\/\/elcotarro.com\/index.php?rest_route=%2Fwp%2Fv2%2Fcomments&post=2896"}],"version-history":[{"count":1,"href":"https:\/\/elcotarro.com\/index.php?rest_route=\/wp\/v2\/posts\/2896\/revisions"}],"predecessor-version":[{"id":2898,"href":"https:\/\/elcotarro.com\/index.php?rest_route=\/wp\/v2\/posts\/2896\/revisions\/2898"}],"wp:attachment":[{"href":"https:\/\/elcotarro.com\/index.php?rest_route=%2Fwp%2Fv2%2Fmedia&parent=2896"}],"wp:term":[{"taxonomy":"category","embeddable":true,"href":"https:\/\/elcotarro.com\/index.php?rest_route=%2Fwp%2Fv2%2Fcategories&post=2896"},{"taxonomy":"post_tag","embeddable":true,"href":"https:\/\/elcotarro.com\/index.php?rest_route=%2Fwp%2Fv2%2Ftags&post=2896"}],"curies":[{"name":"wp","href":"https:\/\/api.w.org\/{rel}","templated":true}]}}