{"id":2946,"date":"2016-07-03T11:00:36","date_gmt":"2016-07-03T10:00:36","guid":{"rendered":"https:\/\/elcotarro.com\/?p=2946"},"modified":"2016-07-03T10:36:34","modified_gmt":"2016-07-03T09:36:34","slug":"fernando-clavijo-y-el-cacao-de-la-corbata","status":"publish","type":"post","link":"https:\/\/elcotarro.com\/?p=2946","title":{"rendered":"FERNANDO CLAVIJO Y EL CACAO DE LA CORBATA"},"content":{"rendered":"<p>Est\u00e1 claro que Dios no llam\u00f3 al presidente del Gobierno de Canarias, <strong>Fernando Clavijo<\/strong>, por el camino de ponerse muchas corbatas. La moda y tendencia del \u201csin corbata, mejor\u201d se ha ido extendiendo y ya es pr\u00e1ctica habitual en <strong>Carlos Alonso<\/strong> (presidente del Cabildo de Tenerife), <strong>Jos\u00e9 Manuel Berm\u00fadez<\/strong> (alcalde de Santa Cruz de Tenerife) y <strong>Jos\u00e9 Alberto D\u00edaz<\/strong> (alcalde de La Laguna) entre otros. Pero resulta que el asunto parece que no est\u00e1 siendo balad\u00ed. En foros y tertulias de toda \u00edndole se est\u00e1 debatiendo cu\u00e1ndo, qui\u00e9n y en d\u00f3nde puede o debe ir con o sin la dichosa corbata, dependiendo y en virtud de la solemnidad, la temperatura o de a qui\u00e9n se vaya a visitar o qui\u00e9n te venga de visita. Total que, por protocolo, quien preside y \u201cmanda\u201d es la denominada \u201cprimera autoridad\u201d y en eso, aqu\u00ed en Canarias, <strong>Fernando Clavijo<\/strong> se lleva la palma. \u00a1Y el l\u00edo est\u00e1 servido!<\/p>\n<p style=\"text-align: center\"><a href=\"https:\/\/elcotarro.com\/wp-content\/uploads\/2016\/07\/FOTO-6.-Los-4-descorbatados.jpg\"><img loading=\"lazy\" decoding=\"async\" class=\"alignnone size-full wp-image-2947\" src=\"https:\/\/elcotarro.com\/wp-content\/uploads\/2016\/07\/FOTO-6.-Los-4-descorbatados.jpg\" alt=\"FOTO 6.- Los 4 descorbatados\" width=\"1280\" height=\"960\" srcset=\"https:\/\/elcotarro.com\/wp-content\/uploads\/2016\/07\/FOTO-6.-Los-4-descorbatados.jpg 1280w, https:\/\/elcotarro.com\/wp-content\/uploads\/2016\/07\/FOTO-6.-Los-4-descorbatados-300x225.jpg 300w, https:\/\/elcotarro.com\/wp-content\/uploads\/2016\/07\/FOTO-6.-Los-4-descorbatados-1024x768.jpg 1024w\" sizes=\"auto, (max-width: 1280px) 100vw, 1280px\" \/><\/a><\/p>\n<p style=\"text-align: center\"><em>Carlos Alonso, Jos\u00e9 Alberto D\u00edaz, Jos\u00e9 Manuel Berm\u00fadez y Fernando Clavijo, de izquierda a derecha. Los cuatro \u201cdescorbatados\u201d, como se puede apreciar.<\/em><\/p>\n","protected":false},"excerpt":{"rendered":"<p>Est\u00e1 claro que Dios no llam\u00f3 al presidente del Gobierno de Canarias, Fernando Clavijo, por el camino de ponerse muchas corbatas. La moda y tendencia del \u201csin corbata, mejor\u201d se ha ido extendiendo y ya es pr\u00e1ctica habitual en Carlos Alonso (presidente del Cabildo de Tenerife), Jos\u00e9 Manuel Berm\u00fadez (alcalde de Santa Cruz de Tenerife) &#8230; <a class=\"read-more\" href=\"https:\/\/elcotarro.com\/?p=2946\">Read more<\/a><\/p>\n","protected":false},"author":2,"featured_media":0,"comment_status":"open","ping_status":"open","sticky":false,"template":"","format":"standard","meta":{"_jetpack_memberships_contains_paid_content":false,"footnotes":""},"categories":[1],"tags":[],"class_list":["post-2946","post","type-post","status-publish","format-standard","hentry","category-sin-categoria"],"yoast_head":"<!-- This site is optimized with the Yoast SEO plugin v27.0 - https:\/\/yoast.com\/product\/yoast-seo-wordpress\/ -->\n<title>FERNANDO CLAVIJO Y EL CACAO DE LA CORBATA - El Cotarro<\/title>\n<meta name=\"robots\" content=\"index, follow, max-snippet:-1, max-image-preview:large, max-video-preview:-1\" \/>\n<link rel=\"canonical\" href=\"https:\/\/elcotarro.com\/?p=2946\" \/>\n<meta property=\"og:locale\" content=\"es_ES\" \/>\n<meta property=\"og:type\" content=\"article\" \/>\n<meta property=\"og:title\" content=\"FERNANDO CLAVIJO Y EL CACAO DE LA CORBATA - El Cotarro\" \/>\n<meta property=\"og:description\" content=\"Est\u00e1 claro que Dios no llam\u00f3 al presidente del Gobierno de Canarias, Fernando Clavijo, por el camino de ponerse muchas corbatas. La moda y tendencia del \u201csin corbata, mejor\u201d se ha ido extendiendo y ya es pr\u00e1ctica habitual en Carlos Alonso (presidente del Cabildo de Tenerife), Jos\u00e9 Manuel Berm\u00fadez (alcalde de Santa Cruz de Tenerife) ... Read more\" \/>\n<meta property=\"og:url\" content=\"https:\/\/elcotarro.com\/?p=2946\" \/>\n<meta property=\"og:site_name\" content=\"El Cotarro\" \/>\n<meta property=\"article:publisher\" content=\"https:\/\/www.facebook.com\/ElCotarro.Tenerife\" \/>\n<meta property=\"article:published_time\" content=\"2016-07-03T10:00:36+00:00\" \/>\n<meta property=\"og:image\" content=\"https:\/\/elcotarro.com\/wp-content\/uploads\/2016\/07\/FOTO-6.-Los-4-descorbatados.jpg\" \/>\n<meta name=\"author\" content=\"Jos\u00e9 Carlos Marrero Gonz\u00e1lez\" \/>\n<meta name=\"twitter:label1\" content=\"Escrito por\" \/>\n\t<meta name=\"twitter:data1\" content=\"Jos\u00e9 Carlos Marrero Gonz\u00e1lez\" \/>\n\t<meta name=\"twitter:label2\" content=\"Tiempo de lectura\" \/>\n\t<meta name=\"twitter:data2\" content=\"1 minuto\" \/>\n<script type=\"application\/ld+json\" class=\"yoast-schema-graph\">{\"@context\":\"https:\/\/schema.org\",\"@graph\":[{\"@type\":\"Article\",\"@id\":\"https:\/\/elcotarro.com\/?p=2946#article\",\"isPartOf\":{\"@id\":\"https:\/\/elcotarro.com\/?p=2946\"},\"author\":{\"name\":\"Jos\u00e9 Carlos Marrero Gonz\u00e1lez\",\"@id\":\"https:\/\/elcotarro.com\/#\/schema\/person\/af537ee7d60d15984c7e0affcd8a918b\"},\"headline\":\"FERNANDO CLAVIJO Y EL CACAO DE LA CORBATA\",\"datePublished\":\"2016-07-03T10:00:36+00:00\",\"mainEntityOfPage\":{\"@id\":\"https:\/\/elcotarro.com\/?p=2946\"},\"wordCount\":195,\"commentCount\":0,\"publisher\":{\"@id\":\"https:\/\/elcotarro.com\/#organization\"},\"image\":{\"@id\":\"https:\/\/elcotarro.com\/?p=2946#primaryimage\"},\"thumbnailUrl\":\"https:\/\/elcotarro.com\/wp-content\/uploads\/2016\/07\/FOTO-6.-Los-4-descorbatados.jpg\",\"inLanguage\":\"es\",\"potentialAction\":[{\"@type\":\"CommentAction\",\"name\":\"Comment\",\"target\":[\"https:\/\/elcotarro.com\/?p=2946#respond\"]}]},{\"@type\":\"WebPage\",\"@id\":\"https:\/\/elcotarro.com\/?p=2946\",\"url\":\"https:\/\/elcotarro.com\/?p=2946\",\"name\":\"FERNANDO CLAVIJO Y EL CACAO DE LA CORBATA - El Cotarro\",\"isPartOf\":{\"@id\":\"https:\/\/elcotarro.com\/#website\"},\"primaryImageOfPage\":{\"@id\":\"https:\/\/elcotarro.com\/?p=2946#primaryimage\"},\"image\":{\"@id\":\"https:\/\/elcotarro.com\/?p=2946#primaryimage\"},\"thumbnailUrl\":\"https:\/\/elcotarro.com\/wp-content\/uploads\/2016\/07\/FOTO-6.-Los-4-descorbatados.jpg\",\"datePublished\":\"2016-07-03T10:00:36+00:00\",\"breadcrumb\":{\"@id\":\"https:\/\/elcotarro.com\/?p=2946#breadcrumb\"},\"inLanguage\":\"es\",\"potentialAction\":[{\"@type\":\"ReadAction\",\"target\":[\"https:\/\/elcotarro.com\/?p=2946\"]}]},{\"@type\":\"ImageObject\",\"inLanguage\":\"es\",\"@id\":\"https:\/\/elcotarro.com\/?p=2946#primaryimage\",\"url\":\"https:\/\/elcotarro.com\/wp-content\/uploads\/2016\/07\/FOTO-6.-Los-4-descorbatados.jpg\",\"contentUrl\":\"https:\/\/elcotarro.com\/wp-content\/uploads\/2016\/07\/FOTO-6.-Los-4-descorbatados.jpg\",\"width\":1280,\"height\":960},{\"@type\":\"BreadcrumbList\",\"@id\":\"https:\/\/elcotarro.com\/?p=2946#breadcrumb\",\"itemListElement\":[{\"@type\":\"ListItem\",\"position\":1,\"name\":\"Portada\",\"item\":\"https:\/\/elcotarro.com\/\"},{\"@type\":\"ListItem\",\"position\":2,\"name\":\"FERNANDO CLAVIJO Y EL CACAO DE LA CORBATA\"}]},{\"@type\":\"WebSite\",\"@id\":\"https:\/\/elcotarro.com\/#website\",\"url\":\"https:\/\/elcotarro.com\/\",\"name\":\"El Cotarro\",\"description\":\"Peri\u00f3dico Digital Independiente dirigido por Jos\u00e9 Carlos Marrero\",\"publisher\":{\"@id\":\"https:\/\/elcotarro.com\/#organization\"},\"potentialAction\":[{\"@type\":\"SearchAction\",\"target\":{\"@type\":\"EntryPoint\",\"urlTemplate\":\"https:\/\/elcotarro.com\/?s={search_term_string}\"},\"query-input\":{\"@type\":\"PropertyValueSpecification\",\"valueRequired\":true,\"valueName\":\"search_term_string\"}}],\"inLanguage\":\"es\"},{\"@type\":\"Organization\",\"@id\":\"https:\/\/elcotarro.com\/#organization\",\"name\":\"El Cotarro\",\"url\":\"https:\/\/elcotarro.com\/\",\"logo\":{\"@type\":\"ImageObject\",\"inLanguage\":\"es\",\"@id\":\"https:\/\/elcotarro.com\/#\/schema\/logo\/image\/\",\"url\":\"https:\/\/elcotarro.com\/wp-content\/uploads\/2014\/09\/Cabecera_El_Cotarro_v2.jpg\",\"contentUrl\":\"https:\/\/elcotarro.com\/wp-content\/uploads\/2014\/09\/Cabecera_El_Cotarro_v2.jpg\",\"width\":3540,\"height\":441,\"caption\":\"El Cotarro\"},\"image\":{\"@id\":\"https:\/\/elcotarro.com\/#\/schema\/logo\/image\/\"},\"sameAs\":[\"https:\/\/www.facebook.com\/ElCotarro.Tenerife\"]},{\"@type\":\"Person\",\"@id\":\"https:\/\/elcotarro.com\/#\/schema\/person\/af537ee7d60d15984c7e0affcd8a918b\",\"name\":\"Jos\u00e9 Carlos Marrero Gonz\u00e1lez\",\"image\":{\"@type\":\"ImageObject\",\"inLanguage\":\"es\",\"@id\":\"https:\/\/elcotarro.com\/#\/schema\/person\/image\/\",\"url\":\"https:\/\/secure.gravatar.com\/avatar\/def4da036efb5d32c74d49c351f6dccc064dd69ad9f3aadc295c5a9a5391ca01?s=96&d=mm&r=g\",\"contentUrl\":\"https:\/\/secure.gravatar.com\/avatar\/def4da036efb5d32c74d49c351f6dccc064dd69ad9f3aadc295c5a9a5391ca01?s=96&d=mm&r=g\",\"caption\":\"Jos\u00e9 Carlos Marrero Gonz\u00e1lez\"},\"sameAs\":[\"https:\/\/elcotarro.com\"],\"url\":\"https:\/\/elcotarro.com\/?author=2\"}]}<\/script>\n<!-- \/ Yoast SEO plugin. -->","yoast_head_json":{"title":"FERNANDO CLAVIJO Y EL CACAO DE LA CORBATA - El Cotarro","robots":{"index":"index","follow":"follow","max-snippet":"max-snippet:-1","max-image-preview":"max-image-preview:large","max-video-preview":"max-video-preview:-1"},"canonical":"https:\/\/elcotarro.com\/?p=2946","og_locale":"es_ES","og_type":"article","og_title":"FERNANDO CLAVIJO Y EL CACAO DE LA CORBATA - El Cotarro","og_description":"Est\u00e1 claro que Dios no llam\u00f3 al presidente del Gobierno de Canarias, Fernando Clavijo, por el camino de ponerse muchas corbatas. La moda y tendencia del \u201csin corbata, mejor\u201d se ha ido extendiendo y ya es pr\u00e1ctica habitual en Carlos Alonso (presidente del Cabildo de Tenerife), Jos\u00e9 Manuel Berm\u00fadez (alcalde de Santa Cruz de Tenerife) ... Read more","og_url":"https:\/\/elcotarro.com\/?p=2946","og_site_name":"El Cotarro","article_publisher":"https:\/\/www.facebook.com\/ElCotarro.Tenerife","article_published_time":"2016-07-03T10:00:36+00:00","og_image":[{"url":"https:\/\/elcotarro.com\/wp-content\/uploads\/2016\/07\/FOTO-6.-Los-4-descorbatados.jpg","type":"","width":"","height":""}],"author":"Jos\u00e9 Carlos Marrero Gonz\u00e1lez","twitter_misc":{"Escrito por":"Jos\u00e9 Carlos Marrero Gonz\u00e1lez","Tiempo de lectura":"1 minuto"},"schema":{"@context":"https:\/\/schema.org","@graph":[{"@type":"Article","@id":"https:\/\/elcotarro.com\/?p=2946#article","isPartOf":{"@id":"https:\/\/elcotarro.com\/?p=2946"},"author":{"name":"Jos\u00e9 Carlos Marrero Gonz\u00e1lez","@id":"https:\/\/elcotarro.com\/#\/schema\/person\/af537ee7d60d15984c7e0affcd8a918b"},"headline":"FERNANDO CLAVIJO Y EL CACAO DE LA CORBATA","datePublished":"2016-07-03T10:00:36+00:00","mainEntityOfPage":{"@id":"https:\/\/elcotarro.com\/?p=2946"},"wordCount":195,"commentCount":0,"publisher":{"@id":"https:\/\/elcotarro.com\/#organization"},"image":{"@id":"https:\/\/elcotarro.com\/?p=2946#primaryimage"},"thumbnailUrl":"https:\/\/elcotarro.com\/wp-content\/uploads\/2016\/07\/FOTO-6.-Los-4-descorbatados.jpg","inLanguage":"es","potentialAction":[{"@type":"CommentAction","name":"Comment","target":["https:\/\/elcotarro.com\/?p=2946#respond"]}]},{"@type":"WebPage","@id":"https:\/\/elcotarro.com\/?p=2946","url":"https:\/\/elcotarro.com\/?p=2946","name":"FERNANDO CLAVIJO Y EL CACAO DE LA CORBATA - El Cotarro","isPartOf":{"@id":"https:\/\/elcotarro.com\/#website"},"primaryImageOfPage":{"@id":"https:\/\/elcotarro.com\/?p=2946#primaryimage"},"image":{"@id":"https:\/\/elcotarro.com\/?p=2946#primaryimage"},"thumbnailUrl":"https:\/\/elcotarro.com\/wp-content\/uploads\/2016\/07\/FOTO-6.-Los-4-descorbatados.jpg","datePublished":"2016-07-03T10:00:36+00:00","breadcrumb":{"@id":"https:\/\/elcotarro.com\/?p=2946#breadcrumb"},"inLanguage":"es","potentialAction":[{"@type":"ReadAction","target":["https:\/\/elcotarro.com\/?p=2946"]}]},{"@type":"ImageObject","inLanguage":"es","@id":"https:\/\/elcotarro.com\/?p=2946#primaryimage","url":"https:\/\/elcotarro.com\/wp-content\/uploads\/2016\/07\/FOTO-6.-Los-4-descorbatados.jpg","contentUrl":"https:\/\/elcotarro.com\/wp-content\/uploads\/2016\/07\/FOTO-6.-Los-4-descorbatados.jpg","width":1280,"height":960},{"@type":"BreadcrumbList","@id":"https:\/\/elcotarro.com\/?p=2946#breadcrumb","itemListElement":[{"@type":"ListItem","position":1,"name":"Portada","item":"https:\/\/elcotarro.com\/"},{"@type":"ListItem","position":2,"name":"FERNANDO CLAVIJO Y EL CACAO DE LA CORBATA"}]},{"@type":"WebSite","@id":"https:\/\/elcotarro.com\/#website","url":"https:\/\/elcotarro.com\/","name":"El Cotarro","description":"Peri\u00f3dico Digital Independiente dirigido por Jos\u00e9 Carlos Marrero","publisher":{"@id":"https:\/\/elcotarro.com\/#organization"},"potentialAction":[{"@type":"SearchAction","target":{"@type":"EntryPoint","urlTemplate":"https:\/\/elcotarro.com\/?s={search_term_string}"},"query-input":{"@type":"PropertyValueSpecification","valueRequired":true,"valueName":"search_term_string"}}],"inLanguage":"es"},{"@type":"Organization","@id":"https:\/\/elcotarro.com\/#organization","name":"El Cotarro","url":"https:\/\/elcotarro.com\/","logo":{"@type":"ImageObject","inLanguage":"es","@id":"https:\/\/elcotarro.com\/#\/schema\/logo\/image\/","url":"https:\/\/elcotarro.com\/wp-content\/uploads\/2014\/09\/Cabecera_El_Cotarro_v2.jpg","contentUrl":"https:\/\/elcotarro.com\/wp-content\/uploads\/2014\/09\/Cabecera_El_Cotarro_v2.jpg","width":3540,"height":441,"caption":"El Cotarro"},"image":{"@id":"https:\/\/elcotarro.com\/#\/schema\/logo\/image\/"},"sameAs":["https:\/\/www.facebook.com\/ElCotarro.Tenerife"]},{"@type":"Person","@id":"https:\/\/elcotarro.com\/#\/schema\/person\/af537ee7d60d15984c7e0affcd8a918b","name":"Jos\u00e9 Carlos Marrero Gonz\u00e1lez","image":{"@type":"ImageObject","inLanguage":"es","@id":"https:\/\/elcotarro.com\/#\/schema\/person\/image\/","url":"https:\/\/secure.gravatar.com\/avatar\/def4da036efb5d32c74d49c351f6dccc064dd69ad9f3aadc295c5a9a5391ca01?s=96&d=mm&r=g","contentUrl":"https:\/\/secure.gravatar.com\/avatar\/def4da036efb5d32c74d49c351f6dccc064dd69ad9f3aadc295c5a9a5391ca01?s=96&d=mm&r=g","caption":"Jos\u00e9 Carlos Marrero Gonz\u00e1lez"},"sameAs":["https:\/\/elcotarro.com"],"url":"https:\/\/elcotarro.com\/?author=2"}]}},"jetpack_featured_media_url":"","jetpack_sharing_enabled":true,"_links":{"self":[{"href":"https:\/\/elcotarro.com\/index.php?rest_route=\/wp\/v2\/posts\/2946","targetHints":{"allow":["GET"]}}],"collection":[{"href":"https:\/\/elcotarro.com\/index.php?rest_route=\/wp\/v2\/posts"}],"about":[{"href":"https:\/\/elcotarro.com\/index.php?rest_route=\/wp\/v2\/types\/post"}],"author":[{"embeddable":true,"href":"https:\/\/elcotarro.com\/index.php?rest_route=\/wp\/v2\/users\/2"}],"replies":[{"embeddable":true,"href":"https:\/\/elcotarro.com\/index.php?rest_route=%2Fwp%2Fv2%2Fcomments&post=2946"}],"version-history":[{"count":1,"href":"https:\/\/elcotarro.com\/index.php?rest_route=\/wp\/v2\/posts\/2946\/revisions"}],"predecessor-version":[{"id":2948,"href":"https:\/\/elcotarro.com\/index.php?rest_route=\/wp\/v2\/posts\/2946\/revisions\/2948"}],"wp:attachment":[{"href":"https:\/\/elcotarro.com\/index.php?rest_route=%2Fwp%2Fv2%2Fmedia&parent=2946"}],"wp:term":[{"taxonomy":"category","embeddable":true,"href":"https:\/\/elcotarro.com\/index.php?rest_route=%2Fwp%2Fv2%2Fcategories&post=2946"},{"taxonomy":"post_tag","embeddable":true,"href":"https:\/\/elcotarro.com\/index.php?rest_route=%2Fwp%2Fv2%2Ftags&post=2946"}],"curies":[{"name":"wp","href":"https:\/\/api.w.org\/{rel}","templated":true}]}}