{"id":2966,"date":"2016-07-10T11:04:41","date_gmt":"2016-07-10T10:04:41","guid":{"rendered":"https:\/\/elcotarro.com\/?p=2966"},"modified":"2016-07-09T20:18:26","modified_gmt":"2016-07-09T19:18:26","slug":"amid-achi-un-padrino-de-lujo","status":"publish","type":"post","link":"https:\/\/elcotarro.com\/?p=2966","title":{"rendered":"AMID ACH\u00cd, UN PADRINO DE LUJO"},"content":{"rendered":"<p>Me refiero a los graduados de la Promoci\u00f3n 2015-2016 de la Universidad Europea de Canarias, que el pasado s\u00e1bado recibieron sus orlas en un solemne acto acad\u00e9mico que presidi\u00f3 <strong>Cristiana Oliveira<\/strong>, la rectora de la misma. Un orgulloso y emocionado \u201cpadrino\u201d de la nueva promoci\u00f3n, <strong>Amid Achi Fadul<\/strong>, presidente del Grupo N\u00ba1, se dirigi\u00f3 en el Centro de Congresos de Puerto de la Cruz a las casi quinientas personas que llenaban el sal\u00f3n, entre estudiantes de grado, m\u00e1steres, posgrados y cursos de expertos, as\u00ed como familiares, amigos y claustro de la Universidad, para recordarles que \u201d<em>con esfuerzo y constancia se pueden lograr los objetivos propuestos\u201d, matiz\u00e1ndoles que aunque \u201cel futuro est\u00e1 lleno de dificultades, no hay que desanimarse ante las mismas, sino aprender de ellas\u201d<\/em>.<\/p>\n<p style=\"text-align: center\"><a href=\"https:\/\/elcotarro.com\/wp-content\/uploads\/2016\/07\/FOTO-2.-Amid-entregando-orlas.jpg\"><img loading=\"lazy\" decoding=\"async\" class=\"alignnone size-full wp-image-2967\" src=\"https:\/\/elcotarro.com\/wp-content\/uploads\/2016\/07\/FOTO-2.-Amid-entregando-orlas.jpg\" alt=\"FOTO 2.- Amid entregando orlas\" width=\"2500\" height=\"1664\" srcset=\"https:\/\/elcotarro.com\/wp-content\/uploads\/2016\/07\/FOTO-2.-Amid-entregando-orlas.jpg 2500w, https:\/\/elcotarro.com\/wp-content\/uploads\/2016\/07\/FOTO-2.-Amid-entregando-orlas-300x200.jpg 300w, https:\/\/elcotarro.com\/wp-content\/uploads\/2016\/07\/FOTO-2.-Amid-entregando-orlas-1024x682.jpg 1024w\" sizes=\"auto, (max-width: 2500px) 100vw, 2500px\" \/><\/a><\/p>\n<p style=\"text-align: center\"><em>Amid Achi (en el centro) un padrino de lujo imponiendo becas a las graduadas<\/em><\/p>\n","protected":false},"excerpt":{"rendered":"<p>Me refiero a los graduados de la Promoci\u00f3n 2015-2016 de la Universidad Europea de Canarias, que el pasado s\u00e1bado recibieron sus orlas en un solemne acto acad\u00e9mico que presidi\u00f3 Cristiana Oliveira, la rectora de la misma. Un orgulloso y emocionado \u201cpadrino\u201d de la nueva promoci\u00f3n, Amid Achi Fadul, presidente del Grupo N\u00ba1, se dirigi\u00f3 en &#8230; <a class=\"read-more\" href=\"https:\/\/elcotarro.com\/?p=2966\">Read more<\/a><\/p>\n","protected":false},"author":2,"featured_media":0,"comment_status":"open","ping_status":"open","sticky":false,"template":"","format":"standard","meta":{"_jetpack_memberships_contains_paid_content":false,"footnotes":""},"categories":[1],"tags":[],"class_list":["post-2966","post","type-post","status-publish","format-standard","hentry","category-sin-categoria"],"yoast_head":"<!-- This site is optimized with the Yoast SEO plugin v27.0 - https:\/\/yoast.com\/product\/yoast-seo-wordpress\/ -->\n<title>AMID ACH\u00cd, UN PADRINO DE LUJO - El Cotarro<\/title>\n<meta name=\"robots\" content=\"index, follow, max-snippet:-1, max-image-preview:large, max-video-preview:-1\" \/>\n<link rel=\"canonical\" href=\"https:\/\/elcotarro.com\/?p=2966\" \/>\n<meta property=\"og:locale\" content=\"es_ES\" \/>\n<meta property=\"og:type\" content=\"article\" \/>\n<meta property=\"og:title\" content=\"AMID ACH\u00cd, UN PADRINO DE LUJO - El Cotarro\" \/>\n<meta property=\"og:description\" content=\"Me refiero a los graduados de la Promoci\u00f3n 2015-2016 de la Universidad Europea de Canarias, que el pasado s\u00e1bado recibieron sus orlas en un solemne acto acad\u00e9mico que presidi\u00f3 Cristiana Oliveira, la rectora de la misma. Un orgulloso y emocionado \u201cpadrino\u201d de la nueva promoci\u00f3n, Amid Achi Fadul, presidente del Grupo N\u00ba1, se dirigi\u00f3 en ... Read more\" \/>\n<meta property=\"og:url\" content=\"https:\/\/elcotarro.com\/?p=2966\" \/>\n<meta property=\"og:site_name\" content=\"El Cotarro\" \/>\n<meta property=\"article:publisher\" content=\"https:\/\/www.facebook.com\/ElCotarro.Tenerife\" \/>\n<meta property=\"article:published_time\" content=\"2016-07-10T10:04:41+00:00\" \/>\n<meta property=\"og:image\" content=\"https:\/\/elcotarro.com\/wp-content\/uploads\/2016\/07\/FOTO-2.-Amid-entregando-orlas.jpg\" \/>\n<meta name=\"author\" content=\"Jos\u00e9 Carlos Marrero Gonz\u00e1lez\" \/>\n<meta name=\"twitter:label1\" content=\"Escrito por\" \/>\n\t<meta name=\"twitter:data1\" content=\"Jos\u00e9 Carlos Marrero Gonz\u00e1lez\" \/>\n\t<meta name=\"twitter:label2\" content=\"Tiempo de lectura\" \/>\n\t<meta name=\"twitter:data2\" content=\"1 minuto\" \/>\n<script type=\"application\/ld+json\" class=\"yoast-schema-graph\">{\"@context\":\"https:\/\/schema.org\",\"@graph\":[{\"@type\":\"Article\",\"@id\":\"https:\/\/elcotarro.com\/?p=2966#article\",\"isPartOf\":{\"@id\":\"https:\/\/elcotarro.com\/?p=2966\"},\"author\":{\"name\":\"Jos\u00e9 Carlos Marrero Gonz\u00e1lez\",\"@id\":\"https:\/\/elcotarro.com\/#\/schema\/person\/af537ee7d60d15984c7e0affcd8a918b\"},\"headline\":\"AMID ACH\u00cd, UN PADRINO DE LUJO\",\"datePublished\":\"2016-07-10T10:04:41+00:00\",\"mainEntityOfPage\":{\"@id\":\"https:\/\/elcotarro.com\/?p=2966\"},\"wordCount\":152,\"commentCount\":0,\"publisher\":{\"@id\":\"https:\/\/elcotarro.com\/#organization\"},\"image\":{\"@id\":\"https:\/\/elcotarro.com\/?p=2966#primaryimage\"},\"thumbnailUrl\":\"https:\/\/elcotarro.com\/wp-content\/uploads\/2016\/07\/FOTO-2.-Amid-entregando-orlas.jpg\",\"inLanguage\":\"es\",\"potentialAction\":[{\"@type\":\"CommentAction\",\"name\":\"Comment\",\"target\":[\"https:\/\/elcotarro.com\/?p=2966#respond\"]}]},{\"@type\":\"WebPage\",\"@id\":\"https:\/\/elcotarro.com\/?p=2966\",\"url\":\"https:\/\/elcotarro.com\/?p=2966\",\"name\":\"AMID ACH\u00cd, UN PADRINO DE LUJO - El Cotarro\",\"isPartOf\":{\"@id\":\"https:\/\/elcotarro.com\/#website\"},\"primaryImageOfPage\":{\"@id\":\"https:\/\/elcotarro.com\/?p=2966#primaryimage\"},\"image\":{\"@id\":\"https:\/\/elcotarro.com\/?p=2966#primaryimage\"},\"thumbnailUrl\":\"https:\/\/elcotarro.com\/wp-content\/uploads\/2016\/07\/FOTO-2.-Amid-entregando-orlas.jpg\",\"datePublished\":\"2016-07-10T10:04:41+00:00\",\"breadcrumb\":{\"@id\":\"https:\/\/elcotarro.com\/?p=2966#breadcrumb\"},\"inLanguage\":\"es\",\"potentialAction\":[{\"@type\":\"ReadAction\",\"target\":[\"https:\/\/elcotarro.com\/?p=2966\"]}]},{\"@type\":\"ImageObject\",\"inLanguage\":\"es\",\"@id\":\"https:\/\/elcotarro.com\/?p=2966#primaryimage\",\"url\":\"https:\/\/elcotarro.com\/wp-content\/uploads\/2016\/07\/FOTO-2.-Amid-entregando-orlas.jpg\",\"contentUrl\":\"https:\/\/elcotarro.com\/wp-content\/uploads\/2016\/07\/FOTO-2.-Amid-entregando-orlas.jpg\",\"width\":2500,\"height\":1664},{\"@type\":\"BreadcrumbList\",\"@id\":\"https:\/\/elcotarro.com\/?p=2966#breadcrumb\",\"itemListElement\":[{\"@type\":\"ListItem\",\"position\":1,\"name\":\"Portada\",\"item\":\"https:\/\/elcotarro.com\/\"},{\"@type\":\"ListItem\",\"position\":2,\"name\":\"AMID ACH\u00cd, UN PADRINO DE LUJO\"}]},{\"@type\":\"WebSite\",\"@id\":\"https:\/\/elcotarro.com\/#website\",\"url\":\"https:\/\/elcotarro.com\/\",\"name\":\"El Cotarro\",\"description\":\"Peri\u00f3dico Digital Independiente dirigido por Jos\u00e9 Carlos Marrero\",\"publisher\":{\"@id\":\"https:\/\/elcotarro.com\/#organization\"},\"potentialAction\":[{\"@type\":\"SearchAction\",\"target\":{\"@type\":\"EntryPoint\",\"urlTemplate\":\"https:\/\/elcotarro.com\/?s={search_term_string}\"},\"query-input\":{\"@type\":\"PropertyValueSpecification\",\"valueRequired\":true,\"valueName\":\"search_term_string\"}}],\"inLanguage\":\"es\"},{\"@type\":\"Organization\",\"@id\":\"https:\/\/elcotarro.com\/#organization\",\"name\":\"El Cotarro\",\"url\":\"https:\/\/elcotarro.com\/\",\"logo\":{\"@type\":\"ImageObject\",\"inLanguage\":\"es\",\"@id\":\"https:\/\/elcotarro.com\/#\/schema\/logo\/image\/\",\"url\":\"https:\/\/elcotarro.com\/wp-content\/uploads\/2014\/09\/Cabecera_El_Cotarro_v2.jpg\",\"contentUrl\":\"https:\/\/elcotarro.com\/wp-content\/uploads\/2014\/09\/Cabecera_El_Cotarro_v2.jpg\",\"width\":3540,\"height\":441,\"caption\":\"El Cotarro\"},\"image\":{\"@id\":\"https:\/\/elcotarro.com\/#\/schema\/logo\/image\/\"},\"sameAs\":[\"https:\/\/www.facebook.com\/ElCotarro.Tenerife\"]},{\"@type\":\"Person\",\"@id\":\"https:\/\/elcotarro.com\/#\/schema\/person\/af537ee7d60d15984c7e0affcd8a918b\",\"name\":\"Jos\u00e9 Carlos Marrero Gonz\u00e1lez\",\"image\":{\"@type\":\"ImageObject\",\"inLanguage\":\"es\",\"@id\":\"https:\/\/elcotarro.com\/#\/schema\/person\/image\/\",\"url\":\"https:\/\/secure.gravatar.com\/avatar\/def4da036efb5d32c74d49c351f6dccc064dd69ad9f3aadc295c5a9a5391ca01?s=96&d=mm&r=g\",\"contentUrl\":\"https:\/\/secure.gravatar.com\/avatar\/def4da036efb5d32c74d49c351f6dccc064dd69ad9f3aadc295c5a9a5391ca01?s=96&d=mm&r=g\",\"caption\":\"Jos\u00e9 Carlos Marrero Gonz\u00e1lez\"},\"sameAs\":[\"https:\/\/elcotarro.com\"],\"url\":\"https:\/\/elcotarro.com\/?author=2\"}]}<\/script>\n<!-- \/ Yoast SEO plugin. -->","yoast_head_json":{"title":"AMID ACH\u00cd, UN PADRINO DE LUJO - El Cotarro","robots":{"index":"index","follow":"follow","max-snippet":"max-snippet:-1","max-image-preview":"max-image-preview:large","max-video-preview":"max-video-preview:-1"},"canonical":"https:\/\/elcotarro.com\/?p=2966","og_locale":"es_ES","og_type":"article","og_title":"AMID ACH\u00cd, UN PADRINO DE LUJO - El Cotarro","og_description":"Me refiero a los graduados de la Promoci\u00f3n 2015-2016 de la Universidad Europea de Canarias, que el pasado s\u00e1bado recibieron sus orlas en un solemne acto acad\u00e9mico que presidi\u00f3 Cristiana Oliveira, la rectora de la misma. Un orgulloso y emocionado \u201cpadrino\u201d de la nueva promoci\u00f3n, Amid Achi Fadul, presidente del Grupo N\u00ba1, se dirigi\u00f3 en ... Read more","og_url":"https:\/\/elcotarro.com\/?p=2966","og_site_name":"El Cotarro","article_publisher":"https:\/\/www.facebook.com\/ElCotarro.Tenerife","article_published_time":"2016-07-10T10:04:41+00:00","og_image":[{"url":"https:\/\/elcotarro.com\/wp-content\/uploads\/2016\/07\/FOTO-2.-Amid-entregando-orlas.jpg","type":"","width":"","height":""}],"author":"Jos\u00e9 Carlos Marrero Gonz\u00e1lez","twitter_misc":{"Escrito por":"Jos\u00e9 Carlos Marrero Gonz\u00e1lez","Tiempo de lectura":"1 minuto"},"schema":{"@context":"https:\/\/schema.org","@graph":[{"@type":"Article","@id":"https:\/\/elcotarro.com\/?p=2966#article","isPartOf":{"@id":"https:\/\/elcotarro.com\/?p=2966"},"author":{"name":"Jos\u00e9 Carlos Marrero Gonz\u00e1lez","@id":"https:\/\/elcotarro.com\/#\/schema\/person\/af537ee7d60d15984c7e0affcd8a918b"},"headline":"AMID ACH\u00cd, UN PADRINO DE LUJO","datePublished":"2016-07-10T10:04:41+00:00","mainEntityOfPage":{"@id":"https:\/\/elcotarro.com\/?p=2966"},"wordCount":152,"commentCount":0,"publisher":{"@id":"https:\/\/elcotarro.com\/#organization"},"image":{"@id":"https:\/\/elcotarro.com\/?p=2966#primaryimage"},"thumbnailUrl":"https:\/\/elcotarro.com\/wp-content\/uploads\/2016\/07\/FOTO-2.-Amid-entregando-orlas.jpg","inLanguage":"es","potentialAction":[{"@type":"CommentAction","name":"Comment","target":["https:\/\/elcotarro.com\/?p=2966#respond"]}]},{"@type":"WebPage","@id":"https:\/\/elcotarro.com\/?p=2966","url":"https:\/\/elcotarro.com\/?p=2966","name":"AMID ACH\u00cd, UN PADRINO DE LUJO - El Cotarro","isPartOf":{"@id":"https:\/\/elcotarro.com\/#website"},"primaryImageOfPage":{"@id":"https:\/\/elcotarro.com\/?p=2966#primaryimage"},"image":{"@id":"https:\/\/elcotarro.com\/?p=2966#primaryimage"},"thumbnailUrl":"https:\/\/elcotarro.com\/wp-content\/uploads\/2016\/07\/FOTO-2.-Amid-entregando-orlas.jpg","datePublished":"2016-07-10T10:04:41+00:00","breadcrumb":{"@id":"https:\/\/elcotarro.com\/?p=2966#breadcrumb"},"inLanguage":"es","potentialAction":[{"@type":"ReadAction","target":["https:\/\/elcotarro.com\/?p=2966"]}]},{"@type":"ImageObject","inLanguage":"es","@id":"https:\/\/elcotarro.com\/?p=2966#primaryimage","url":"https:\/\/elcotarro.com\/wp-content\/uploads\/2016\/07\/FOTO-2.-Amid-entregando-orlas.jpg","contentUrl":"https:\/\/elcotarro.com\/wp-content\/uploads\/2016\/07\/FOTO-2.-Amid-entregando-orlas.jpg","width":2500,"height":1664},{"@type":"BreadcrumbList","@id":"https:\/\/elcotarro.com\/?p=2966#breadcrumb","itemListElement":[{"@type":"ListItem","position":1,"name":"Portada","item":"https:\/\/elcotarro.com\/"},{"@type":"ListItem","position":2,"name":"AMID ACH\u00cd, UN PADRINO DE LUJO"}]},{"@type":"WebSite","@id":"https:\/\/elcotarro.com\/#website","url":"https:\/\/elcotarro.com\/","name":"El Cotarro","description":"Peri\u00f3dico Digital Independiente dirigido por Jos\u00e9 Carlos Marrero","publisher":{"@id":"https:\/\/elcotarro.com\/#organization"},"potentialAction":[{"@type":"SearchAction","target":{"@type":"EntryPoint","urlTemplate":"https:\/\/elcotarro.com\/?s={search_term_string}"},"query-input":{"@type":"PropertyValueSpecification","valueRequired":true,"valueName":"search_term_string"}}],"inLanguage":"es"},{"@type":"Organization","@id":"https:\/\/elcotarro.com\/#organization","name":"El Cotarro","url":"https:\/\/elcotarro.com\/","logo":{"@type":"ImageObject","inLanguage":"es","@id":"https:\/\/elcotarro.com\/#\/schema\/logo\/image\/","url":"https:\/\/elcotarro.com\/wp-content\/uploads\/2014\/09\/Cabecera_El_Cotarro_v2.jpg","contentUrl":"https:\/\/elcotarro.com\/wp-content\/uploads\/2014\/09\/Cabecera_El_Cotarro_v2.jpg","width":3540,"height":441,"caption":"El Cotarro"},"image":{"@id":"https:\/\/elcotarro.com\/#\/schema\/logo\/image\/"},"sameAs":["https:\/\/www.facebook.com\/ElCotarro.Tenerife"]},{"@type":"Person","@id":"https:\/\/elcotarro.com\/#\/schema\/person\/af537ee7d60d15984c7e0affcd8a918b","name":"Jos\u00e9 Carlos Marrero Gonz\u00e1lez","image":{"@type":"ImageObject","inLanguage":"es","@id":"https:\/\/elcotarro.com\/#\/schema\/person\/image\/","url":"https:\/\/secure.gravatar.com\/avatar\/def4da036efb5d32c74d49c351f6dccc064dd69ad9f3aadc295c5a9a5391ca01?s=96&d=mm&r=g","contentUrl":"https:\/\/secure.gravatar.com\/avatar\/def4da036efb5d32c74d49c351f6dccc064dd69ad9f3aadc295c5a9a5391ca01?s=96&d=mm&r=g","caption":"Jos\u00e9 Carlos Marrero Gonz\u00e1lez"},"sameAs":["https:\/\/elcotarro.com"],"url":"https:\/\/elcotarro.com\/?author=2"}]}},"jetpack_featured_media_url":"","jetpack_sharing_enabled":true,"_links":{"self":[{"href":"https:\/\/elcotarro.com\/index.php?rest_route=\/wp\/v2\/posts\/2966","targetHints":{"allow":["GET"]}}],"collection":[{"href":"https:\/\/elcotarro.com\/index.php?rest_route=\/wp\/v2\/posts"}],"about":[{"href":"https:\/\/elcotarro.com\/index.php?rest_route=\/wp\/v2\/types\/post"}],"author":[{"embeddable":true,"href":"https:\/\/elcotarro.com\/index.php?rest_route=\/wp\/v2\/users\/2"}],"replies":[{"embeddable":true,"href":"https:\/\/elcotarro.com\/index.php?rest_route=%2Fwp%2Fv2%2Fcomments&post=2966"}],"version-history":[{"count":1,"href":"https:\/\/elcotarro.com\/index.php?rest_route=\/wp\/v2\/posts\/2966\/revisions"}],"predecessor-version":[{"id":2968,"href":"https:\/\/elcotarro.com\/index.php?rest_route=\/wp\/v2\/posts\/2966\/revisions\/2968"}],"wp:attachment":[{"href":"https:\/\/elcotarro.com\/index.php?rest_route=%2Fwp%2Fv2%2Fmedia&parent=2966"}],"wp:term":[{"taxonomy":"category","embeddable":true,"href":"https:\/\/elcotarro.com\/index.php?rest_route=%2Fwp%2Fv2%2Fcategories&post=2966"},{"taxonomy":"post_tag","embeddable":true,"href":"https:\/\/elcotarro.com\/index.php?rest_route=%2Fwp%2Fv2%2Ftags&post=2966"}],"curies":[{"name":"wp","href":"https:\/\/api.w.org\/{rel}","templated":true}]}}