{"id":2976,"date":"2016-07-10T11:01:57","date_gmt":"2016-07-10T10:01:57","guid":{"rendered":"https:\/\/elcotarro.com\/?p=2976"},"modified":"2016-07-09T20:30:25","modified_gmt":"2016-07-09T19:30:25","slug":"gala-de-exaltacion-a-la-mujer-canaria","status":"publish","type":"post","link":"https:\/\/elcotarro.com\/?p=2976","title":{"rendered":"GALA DE EXALTACI\u00d3N A LA MUJER CANARIA"},"content":{"rendered":"<p>Este domingo en el que precisamente se celebra (si el tiempo lo permite) la tradicional Romer\u00eda Regional de San Benito Abad, en La Laguna, merece la pena rese\u00f1ar que, en 1989, hace ahora la friolera de 28 a\u00f1os, el lagunero y laureado Orfe\u00f3n \u201cLa Paz\u201d promovi\u00f3 un merecido homenaje anual a las mujeres canarias que, a lo largo de su vida personal y su trayectoria profesional, hubieran destacado en su defensa de la propia mujer y de la canariedad. As\u00ed naci\u00f3 la denominada \u201cGala de Exaltaci\u00f3n a la Mujer Canaria\u201d que, a lo largo de sus primeros 27 a\u00f1os, ha valorado, reconocido y galardonado, entre otras, a mujeres tan importantes, queridas y respetadas como <strong>Yayita R\u00edos Tejera<\/strong> (la primera galardonada) cantantes como <strong>\u00c1frica Alonso, Olga Ramos, M\u00aa del Carmen Mulet, Mar\u00eda M\u00e9rida, Mary S\u00e1nchez, Fabiola Socas<\/strong> y <strong>Olga Cerpa<\/strong> o la gran <strong>Mar\u00eda Or\u00e1n<\/strong>, cantante l\u00edrica y a la vez profesora; periodistas como <strong>Cristina Garc\u00eda Ramos<\/strong>; investigadoras como <strong>Marisa Tejedor<\/strong> o <strong>Teresa Gir\u00e1ldez<\/strong>; historiadoras como <strong>Manuela Marrero<\/strong> o <strong>Mar\u00eda Victoria Hern\u00e1ndez<\/strong> y bodegueras como <strong>Lourdes Fern\u00e1ndez<\/strong>.<\/p>\n<p style=\"text-align: center\"><a href=\"https:\/\/elcotarro.com\/wp-content\/uploads\/2016\/07\/FOTO-6.-Sandra-firmando.jpg\"><img loading=\"lazy\" decoding=\"async\" class=\"alignnone size-full wp-image-2977\" src=\"https:\/\/elcotarro.com\/wp-content\/uploads\/2016\/07\/FOTO-6.-Sandra-firmando.jpg\" alt=\"FOTO 6.- Sandra firmando\" width=\"4256\" height=\"2832\" srcset=\"https:\/\/elcotarro.com\/wp-content\/uploads\/2016\/07\/FOTO-6.-Sandra-firmando.jpg 4256w, https:\/\/elcotarro.com\/wp-content\/uploads\/2016\/07\/FOTO-6.-Sandra-firmando-300x200.jpg 300w, https:\/\/elcotarro.com\/wp-content\/uploads\/2016\/07\/FOTO-6.-Sandra-firmando-1024x681.jpg 1024w\" sizes=\"auto, (max-width: 4256px) 100vw, 4256px\" \/><\/a><\/p>\n<p style=\"text-align: center\"><em>Sandra Garc\u00eda-Sanju\u00e1n firmando en el \u201cLibro de Oro\u201d del Orfe\u00f3n \u201cLa Paz\u201d de la Laguna, en presencia del presidente y otros miembros de su Junta Directiva<\/em><\/p>\n","protected":false},"excerpt":{"rendered":"<p>Este domingo en el que precisamente se celebra (si el tiempo lo permite) la tradicional Romer\u00eda Regional de San Benito Abad, en La Laguna, merece la pena rese\u00f1ar que, en 1989, hace ahora la friolera de 28 a\u00f1os, el lagunero y laureado Orfe\u00f3n \u201cLa Paz\u201d promovi\u00f3 un merecido homenaje anual a las mujeres canarias que, &#8230; <a class=\"read-more\" href=\"https:\/\/elcotarro.com\/?p=2976\">Read more<\/a><\/p>\n","protected":false},"author":2,"featured_media":0,"comment_status":"open","ping_status":"open","sticky":false,"template":"","format":"standard","meta":{"_jetpack_memberships_contains_paid_content":false,"footnotes":""},"categories":[1],"tags":[],"class_list":["post-2976","post","type-post","status-publish","format-standard","hentry","category-sin-categoria"],"yoast_head":"<!-- This site is optimized with the Yoast SEO plugin v27.0 - https:\/\/yoast.com\/product\/yoast-seo-wordpress\/ -->\n<title>GALA DE EXALTACI\u00d3N A LA MUJER CANARIA - El Cotarro<\/title>\n<meta name=\"robots\" content=\"index, follow, max-snippet:-1, max-image-preview:large, max-video-preview:-1\" \/>\n<link rel=\"canonical\" href=\"https:\/\/elcotarro.com\/?p=2976\" \/>\n<meta property=\"og:locale\" content=\"es_ES\" \/>\n<meta property=\"og:type\" content=\"article\" \/>\n<meta property=\"og:title\" content=\"GALA DE EXALTACI\u00d3N A LA MUJER CANARIA - El Cotarro\" \/>\n<meta property=\"og:description\" content=\"Este domingo en el que precisamente se celebra (si el tiempo lo permite) la tradicional Romer\u00eda Regional de San Benito Abad, en La Laguna, merece la pena rese\u00f1ar que, en 1989, hace ahora la friolera de 28 a\u00f1os, el lagunero y laureado Orfe\u00f3n \u201cLa Paz\u201d promovi\u00f3 un merecido homenaje anual a las mujeres canarias que, ... Read more\" \/>\n<meta property=\"og:url\" content=\"https:\/\/elcotarro.com\/?p=2976\" \/>\n<meta property=\"og:site_name\" content=\"El Cotarro\" \/>\n<meta property=\"article:publisher\" content=\"https:\/\/www.facebook.com\/ElCotarro.Tenerife\" \/>\n<meta property=\"article:published_time\" content=\"2016-07-10T10:01:57+00:00\" \/>\n<meta property=\"og:image\" content=\"https:\/\/elcotarro.com\/wp-content\/uploads\/2016\/07\/FOTO-6.-Sandra-firmando.jpg\" \/>\n<meta name=\"author\" content=\"Jos\u00e9 Carlos Marrero Gonz\u00e1lez\" \/>\n<meta name=\"twitter:label1\" content=\"Escrito por\" \/>\n\t<meta name=\"twitter:data1\" content=\"Jos\u00e9 Carlos Marrero Gonz\u00e1lez\" \/>\n\t<meta name=\"twitter:label2\" content=\"Tiempo de lectura\" \/>\n\t<meta name=\"twitter:data2\" content=\"1 minuto\" \/>\n<script type=\"application\/ld+json\" class=\"yoast-schema-graph\">{\"@context\":\"https:\/\/schema.org\",\"@graph\":[{\"@type\":\"Article\",\"@id\":\"https:\/\/elcotarro.com\/?p=2976#article\",\"isPartOf\":{\"@id\":\"https:\/\/elcotarro.com\/?p=2976\"},\"author\":{\"name\":\"Jos\u00e9 Carlos Marrero Gonz\u00e1lez\",\"@id\":\"https:\/\/elcotarro.com\/#\/schema\/person\/af537ee7d60d15984c7e0affcd8a918b\"},\"headline\":\"GALA DE EXALTACI\u00d3N A LA MUJER CANARIA\",\"datePublished\":\"2016-07-10T10:01:57+00:00\",\"mainEntityOfPage\":{\"@id\":\"https:\/\/elcotarro.com\/?p=2976\"},\"wordCount\":228,\"commentCount\":0,\"publisher\":{\"@id\":\"https:\/\/elcotarro.com\/#organization\"},\"image\":{\"@id\":\"https:\/\/elcotarro.com\/?p=2976#primaryimage\"},\"thumbnailUrl\":\"https:\/\/elcotarro.com\/wp-content\/uploads\/2016\/07\/FOTO-6.-Sandra-firmando.jpg\",\"inLanguage\":\"es\",\"potentialAction\":[{\"@type\":\"CommentAction\",\"name\":\"Comment\",\"target\":[\"https:\/\/elcotarro.com\/?p=2976#respond\"]}]},{\"@type\":\"WebPage\",\"@id\":\"https:\/\/elcotarro.com\/?p=2976\",\"url\":\"https:\/\/elcotarro.com\/?p=2976\",\"name\":\"GALA DE EXALTACI\u00d3N A LA MUJER CANARIA - El Cotarro\",\"isPartOf\":{\"@id\":\"https:\/\/elcotarro.com\/#website\"},\"primaryImageOfPage\":{\"@id\":\"https:\/\/elcotarro.com\/?p=2976#primaryimage\"},\"image\":{\"@id\":\"https:\/\/elcotarro.com\/?p=2976#primaryimage\"},\"thumbnailUrl\":\"https:\/\/elcotarro.com\/wp-content\/uploads\/2016\/07\/FOTO-6.-Sandra-firmando.jpg\",\"datePublished\":\"2016-07-10T10:01:57+00:00\",\"breadcrumb\":{\"@id\":\"https:\/\/elcotarro.com\/?p=2976#breadcrumb\"},\"inLanguage\":\"es\",\"potentialAction\":[{\"@type\":\"ReadAction\",\"target\":[\"https:\/\/elcotarro.com\/?p=2976\"]}]},{\"@type\":\"ImageObject\",\"inLanguage\":\"es\",\"@id\":\"https:\/\/elcotarro.com\/?p=2976#primaryimage\",\"url\":\"https:\/\/elcotarro.com\/wp-content\/uploads\/2016\/07\/FOTO-6.-Sandra-firmando.jpg\",\"contentUrl\":\"https:\/\/elcotarro.com\/wp-content\/uploads\/2016\/07\/FOTO-6.-Sandra-firmando.jpg\",\"width\":4256,\"height\":2832},{\"@type\":\"BreadcrumbList\",\"@id\":\"https:\/\/elcotarro.com\/?p=2976#breadcrumb\",\"itemListElement\":[{\"@type\":\"ListItem\",\"position\":1,\"name\":\"Portada\",\"item\":\"https:\/\/elcotarro.com\/\"},{\"@type\":\"ListItem\",\"position\":2,\"name\":\"GALA DE EXALTACI\u00d3N A LA MUJER CANARIA\"}]},{\"@type\":\"WebSite\",\"@id\":\"https:\/\/elcotarro.com\/#website\",\"url\":\"https:\/\/elcotarro.com\/\",\"name\":\"El Cotarro\",\"description\":\"Peri\u00f3dico Digital Independiente dirigido por Jos\u00e9 Carlos Marrero\",\"publisher\":{\"@id\":\"https:\/\/elcotarro.com\/#organization\"},\"potentialAction\":[{\"@type\":\"SearchAction\",\"target\":{\"@type\":\"EntryPoint\",\"urlTemplate\":\"https:\/\/elcotarro.com\/?s={search_term_string}\"},\"query-input\":{\"@type\":\"PropertyValueSpecification\",\"valueRequired\":true,\"valueName\":\"search_term_string\"}}],\"inLanguage\":\"es\"},{\"@type\":\"Organization\",\"@id\":\"https:\/\/elcotarro.com\/#organization\",\"name\":\"El Cotarro\",\"url\":\"https:\/\/elcotarro.com\/\",\"logo\":{\"@type\":\"ImageObject\",\"inLanguage\":\"es\",\"@id\":\"https:\/\/elcotarro.com\/#\/schema\/logo\/image\/\",\"url\":\"https:\/\/elcotarro.com\/wp-content\/uploads\/2014\/09\/Cabecera_El_Cotarro_v2.jpg\",\"contentUrl\":\"https:\/\/elcotarro.com\/wp-content\/uploads\/2014\/09\/Cabecera_El_Cotarro_v2.jpg\",\"width\":3540,\"height\":441,\"caption\":\"El Cotarro\"},\"image\":{\"@id\":\"https:\/\/elcotarro.com\/#\/schema\/logo\/image\/\"},\"sameAs\":[\"https:\/\/www.facebook.com\/ElCotarro.Tenerife\"]},{\"@type\":\"Person\",\"@id\":\"https:\/\/elcotarro.com\/#\/schema\/person\/af537ee7d60d15984c7e0affcd8a918b\",\"name\":\"Jos\u00e9 Carlos Marrero Gonz\u00e1lez\",\"image\":{\"@type\":\"ImageObject\",\"inLanguage\":\"es\",\"@id\":\"https:\/\/elcotarro.com\/#\/schema\/person\/image\/\",\"url\":\"https:\/\/secure.gravatar.com\/avatar\/def4da036efb5d32c74d49c351f6dccc064dd69ad9f3aadc295c5a9a5391ca01?s=96&d=mm&r=g\",\"contentUrl\":\"https:\/\/secure.gravatar.com\/avatar\/def4da036efb5d32c74d49c351f6dccc064dd69ad9f3aadc295c5a9a5391ca01?s=96&d=mm&r=g\",\"caption\":\"Jos\u00e9 Carlos Marrero Gonz\u00e1lez\"},\"sameAs\":[\"https:\/\/elcotarro.com\"],\"url\":\"https:\/\/elcotarro.com\/?author=2\"}]}<\/script>\n<!-- \/ Yoast SEO plugin. -->","yoast_head_json":{"title":"GALA DE EXALTACI\u00d3N A LA MUJER CANARIA - El Cotarro","robots":{"index":"index","follow":"follow","max-snippet":"max-snippet:-1","max-image-preview":"max-image-preview:large","max-video-preview":"max-video-preview:-1"},"canonical":"https:\/\/elcotarro.com\/?p=2976","og_locale":"es_ES","og_type":"article","og_title":"GALA DE EXALTACI\u00d3N A LA MUJER CANARIA - El Cotarro","og_description":"Este domingo en el que precisamente se celebra (si el tiempo lo permite) la tradicional Romer\u00eda Regional de San Benito Abad, en La Laguna, merece la pena rese\u00f1ar que, en 1989, hace ahora la friolera de 28 a\u00f1os, el lagunero y laureado Orfe\u00f3n \u201cLa Paz\u201d promovi\u00f3 un merecido homenaje anual a las mujeres canarias que, ... Read more","og_url":"https:\/\/elcotarro.com\/?p=2976","og_site_name":"El Cotarro","article_publisher":"https:\/\/www.facebook.com\/ElCotarro.Tenerife","article_published_time":"2016-07-10T10:01:57+00:00","og_image":[{"url":"https:\/\/elcotarro.com\/wp-content\/uploads\/2016\/07\/FOTO-6.-Sandra-firmando.jpg","type":"","width":"","height":""}],"author":"Jos\u00e9 Carlos Marrero Gonz\u00e1lez","twitter_misc":{"Escrito por":"Jos\u00e9 Carlos Marrero Gonz\u00e1lez","Tiempo de lectura":"1 minuto"},"schema":{"@context":"https:\/\/schema.org","@graph":[{"@type":"Article","@id":"https:\/\/elcotarro.com\/?p=2976#article","isPartOf":{"@id":"https:\/\/elcotarro.com\/?p=2976"},"author":{"name":"Jos\u00e9 Carlos Marrero Gonz\u00e1lez","@id":"https:\/\/elcotarro.com\/#\/schema\/person\/af537ee7d60d15984c7e0affcd8a918b"},"headline":"GALA DE EXALTACI\u00d3N A LA MUJER CANARIA","datePublished":"2016-07-10T10:01:57+00:00","mainEntityOfPage":{"@id":"https:\/\/elcotarro.com\/?p=2976"},"wordCount":228,"commentCount":0,"publisher":{"@id":"https:\/\/elcotarro.com\/#organization"},"image":{"@id":"https:\/\/elcotarro.com\/?p=2976#primaryimage"},"thumbnailUrl":"https:\/\/elcotarro.com\/wp-content\/uploads\/2016\/07\/FOTO-6.-Sandra-firmando.jpg","inLanguage":"es","potentialAction":[{"@type":"CommentAction","name":"Comment","target":["https:\/\/elcotarro.com\/?p=2976#respond"]}]},{"@type":"WebPage","@id":"https:\/\/elcotarro.com\/?p=2976","url":"https:\/\/elcotarro.com\/?p=2976","name":"GALA DE EXALTACI\u00d3N A LA MUJER CANARIA - El Cotarro","isPartOf":{"@id":"https:\/\/elcotarro.com\/#website"},"primaryImageOfPage":{"@id":"https:\/\/elcotarro.com\/?p=2976#primaryimage"},"image":{"@id":"https:\/\/elcotarro.com\/?p=2976#primaryimage"},"thumbnailUrl":"https:\/\/elcotarro.com\/wp-content\/uploads\/2016\/07\/FOTO-6.-Sandra-firmando.jpg","datePublished":"2016-07-10T10:01:57+00:00","breadcrumb":{"@id":"https:\/\/elcotarro.com\/?p=2976#breadcrumb"},"inLanguage":"es","potentialAction":[{"@type":"ReadAction","target":["https:\/\/elcotarro.com\/?p=2976"]}]},{"@type":"ImageObject","inLanguage":"es","@id":"https:\/\/elcotarro.com\/?p=2976#primaryimage","url":"https:\/\/elcotarro.com\/wp-content\/uploads\/2016\/07\/FOTO-6.-Sandra-firmando.jpg","contentUrl":"https:\/\/elcotarro.com\/wp-content\/uploads\/2016\/07\/FOTO-6.-Sandra-firmando.jpg","width":4256,"height":2832},{"@type":"BreadcrumbList","@id":"https:\/\/elcotarro.com\/?p=2976#breadcrumb","itemListElement":[{"@type":"ListItem","position":1,"name":"Portada","item":"https:\/\/elcotarro.com\/"},{"@type":"ListItem","position":2,"name":"GALA DE EXALTACI\u00d3N A LA MUJER CANARIA"}]},{"@type":"WebSite","@id":"https:\/\/elcotarro.com\/#website","url":"https:\/\/elcotarro.com\/","name":"El Cotarro","description":"Peri\u00f3dico Digital Independiente dirigido por Jos\u00e9 Carlos Marrero","publisher":{"@id":"https:\/\/elcotarro.com\/#organization"},"potentialAction":[{"@type":"SearchAction","target":{"@type":"EntryPoint","urlTemplate":"https:\/\/elcotarro.com\/?s={search_term_string}"},"query-input":{"@type":"PropertyValueSpecification","valueRequired":true,"valueName":"search_term_string"}}],"inLanguage":"es"},{"@type":"Organization","@id":"https:\/\/elcotarro.com\/#organization","name":"El Cotarro","url":"https:\/\/elcotarro.com\/","logo":{"@type":"ImageObject","inLanguage":"es","@id":"https:\/\/elcotarro.com\/#\/schema\/logo\/image\/","url":"https:\/\/elcotarro.com\/wp-content\/uploads\/2014\/09\/Cabecera_El_Cotarro_v2.jpg","contentUrl":"https:\/\/elcotarro.com\/wp-content\/uploads\/2014\/09\/Cabecera_El_Cotarro_v2.jpg","width":3540,"height":441,"caption":"El Cotarro"},"image":{"@id":"https:\/\/elcotarro.com\/#\/schema\/logo\/image\/"},"sameAs":["https:\/\/www.facebook.com\/ElCotarro.Tenerife"]},{"@type":"Person","@id":"https:\/\/elcotarro.com\/#\/schema\/person\/af537ee7d60d15984c7e0affcd8a918b","name":"Jos\u00e9 Carlos Marrero Gonz\u00e1lez","image":{"@type":"ImageObject","inLanguage":"es","@id":"https:\/\/elcotarro.com\/#\/schema\/person\/image\/","url":"https:\/\/secure.gravatar.com\/avatar\/def4da036efb5d32c74d49c351f6dccc064dd69ad9f3aadc295c5a9a5391ca01?s=96&d=mm&r=g","contentUrl":"https:\/\/secure.gravatar.com\/avatar\/def4da036efb5d32c74d49c351f6dccc064dd69ad9f3aadc295c5a9a5391ca01?s=96&d=mm&r=g","caption":"Jos\u00e9 Carlos Marrero Gonz\u00e1lez"},"sameAs":["https:\/\/elcotarro.com"],"url":"https:\/\/elcotarro.com\/?author=2"}]}},"jetpack_featured_media_url":"","jetpack_sharing_enabled":true,"_links":{"self":[{"href":"https:\/\/elcotarro.com\/index.php?rest_route=\/wp\/v2\/posts\/2976","targetHints":{"allow":["GET"]}}],"collection":[{"href":"https:\/\/elcotarro.com\/index.php?rest_route=\/wp\/v2\/posts"}],"about":[{"href":"https:\/\/elcotarro.com\/index.php?rest_route=\/wp\/v2\/types\/post"}],"author":[{"embeddable":true,"href":"https:\/\/elcotarro.com\/index.php?rest_route=\/wp\/v2\/users\/2"}],"replies":[{"embeddable":true,"href":"https:\/\/elcotarro.com\/index.php?rest_route=%2Fwp%2Fv2%2Fcomments&post=2976"}],"version-history":[{"count":1,"href":"https:\/\/elcotarro.com\/index.php?rest_route=\/wp\/v2\/posts\/2976\/revisions"}],"predecessor-version":[{"id":2978,"href":"https:\/\/elcotarro.com\/index.php?rest_route=\/wp\/v2\/posts\/2976\/revisions\/2978"}],"wp:attachment":[{"href":"https:\/\/elcotarro.com\/index.php?rest_route=%2Fwp%2Fv2%2Fmedia&parent=2976"}],"wp:term":[{"taxonomy":"category","embeddable":true,"href":"https:\/\/elcotarro.com\/index.php?rest_route=%2Fwp%2Fv2%2Fcategories&post=2976"},{"taxonomy":"post_tag","embeddable":true,"href":"https:\/\/elcotarro.com\/index.php?rest_route=%2Fwp%2Fv2%2Ftags&post=2976"}],"curies":[{"name":"wp","href":"https:\/\/api.w.org\/{rel}","templated":true}]}}