{"id":2995,"date":"2016-07-17T11:04:49","date_gmt":"2016-07-17T10:04:49","guid":{"rendered":"https:\/\/elcotarro.com\/?p=2995"},"modified":"2016-07-17T10:07:21","modified_gmt":"2016-07-17T09:07:21","slug":"santi-negrin-presidente-de-la-forta","status":"publish","type":"post","link":"https:\/\/elcotarro.com\/?p=2995","title":{"rendered":"SANTI NEGR\u00cdN, PRESIDENTE DE LA FORTA"},"content":{"rendered":"<p>Hay que destacar que, tras un par de a\u00f1os en la radio,<strong>Santiago Negr\u00edn Dorta<\/strong>\u00a0se pas\u00f3 a la televisi\u00f3n, siendo uno de los tres periodistas que ech\u00f3 a andar los informativos de la Televisi\u00f3n Auton\u00f3mica de Canarias, presentando en 1999 el primer Telenoticias auton\u00f3mico\u2026 Creo que\u00a0<strong>Santi Negr\u00edn<\/strong>\u00a0ha sido el \u00fanico periodista que ha hecho doblete (y dos piedras) habiendo sido jefe de prensa del Gobierno de Canarias, bajo la presidencia de\u00a0<strong>Ad\u00e1n Mart\u00edn Menis<\/strong>\u00a0(q.e.p.d.) y del Parlamento de Canarias con\u00a0<strong>Antonio Castro Cordobez<\/strong>\u00a0como presidente\u2026 <strong>Santiago<\/strong>\u00a0ha sido profesor de la Universidad Europea en Canarias, escrib\u00eda diariamente \u201cLa Chincheta\u201d en este peri\u00f3dico\u00a0<strong>EL D\u00cdA<\/strong>\u00a0y fue responsable de Contenidos de la SER en nuestra tierra, hasta su incorporaci\u00f3n a la Direcci\u00f3n General del Ente P\u00fablico Radiotelevisi\u00f3n Canaria. Desde el jueves <strong>Santi<\/strong> es, adem\u00e1s, presidente de la FORTA y dicha instituci\u00f3n ha asegurado que <strong>Santiago<\/strong> \u201caunar\u00e1 esfuerzos para <em>\u201cmantener y reforzar la unidad de acci\u00f3n y cooperaci\u00f3n entre las radios y televisiones auton\u00f3micas\u201d<\/em><\/p>\n<p style=\"text-align: center\"><a href=\"https:\/\/elcotarro.com\/wp-content\/uploads\/2016\/07\/FOTO-2.-Santiago-Negr\u00edn.jpg\"><img loading=\"lazy\" decoding=\"async\" class=\"alignnone size-full wp-image-2996\" src=\"https:\/\/elcotarro.com\/wp-content\/uploads\/2016\/07\/FOTO-2.-Santiago-Negr\u00edn.jpg\" alt=\"FOTO 2.- Santiago Negr\u00edn\" width=\"500\" height=\"390\" srcset=\"https:\/\/elcotarro.com\/wp-content\/uploads\/2016\/07\/FOTO-2.-Santiago-Negr\u00edn.jpg 500w, https:\/\/elcotarro.com\/wp-content\/uploads\/2016\/07\/FOTO-2.-Santiago-Negr\u00edn-300x234.jpg 300w\" sizes=\"auto, (max-width: 500px) 100vw, 500px\" \/><\/a><\/p>\n<p style=\"text-align: center\"><em>Santiago Negr\u00edn Dorta, ahora, adem\u00e1s, nuevo presidente de la FORTA.<\/em><\/p>\n","protected":false},"excerpt":{"rendered":"<p>Hay que destacar que, tras un par de a\u00f1os en la radio,Santiago Negr\u00edn Dorta\u00a0se pas\u00f3 a la televisi\u00f3n, siendo uno de los tres periodistas que ech\u00f3 a andar los informativos de la Televisi\u00f3n Auton\u00f3mica de Canarias, presentando en 1999 el primer Telenoticias auton\u00f3mico\u2026 Creo que\u00a0Santi Negr\u00edn\u00a0ha sido el \u00fanico periodista que ha hecho doblete (y &#8230; <a class=\"read-more\" href=\"https:\/\/elcotarro.com\/?p=2995\">Read more<\/a><\/p>\n","protected":false},"author":2,"featured_media":0,"comment_status":"open","ping_status":"open","sticky":false,"template":"","format":"standard","meta":{"_jetpack_memberships_contains_paid_content":false,"footnotes":""},"categories":[1],"tags":[],"class_list":["post-2995","post","type-post","status-publish","format-standard","hentry","category-sin-categoria"],"yoast_head":"<!-- This site is optimized with the Yoast SEO plugin v27.0 - https:\/\/yoast.com\/product\/yoast-seo-wordpress\/ -->\n<title>SANTI NEGR\u00cdN, PRESIDENTE DE LA FORTA - El Cotarro<\/title>\n<meta name=\"robots\" content=\"index, follow, max-snippet:-1, max-image-preview:large, max-video-preview:-1\" \/>\n<link rel=\"canonical\" href=\"https:\/\/elcotarro.com\/?p=2995\" \/>\n<meta property=\"og:locale\" content=\"es_ES\" \/>\n<meta property=\"og:type\" content=\"article\" \/>\n<meta property=\"og:title\" content=\"SANTI NEGR\u00cdN, PRESIDENTE DE LA FORTA - El Cotarro\" \/>\n<meta property=\"og:description\" content=\"Hay que destacar que, tras un par de a\u00f1os en la radio,Santiago Negr\u00edn Dorta\u00a0se pas\u00f3 a la televisi\u00f3n, siendo uno de los tres periodistas que ech\u00f3 a andar los informativos de la Televisi\u00f3n Auton\u00f3mica de Canarias, presentando en 1999 el primer Telenoticias auton\u00f3mico\u2026 Creo que\u00a0Santi Negr\u00edn\u00a0ha sido el \u00fanico periodista que ha hecho doblete (y ... Read more\" \/>\n<meta property=\"og:url\" content=\"https:\/\/elcotarro.com\/?p=2995\" \/>\n<meta property=\"og:site_name\" content=\"El Cotarro\" \/>\n<meta property=\"article:publisher\" content=\"https:\/\/www.facebook.com\/ElCotarro.Tenerife\" \/>\n<meta property=\"article:published_time\" content=\"2016-07-17T10:04:49+00:00\" \/>\n<meta name=\"author\" content=\"Jos\u00e9 Carlos Marrero Gonz\u00e1lez\" \/>\n<meta name=\"twitter:label1\" content=\"Escrito por\" \/>\n\t<meta name=\"twitter:data1\" content=\"Jos\u00e9 Carlos Marrero Gonz\u00e1lez\" \/>\n\t<meta name=\"twitter:label2\" content=\"Tiempo de lectura\" \/>\n\t<meta name=\"twitter:data2\" content=\"1 minuto\" \/>\n<script type=\"application\/ld+json\" class=\"yoast-schema-graph\">{\"@context\":\"https:\/\/schema.org\",\"@graph\":[{\"@type\":\"Article\",\"@id\":\"https:\/\/elcotarro.com\/?p=2995#article\",\"isPartOf\":{\"@id\":\"https:\/\/elcotarro.com\/?p=2995\"},\"author\":{\"name\":\"Jos\u00e9 Carlos Marrero Gonz\u00e1lez\",\"@id\":\"https:\/\/elcotarro.com\/#\/schema\/person\/af537ee7d60d15984c7e0affcd8a918b\"},\"headline\":\"SANTI NEGR\u00cdN, PRESIDENTE DE LA FORTA\",\"datePublished\":\"2016-07-17T10:04:49+00:00\",\"mainEntityOfPage\":{\"@id\":\"https:\/\/elcotarro.com\/?p=2995\"},\"wordCount\":208,\"commentCount\":0,\"publisher\":{\"@id\":\"https:\/\/elcotarro.com\/#organization\"},\"inLanguage\":\"es\",\"potentialAction\":[{\"@type\":\"CommentAction\",\"name\":\"Comment\",\"target\":[\"https:\/\/elcotarro.com\/?p=2995#respond\"]}]},{\"@type\":\"WebPage\",\"@id\":\"https:\/\/elcotarro.com\/?p=2995\",\"url\":\"https:\/\/elcotarro.com\/?p=2995\",\"name\":\"SANTI NEGR\u00cdN, PRESIDENTE DE LA FORTA - El Cotarro\",\"isPartOf\":{\"@id\":\"https:\/\/elcotarro.com\/#website\"},\"datePublished\":\"2016-07-17T10:04:49+00:00\",\"breadcrumb\":{\"@id\":\"https:\/\/elcotarro.com\/?p=2995#breadcrumb\"},\"inLanguage\":\"es\",\"potentialAction\":[{\"@type\":\"ReadAction\",\"target\":[\"https:\/\/elcotarro.com\/?p=2995\"]}]},{\"@type\":\"BreadcrumbList\",\"@id\":\"https:\/\/elcotarro.com\/?p=2995#breadcrumb\",\"itemListElement\":[{\"@type\":\"ListItem\",\"position\":1,\"name\":\"Portada\",\"item\":\"https:\/\/elcotarro.com\/\"},{\"@type\":\"ListItem\",\"position\":2,\"name\":\"SANTI NEGR\u00cdN, PRESIDENTE DE LA FORTA\"}]},{\"@type\":\"WebSite\",\"@id\":\"https:\/\/elcotarro.com\/#website\",\"url\":\"https:\/\/elcotarro.com\/\",\"name\":\"El Cotarro\",\"description\":\"Peri\u00f3dico Digital Independiente dirigido por Jos\u00e9 Carlos Marrero\",\"publisher\":{\"@id\":\"https:\/\/elcotarro.com\/#organization\"},\"potentialAction\":[{\"@type\":\"SearchAction\",\"target\":{\"@type\":\"EntryPoint\",\"urlTemplate\":\"https:\/\/elcotarro.com\/?s={search_term_string}\"},\"query-input\":{\"@type\":\"PropertyValueSpecification\",\"valueRequired\":true,\"valueName\":\"search_term_string\"}}],\"inLanguage\":\"es\"},{\"@type\":\"Organization\",\"@id\":\"https:\/\/elcotarro.com\/#organization\",\"name\":\"El Cotarro\",\"url\":\"https:\/\/elcotarro.com\/\",\"logo\":{\"@type\":\"ImageObject\",\"inLanguage\":\"es\",\"@id\":\"https:\/\/elcotarro.com\/#\/schema\/logo\/image\/\",\"url\":\"https:\/\/elcotarro.com\/wp-content\/uploads\/2014\/09\/Cabecera_El_Cotarro_v2.jpg\",\"contentUrl\":\"https:\/\/elcotarro.com\/wp-content\/uploads\/2014\/09\/Cabecera_El_Cotarro_v2.jpg\",\"width\":3540,\"height\":441,\"caption\":\"El Cotarro\"},\"image\":{\"@id\":\"https:\/\/elcotarro.com\/#\/schema\/logo\/image\/\"},\"sameAs\":[\"https:\/\/www.facebook.com\/ElCotarro.Tenerife\"]},{\"@type\":\"Person\",\"@id\":\"https:\/\/elcotarro.com\/#\/schema\/person\/af537ee7d60d15984c7e0affcd8a918b\",\"name\":\"Jos\u00e9 Carlos Marrero Gonz\u00e1lez\",\"image\":{\"@type\":\"ImageObject\",\"inLanguage\":\"es\",\"@id\":\"https:\/\/elcotarro.com\/#\/schema\/person\/image\/\",\"url\":\"https:\/\/secure.gravatar.com\/avatar\/def4da036efb5d32c74d49c351f6dccc064dd69ad9f3aadc295c5a9a5391ca01?s=96&d=mm&r=g\",\"contentUrl\":\"https:\/\/secure.gravatar.com\/avatar\/def4da036efb5d32c74d49c351f6dccc064dd69ad9f3aadc295c5a9a5391ca01?s=96&d=mm&r=g\",\"caption\":\"Jos\u00e9 Carlos Marrero Gonz\u00e1lez\"},\"sameAs\":[\"https:\/\/elcotarro.com\"],\"url\":\"https:\/\/elcotarro.com\/?author=2\"}]}<\/script>\n<!-- \/ Yoast SEO plugin. -->","yoast_head_json":{"title":"SANTI NEGR\u00cdN, PRESIDENTE DE LA FORTA - El Cotarro","robots":{"index":"index","follow":"follow","max-snippet":"max-snippet:-1","max-image-preview":"max-image-preview:large","max-video-preview":"max-video-preview:-1"},"canonical":"https:\/\/elcotarro.com\/?p=2995","og_locale":"es_ES","og_type":"article","og_title":"SANTI NEGR\u00cdN, PRESIDENTE DE LA FORTA - El Cotarro","og_description":"Hay que destacar que, tras un par de a\u00f1os en la radio,Santiago Negr\u00edn Dorta\u00a0se pas\u00f3 a la televisi\u00f3n, siendo uno de los tres periodistas que ech\u00f3 a andar los informativos de la Televisi\u00f3n Auton\u00f3mica de Canarias, presentando en 1999 el primer Telenoticias auton\u00f3mico\u2026 Creo que\u00a0Santi Negr\u00edn\u00a0ha sido el \u00fanico periodista que ha hecho doblete (y ... Read more","og_url":"https:\/\/elcotarro.com\/?p=2995","og_site_name":"El Cotarro","article_publisher":"https:\/\/www.facebook.com\/ElCotarro.Tenerife","article_published_time":"2016-07-17T10:04:49+00:00","author":"Jos\u00e9 Carlos Marrero Gonz\u00e1lez","twitter_misc":{"Escrito por":"Jos\u00e9 Carlos Marrero Gonz\u00e1lez","Tiempo de lectura":"1 minuto"},"schema":{"@context":"https:\/\/schema.org","@graph":[{"@type":"Article","@id":"https:\/\/elcotarro.com\/?p=2995#article","isPartOf":{"@id":"https:\/\/elcotarro.com\/?p=2995"},"author":{"name":"Jos\u00e9 Carlos Marrero Gonz\u00e1lez","@id":"https:\/\/elcotarro.com\/#\/schema\/person\/af537ee7d60d15984c7e0affcd8a918b"},"headline":"SANTI NEGR\u00cdN, PRESIDENTE DE LA FORTA","datePublished":"2016-07-17T10:04:49+00:00","mainEntityOfPage":{"@id":"https:\/\/elcotarro.com\/?p=2995"},"wordCount":208,"commentCount":0,"publisher":{"@id":"https:\/\/elcotarro.com\/#organization"},"inLanguage":"es","potentialAction":[{"@type":"CommentAction","name":"Comment","target":["https:\/\/elcotarro.com\/?p=2995#respond"]}]},{"@type":"WebPage","@id":"https:\/\/elcotarro.com\/?p=2995","url":"https:\/\/elcotarro.com\/?p=2995","name":"SANTI NEGR\u00cdN, PRESIDENTE DE LA FORTA - El Cotarro","isPartOf":{"@id":"https:\/\/elcotarro.com\/#website"},"datePublished":"2016-07-17T10:04:49+00:00","breadcrumb":{"@id":"https:\/\/elcotarro.com\/?p=2995#breadcrumb"},"inLanguage":"es","potentialAction":[{"@type":"ReadAction","target":["https:\/\/elcotarro.com\/?p=2995"]}]},{"@type":"BreadcrumbList","@id":"https:\/\/elcotarro.com\/?p=2995#breadcrumb","itemListElement":[{"@type":"ListItem","position":1,"name":"Portada","item":"https:\/\/elcotarro.com\/"},{"@type":"ListItem","position":2,"name":"SANTI NEGR\u00cdN, PRESIDENTE DE LA FORTA"}]},{"@type":"WebSite","@id":"https:\/\/elcotarro.com\/#website","url":"https:\/\/elcotarro.com\/","name":"El Cotarro","description":"Peri\u00f3dico Digital Independiente dirigido por Jos\u00e9 Carlos Marrero","publisher":{"@id":"https:\/\/elcotarro.com\/#organization"},"potentialAction":[{"@type":"SearchAction","target":{"@type":"EntryPoint","urlTemplate":"https:\/\/elcotarro.com\/?s={search_term_string}"},"query-input":{"@type":"PropertyValueSpecification","valueRequired":true,"valueName":"search_term_string"}}],"inLanguage":"es"},{"@type":"Organization","@id":"https:\/\/elcotarro.com\/#organization","name":"El Cotarro","url":"https:\/\/elcotarro.com\/","logo":{"@type":"ImageObject","inLanguage":"es","@id":"https:\/\/elcotarro.com\/#\/schema\/logo\/image\/","url":"https:\/\/elcotarro.com\/wp-content\/uploads\/2014\/09\/Cabecera_El_Cotarro_v2.jpg","contentUrl":"https:\/\/elcotarro.com\/wp-content\/uploads\/2014\/09\/Cabecera_El_Cotarro_v2.jpg","width":3540,"height":441,"caption":"El Cotarro"},"image":{"@id":"https:\/\/elcotarro.com\/#\/schema\/logo\/image\/"},"sameAs":["https:\/\/www.facebook.com\/ElCotarro.Tenerife"]},{"@type":"Person","@id":"https:\/\/elcotarro.com\/#\/schema\/person\/af537ee7d60d15984c7e0affcd8a918b","name":"Jos\u00e9 Carlos Marrero Gonz\u00e1lez","image":{"@type":"ImageObject","inLanguage":"es","@id":"https:\/\/elcotarro.com\/#\/schema\/person\/image\/","url":"https:\/\/secure.gravatar.com\/avatar\/def4da036efb5d32c74d49c351f6dccc064dd69ad9f3aadc295c5a9a5391ca01?s=96&d=mm&r=g","contentUrl":"https:\/\/secure.gravatar.com\/avatar\/def4da036efb5d32c74d49c351f6dccc064dd69ad9f3aadc295c5a9a5391ca01?s=96&d=mm&r=g","caption":"Jos\u00e9 Carlos Marrero Gonz\u00e1lez"},"sameAs":["https:\/\/elcotarro.com"],"url":"https:\/\/elcotarro.com\/?author=2"}]}},"jetpack_featured_media_url":"","jetpack_sharing_enabled":true,"_links":{"self":[{"href":"https:\/\/elcotarro.com\/index.php?rest_route=\/wp\/v2\/posts\/2995","targetHints":{"allow":["GET"]}}],"collection":[{"href":"https:\/\/elcotarro.com\/index.php?rest_route=\/wp\/v2\/posts"}],"about":[{"href":"https:\/\/elcotarro.com\/index.php?rest_route=\/wp\/v2\/types\/post"}],"author":[{"embeddable":true,"href":"https:\/\/elcotarro.com\/index.php?rest_route=\/wp\/v2\/users\/2"}],"replies":[{"embeddable":true,"href":"https:\/\/elcotarro.com\/index.php?rest_route=%2Fwp%2Fv2%2Fcomments&post=2995"}],"version-history":[{"count":1,"href":"https:\/\/elcotarro.com\/index.php?rest_route=\/wp\/v2\/posts\/2995\/revisions"}],"predecessor-version":[{"id":2997,"href":"https:\/\/elcotarro.com\/index.php?rest_route=\/wp\/v2\/posts\/2995\/revisions\/2997"}],"wp:attachment":[{"href":"https:\/\/elcotarro.com\/index.php?rest_route=%2Fwp%2Fv2%2Fmedia&parent=2995"}],"wp:term":[{"taxonomy":"category","embeddable":true,"href":"https:\/\/elcotarro.com\/index.php?rest_route=%2Fwp%2Fv2%2Fcategories&post=2995"},{"taxonomy":"post_tag","embeddable":true,"href":"https:\/\/elcotarro.com\/index.php?rest_route=%2Fwp%2Fv2%2Ftags&post=2995"}],"curies":[{"name":"wp","href":"https:\/\/api.w.org\/{rel}","templated":true}]}}