{"id":3001,"date":"2016-07-17T11:02:05","date_gmt":"2016-07-17T10:02:05","guid":{"rendered":"https:\/\/elcotarro.com\/?p=3001"},"modified":"2016-07-17T10:09:46","modified_gmt":"2016-07-17T09:09:46","slug":"amid-achi-mil-empleos-en-un-ano","status":"publish","type":"post","link":"https:\/\/elcotarro.com\/?p=3001","title":{"rendered":"AMID ACHI: \u00a1MIL EMPLEOS EN UN A\u00d1O!"},"content":{"rendered":"<p>La semana pasada habl\u00e9 del honor que hab\u00edan tributado al empresario <strong>Amid Achi Fadul<\/strong> en la Universidad Europea de Canarias, nombr\u00e1ndolo padrino de la Promoci\u00f3n 2015-2016. A alg\u00fan lector le pareci\u00f3 peloteo y alg\u00fan otro se recarcomi\u00f3 de envidia. Por si alguno duda de la val\u00eda del personaje, les a\u00f1ado esta semana un par de datos m\u00e1s. <strong>Amid Ach\u00ed<\/strong>, en calidad de presidente del Grupo N\u00ba1 y de la empresa Archigesti\u00f3n, presidi\u00f3 el pasado jueves junto con el alcalde de Adeje, <strong>Jos\u00e9 Miguel Rodr\u00edguez Fraga<\/strong>, la presentaci\u00f3n del nuevo Centro Comercial Gale\u00f3n Outlet, cuya inversi\u00f3n supone un buen pu\u00f1ado de millones de euros y la generaci\u00f3n de unos 370 puestos de trabajo (incluyendo en ellos los 79 del supermercado Hiperdino). Pero hay que recordar que hace un a\u00f1o, los mismos dos personajes presentaban el Siam Mall, tambi\u00e9n en Adeje, donde se han creado otros 650 empleos (tambi\u00e9n con unos 100 aportados por Hiperdino). La fuerza empresarial que aglutina <strong>Amid Ach\u00ed Fadul<\/strong> y su equipo han creado en Tenerife \u00a1\u00a1m\u00e1s de mil puestos de trabajo en un a\u00f1o!!<\/p>\n<p><a href=\"https:\/\/elcotarro.com\/wp-content\/uploads\/2016\/07\/FOTO-4.-Gale\u00f3n-Outlet.jpg\"><img loading=\"lazy\" decoding=\"async\" class=\"alignnone size-full wp-image-3002\" src=\"https:\/\/elcotarro.com\/wp-content\/uploads\/2016\/07\/FOTO-4.-Gale\u00f3n-Outlet.jpg\" alt=\"FOTO 4.- Gale\u00f3n Outlet\" width=\"2560\" height=\"1920\" srcset=\"https:\/\/elcotarro.com\/wp-content\/uploads\/2016\/07\/FOTO-4.-Gale\u00f3n-Outlet.jpg 2560w, https:\/\/elcotarro.com\/wp-content\/uploads\/2016\/07\/FOTO-4.-Gale\u00f3n-Outlet-300x225.jpg 300w, https:\/\/elcotarro.com\/wp-content\/uploads\/2016\/07\/FOTO-4.-Gale\u00f3n-Outlet-1024x768.jpg 1024w\" sizes=\"auto, (max-width: 2560px) 100vw, 2560px\" \/><\/a><\/p>\n<p style=\"text-align: center\"><em>De izquierda a derecha: Teresa D\u00edaz (gerente del Gale\u00f3n Outlet), Amid Ach\u00ed (Presidente del Grupo N\u00ba1 y Archigesti\u00f3n), Jos\u00e9 Miguel Rodr\u00edguez Fraga (alcalde de Adeje) y Olivia Llorca (Directora Marketing y Comunicaci\u00f3n de Hiperdino) en la presentaci\u00f3n del Gale\u00f3n Outlet.<\/em><\/p>\n","protected":false},"excerpt":{"rendered":"<p>La semana pasada habl\u00e9 del honor que hab\u00edan tributado al empresario Amid Achi Fadul en la Universidad Europea de Canarias, nombr\u00e1ndolo padrino de la Promoci\u00f3n 2015-2016. A alg\u00fan lector le pareci\u00f3 peloteo y alg\u00fan otro se recarcomi\u00f3 de envidia. Por si alguno duda de la val\u00eda del personaje, les a\u00f1ado esta semana un par de &#8230; <a class=\"read-more\" href=\"https:\/\/elcotarro.com\/?p=3001\">Read more<\/a><\/p>\n","protected":false},"author":2,"featured_media":0,"comment_status":"open","ping_status":"open","sticky":false,"template":"","format":"standard","meta":{"_jetpack_memberships_contains_paid_content":false,"footnotes":""},"categories":[1],"tags":[],"class_list":["post-3001","post","type-post","status-publish","format-standard","hentry","category-sin-categoria"],"yoast_head":"<!-- This site is optimized with the Yoast SEO plugin v27.0 - https:\/\/yoast.com\/product\/yoast-seo-wordpress\/ -->\n<title>AMID ACHI: \u00a1MIL EMPLEOS EN UN A\u00d1O! - El Cotarro<\/title>\n<meta name=\"robots\" content=\"index, follow, max-snippet:-1, max-image-preview:large, max-video-preview:-1\" \/>\n<link rel=\"canonical\" href=\"https:\/\/elcotarro.com\/?p=3001\" \/>\n<meta property=\"og:locale\" content=\"es_ES\" \/>\n<meta property=\"og:type\" content=\"article\" \/>\n<meta property=\"og:title\" content=\"AMID ACHI: \u00a1MIL EMPLEOS EN UN A\u00d1O! - El Cotarro\" \/>\n<meta property=\"og:description\" content=\"La semana pasada habl\u00e9 del honor que hab\u00edan tributado al empresario Amid Achi Fadul en la Universidad Europea de Canarias, nombr\u00e1ndolo padrino de la Promoci\u00f3n 2015-2016. A alg\u00fan lector le pareci\u00f3 peloteo y alg\u00fan otro se recarcomi\u00f3 de envidia. Por si alguno duda de la val\u00eda del personaje, les a\u00f1ado esta semana un par de ... Read more\" \/>\n<meta property=\"og:url\" content=\"https:\/\/elcotarro.com\/?p=3001\" \/>\n<meta property=\"og:site_name\" content=\"El Cotarro\" \/>\n<meta property=\"article:publisher\" content=\"https:\/\/www.facebook.com\/ElCotarro.Tenerife\" \/>\n<meta property=\"article:published_time\" content=\"2016-07-17T10:02:05+00:00\" \/>\n<meta name=\"author\" content=\"Jos\u00e9 Carlos Marrero Gonz\u00e1lez\" \/>\n<meta name=\"twitter:label1\" content=\"Escrito por\" \/>\n\t<meta name=\"twitter:data1\" content=\"Jos\u00e9 Carlos Marrero Gonz\u00e1lez\" \/>\n\t<meta name=\"twitter:label2\" content=\"Tiempo de lectura\" \/>\n\t<meta name=\"twitter:data2\" content=\"1 minuto\" \/>\n<script type=\"application\/ld+json\" class=\"yoast-schema-graph\">{\"@context\":\"https:\/\/schema.org\",\"@graph\":[{\"@type\":\"Article\",\"@id\":\"https:\/\/elcotarro.com\/?p=3001#article\",\"isPartOf\":{\"@id\":\"https:\/\/elcotarro.com\/?p=3001\"},\"author\":{\"name\":\"Jos\u00e9 Carlos Marrero Gonz\u00e1lez\",\"@id\":\"https:\/\/elcotarro.com\/#\/schema\/person\/af537ee7d60d15984c7e0affcd8a918b\"},\"headline\":\"AMID ACHI: \u00a1MIL EMPLEOS EN UN A\u00d1O!\",\"datePublished\":\"2016-07-17T10:02:05+00:00\",\"mainEntityOfPage\":{\"@id\":\"https:\/\/elcotarro.com\/?p=3001\"},\"wordCount\":248,\"commentCount\":0,\"publisher\":{\"@id\":\"https:\/\/elcotarro.com\/#organization\"},\"inLanguage\":\"es\",\"potentialAction\":[{\"@type\":\"CommentAction\",\"name\":\"Comment\",\"target\":[\"https:\/\/elcotarro.com\/?p=3001#respond\"]}]},{\"@type\":\"WebPage\",\"@id\":\"https:\/\/elcotarro.com\/?p=3001\",\"url\":\"https:\/\/elcotarro.com\/?p=3001\",\"name\":\"AMID ACHI: \u00a1MIL EMPLEOS EN UN A\u00d1O! - El Cotarro\",\"isPartOf\":{\"@id\":\"https:\/\/elcotarro.com\/#website\"},\"datePublished\":\"2016-07-17T10:02:05+00:00\",\"breadcrumb\":{\"@id\":\"https:\/\/elcotarro.com\/?p=3001#breadcrumb\"},\"inLanguage\":\"es\",\"potentialAction\":[{\"@type\":\"ReadAction\",\"target\":[\"https:\/\/elcotarro.com\/?p=3001\"]}]},{\"@type\":\"BreadcrumbList\",\"@id\":\"https:\/\/elcotarro.com\/?p=3001#breadcrumb\",\"itemListElement\":[{\"@type\":\"ListItem\",\"position\":1,\"name\":\"Portada\",\"item\":\"https:\/\/elcotarro.com\/\"},{\"@type\":\"ListItem\",\"position\":2,\"name\":\"AMID ACHI: \u00a1MIL EMPLEOS EN UN A\u00d1O!\"}]},{\"@type\":\"WebSite\",\"@id\":\"https:\/\/elcotarro.com\/#website\",\"url\":\"https:\/\/elcotarro.com\/\",\"name\":\"El Cotarro\",\"description\":\"Peri\u00f3dico Digital Independiente dirigido por Jos\u00e9 Carlos Marrero\",\"publisher\":{\"@id\":\"https:\/\/elcotarro.com\/#organization\"},\"potentialAction\":[{\"@type\":\"SearchAction\",\"target\":{\"@type\":\"EntryPoint\",\"urlTemplate\":\"https:\/\/elcotarro.com\/?s={search_term_string}\"},\"query-input\":{\"@type\":\"PropertyValueSpecification\",\"valueRequired\":true,\"valueName\":\"search_term_string\"}}],\"inLanguage\":\"es\"},{\"@type\":\"Organization\",\"@id\":\"https:\/\/elcotarro.com\/#organization\",\"name\":\"El Cotarro\",\"url\":\"https:\/\/elcotarro.com\/\",\"logo\":{\"@type\":\"ImageObject\",\"inLanguage\":\"es\",\"@id\":\"https:\/\/elcotarro.com\/#\/schema\/logo\/image\/\",\"url\":\"https:\/\/elcotarro.com\/wp-content\/uploads\/2014\/09\/Cabecera_El_Cotarro_v2.jpg\",\"contentUrl\":\"https:\/\/elcotarro.com\/wp-content\/uploads\/2014\/09\/Cabecera_El_Cotarro_v2.jpg\",\"width\":3540,\"height\":441,\"caption\":\"El Cotarro\"},\"image\":{\"@id\":\"https:\/\/elcotarro.com\/#\/schema\/logo\/image\/\"},\"sameAs\":[\"https:\/\/www.facebook.com\/ElCotarro.Tenerife\"]},{\"@type\":\"Person\",\"@id\":\"https:\/\/elcotarro.com\/#\/schema\/person\/af537ee7d60d15984c7e0affcd8a918b\",\"name\":\"Jos\u00e9 Carlos Marrero Gonz\u00e1lez\",\"image\":{\"@type\":\"ImageObject\",\"inLanguage\":\"es\",\"@id\":\"https:\/\/elcotarro.com\/#\/schema\/person\/image\/\",\"url\":\"https:\/\/secure.gravatar.com\/avatar\/def4da036efb5d32c74d49c351f6dccc064dd69ad9f3aadc295c5a9a5391ca01?s=96&d=mm&r=g\",\"contentUrl\":\"https:\/\/secure.gravatar.com\/avatar\/def4da036efb5d32c74d49c351f6dccc064dd69ad9f3aadc295c5a9a5391ca01?s=96&d=mm&r=g\",\"caption\":\"Jos\u00e9 Carlos Marrero Gonz\u00e1lez\"},\"sameAs\":[\"https:\/\/elcotarro.com\"],\"url\":\"https:\/\/elcotarro.com\/?author=2\"}]}<\/script>\n<!-- \/ Yoast SEO plugin. -->","yoast_head_json":{"title":"AMID ACHI: \u00a1MIL EMPLEOS EN UN A\u00d1O! - El Cotarro","robots":{"index":"index","follow":"follow","max-snippet":"max-snippet:-1","max-image-preview":"max-image-preview:large","max-video-preview":"max-video-preview:-1"},"canonical":"https:\/\/elcotarro.com\/?p=3001","og_locale":"es_ES","og_type":"article","og_title":"AMID ACHI: \u00a1MIL EMPLEOS EN UN A\u00d1O! - El Cotarro","og_description":"La semana pasada habl\u00e9 del honor que hab\u00edan tributado al empresario Amid Achi Fadul en la Universidad Europea de Canarias, nombr\u00e1ndolo padrino de la Promoci\u00f3n 2015-2016. A alg\u00fan lector le pareci\u00f3 peloteo y alg\u00fan otro se recarcomi\u00f3 de envidia. Por si alguno duda de la val\u00eda del personaje, les a\u00f1ado esta semana un par de ... Read more","og_url":"https:\/\/elcotarro.com\/?p=3001","og_site_name":"El Cotarro","article_publisher":"https:\/\/www.facebook.com\/ElCotarro.Tenerife","article_published_time":"2016-07-17T10:02:05+00:00","author":"Jos\u00e9 Carlos Marrero Gonz\u00e1lez","twitter_misc":{"Escrito por":"Jos\u00e9 Carlos Marrero Gonz\u00e1lez","Tiempo de lectura":"1 minuto"},"schema":{"@context":"https:\/\/schema.org","@graph":[{"@type":"Article","@id":"https:\/\/elcotarro.com\/?p=3001#article","isPartOf":{"@id":"https:\/\/elcotarro.com\/?p=3001"},"author":{"name":"Jos\u00e9 Carlos Marrero Gonz\u00e1lez","@id":"https:\/\/elcotarro.com\/#\/schema\/person\/af537ee7d60d15984c7e0affcd8a918b"},"headline":"AMID ACHI: \u00a1MIL EMPLEOS EN UN A\u00d1O!","datePublished":"2016-07-17T10:02:05+00:00","mainEntityOfPage":{"@id":"https:\/\/elcotarro.com\/?p=3001"},"wordCount":248,"commentCount":0,"publisher":{"@id":"https:\/\/elcotarro.com\/#organization"},"inLanguage":"es","potentialAction":[{"@type":"CommentAction","name":"Comment","target":["https:\/\/elcotarro.com\/?p=3001#respond"]}]},{"@type":"WebPage","@id":"https:\/\/elcotarro.com\/?p=3001","url":"https:\/\/elcotarro.com\/?p=3001","name":"AMID ACHI: \u00a1MIL EMPLEOS EN UN A\u00d1O! - El Cotarro","isPartOf":{"@id":"https:\/\/elcotarro.com\/#website"},"datePublished":"2016-07-17T10:02:05+00:00","breadcrumb":{"@id":"https:\/\/elcotarro.com\/?p=3001#breadcrumb"},"inLanguage":"es","potentialAction":[{"@type":"ReadAction","target":["https:\/\/elcotarro.com\/?p=3001"]}]},{"@type":"BreadcrumbList","@id":"https:\/\/elcotarro.com\/?p=3001#breadcrumb","itemListElement":[{"@type":"ListItem","position":1,"name":"Portada","item":"https:\/\/elcotarro.com\/"},{"@type":"ListItem","position":2,"name":"AMID ACHI: \u00a1MIL EMPLEOS EN UN A\u00d1O!"}]},{"@type":"WebSite","@id":"https:\/\/elcotarro.com\/#website","url":"https:\/\/elcotarro.com\/","name":"El Cotarro","description":"Peri\u00f3dico Digital Independiente dirigido por Jos\u00e9 Carlos Marrero","publisher":{"@id":"https:\/\/elcotarro.com\/#organization"},"potentialAction":[{"@type":"SearchAction","target":{"@type":"EntryPoint","urlTemplate":"https:\/\/elcotarro.com\/?s={search_term_string}"},"query-input":{"@type":"PropertyValueSpecification","valueRequired":true,"valueName":"search_term_string"}}],"inLanguage":"es"},{"@type":"Organization","@id":"https:\/\/elcotarro.com\/#organization","name":"El Cotarro","url":"https:\/\/elcotarro.com\/","logo":{"@type":"ImageObject","inLanguage":"es","@id":"https:\/\/elcotarro.com\/#\/schema\/logo\/image\/","url":"https:\/\/elcotarro.com\/wp-content\/uploads\/2014\/09\/Cabecera_El_Cotarro_v2.jpg","contentUrl":"https:\/\/elcotarro.com\/wp-content\/uploads\/2014\/09\/Cabecera_El_Cotarro_v2.jpg","width":3540,"height":441,"caption":"El Cotarro"},"image":{"@id":"https:\/\/elcotarro.com\/#\/schema\/logo\/image\/"},"sameAs":["https:\/\/www.facebook.com\/ElCotarro.Tenerife"]},{"@type":"Person","@id":"https:\/\/elcotarro.com\/#\/schema\/person\/af537ee7d60d15984c7e0affcd8a918b","name":"Jos\u00e9 Carlos Marrero Gonz\u00e1lez","image":{"@type":"ImageObject","inLanguage":"es","@id":"https:\/\/elcotarro.com\/#\/schema\/person\/image\/","url":"https:\/\/secure.gravatar.com\/avatar\/def4da036efb5d32c74d49c351f6dccc064dd69ad9f3aadc295c5a9a5391ca01?s=96&d=mm&r=g","contentUrl":"https:\/\/secure.gravatar.com\/avatar\/def4da036efb5d32c74d49c351f6dccc064dd69ad9f3aadc295c5a9a5391ca01?s=96&d=mm&r=g","caption":"Jos\u00e9 Carlos Marrero Gonz\u00e1lez"},"sameAs":["https:\/\/elcotarro.com"],"url":"https:\/\/elcotarro.com\/?author=2"}]}},"jetpack_featured_media_url":"","jetpack_sharing_enabled":true,"_links":{"self":[{"href":"https:\/\/elcotarro.com\/index.php?rest_route=\/wp\/v2\/posts\/3001","targetHints":{"allow":["GET"]}}],"collection":[{"href":"https:\/\/elcotarro.com\/index.php?rest_route=\/wp\/v2\/posts"}],"about":[{"href":"https:\/\/elcotarro.com\/index.php?rest_route=\/wp\/v2\/types\/post"}],"author":[{"embeddable":true,"href":"https:\/\/elcotarro.com\/index.php?rest_route=\/wp\/v2\/users\/2"}],"replies":[{"embeddable":true,"href":"https:\/\/elcotarro.com\/index.php?rest_route=%2Fwp%2Fv2%2Fcomments&post=3001"}],"version-history":[{"count":1,"href":"https:\/\/elcotarro.com\/index.php?rest_route=\/wp\/v2\/posts\/3001\/revisions"}],"predecessor-version":[{"id":3003,"href":"https:\/\/elcotarro.com\/index.php?rest_route=\/wp\/v2\/posts\/3001\/revisions\/3003"}],"wp:attachment":[{"href":"https:\/\/elcotarro.com\/index.php?rest_route=%2Fwp%2Fv2%2Fmedia&parent=3001"}],"wp:term":[{"taxonomy":"category","embeddable":true,"href":"https:\/\/elcotarro.com\/index.php?rest_route=%2Fwp%2Fv2%2Fcategories&post=3001"},{"taxonomy":"post_tag","embeddable":true,"href":"https:\/\/elcotarro.com\/index.php?rest_route=%2Fwp%2Fv2%2Ftags&post=3001"}],"curies":[{"name":"wp","href":"https:\/\/api.w.org\/{rel}","templated":true}]}}