{"id":3025,"date":"2016-07-24T11:04:09","date_gmt":"2016-07-24T10:04:09","guid":{"rendered":"https:\/\/elcotarro.com\/?p=3025"},"modified":"2016-07-24T01:31:34","modified_gmt":"2016-07-24T00:31:34","slug":"almacen-de-presidentes-en-presidencia","status":"publish","type":"post","link":"https:\/\/elcotarro.com\/?p=3025","title":{"rendered":"ALMAC\u00c9N DE PRESIDENTES EN PRESIDENCIA"},"content":{"rendered":"<p>Lo que seguramente no sabe <strong>Fernando Clavijo<\/strong>, ayer alcalde lagunero y hoy presidente de Canarias, que debajo de su presidencial despacho (de Tenerife), hay un almac\u00e9n (tambi\u00e9n presidencial) que acoge guardados (de aquella manera) un buen n\u00famero de retratos de sus antecesores al frente del gobierno canario y hasta presidentes de la Junta Preauton\u00f3mica de Canarias. La verdad es que no s\u00e9 si el pict\u00f3rico \u201cdestierro\u201d se refiere solamente a la galer\u00eda de expresidentes de la antigua Junta de Canarias (en la preautonom\u00eda), porque los tres que aparecen colgados son los de unos j\u00f3venes <strong>Vicente \u00c1lvarez Pedreira, Francisco \u201cPaco\u201d Ucelay Sabina<\/strong> y <strong>Jer\u00f3nimo Saavedra Acevedo<\/strong>. Adem\u00e1s, en el soterrado y triste almac\u00e9n se detecta un cierto caos y desorden porque, en lo que a presidentes de la Junta no se ven y se echan en falta los de <strong>Alfonso Soriano Ben\u00edtez de Lugo<\/strong> y <strong>Fernando Bergasa Perdomo. <\/strong><\/p>\n<p style=\"text-align: center\"><a href=\"https:\/\/elcotarro.com\/wp-content\/uploads\/2016\/07\/FOTO-2.-Presidentes-almacenados.jpg\"><img loading=\"lazy\" decoding=\"async\" class=\"size-full wp-image-3026 aligncenter\" src=\"https:\/\/elcotarro.com\/wp-content\/uploads\/2016\/07\/FOTO-2.-Presidentes-almacenados.jpg\" alt=\"FOTO 2.- Presidentes almacenados\" width=\"1450\" height=\"699\" srcset=\"https:\/\/elcotarro.com\/wp-content\/uploads\/2016\/07\/FOTO-2.-Presidentes-almacenados.jpg 1450w, https:\/\/elcotarro.com\/wp-content\/uploads\/2016\/07\/FOTO-2.-Presidentes-almacenados-300x145.jpg 300w, https:\/\/elcotarro.com\/wp-content\/uploads\/2016\/07\/FOTO-2.-Presidentes-almacenados-1024x494.jpg 1024w\" sizes=\"auto, (max-width: 1450px) 100vw, 1450px\" \/><\/a><\/p>\n<p style=\"text-align: center\"><em>Cuadros de Jer\u00f3nimo Saavedra (i), Francisco Ucelay (c) y Vicente \u00c1lvarez Pedreira.<\/em><\/p>\n","protected":false},"excerpt":{"rendered":"<p>Lo que seguramente no sabe Fernando Clavijo, ayer alcalde lagunero y hoy presidente de Canarias, que debajo de su presidencial despacho (de Tenerife), hay un almac\u00e9n (tambi\u00e9n presidencial) que acoge guardados (de aquella manera) un buen n\u00famero de retratos de sus antecesores al frente del gobierno canario y hasta presidentes de la Junta Preauton\u00f3mica de &#8230; <a class=\"read-more\" href=\"https:\/\/elcotarro.com\/?p=3025\">Read more<\/a><\/p>\n","protected":false},"author":2,"featured_media":0,"comment_status":"open","ping_status":"open","sticky":false,"template":"","format":"standard","meta":{"_jetpack_memberships_contains_paid_content":false,"footnotes":""},"categories":[1],"tags":[],"class_list":["post-3025","post","type-post","status-publish","format-standard","hentry","category-sin-categoria"],"yoast_head":"<!-- This site is optimized with the Yoast SEO plugin v27.0 - https:\/\/yoast.com\/product\/yoast-seo-wordpress\/ -->\n<title>ALMAC\u00c9N DE PRESIDENTES EN PRESIDENCIA - El Cotarro<\/title>\n<meta name=\"robots\" content=\"index, follow, max-snippet:-1, max-image-preview:large, max-video-preview:-1\" \/>\n<link rel=\"canonical\" href=\"https:\/\/elcotarro.com\/?p=3025\" \/>\n<meta property=\"og:locale\" content=\"es_ES\" \/>\n<meta property=\"og:type\" content=\"article\" \/>\n<meta property=\"og:title\" content=\"ALMAC\u00c9N DE PRESIDENTES EN PRESIDENCIA - El Cotarro\" \/>\n<meta property=\"og:description\" content=\"Lo que seguramente no sabe Fernando Clavijo, ayer alcalde lagunero y hoy presidente de Canarias, que debajo de su presidencial despacho (de Tenerife), hay un almac\u00e9n (tambi\u00e9n presidencial) que acoge guardados (de aquella manera) un buen n\u00famero de retratos de sus antecesores al frente del gobierno canario y hasta presidentes de la Junta Preauton\u00f3mica de ... Read more\" \/>\n<meta property=\"og:url\" content=\"https:\/\/elcotarro.com\/?p=3025\" \/>\n<meta property=\"og:site_name\" content=\"El Cotarro\" \/>\n<meta property=\"article:publisher\" content=\"https:\/\/www.facebook.com\/ElCotarro.Tenerife\" \/>\n<meta property=\"article:published_time\" content=\"2016-07-24T10:04:09+00:00\" \/>\n<meta property=\"og:image\" content=\"https:\/\/elcotarro.com\/wp-content\/uploads\/2016\/07\/FOTO-2.-Presidentes-almacenados.jpg\" \/>\n<meta name=\"author\" content=\"Jos\u00e9 Carlos Marrero Gonz\u00e1lez\" \/>\n<meta name=\"twitter:label1\" content=\"Escrito por\" \/>\n\t<meta name=\"twitter:data1\" content=\"Jos\u00e9 Carlos Marrero Gonz\u00e1lez\" \/>\n\t<meta name=\"twitter:label2\" content=\"Tiempo de lectura\" \/>\n\t<meta name=\"twitter:data2\" content=\"1 minuto\" \/>\n<script type=\"application\/ld+json\" class=\"yoast-schema-graph\">{\"@context\":\"https:\/\/schema.org\",\"@graph\":[{\"@type\":\"Article\",\"@id\":\"https:\/\/elcotarro.com\/?p=3025#article\",\"isPartOf\":{\"@id\":\"https:\/\/elcotarro.com\/?p=3025\"},\"author\":{\"name\":\"Jos\u00e9 Carlos Marrero Gonz\u00e1lez\",\"@id\":\"https:\/\/elcotarro.com\/#\/schema\/person\/af537ee7d60d15984c7e0affcd8a918b\"},\"headline\":\"ALMAC\u00c9N DE PRESIDENTES EN PRESIDENCIA\",\"datePublished\":\"2016-07-24T10:04:09+00:00\",\"mainEntityOfPage\":{\"@id\":\"https:\/\/elcotarro.com\/?p=3025\"},\"wordCount\":178,\"commentCount\":0,\"publisher\":{\"@id\":\"https:\/\/elcotarro.com\/#organization\"},\"image\":{\"@id\":\"https:\/\/elcotarro.com\/?p=3025#primaryimage\"},\"thumbnailUrl\":\"https:\/\/elcotarro.com\/wp-content\/uploads\/2016\/07\/FOTO-2.-Presidentes-almacenados.jpg\",\"inLanguage\":\"es\",\"potentialAction\":[{\"@type\":\"CommentAction\",\"name\":\"Comment\",\"target\":[\"https:\/\/elcotarro.com\/?p=3025#respond\"]}]},{\"@type\":\"WebPage\",\"@id\":\"https:\/\/elcotarro.com\/?p=3025\",\"url\":\"https:\/\/elcotarro.com\/?p=3025\",\"name\":\"ALMAC\u00c9N DE PRESIDENTES EN PRESIDENCIA - El Cotarro\",\"isPartOf\":{\"@id\":\"https:\/\/elcotarro.com\/#website\"},\"primaryImageOfPage\":{\"@id\":\"https:\/\/elcotarro.com\/?p=3025#primaryimage\"},\"image\":{\"@id\":\"https:\/\/elcotarro.com\/?p=3025#primaryimage\"},\"thumbnailUrl\":\"https:\/\/elcotarro.com\/wp-content\/uploads\/2016\/07\/FOTO-2.-Presidentes-almacenados.jpg\",\"datePublished\":\"2016-07-24T10:04:09+00:00\",\"breadcrumb\":{\"@id\":\"https:\/\/elcotarro.com\/?p=3025#breadcrumb\"},\"inLanguage\":\"es\",\"potentialAction\":[{\"@type\":\"ReadAction\",\"target\":[\"https:\/\/elcotarro.com\/?p=3025\"]}]},{\"@type\":\"ImageObject\",\"inLanguage\":\"es\",\"@id\":\"https:\/\/elcotarro.com\/?p=3025#primaryimage\",\"url\":\"https:\/\/elcotarro.com\/wp-content\/uploads\/2016\/07\/FOTO-2.-Presidentes-almacenados.jpg\",\"contentUrl\":\"https:\/\/elcotarro.com\/wp-content\/uploads\/2016\/07\/FOTO-2.-Presidentes-almacenados.jpg\",\"width\":1450,\"height\":699},{\"@type\":\"BreadcrumbList\",\"@id\":\"https:\/\/elcotarro.com\/?p=3025#breadcrumb\",\"itemListElement\":[{\"@type\":\"ListItem\",\"position\":1,\"name\":\"Portada\",\"item\":\"https:\/\/elcotarro.com\/\"},{\"@type\":\"ListItem\",\"position\":2,\"name\":\"ALMAC\u00c9N DE PRESIDENTES EN PRESIDENCIA\"}]},{\"@type\":\"WebSite\",\"@id\":\"https:\/\/elcotarro.com\/#website\",\"url\":\"https:\/\/elcotarro.com\/\",\"name\":\"El Cotarro\",\"description\":\"Peri\u00f3dico Digital Independiente dirigido por Jos\u00e9 Carlos Marrero\",\"publisher\":{\"@id\":\"https:\/\/elcotarro.com\/#organization\"},\"potentialAction\":[{\"@type\":\"SearchAction\",\"target\":{\"@type\":\"EntryPoint\",\"urlTemplate\":\"https:\/\/elcotarro.com\/?s={search_term_string}\"},\"query-input\":{\"@type\":\"PropertyValueSpecification\",\"valueRequired\":true,\"valueName\":\"search_term_string\"}}],\"inLanguage\":\"es\"},{\"@type\":\"Organization\",\"@id\":\"https:\/\/elcotarro.com\/#organization\",\"name\":\"El Cotarro\",\"url\":\"https:\/\/elcotarro.com\/\",\"logo\":{\"@type\":\"ImageObject\",\"inLanguage\":\"es\",\"@id\":\"https:\/\/elcotarro.com\/#\/schema\/logo\/image\/\",\"url\":\"https:\/\/elcotarro.com\/wp-content\/uploads\/2014\/09\/Cabecera_El_Cotarro_v2.jpg\",\"contentUrl\":\"https:\/\/elcotarro.com\/wp-content\/uploads\/2014\/09\/Cabecera_El_Cotarro_v2.jpg\",\"width\":3540,\"height\":441,\"caption\":\"El Cotarro\"},\"image\":{\"@id\":\"https:\/\/elcotarro.com\/#\/schema\/logo\/image\/\"},\"sameAs\":[\"https:\/\/www.facebook.com\/ElCotarro.Tenerife\"]},{\"@type\":\"Person\",\"@id\":\"https:\/\/elcotarro.com\/#\/schema\/person\/af537ee7d60d15984c7e0affcd8a918b\",\"name\":\"Jos\u00e9 Carlos Marrero Gonz\u00e1lez\",\"image\":{\"@type\":\"ImageObject\",\"inLanguage\":\"es\",\"@id\":\"https:\/\/elcotarro.com\/#\/schema\/person\/image\/\",\"url\":\"https:\/\/secure.gravatar.com\/avatar\/def4da036efb5d32c74d49c351f6dccc064dd69ad9f3aadc295c5a9a5391ca01?s=96&d=mm&r=g\",\"contentUrl\":\"https:\/\/secure.gravatar.com\/avatar\/def4da036efb5d32c74d49c351f6dccc064dd69ad9f3aadc295c5a9a5391ca01?s=96&d=mm&r=g\",\"caption\":\"Jos\u00e9 Carlos Marrero Gonz\u00e1lez\"},\"sameAs\":[\"https:\/\/elcotarro.com\"],\"url\":\"https:\/\/elcotarro.com\/?author=2\"}]}<\/script>\n<!-- \/ Yoast SEO plugin. -->","yoast_head_json":{"title":"ALMAC\u00c9N DE PRESIDENTES EN PRESIDENCIA - El Cotarro","robots":{"index":"index","follow":"follow","max-snippet":"max-snippet:-1","max-image-preview":"max-image-preview:large","max-video-preview":"max-video-preview:-1"},"canonical":"https:\/\/elcotarro.com\/?p=3025","og_locale":"es_ES","og_type":"article","og_title":"ALMAC\u00c9N DE PRESIDENTES EN PRESIDENCIA - El Cotarro","og_description":"Lo que seguramente no sabe Fernando Clavijo, ayer alcalde lagunero y hoy presidente de Canarias, que debajo de su presidencial despacho (de Tenerife), hay un almac\u00e9n (tambi\u00e9n presidencial) que acoge guardados (de aquella manera) un buen n\u00famero de retratos de sus antecesores al frente del gobierno canario y hasta presidentes de la Junta Preauton\u00f3mica de ... Read more","og_url":"https:\/\/elcotarro.com\/?p=3025","og_site_name":"El Cotarro","article_publisher":"https:\/\/www.facebook.com\/ElCotarro.Tenerife","article_published_time":"2016-07-24T10:04:09+00:00","og_image":[{"url":"https:\/\/elcotarro.com\/wp-content\/uploads\/2016\/07\/FOTO-2.-Presidentes-almacenados.jpg","type":"","width":"","height":""}],"author":"Jos\u00e9 Carlos Marrero Gonz\u00e1lez","twitter_misc":{"Escrito por":"Jos\u00e9 Carlos Marrero Gonz\u00e1lez","Tiempo de lectura":"1 minuto"},"schema":{"@context":"https:\/\/schema.org","@graph":[{"@type":"Article","@id":"https:\/\/elcotarro.com\/?p=3025#article","isPartOf":{"@id":"https:\/\/elcotarro.com\/?p=3025"},"author":{"name":"Jos\u00e9 Carlos Marrero Gonz\u00e1lez","@id":"https:\/\/elcotarro.com\/#\/schema\/person\/af537ee7d60d15984c7e0affcd8a918b"},"headline":"ALMAC\u00c9N DE PRESIDENTES EN PRESIDENCIA","datePublished":"2016-07-24T10:04:09+00:00","mainEntityOfPage":{"@id":"https:\/\/elcotarro.com\/?p=3025"},"wordCount":178,"commentCount":0,"publisher":{"@id":"https:\/\/elcotarro.com\/#organization"},"image":{"@id":"https:\/\/elcotarro.com\/?p=3025#primaryimage"},"thumbnailUrl":"https:\/\/elcotarro.com\/wp-content\/uploads\/2016\/07\/FOTO-2.-Presidentes-almacenados.jpg","inLanguage":"es","potentialAction":[{"@type":"CommentAction","name":"Comment","target":["https:\/\/elcotarro.com\/?p=3025#respond"]}]},{"@type":"WebPage","@id":"https:\/\/elcotarro.com\/?p=3025","url":"https:\/\/elcotarro.com\/?p=3025","name":"ALMAC\u00c9N DE PRESIDENTES EN PRESIDENCIA - El Cotarro","isPartOf":{"@id":"https:\/\/elcotarro.com\/#website"},"primaryImageOfPage":{"@id":"https:\/\/elcotarro.com\/?p=3025#primaryimage"},"image":{"@id":"https:\/\/elcotarro.com\/?p=3025#primaryimage"},"thumbnailUrl":"https:\/\/elcotarro.com\/wp-content\/uploads\/2016\/07\/FOTO-2.-Presidentes-almacenados.jpg","datePublished":"2016-07-24T10:04:09+00:00","breadcrumb":{"@id":"https:\/\/elcotarro.com\/?p=3025#breadcrumb"},"inLanguage":"es","potentialAction":[{"@type":"ReadAction","target":["https:\/\/elcotarro.com\/?p=3025"]}]},{"@type":"ImageObject","inLanguage":"es","@id":"https:\/\/elcotarro.com\/?p=3025#primaryimage","url":"https:\/\/elcotarro.com\/wp-content\/uploads\/2016\/07\/FOTO-2.-Presidentes-almacenados.jpg","contentUrl":"https:\/\/elcotarro.com\/wp-content\/uploads\/2016\/07\/FOTO-2.-Presidentes-almacenados.jpg","width":1450,"height":699},{"@type":"BreadcrumbList","@id":"https:\/\/elcotarro.com\/?p=3025#breadcrumb","itemListElement":[{"@type":"ListItem","position":1,"name":"Portada","item":"https:\/\/elcotarro.com\/"},{"@type":"ListItem","position":2,"name":"ALMAC\u00c9N DE PRESIDENTES EN PRESIDENCIA"}]},{"@type":"WebSite","@id":"https:\/\/elcotarro.com\/#website","url":"https:\/\/elcotarro.com\/","name":"El Cotarro","description":"Peri\u00f3dico Digital Independiente dirigido por Jos\u00e9 Carlos Marrero","publisher":{"@id":"https:\/\/elcotarro.com\/#organization"},"potentialAction":[{"@type":"SearchAction","target":{"@type":"EntryPoint","urlTemplate":"https:\/\/elcotarro.com\/?s={search_term_string}"},"query-input":{"@type":"PropertyValueSpecification","valueRequired":true,"valueName":"search_term_string"}}],"inLanguage":"es"},{"@type":"Organization","@id":"https:\/\/elcotarro.com\/#organization","name":"El Cotarro","url":"https:\/\/elcotarro.com\/","logo":{"@type":"ImageObject","inLanguage":"es","@id":"https:\/\/elcotarro.com\/#\/schema\/logo\/image\/","url":"https:\/\/elcotarro.com\/wp-content\/uploads\/2014\/09\/Cabecera_El_Cotarro_v2.jpg","contentUrl":"https:\/\/elcotarro.com\/wp-content\/uploads\/2014\/09\/Cabecera_El_Cotarro_v2.jpg","width":3540,"height":441,"caption":"El Cotarro"},"image":{"@id":"https:\/\/elcotarro.com\/#\/schema\/logo\/image\/"},"sameAs":["https:\/\/www.facebook.com\/ElCotarro.Tenerife"]},{"@type":"Person","@id":"https:\/\/elcotarro.com\/#\/schema\/person\/af537ee7d60d15984c7e0affcd8a918b","name":"Jos\u00e9 Carlos Marrero Gonz\u00e1lez","image":{"@type":"ImageObject","inLanguage":"es","@id":"https:\/\/elcotarro.com\/#\/schema\/person\/image\/","url":"https:\/\/secure.gravatar.com\/avatar\/def4da036efb5d32c74d49c351f6dccc064dd69ad9f3aadc295c5a9a5391ca01?s=96&d=mm&r=g","contentUrl":"https:\/\/secure.gravatar.com\/avatar\/def4da036efb5d32c74d49c351f6dccc064dd69ad9f3aadc295c5a9a5391ca01?s=96&d=mm&r=g","caption":"Jos\u00e9 Carlos Marrero Gonz\u00e1lez"},"sameAs":["https:\/\/elcotarro.com"],"url":"https:\/\/elcotarro.com\/?author=2"}]}},"jetpack_featured_media_url":"","jetpack_sharing_enabled":true,"_links":{"self":[{"href":"https:\/\/elcotarro.com\/index.php?rest_route=\/wp\/v2\/posts\/3025","targetHints":{"allow":["GET"]}}],"collection":[{"href":"https:\/\/elcotarro.com\/index.php?rest_route=\/wp\/v2\/posts"}],"about":[{"href":"https:\/\/elcotarro.com\/index.php?rest_route=\/wp\/v2\/types\/post"}],"author":[{"embeddable":true,"href":"https:\/\/elcotarro.com\/index.php?rest_route=\/wp\/v2\/users\/2"}],"replies":[{"embeddable":true,"href":"https:\/\/elcotarro.com\/index.php?rest_route=%2Fwp%2Fv2%2Fcomments&post=3025"}],"version-history":[{"count":1,"href":"https:\/\/elcotarro.com\/index.php?rest_route=\/wp\/v2\/posts\/3025\/revisions"}],"predecessor-version":[{"id":3027,"href":"https:\/\/elcotarro.com\/index.php?rest_route=\/wp\/v2\/posts\/3025\/revisions\/3027"}],"wp:attachment":[{"href":"https:\/\/elcotarro.com\/index.php?rest_route=%2Fwp%2Fv2%2Fmedia&parent=3025"}],"wp:term":[{"taxonomy":"category","embeddable":true,"href":"https:\/\/elcotarro.com\/index.php?rest_route=%2Fwp%2Fv2%2Fcategories&post=3025"},{"taxonomy":"post_tag","embeddable":true,"href":"https:\/\/elcotarro.com\/index.php?rest_route=%2Fwp%2Fv2%2Ftags&post=3025"}],"curies":[{"name":"wp","href":"https:\/\/api.w.org\/{rel}","templated":true}]}}