{"id":3028,"date":"2016-07-24T11:03:43","date_gmt":"2016-07-24T10:03:43","guid":{"rendered":"https:\/\/elcotarro.com\/?p=3028"},"modified":"2016-07-24T01:39:31","modified_gmt":"2016-07-24T00:39:31","slug":"en-gran-canaria-admirados-aqui-olvidados","status":"publish","type":"post","link":"https:\/\/elcotarro.com\/?p=3028","title":{"rendered":"EN GRAN CANARIA ADMIRADOS, AQU\u00cd OLVIDADOS"},"content":{"rendered":"<p>Me he podido enterar que los retratos son parte de una serie que, por partida doble, realiz\u00f3 el artista grancanario <strong>Alejandro Reino<\/strong> para el Gobierno de Canarias. <strong>Alejandro Reino<\/strong>, que en la actualidad tiene 81 a\u00f1os, es un prestigioso pintor de larga trayectoria nacional e internacional, que ha abordado con especial \u00e9nfasis el retrato, g\u00e9nero en el que es considerado a escala internacional un gran maestro. No s\u00e9 exactamente con qu\u00e9 retrato comenz\u00f3 la serie de presidentes regionales (intuyo que con <strong>Alfonso Soriano<\/strong>) y por lo que se ve, lleg\u00f3 hasta retratar a <strong>Jer\u00f3nimo Saavedra<\/strong>. Seg\u00fan me comentan, los cuadros de la serie realizada para Gran Canaria siguen colgados dignamente en un lugar destacado de la sede canariona de Presidencia, donde pueden ser admirados.<\/p>\n<p><a href=\"https:\/\/elcotarro.com\/wp-content\/uploads\/2016\/07\/FOTO-3.-El-almac\u00e9n-presidencial.jpg\"><img loading=\"lazy\" decoding=\"async\" class=\"size-full wp-image-3029 aligncenter\" src=\"https:\/\/elcotarro.com\/wp-content\/uploads\/2016\/07\/FOTO-3.-El-almac\u00e9n-presidencial.jpg\" alt=\"FOTO 3.- El almac\u00e9n presidencial\" width=\"899\" height=\"1599\" srcset=\"https:\/\/elcotarro.com\/wp-content\/uploads\/2016\/07\/FOTO-3.-El-almac\u00e9n-presidencial.jpg 899w, https:\/\/elcotarro.com\/wp-content\/uploads\/2016\/07\/FOTO-3.-El-almac\u00e9n-presidencial-169x300.jpg 169w, https:\/\/elcotarro.com\/wp-content\/uploads\/2016\/07\/FOTO-3.-El-almac\u00e9n-presidencial-576x1024.jpg 576w\" sizes=\"auto, (max-width: 899px) 100vw, 899px\" \/><\/a><\/p>\n<p style=\"text-align: center\"><em>El almac\u00e9n presidencial, o el almac\u00e9n de presidentes en Presidencia.<\/em><\/p>\n","protected":false},"excerpt":{"rendered":"<p>Me he podido enterar que los retratos son parte de una serie que, por partida doble, realiz\u00f3 el artista grancanario Alejandro Reino para el Gobierno de Canarias. Alejandro Reino, que en la actualidad tiene 81 a\u00f1os, es un prestigioso pintor de larga trayectoria nacional e internacional, que ha abordado con especial \u00e9nfasis el retrato, g\u00e9nero &#8230; <a class=\"read-more\" href=\"https:\/\/elcotarro.com\/?p=3028\">Read more<\/a><\/p>\n","protected":false},"author":2,"featured_media":0,"comment_status":"open","ping_status":"open","sticky":false,"template":"","format":"standard","meta":{"_jetpack_memberships_contains_paid_content":false,"footnotes":""},"categories":[1],"tags":[],"class_list":["post-3028","post","type-post","status-publish","format-standard","hentry","category-sin-categoria"],"yoast_head":"<!-- This site is optimized with the Yoast SEO plugin v27.0 - https:\/\/yoast.com\/product\/yoast-seo-wordpress\/ -->\n<title>EN GRAN CANARIA ADMIRADOS, AQU\u00cd OLVIDADOS - El Cotarro<\/title>\n<meta name=\"robots\" content=\"index, follow, max-snippet:-1, max-image-preview:large, max-video-preview:-1\" \/>\n<link rel=\"canonical\" href=\"https:\/\/elcotarro.com\/?p=3028\" \/>\n<meta property=\"og:locale\" content=\"es_ES\" \/>\n<meta property=\"og:type\" content=\"article\" \/>\n<meta property=\"og:title\" content=\"EN GRAN CANARIA ADMIRADOS, AQU\u00cd OLVIDADOS - El Cotarro\" \/>\n<meta property=\"og:description\" content=\"Me he podido enterar que los retratos son parte de una serie que, por partida doble, realiz\u00f3 el artista grancanario Alejandro Reino para el Gobierno de Canarias. Alejandro Reino, que en la actualidad tiene 81 a\u00f1os, es un prestigioso pintor de larga trayectoria nacional e internacional, que ha abordado con especial \u00e9nfasis el retrato, g\u00e9nero ... Read more\" \/>\n<meta property=\"og:url\" content=\"https:\/\/elcotarro.com\/?p=3028\" \/>\n<meta property=\"og:site_name\" content=\"El Cotarro\" \/>\n<meta property=\"article:publisher\" content=\"https:\/\/www.facebook.com\/ElCotarro.Tenerife\" \/>\n<meta property=\"article:published_time\" content=\"2016-07-24T10:03:43+00:00\" \/>\n<meta name=\"author\" content=\"Jos\u00e9 Carlos Marrero Gonz\u00e1lez\" \/>\n<meta name=\"twitter:label1\" content=\"Escrito por\" \/>\n\t<meta name=\"twitter:data1\" content=\"Jos\u00e9 Carlos Marrero Gonz\u00e1lez\" \/>\n\t<meta name=\"twitter:label2\" content=\"Tiempo de lectura\" \/>\n\t<meta name=\"twitter:data2\" content=\"1 minuto\" \/>\n<script type=\"application\/ld+json\" class=\"yoast-schema-graph\">{\"@context\":\"https:\/\/schema.org\",\"@graph\":[{\"@type\":\"Article\",\"@id\":\"https:\/\/elcotarro.com\/?p=3028#article\",\"isPartOf\":{\"@id\":\"https:\/\/elcotarro.com\/?p=3028\"},\"author\":{\"name\":\"Jos\u00e9 Carlos Marrero Gonz\u00e1lez\",\"@id\":\"https:\/\/elcotarro.com\/#\/schema\/person\/af537ee7d60d15984c7e0affcd8a918b\"},\"headline\":\"EN GRAN CANARIA ADMIRADOS, AQU\u00cd OLVIDADOS\",\"datePublished\":\"2016-07-24T10:03:43+00:00\",\"mainEntityOfPage\":{\"@id\":\"https:\/\/elcotarro.com\/?p=3028\"},\"wordCount\":145,\"commentCount\":0,\"publisher\":{\"@id\":\"https:\/\/elcotarro.com\/#organization\"},\"inLanguage\":\"es\",\"potentialAction\":[{\"@type\":\"CommentAction\",\"name\":\"Comment\",\"target\":[\"https:\/\/elcotarro.com\/?p=3028#respond\"]}]},{\"@type\":\"WebPage\",\"@id\":\"https:\/\/elcotarro.com\/?p=3028\",\"url\":\"https:\/\/elcotarro.com\/?p=3028\",\"name\":\"EN GRAN CANARIA ADMIRADOS, AQU\u00cd OLVIDADOS - El Cotarro\",\"isPartOf\":{\"@id\":\"https:\/\/elcotarro.com\/#website\"},\"datePublished\":\"2016-07-24T10:03:43+00:00\",\"breadcrumb\":{\"@id\":\"https:\/\/elcotarro.com\/?p=3028#breadcrumb\"},\"inLanguage\":\"es\",\"potentialAction\":[{\"@type\":\"ReadAction\",\"target\":[\"https:\/\/elcotarro.com\/?p=3028\"]}]},{\"@type\":\"BreadcrumbList\",\"@id\":\"https:\/\/elcotarro.com\/?p=3028#breadcrumb\",\"itemListElement\":[{\"@type\":\"ListItem\",\"position\":1,\"name\":\"Portada\",\"item\":\"https:\/\/elcotarro.com\/\"},{\"@type\":\"ListItem\",\"position\":2,\"name\":\"EN GRAN CANARIA ADMIRADOS, AQU\u00cd OLVIDADOS\"}]},{\"@type\":\"WebSite\",\"@id\":\"https:\/\/elcotarro.com\/#website\",\"url\":\"https:\/\/elcotarro.com\/\",\"name\":\"El Cotarro\",\"description\":\"Peri\u00f3dico Digital Independiente dirigido por Jos\u00e9 Carlos Marrero\",\"publisher\":{\"@id\":\"https:\/\/elcotarro.com\/#organization\"},\"potentialAction\":[{\"@type\":\"SearchAction\",\"target\":{\"@type\":\"EntryPoint\",\"urlTemplate\":\"https:\/\/elcotarro.com\/?s={search_term_string}\"},\"query-input\":{\"@type\":\"PropertyValueSpecification\",\"valueRequired\":true,\"valueName\":\"search_term_string\"}}],\"inLanguage\":\"es\"},{\"@type\":\"Organization\",\"@id\":\"https:\/\/elcotarro.com\/#organization\",\"name\":\"El Cotarro\",\"url\":\"https:\/\/elcotarro.com\/\",\"logo\":{\"@type\":\"ImageObject\",\"inLanguage\":\"es\",\"@id\":\"https:\/\/elcotarro.com\/#\/schema\/logo\/image\/\",\"url\":\"https:\/\/elcotarro.com\/wp-content\/uploads\/2014\/09\/Cabecera_El_Cotarro_v2.jpg\",\"contentUrl\":\"https:\/\/elcotarro.com\/wp-content\/uploads\/2014\/09\/Cabecera_El_Cotarro_v2.jpg\",\"width\":3540,\"height\":441,\"caption\":\"El Cotarro\"},\"image\":{\"@id\":\"https:\/\/elcotarro.com\/#\/schema\/logo\/image\/\"},\"sameAs\":[\"https:\/\/www.facebook.com\/ElCotarro.Tenerife\"]},{\"@type\":\"Person\",\"@id\":\"https:\/\/elcotarro.com\/#\/schema\/person\/af537ee7d60d15984c7e0affcd8a918b\",\"name\":\"Jos\u00e9 Carlos Marrero Gonz\u00e1lez\",\"image\":{\"@type\":\"ImageObject\",\"inLanguage\":\"es\",\"@id\":\"https:\/\/elcotarro.com\/#\/schema\/person\/image\/\",\"url\":\"https:\/\/secure.gravatar.com\/avatar\/def4da036efb5d32c74d49c351f6dccc064dd69ad9f3aadc295c5a9a5391ca01?s=96&d=mm&r=g\",\"contentUrl\":\"https:\/\/secure.gravatar.com\/avatar\/def4da036efb5d32c74d49c351f6dccc064dd69ad9f3aadc295c5a9a5391ca01?s=96&d=mm&r=g\",\"caption\":\"Jos\u00e9 Carlos Marrero Gonz\u00e1lez\"},\"sameAs\":[\"https:\/\/elcotarro.com\"],\"url\":\"https:\/\/elcotarro.com\/?author=2\"}]}<\/script>\n<!-- \/ Yoast SEO plugin. -->","yoast_head_json":{"title":"EN GRAN CANARIA ADMIRADOS, AQU\u00cd OLVIDADOS - El Cotarro","robots":{"index":"index","follow":"follow","max-snippet":"max-snippet:-1","max-image-preview":"max-image-preview:large","max-video-preview":"max-video-preview:-1"},"canonical":"https:\/\/elcotarro.com\/?p=3028","og_locale":"es_ES","og_type":"article","og_title":"EN GRAN CANARIA ADMIRADOS, AQU\u00cd OLVIDADOS - El Cotarro","og_description":"Me he podido enterar que los retratos son parte de una serie que, por partida doble, realiz\u00f3 el artista grancanario Alejandro Reino para el Gobierno de Canarias. Alejandro Reino, que en la actualidad tiene 81 a\u00f1os, es un prestigioso pintor de larga trayectoria nacional e internacional, que ha abordado con especial \u00e9nfasis el retrato, g\u00e9nero ... Read more","og_url":"https:\/\/elcotarro.com\/?p=3028","og_site_name":"El Cotarro","article_publisher":"https:\/\/www.facebook.com\/ElCotarro.Tenerife","article_published_time":"2016-07-24T10:03:43+00:00","author":"Jos\u00e9 Carlos Marrero Gonz\u00e1lez","twitter_misc":{"Escrito por":"Jos\u00e9 Carlos Marrero Gonz\u00e1lez","Tiempo de lectura":"1 minuto"},"schema":{"@context":"https:\/\/schema.org","@graph":[{"@type":"Article","@id":"https:\/\/elcotarro.com\/?p=3028#article","isPartOf":{"@id":"https:\/\/elcotarro.com\/?p=3028"},"author":{"name":"Jos\u00e9 Carlos Marrero Gonz\u00e1lez","@id":"https:\/\/elcotarro.com\/#\/schema\/person\/af537ee7d60d15984c7e0affcd8a918b"},"headline":"EN GRAN CANARIA ADMIRADOS, AQU\u00cd OLVIDADOS","datePublished":"2016-07-24T10:03:43+00:00","mainEntityOfPage":{"@id":"https:\/\/elcotarro.com\/?p=3028"},"wordCount":145,"commentCount":0,"publisher":{"@id":"https:\/\/elcotarro.com\/#organization"},"inLanguage":"es","potentialAction":[{"@type":"CommentAction","name":"Comment","target":["https:\/\/elcotarro.com\/?p=3028#respond"]}]},{"@type":"WebPage","@id":"https:\/\/elcotarro.com\/?p=3028","url":"https:\/\/elcotarro.com\/?p=3028","name":"EN GRAN CANARIA ADMIRADOS, AQU\u00cd OLVIDADOS - El Cotarro","isPartOf":{"@id":"https:\/\/elcotarro.com\/#website"},"datePublished":"2016-07-24T10:03:43+00:00","breadcrumb":{"@id":"https:\/\/elcotarro.com\/?p=3028#breadcrumb"},"inLanguage":"es","potentialAction":[{"@type":"ReadAction","target":["https:\/\/elcotarro.com\/?p=3028"]}]},{"@type":"BreadcrumbList","@id":"https:\/\/elcotarro.com\/?p=3028#breadcrumb","itemListElement":[{"@type":"ListItem","position":1,"name":"Portada","item":"https:\/\/elcotarro.com\/"},{"@type":"ListItem","position":2,"name":"EN GRAN CANARIA ADMIRADOS, AQU\u00cd OLVIDADOS"}]},{"@type":"WebSite","@id":"https:\/\/elcotarro.com\/#website","url":"https:\/\/elcotarro.com\/","name":"El Cotarro","description":"Peri\u00f3dico Digital Independiente dirigido por Jos\u00e9 Carlos Marrero","publisher":{"@id":"https:\/\/elcotarro.com\/#organization"},"potentialAction":[{"@type":"SearchAction","target":{"@type":"EntryPoint","urlTemplate":"https:\/\/elcotarro.com\/?s={search_term_string}"},"query-input":{"@type":"PropertyValueSpecification","valueRequired":true,"valueName":"search_term_string"}}],"inLanguage":"es"},{"@type":"Organization","@id":"https:\/\/elcotarro.com\/#organization","name":"El Cotarro","url":"https:\/\/elcotarro.com\/","logo":{"@type":"ImageObject","inLanguage":"es","@id":"https:\/\/elcotarro.com\/#\/schema\/logo\/image\/","url":"https:\/\/elcotarro.com\/wp-content\/uploads\/2014\/09\/Cabecera_El_Cotarro_v2.jpg","contentUrl":"https:\/\/elcotarro.com\/wp-content\/uploads\/2014\/09\/Cabecera_El_Cotarro_v2.jpg","width":3540,"height":441,"caption":"El Cotarro"},"image":{"@id":"https:\/\/elcotarro.com\/#\/schema\/logo\/image\/"},"sameAs":["https:\/\/www.facebook.com\/ElCotarro.Tenerife"]},{"@type":"Person","@id":"https:\/\/elcotarro.com\/#\/schema\/person\/af537ee7d60d15984c7e0affcd8a918b","name":"Jos\u00e9 Carlos Marrero Gonz\u00e1lez","image":{"@type":"ImageObject","inLanguage":"es","@id":"https:\/\/elcotarro.com\/#\/schema\/person\/image\/","url":"https:\/\/secure.gravatar.com\/avatar\/def4da036efb5d32c74d49c351f6dccc064dd69ad9f3aadc295c5a9a5391ca01?s=96&d=mm&r=g","contentUrl":"https:\/\/secure.gravatar.com\/avatar\/def4da036efb5d32c74d49c351f6dccc064dd69ad9f3aadc295c5a9a5391ca01?s=96&d=mm&r=g","caption":"Jos\u00e9 Carlos Marrero Gonz\u00e1lez"},"sameAs":["https:\/\/elcotarro.com"],"url":"https:\/\/elcotarro.com\/?author=2"}]}},"jetpack_featured_media_url":"","jetpack_sharing_enabled":true,"_links":{"self":[{"href":"https:\/\/elcotarro.com\/index.php?rest_route=\/wp\/v2\/posts\/3028","targetHints":{"allow":["GET"]}}],"collection":[{"href":"https:\/\/elcotarro.com\/index.php?rest_route=\/wp\/v2\/posts"}],"about":[{"href":"https:\/\/elcotarro.com\/index.php?rest_route=\/wp\/v2\/types\/post"}],"author":[{"embeddable":true,"href":"https:\/\/elcotarro.com\/index.php?rest_route=\/wp\/v2\/users\/2"}],"replies":[{"embeddable":true,"href":"https:\/\/elcotarro.com\/index.php?rest_route=%2Fwp%2Fv2%2Fcomments&post=3028"}],"version-history":[{"count":1,"href":"https:\/\/elcotarro.com\/index.php?rest_route=\/wp\/v2\/posts\/3028\/revisions"}],"predecessor-version":[{"id":3030,"href":"https:\/\/elcotarro.com\/index.php?rest_route=\/wp\/v2\/posts\/3028\/revisions\/3030"}],"wp:attachment":[{"href":"https:\/\/elcotarro.com\/index.php?rest_route=%2Fwp%2Fv2%2Fmedia&parent=3028"}],"wp:term":[{"taxonomy":"category","embeddable":true,"href":"https:\/\/elcotarro.com\/index.php?rest_route=%2Fwp%2Fv2%2Fcategories&post=3028"},{"taxonomy":"post_tag","embeddable":true,"href":"https:\/\/elcotarro.com\/index.php?rest_route=%2Fwp%2Fv2%2Ftags&post=3028"}],"curies":[{"name":"wp","href":"https:\/\/api.w.org\/{rel}","templated":true}]}}