{"id":3031,"date":"2016-07-24T11:02:43","date_gmt":"2016-07-24T10:02:43","guid":{"rendered":"https:\/\/elcotarro.com\/?p=3031"},"modified":"2016-07-24T01:41:08","modified_gmt":"2016-07-24T00:41:08","slug":"galeria-de-presidentes-en-presidencia","status":"publish","type":"post","link":"https:\/\/elcotarro.com\/?p=3031","title":{"rendered":"GALER\u00cdA DE PRESIDENTES EN PRESIDENCIA"},"content":{"rendered":"<p>Como les digo y pueden apreciar en las fotograf\u00edas exclusivas que me han hecho llegar, los retratos de la serie de Tenerife, reposan en los bajos del edificio de la Presidencia en la capital tinerfe\u00f1a (en estos momentos Vicepresidencia) donde acompa\u00f1an silenciosos a la vicepresidenta <strong>Patricia Hern\u00e1ndez<\/strong>, actualmente (creo) la \u00fanica \u201cinquilina\u201d residente fija en el inmueble (ilustre compa\u00f1\u00eda desde el s\u00f3tano). Seg\u00fan me aseguran fuentes de todo cr\u00e9dito, la sede no cuenta con ning\u00fan pasillo o sal\u00f3n donde se pueda ver una \u201cGaler\u00eda de Presidentes\u201d al uso y no se sabe si hay retratos de los presidentes que sucedieron a <strong>Jer\u00f3nimo Saavedra Acevedo<\/strong> y que, por si no los recuerdan y en este orden, fueron: <strong>Fernando Fern\u00e1ndez Mart\u00edn<\/strong>, (<strong>Jer\u00f3nimo<\/strong> de nuevo un a\u00f1ito y medio) <strong>Manuel Hermoso Rojas, Rom\u00e1n Rodr\u00edguez <\/strong>y <strong>Ad\u00e1n Pablo Mart\u00edn Menis<\/strong>. De \u00e9stos anteriores no consta que haya retratos, el de <strong>Fernando Clavijo<\/strong> a\u00fan no toca y el de <strong>Paulino Rivero Baute<\/strong> (me dicen) ni est\u00e1, ni se le espera.<\/p>\n<p><a href=\"https:\/\/elcotarro.com\/wp-content\/uploads\/2016\/07\/FOTO-4.-ANTONIO-CASTRO.jpg\"><img loading=\"lazy\" decoding=\"async\" class=\"size-full wp-image-3032 aligncenter\" src=\"https:\/\/elcotarro.com\/wp-content\/uploads\/2016\/07\/FOTO-4.-ANTONIO-CASTRO.jpg\" alt=\"FOTO 4.- ANTONIO CASTRO\" width=\"450\" height=\"567\" srcset=\"https:\/\/elcotarro.com\/wp-content\/uploads\/2016\/07\/FOTO-4.-ANTONIO-CASTRO.jpg 450w, https:\/\/elcotarro.com\/wp-content\/uploads\/2016\/07\/FOTO-4.-ANTONIO-CASTRO-238x300.jpg 238w\" sizes=\"auto, (max-width: 450px) 100vw, 450px\" \/><\/a><\/p>\n<p style=\"text-align: center\"><em>Carolina D\u00e1rias, presidenta del Parlamento de Canarias, presente en el descubrimiento del retrato de su antecesor, Antonio Castro (d)<\/em><\/p>\n","protected":false},"excerpt":{"rendered":"<p>Como les digo y pueden apreciar en las fotograf\u00edas exclusivas que me han hecho llegar, los retratos de la serie de Tenerife, reposan en los bajos del edificio de la Presidencia en la capital tinerfe\u00f1a (en estos momentos Vicepresidencia) donde acompa\u00f1an silenciosos a la vicepresidenta Patricia Hern\u00e1ndez, actualmente (creo) la \u00fanica \u201cinquilina\u201d residente fija en &#8230; <a class=\"read-more\" href=\"https:\/\/elcotarro.com\/?p=3031\">Read more<\/a><\/p>\n","protected":false},"author":2,"featured_media":0,"comment_status":"open","ping_status":"open","sticky":false,"template":"","format":"standard","meta":{"_jetpack_memberships_contains_paid_content":false,"footnotes":""},"categories":[1],"tags":[],"class_list":["post-3031","post","type-post","status-publish","format-standard","hentry","category-sin-categoria"],"yoast_head":"<!-- This site is optimized with the Yoast SEO plugin v27.0 - https:\/\/yoast.com\/product\/yoast-seo-wordpress\/ -->\n<title>GALER\u00cdA DE PRESIDENTES EN PRESIDENCIA - El Cotarro<\/title>\n<meta name=\"robots\" content=\"index, follow, max-snippet:-1, max-image-preview:large, max-video-preview:-1\" \/>\n<link rel=\"canonical\" href=\"https:\/\/elcotarro.com\/?p=3031\" \/>\n<meta property=\"og:locale\" content=\"es_ES\" \/>\n<meta property=\"og:type\" content=\"article\" \/>\n<meta property=\"og:title\" content=\"GALER\u00cdA DE PRESIDENTES EN PRESIDENCIA - El Cotarro\" \/>\n<meta property=\"og:description\" content=\"Como les digo y pueden apreciar en las fotograf\u00edas exclusivas que me han hecho llegar, los retratos de la serie de Tenerife, reposan en los bajos del edificio de la Presidencia en la capital tinerfe\u00f1a (en estos momentos Vicepresidencia) donde acompa\u00f1an silenciosos a la vicepresidenta Patricia Hern\u00e1ndez, actualmente (creo) la \u00fanica \u201cinquilina\u201d residente fija en ... Read more\" \/>\n<meta property=\"og:url\" content=\"https:\/\/elcotarro.com\/?p=3031\" \/>\n<meta property=\"og:site_name\" content=\"El Cotarro\" \/>\n<meta property=\"article:publisher\" content=\"https:\/\/www.facebook.com\/ElCotarro.Tenerife\" \/>\n<meta property=\"article:published_time\" content=\"2016-07-24T10:02:43+00:00\" \/>\n<meta property=\"og:image\" content=\"https:\/\/elcotarro.com\/wp-content\/uploads\/2016\/07\/FOTO-4.-ANTONIO-CASTRO.jpg\" \/>\n<meta name=\"author\" content=\"Jos\u00e9 Carlos Marrero Gonz\u00e1lez\" \/>\n<meta name=\"twitter:label1\" content=\"Escrito por\" \/>\n\t<meta name=\"twitter:data1\" content=\"Jos\u00e9 Carlos Marrero Gonz\u00e1lez\" \/>\n\t<meta name=\"twitter:label2\" content=\"Tiempo de lectura\" \/>\n\t<meta name=\"twitter:data2\" content=\"1 minuto\" \/>\n<script type=\"application\/ld+json\" class=\"yoast-schema-graph\">{\"@context\":\"https:\/\/schema.org\",\"@graph\":[{\"@type\":\"Article\",\"@id\":\"https:\/\/elcotarro.com\/?p=3031#article\",\"isPartOf\":{\"@id\":\"https:\/\/elcotarro.com\/?p=3031\"},\"author\":{\"name\":\"Jos\u00e9 Carlos Marrero Gonz\u00e1lez\",\"@id\":\"https:\/\/elcotarro.com\/#\/schema\/person\/af537ee7d60d15984c7e0affcd8a918b\"},\"headline\":\"GALER\u00cdA DE PRESIDENTES EN PRESIDENCIA\",\"datePublished\":\"2016-07-24T10:02:43+00:00\",\"mainEntityOfPage\":{\"@id\":\"https:\/\/elcotarro.com\/?p=3031\"},\"wordCount\":212,\"commentCount\":0,\"publisher\":{\"@id\":\"https:\/\/elcotarro.com\/#organization\"},\"image\":{\"@id\":\"https:\/\/elcotarro.com\/?p=3031#primaryimage\"},\"thumbnailUrl\":\"https:\/\/elcotarro.com\/wp-content\/uploads\/2016\/07\/FOTO-4.-ANTONIO-CASTRO.jpg\",\"inLanguage\":\"es\",\"potentialAction\":[{\"@type\":\"CommentAction\",\"name\":\"Comment\",\"target\":[\"https:\/\/elcotarro.com\/?p=3031#respond\"]}]},{\"@type\":\"WebPage\",\"@id\":\"https:\/\/elcotarro.com\/?p=3031\",\"url\":\"https:\/\/elcotarro.com\/?p=3031\",\"name\":\"GALER\u00cdA DE PRESIDENTES EN PRESIDENCIA - El Cotarro\",\"isPartOf\":{\"@id\":\"https:\/\/elcotarro.com\/#website\"},\"primaryImageOfPage\":{\"@id\":\"https:\/\/elcotarro.com\/?p=3031#primaryimage\"},\"image\":{\"@id\":\"https:\/\/elcotarro.com\/?p=3031#primaryimage\"},\"thumbnailUrl\":\"https:\/\/elcotarro.com\/wp-content\/uploads\/2016\/07\/FOTO-4.-ANTONIO-CASTRO.jpg\",\"datePublished\":\"2016-07-24T10:02:43+00:00\",\"breadcrumb\":{\"@id\":\"https:\/\/elcotarro.com\/?p=3031#breadcrumb\"},\"inLanguage\":\"es\",\"potentialAction\":[{\"@type\":\"ReadAction\",\"target\":[\"https:\/\/elcotarro.com\/?p=3031\"]}]},{\"@type\":\"ImageObject\",\"inLanguage\":\"es\",\"@id\":\"https:\/\/elcotarro.com\/?p=3031#primaryimage\",\"url\":\"https:\/\/elcotarro.com\/wp-content\/uploads\/2016\/07\/FOTO-4.-ANTONIO-CASTRO.jpg\",\"contentUrl\":\"https:\/\/elcotarro.com\/wp-content\/uploads\/2016\/07\/FOTO-4.-ANTONIO-CASTRO.jpg\",\"width\":450,\"height\":567},{\"@type\":\"BreadcrumbList\",\"@id\":\"https:\/\/elcotarro.com\/?p=3031#breadcrumb\",\"itemListElement\":[{\"@type\":\"ListItem\",\"position\":1,\"name\":\"Portada\",\"item\":\"https:\/\/elcotarro.com\/\"},{\"@type\":\"ListItem\",\"position\":2,\"name\":\"GALER\u00cdA DE PRESIDENTES EN PRESIDENCIA\"}]},{\"@type\":\"WebSite\",\"@id\":\"https:\/\/elcotarro.com\/#website\",\"url\":\"https:\/\/elcotarro.com\/\",\"name\":\"El Cotarro\",\"description\":\"Peri\u00f3dico Digital Independiente dirigido por Jos\u00e9 Carlos Marrero\",\"publisher\":{\"@id\":\"https:\/\/elcotarro.com\/#organization\"},\"potentialAction\":[{\"@type\":\"SearchAction\",\"target\":{\"@type\":\"EntryPoint\",\"urlTemplate\":\"https:\/\/elcotarro.com\/?s={search_term_string}\"},\"query-input\":{\"@type\":\"PropertyValueSpecification\",\"valueRequired\":true,\"valueName\":\"search_term_string\"}}],\"inLanguage\":\"es\"},{\"@type\":\"Organization\",\"@id\":\"https:\/\/elcotarro.com\/#organization\",\"name\":\"El Cotarro\",\"url\":\"https:\/\/elcotarro.com\/\",\"logo\":{\"@type\":\"ImageObject\",\"inLanguage\":\"es\",\"@id\":\"https:\/\/elcotarro.com\/#\/schema\/logo\/image\/\",\"url\":\"https:\/\/elcotarro.com\/wp-content\/uploads\/2014\/09\/Cabecera_El_Cotarro_v2.jpg\",\"contentUrl\":\"https:\/\/elcotarro.com\/wp-content\/uploads\/2014\/09\/Cabecera_El_Cotarro_v2.jpg\",\"width\":3540,\"height\":441,\"caption\":\"El Cotarro\"},\"image\":{\"@id\":\"https:\/\/elcotarro.com\/#\/schema\/logo\/image\/\"},\"sameAs\":[\"https:\/\/www.facebook.com\/ElCotarro.Tenerife\"]},{\"@type\":\"Person\",\"@id\":\"https:\/\/elcotarro.com\/#\/schema\/person\/af537ee7d60d15984c7e0affcd8a918b\",\"name\":\"Jos\u00e9 Carlos Marrero Gonz\u00e1lez\",\"image\":{\"@type\":\"ImageObject\",\"inLanguage\":\"es\",\"@id\":\"https:\/\/elcotarro.com\/#\/schema\/person\/image\/\",\"url\":\"https:\/\/secure.gravatar.com\/avatar\/def4da036efb5d32c74d49c351f6dccc064dd69ad9f3aadc295c5a9a5391ca01?s=96&d=mm&r=g\",\"contentUrl\":\"https:\/\/secure.gravatar.com\/avatar\/def4da036efb5d32c74d49c351f6dccc064dd69ad9f3aadc295c5a9a5391ca01?s=96&d=mm&r=g\",\"caption\":\"Jos\u00e9 Carlos Marrero Gonz\u00e1lez\"},\"sameAs\":[\"https:\/\/elcotarro.com\"],\"url\":\"https:\/\/elcotarro.com\/?author=2\"}]}<\/script>\n<!-- \/ Yoast SEO plugin. -->","yoast_head_json":{"title":"GALER\u00cdA DE PRESIDENTES EN PRESIDENCIA - El Cotarro","robots":{"index":"index","follow":"follow","max-snippet":"max-snippet:-1","max-image-preview":"max-image-preview:large","max-video-preview":"max-video-preview:-1"},"canonical":"https:\/\/elcotarro.com\/?p=3031","og_locale":"es_ES","og_type":"article","og_title":"GALER\u00cdA DE PRESIDENTES EN PRESIDENCIA - El Cotarro","og_description":"Como les digo y pueden apreciar en las fotograf\u00edas exclusivas que me han hecho llegar, los retratos de la serie de Tenerife, reposan en los bajos del edificio de la Presidencia en la capital tinerfe\u00f1a (en estos momentos Vicepresidencia) donde acompa\u00f1an silenciosos a la vicepresidenta Patricia Hern\u00e1ndez, actualmente (creo) la \u00fanica \u201cinquilina\u201d residente fija en ... Read more","og_url":"https:\/\/elcotarro.com\/?p=3031","og_site_name":"El Cotarro","article_publisher":"https:\/\/www.facebook.com\/ElCotarro.Tenerife","article_published_time":"2016-07-24T10:02:43+00:00","og_image":[{"url":"https:\/\/elcotarro.com\/wp-content\/uploads\/2016\/07\/FOTO-4.-ANTONIO-CASTRO.jpg","type":"","width":"","height":""}],"author":"Jos\u00e9 Carlos Marrero Gonz\u00e1lez","twitter_misc":{"Escrito por":"Jos\u00e9 Carlos Marrero Gonz\u00e1lez","Tiempo de lectura":"1 minuto"},"schema":{"@context":"https:\/\/schema.org","@graph":[{"@type":"Article","@id":"https:\/\/elcotarro.com\/?p=3031#article","isPartOf":{"@id":"https:\/\/elcotarro.com\/?p=3031"},"author":{"name":"Jos\u00e9 Carlos Marrero Gonz\u00e1lez","@id":"https:\/\/elcotarro.com\/#\/schema\/person\/af537ee7d60d15984c7e0affcd8a918b"},"headline":"GALER\u00cdA DE PRESIDENTES EN PRESIDENCIA","datePublished":"2016-07-24T10:02:43+00:00","mainEntityOfPage":{"@id":"https:\/\/elcotarro.com\/?p=3031"},"wordCount":212,"commentCount":0,"publisher":{"@id":"https:\/\/elcotarro.com\/#organization"},"image":{"@id":"https:\/\/elcotarro.com\/?p=3031#primaryimage"},"thumbnailUrl":"https:\/\/elcotarro.com\/wp-content\/uploads\/2016\/07\/FOTO-4.-ANTONIO-CASTRO.jpg","inLanguage":"es","potentialAction":[{"@type":"CommentAction","name":"Comment","target":["https:\/\/elcotarro.com\/?p=3031#respond"]}]},{"@type":"WebPage","@id":"https:\/\/elcotarro.com\/?p=3031","url":"https:\/\/elcotarro.com\/?p=3031","name":"GALER\u00cdA DE PRESIDENTES EN PRESIDENCIA - El Cotarro","isPartOf":{"@id":"https:\/\/elcotarro.com\/#website"},"primaryImageOfPage":{"@id":"https:\/\/elcotarro.com\/?p=3031#primaryimage"},"image":{"@id":"https:\/\/elcotarro.com\/?p=3031#primaryimage"},"thumbnailUrl":"https:\/\/elcotarro.com\/wp-content\/uploads\/2016\/07\/FOTO-4.-ANTONIO-CASTRO.jpg","datePublished":"2016-07-24T10:02:43+00:00","breadcrumb":{"@id":"https:\/\/elcotarro.com\/?p=3031#breadcrumb"},"inLanguage":"es","potentialAction":[{"@type":"ReadAction","target":["https:\/\/elcotarro.com\/?p=3031"]}]},{"@type":"ImageObject","inLanguage":"es","@id":"https:\/\/elcotarro.com\/?p=3031#primaryimage","url":"https:\/\/elcotarro.com\/wp-content\/uploads\/2016\/07\/FOTO-4.-ANTONIO-CASTRO.jpg","contentUrl":"https:\/\/elcotarro.com\/wp-content\/uploads\/2016\/07\/FOTO-4.-ANTONIO-CASTRO.jpg","width":450,"height":567},{"@type":"BreadcrumbList","@id":"https:\/\/elcotarro.com\/?p=3031#breadcrumb","itemListElement":[{"@type":"ListItem","position":1,"name":"Portada","item":"https:\/\/elcotarro.com\/"},{"@type":"ListItem","position":2,"name":"GALER\u00cdA DE PRESIDENTES EN PRESIDENCIA"}]},{"@type":"WebSite","@id":"https:\/\/elcotarro.com\/#website","url":"https:\/\/elcotarro.com\/","name":"El Cotarro","description":"Peri\u00f3dico Digital Independiente dirigido por Jos\u00e9 Carlos Marrero","publisher":{"@id":"https:\/\/elcotarro.com\/#organization"},"potentialAction":[{"@type":"SearchAction","target":{"@type":"EntryPoint","urlTemplate":"https:\/\/elcotarro.com\/?s={search_term_string}"},"query-input":{"@type":"PropertyValueSpecification","valueRequired":true,"valueName":"search_term_string"}}],"inLanguage":"es"},{"@type":"Organization","@id":"https:\/\/elcotarro.com\/#organization","name":"El Cotarro","url":"https:\/\/elcotarro.com\/","logo":{"@type":"ImageObject","inLanguage":"es","@id":"https:\/\/elcotarro.com\/#\/schema\/logo\/image\/","url":"https:\/\/elcotarro.com\/wp-content\/uploads\/2014\/09\/Cabecera_El_Cotarro_v2.jpg","contentUrl":"https:\/\/elcotarro.com\/wp-content\/uploads\/2014\/09\/Cabecera_El_Cotarro_v2.jpg","width":3540,"height":441,"caption":"El Cotarro"},"image":{"@id":"https:\/\/elcotarro.com\/#\/schema\/logo\/image\/"},"sameAs":["https:\/\/www.facebook.com\/ElCotarro.Tenerife"]},{"@type":"Person","@id":"https:\/\/elcotarro.com\/#\/schema\/person\/af537ee7d60d15984c7e0affcd8a918b","name":"Jos\u00e9 Carlos Marrero Gonz\u00e1lez","image":{"@type":"ImageObject","inLanguage":"es","@id":"https:\/\/elcotarro.com\/#\/schema\/person\/image\/","url":"https:\/\/secure.gravatar.com\/avatar\/def4da036efb5d32c74d49c351f6dccc064dd69ad9f3aadc295c5a9a5391ca01?s=96&d=mm&r=g","contentUrl":"https:\/\/secure.gravatar.com\/avatar\/def4da036efb5d32c74d49c351f6dccc064dd69ad9f3aadc295c5a9a5391ca01?s=96&d=mm&r=g","caption":"Jos\u00e9 Carlos Marrero Gonz\u00e1lez"},"sameAs":["https:\/\/elcotarro.com"],"url":"https:\/\/elcotarro.com\/?author=2"}]}},"jetpack_featured_media_url":"","jetpack_sharing_enabled":true,"_links":{"self":[{"href":"https:\/\/elcotarro.com\/index.php?rest_route=\/wp\/v2\/posts\/3031","targetHints":{"allow":["GET"]}}],"collection":[{"href":"https:\/\/elcotarro.com\/index.php?rest_route=\/wp\/v2\/posts"}],"about":[{"href":"https:\/\/elcotarro.com\/index.php?rest_route=\/wp\/v2\/types\/post"}],"author":[{"embeddable":true,"href":"https:\/\/elcotarro.com\/index.php?rest_route=\/wp\/v2\/users\/2"}],"replies":[{"embeddable":true,"href":"https:\/\/elcotarro.com\/index.php?rest_route=%2Fwp%2Fv2%2Fcomments&post=3031"}],"version-history":[{"count":1,"href":"https:\/\/elcotarro.com\/index.php?rest_route=\/wp\/v2\/posts\/3031\/revisions"}],"predecessor-version":[{"id":3033,"href":"https:\/\/elcotarro.com\/index.php?rest_route=\/wp\/v2\/posts\/3031\/revisions\/3033"}],"wp:attachment":[{"href":"https:\/\/elcotarro.com\/index.php?rest_route=%2Fwp%2Fv2%2Fmedia&parent=3031"}],"wp:term":[{"taxonomy":"category","embeddable":true,"href":"https:\/\/elcotarro.com\/index.php?rest_route=%2Fwp%2Fv2%2Fcategories&post=3031"},{"taxonomy":"post_tag","embeddable":true,"href":"https:\/\/elcotarro.com\/index.php?rest_route=%2Fwp%2Fv2%2Ftags&post=3031"}],"curies":[{"name":"wp","href":"https:\/\/api.w.org\/{rel}","templated":true}]}}