{"id":3034,"date":"2016-07-24T11:01:14","date_gmt":"2016-07-24T10:01:14","guid":{"rendered":"https:\/\/elcotarro.com\/?p=3034"},"modified":"2016-07-24T01:43:51","modified_gmt":"2016-07-24T00:43:51","slug":"hasta-siempre-amigo-fermin","status":"publish","type":"post","link":"https:\/\/elcotarro.com\/?p=3034","title":{"rendered":"HASTA SIEMPRE, AMIGO FERM\u00cdN"},"content":{"rendered":"<p>Lo que se vivi\u00f3 el pasado mi\u00e9rcoles en la catedral de La Laguna fue toda una demostraci\u00f3n de que se recoge lo que se siembra. Cientos de personas, muchas de las cuales no pod\u00edan reprimir sus l\u00e1grimas, tributaron una impresionante y multitudinaria despedida de este mundo al que fue su sacerdote, su p\u00e1rroco, su confesor, su vecino, su compa\u00f1ero, su bienhechor&#8230; Un pan de Dios, un sacerdote ejemplar, una gran persona\u2026 Con tan solo cincuenta y tres a\u00f1os de edad, <strong>Ferm\u00edn Santiago Hern\u00e1ndez Hern\u00e1ndez<\/strong> (para todos, sencillamente, el cura o el amigo <strong>Ferm\u00edn<\/strong>) nos dejaba tras una larga enfermedad llevada con una entereza, discreci\u00f3n y dignidad absolutamente ejemplares. Nacido en 1962, fue criado desde muy peque\u00f1ito en la Casa Cuna de Santa Cruz de Tenerife, y creo que ese lugar marc\u00f3 la vida, el car\u00e1cter, la vocaci\u00f3n y la dedicaci\u00f3n de <strong>Ferm\u00edn<\/strong> hacia los m\u00e1s desfavorecidos.<\/p>\n<p><a href=\"https:\/\/elcotarro.com\/wp-content\/uploads\/2016\/07\/FOTO-5.-Ferm\u00edn-Hern\u00e1ndez.jpg\"><img loading=\"lazy\" decoding=\"async\" class=\"size-full wp-image-3035 aligncenter\" src=\"https:\/\/elcotarro.com\/wp-content\/uploads\/2016\/07\/FOTO-5.-Ferm\u00edn-Hern\u00e1ndez.jpg\" alt=\"FOTO 5.- Ferm\u00edn Hern\u00e1ndez\" width=\"662\" height=\"289\" srcset=\"https:\/\/elcotarro.com\/wp-content\/uploads\/2016\/07\/FOTO-5.-Ferm\u00edn-Hern\u00e1ndez.jpg 662w, https:\/\/elcotarro.com\/wp-content\/uploads\/2016\/07\/FOTO-5.-Ferm\u00edn-Hern\u00e1ndez-300x131.jpg 300w\" sizes=\"auto, (max-width: 662px) 100vw, 662px\" \/><\/a><\/p>\n<p style=\"text-align: center\"><em>El gran y querido sacerdote Ferm\u00edn Hern\u00e1ndez, que en paz descanse.<\/em><\/p>\n","protected":false},"excerpt":{"rendered":"<p>Lo que se vivi\u00f3 el pasado mi\u00e9rcoles en la catedral de La Laguna fue toda una demostraci\u00f3n de que se recoge lo que se siembra. Cientos de personas, muchas de las cuales no pod\u00edan reprimir sus l\u00e1grimas, tributaron una impresionante y multitudinaria despedida de este mundo al que fue su sacerdote, su p\u00e1rroco, su confesor, &#8230; <a class=\"read-more\" href=\"https:\/\/elcotarro.com\/?p=3034\">Read more<\/a><\/p>\n","protected":false},"author":2,"featured_media":0,"comment_status":"open","ping_status":"open","sticky":false,"template":"","format":"standard","meta":{"_jetpack_memberships_contains_paid_content":false,"footnotes":""},"categories":[1],"tags":[],"class_list":["post-3034","post","type-post","status-publish","format-standard","hentry","category-sin-categoria"],"yoast_head":"<!-- This site is optimized with the Yoast SEO plugin v27.0 - https:\/\/yoast.com\/product\/yoast-seo-wordpress\/ -->\n<title>HASTA SIEMPRE, AMIGO FERM\u00cdN - El Cotarro<\/title>\n<meta name=\"robots\" content=\"index, follow, max-snippet:-1, max-image-preview:large, max-video-preview:-1\" \/>\n<link rel=\"canonical\" href=\"https:\/\/elcotarro.com\/?p=3034\" \/>\n<meta property=\"og:locale\" content=\"es_ES\" \/>\n<meta property=\"og:type\" content=\"article\" \/>\n<meta property=\"og:title\" content=\"HASTA SIEMPRE, AMIGO FERM\u00cdN - El Cotarro\" \/>\n<meta property=\"og:description\" content=\"Lo que se vivi\u00f3 el pasado mi\u00e9rcoles en la catedral de La Laguna fue toda una demostraci\u00f3n de que se recoge lo que se siembra. Cientos de personas, muchas de las cuales no pod\u00edan reprimir sus l\u00e1grimas, tributaron una impresionante y multitudinaria despedida de este mundo al que fue su sacerdote, su p\u00e1rroco, su confesor, ... Read more\" \/>\n<meta property=\"og:url\" content=\"https:\/\/elcotarro.com\/?p=3034\" \/>\n<meta property=\"og:site_name\" content=\"El Cotarro\" \/>\n<meta property=\"article:publisher\" content=\"https:\/\/www.facebook.com\/ElCotarro.Tenerife\" \/>\n<meta property=\"article:published_time\" content=\"2016-07-24T10:01:14+00:00\" \/>\n<meta name=\"author\" content=\"Jos\u00e9 Carlos Marrero Gonz\u00e1lez\" \/>\n<meta name=\"twitter:label1\" content=\"Escrito por\" \/>\n\t<meta name=\"twitter:data1\" content=\"Jos\u00e9 Carlos Marrero Gonz\u00e1lez\" \/>\n\t<meta name=\"twitter:label2\" content=\"Tiempo de lectura\" \/>\n\t<meta name=\"twitter:data2\" content=\"1 minuto\" \/>\n<script type=\"application\/ld+json\" class=\"yoast-schema-graph\">{\"@context\":\"https:\/\/schema.org\",\"@graph\":[{\"@type\":\"Article\",\"@id\":\"https:\/\/elcotarro.com\/?p=3034#article\",\"isPartOf\":{\"@id\":\"https:\/\/elcotarro.com\/?p=3034\"},\"author\":{\"name\":\"Jos\u00e9 Carlos Marrero Gonz\u00e1lez\",\"@id\":\"https:\/\/elcotarro.com\/#\/schema\/person\/af537ee7d60d15984c7e0affcd8a918b\"},\"headline\":\"HASTA SIEMPRE, AMIGO FERM\u00cdN\",\"datePublished\":\"2016-07-24T10:01:14+00:00\",\"mainEntityOfPage\":{\"@id\":\"https:\/\/elcotarro.com\/?p=3034\"},\"wordCount\":181,\"commentCount\":0,\"publisher\":{\"@id\":\"https:\/\/elcotarro.com\/#organization\"},\"inLanguage\":\"es\",\"potentialAction\":[{\"@type\":\"CommentAction\",\"name\":\"Comment\",\"target\":[\"https:\/\/elcotarro.com\/?p=3034#respond\"]}]},{\"@type\":\"WebPage\",\"@id\":\"https:\/\/elcotarro.com\/?p=3034\",\"url\":\"https:\/\/elcotarro.com\/?p=3034\",\"name\":\"HASTA SIEMPRE, AMIGO FERM\u00cdN - El Cotarro\",\"isPartOf\":{\"@id\":\"https:\/\/elcotarro.com\/#website\"},\"datePublished\":\"2016-07-24T10:01:14+00:00\",\"breadcrumb\":{\"@id\":\"https:\/\/elcotarro.com\/?p=3034#breadcrumb\"},\"inLanguage\":\"es\",\"potentialAction\":[{\"@type\":\"ReadAction\",\"target\":[\"https:\/\/elcotarro.com\/?p=3034\"]}]},{\"@type\":\"BreadcrumbList\",\"@id\":\"https:\/\/elcotarro.com\/?p=3034#breadcrumb\",\"itemListElement\":[{\"@type\":\"ListItem\",\"position\":1,\"name\":\"Portada\",\"item\":\"https:\/\/elcotarro.com\/\"},{\"@type\":\"ListItem\",\"position\":2,\"name\":\"HASTA SIEMPRE, AMIGO FERM\u00cdN\"}]},{\"@type\":\"WebSite\",\"@id\":\"https:\/\/elcotarro.com\/#website\",\"url\":\"https:\/\/elcotarro.com\/\",\"name\":\"El Cotarro\",\"description\":\"Peri\u00f3dico Digital Independiente dirigido por Jos\u00e9 Carlos Marrero\",\"publisher\":{\"@id\":\"https:\/\/elcotarro.com\/#organization\"},\"potentialAction\":[{\"@type\":\"SearchAction\",\"target\":{\"@type\":\"EntryPoint\",\"urlTemplate\":\"https:\/\/elcotarro.com\/?s={search_term_string}\"},\"query-input\":{\"@type\":\"PropertyValueSpecification\",\"valueRequired\":true,\"valueName\":\"search_term_string\"}}],\"inLanguage\":\"es\"},{\"@type\":\"Organization\",\"@id\":\"https:\/\/elcotarro.com\/#organization\",\"name\":\"El Cotarro\",\"url\":\"https:\/\/elcotarro.com\/\",\"logo\":{\"@type\":\"ImageObject\",\"inLanguage\":\"es\",\"@id\":\"https:\/\/elcotarro.com\/#\/schema\/logo\/image\/\",\"url\":\"https:\/\/elcotarro.com\/wp-content\/uploads\/2014\/09\/Cabecera_El_Cotarro_v2.jpg\",\"contentUrl\":\"https:\/\/elcotarro.com\/wp-content\/uploads\/2014\/09\/Cabecera_El_Cotarro_v2.jpg\",\"width\":3540,\"height\":441,\"caption\":\"El Cotarro\"},\"image\":{\"@id\":\"https:\/\/elcotarro.com\/#\/schema\/logo\/image\/\"},\"sameAs\":[\"https:\/\/www.facebook.com\/ElCotarro.Tenerife\"]},{\"@type\":\"Person\",\"@id\":\"https:\/\/elcotarro.com\/#\/schema\/person\/af537ee7d60d15984c7e0affcd8a918b\",\"name\":\"Jos\u00e9 Carlos Marrero Gonz\u00e1lez\",\"image\":{\"@type\":\"ImageObject\",\"inLanguage\":\"es\",\"@id\":\"https:\/\/elcotarro.com\/#\/schema\/person\/image\/\",\"url\":\"https:\/\/secure.gravatar.com\/avatar\/def4da036efb5d32c74d49c351f6dccc064dd69ad9f3aadc295c5a9a5391ca01?s=96&d=mm&r=g\",\"contentUrl\":\"https:\/\/secure.gravatar.com\/avatar\/def4da036efb5d32c74d49c351f6dccc064dd69ad9f3aadc295c5a9a5391ca01?s=96&d=mm&r=g\",\"caption\":\"Jos\u00e9 Carlos Marrero Gonz\u00e1lez\"},\"sameAs\":[\"https:\/\/elcotarro.com\"],\"url\":\"https:\/\/elcotarro.com\/?author=2\"}]}<\/script>\n<!-- \/ Yoast SEO plugin. -->","yoast_head_json":{"title":"HASTA SIEMPRE, AMIGO FERM\u00cdN - El Cotarro","robots":{"index":"index","follow":"follow","max-snippet":"max-snippet:-1","max-image-preview":"max-image-preview:large","max-video-preview":"max-video-preview:-1"},"canonical":"https:\/\/elcotarro.com\/?p=3034","og_locale":"es_ES","og_type":"article","og_title":"HASTA SIEMPRE, AMIGO FERM\u00cdN - El Cotarro","og_description":"Lo que se vivi\u00f3 el pasado mi\u00e9rcoles en la catedral de La Laguna fue toda una demostraci\u00f3n de que se recoge lo que se siembra. Cientos de personas, muchas de las cuales no pod\u00edan reprimir sus l\u00e1grimas, tributaron una impresionante y multitudinaria despedida de este mundo al que fue su sacerdote, su p\u00e1rroco, su confesor, ... Read more","og_url":"https:\/\/elcotarro.com\/?p=3034","og_site_name":"El Cotarro","article_publisher":"https:\/\/www.facebook.com\/ElCotarro.Tenerife","article_published_time":"2016-07-24T10:01:14+00:00","author":"Jos\u00e9 Carlos Marrero Gonz\u00e1lez","twitter_misc":{"Escrito por":"Jos\u00e9 Carlos Marrero Gonz\u00e1lez","Tiempo de lectura":"1 minuto"},"schema":{"@context":"https:\/\/schema.org","@graph":[{"@type":"Article","@id":"https:\/\/elcotarro.com\/?p=3034#article","isPartOf":{"@id":"https:\/\/elcotarro.com\/?p=3034"},"author":{"name":"Jos\u00e9 Carlos Marrero Gonz\u00e1lez","@id":"https:\/\/elcotarro.com\/#\/schema\/person\/af537ee7d60d15984c7e0affcd8a918b"},"headline":"HASTA SIEMPRE, AMIGO FERM\u00cdN","datePublished":"2016-07-24T10:01:14+00:00","mainEntityOfPage":{"@id":"https:\/\/elcotarro.com\/?p=3034"},"wordCount":181,"commentCount":0,"publisher":{"@id":"https:\/\/elcotarro.com\/#organization"},"inLanguage":"es","potentialAction":[{"@type":"CommentAction","name":"Comment","target":["https:\/\/elcotarro.com\/?p=3034#respond"]}]},{"@type":"WebPage","@id":"https:\/\/elcotarro.com\/?p=3034","url":"https:\/\/elcotarro.com\/?p=3034","name":"HASTA SIEMPRE, AMIGO FERM\u00cdN - El Cotarro","isPartOf":{"@id":"https:\/\/elcotarro.com\/#website"},"datePublished":"2016-07-24T10:01:14+00:00","breadcrumb":{"@id":"https:\/\/elcotarro.com\/?p=3034#breadcrumb"},"inLanguage":"es","potentialAction":[{"@type":"ReadAction","target":["https:\/\/elcotarro.com\/?p=3034"]}]},{"@type":"BreadcrumbList","@id":"https:\/\/elcotarro.com\/?p=3034#breadcrumb","itemListElement":[{"@type":"ListItem","position":1,"name":"Portada","item":"https:\/\/elcotarro.com\/"},{"@type":"ListItem","position":2,"name":"HASTA SIEMPRE, AMIGO FERM\u00cdN"}]},{"@type":"WebSite","@id":"https:\/\/elcotarro.com\/#website","url":"https:\/\/elcotarro.com\/","name":"El Cotarro","description":"Peri\u00f3dico Digital Independiente dirigido por Jos\u00e9 Carlos Marrero","publisher":{"@id":"https:\/\/elcotarro.com\/#organization"},"potentialAction":[{"@type":"SearchAction","target":{"@type":"EntryPoint","urlTemplate":"https:\/\/elcotarro.com\/?s={search_term_string}"},"query-input":{"@type":"PropertyValueSpecification","valueRequired":true,"valueName":"search_term_string"}}],"inLanguage":"es"},{"@type":"Organization","@id":"https:\/\/elcotarro.com\/#organization","name":"El Cotarro","url":"https:\/\/elcotarro.com\/","logo":{"@type":"ImageObject","inLanguage":"es","@id":"https:\/\/elcotarro.com\/#\/schema\/logo\/image\/","url":"https:\/\/elcotarro.com\/wp-content\/uploads\/2014\/09\/Cabecera_El_Cotarro_v2.jpg","contentUrl":"https:\/\/elcotarro.com\/wp-content\/uploads\/2014\/09\/Cabecera_El_Cotarro_v2.jpg","width":3540,"height":441,"caption":"El Cotarro"},"image":{"@id":"https:\/\/elcotarro.com\/#\/schema\/logo\/image\/"},"sameAs":["https:\/\/www.facebook.com\/ElCotarro.Tenerife"]},{"@type":"Person","@id":"https:\/\/elcotarro.com\/#\/schema\/person\/af537ee7d60d15984c7e0affcd8a918b","name":"Jos\u00e9 Carlos Marrero Gonz\u00e1lez","image":{"@type":"ImageObject","inLanguage":"es","@id":"https:\/\/elcotarro.com\/#\/schema\/person\/image\/","url":"https:\/\/secure.gravatar.com\/avatar\/def4da036efb5d32c74d49c351f6dccc064dd69ad9f3aadc295c5a9a5391ca01?s=96&d=mm&r=g","contentUrl":"https:\/\/secure.gravatar.com\/avatar\/def4da036efb5d32c74d49c351f6dccc064dd69ad9f3aadc295c5a9a5391ca01?s=96&d=mm&r=g","caption":"Jos\u00e9 Carlos Marrero Gonz\u00e1lez"},"sameAs":["https:\/\/elcotarro.com"],"url":"https:\/\/elcotarro.com\/?author=2"}]}},"jetpack_featured_media_url":"","jetpack_sharing_enabled":true,"_links":{"self":[{"href":"https:\/\/elcotarro.com\/index.php?rest_route=\/wp\/v2\/posts\/3034","targetHints":{"allow":["GET"]}}],"collection":[{"href":"https:\/\/elcotarro.com\/index.php?rest_route=\/wp\/v2\/posts"}],"about":[{"href":"https:\/\/elcotarro.com\/index.php?rest_route=\/wp\/v2\/types\/post"}],"author":[{"embeddable":true,"href":"https:\/\/elcotarro.com\/index.php?rest_route=\/wp\/v2\/users\/2"}],"replies":[{"embeddable":true,"href":"https:\/\/elcotarro.com\/index.php?rest_route=%2Fwp%2Fv2%2Fcomments&post=3034"}],"version-history":[{"count":1,"href":"https:\/\/elcotarro.com\/index.php?rest_route=\/wp\/v2\/posts\/3034\/revisions"}],"predecessor-version":[{"id":3036,"href":"https:\/\/elcotarro.com\/index.php?rest_route=\/wp\/v2\/posts\/3034\/revisions\/3036"}],"wp:attachment":[{"href":"https:\/\/elcotarro.com\/index.php?rest_route=%2Fwp%2Fv2%2Fmedia&parent=3034"}],"wp:term":[{"taxonomy":"category","embeddable":true,"href":"https:\/\/elcotarro.com\/index.php?rest_route=%2Fwp%2Fv2%2Fcategories&post=3034"},{"taxonomy":"post_tag","embeddable":true,"href":"https:\/\/elcotarro.com\/index.php?rest_route=%2Fwp%2Fv2%2Ftags&post=3034"}],"curies":[{"name":"wp","href":"https:\/\/api.w.org\/{rel}","templated":true}]}}