{"id":3037,"date":"2016-07-24T11:00:58","date_gmt":"2016-07-24T10:00:58","guid":{"rendered":"https:\/\/elcotarro.com\/?p=3037"},"modified":"2016-07-24T01:45:39","modified_gmt":"2016-07-24T00:45:39","slug":"una-ejemplar-trayectoria-de-servicio","status":"publish","type":"post","link":"https:\/\/elcotarro.com\/?p=3037","title":{"rendered":"UNA EJEMPLAR TRAYECTORIA DE SERVICIO"},"content":{"rendered":"<p>Reci\u00e9n ordenado presb\u00edtero en 1996 por el obispo <strong>Felipe Fern\u00e1ndez<\/strong>, el primer destino de <strong>Ferm\u00edn<\/strong> fue como administrador parroquial de San Francisco, en Santa Cruz de La Palma, donde estuvo muy poco, antes de ser nombrado p\u00e1rroco de Nuestra Se\u00f1ora de La Luz en Arico Nuevo. El a\u00f1o 2002 pas\u00f3 a ser titular de la parroquia de San P\u00edo X, en Ofra, y capell\u00e1n del Hospital La Candelaria en Santa Cruz de Tenerife. El a\u00f1o 2007, adem\u00e1s, fue nombrado encargado de San Juan de la Cruz, tambi\u00e9n en Ofra. Y desde el a\u00f1o 2012 ha venido ejerciendo su \u00faltima responsabilidad pastoral en Icod del Alto (Los Realejos), como p\u00e1rroco de Nuestra Se\u00f1ora del Buen Viaje. Todo ello sin olvidarse nunca de su querida Casa Cuna, del Hospital La Candelaria y, por supuesto, de su querido Club Deportivo Tenerife, equipo del que era capell\u00e1n, forofo y muy cr\u00edtico. Durante toda esta trayectoria vital, vocacional y de servicio, <strong>Ferm\u00edn<\/strong> fue, sencillamente, ejemplar.<\/p>\n<p><a href=\"https:\/\/elcotarro.com\/wp-content\/uploads\/2016\/07\/FOTO-6.-Ferm\u00edn-Hern\u00e1ndez.jpg\"><img loading=\"lazy\" decoding=\"async\" class=\"size-full wp-image-3038 aligncenter\" src=\"https:\/\/elcotarro.com\/wp-content\/uploads\/2016\/07\/FOTO-6.-Ferm\u00edn-Hern\u00e1ndez.jpg\" alt=\"FOTO 6.- Ferm\u00edn Hern\u00e1ndez\" width=\"720\" height=\"960\" srcset=\"https:\/\/elcotarro.com\/wp-content\/uploads\/2016\/07\/FOTO-6.-Ferm\u00edn-Hern\u00e1ndez.jpg 720w, https:\/\/elcotarro.com\/wp-content\/uploads\/2016\/07\/FOTO-6.-Ferm\u00edn-Hern\u00e1ndez-225x300.jpg 225w\" sizes=\"auto, (max-width: 720px) 100vw, 720px\" \/><\/a><\/p>\n<p style=\"text-align: center\">El padre Ferm\u00edn Hern\u00e1ndez en plena celebraci\u00f3n de la Eucarist\u00eda<\/p>\n","protected":false},"excerpt":{"rendered":"<p>Reci\u00e9n ordenado presb\u00edtero en 1996 por el obispo Felipe Fern\u00e1ndez, el primer destino de Ferm\u00edn fue como administrador parroquial de San Francisco, en Santa Cruz de La Palma, donde estuvo muy poco, antes de ser nombrado p\u00e1rroco de Nuestra Se\u00f1ora de La Luz en Arico Nuevo. El a\u00f1o 2002 pas\u00f3 a ser titular de la &#8230; <a class=\"read-more\" href=\"https:\/\/elcotarro.com\/?p=3037\">Read more<\/a><\/p>\n","protected":false},"author":2,"featured_media":0,"comment_status":"open","ping_status":"open","sticky":false,"template":"","format":"standard","meta":{"_jetpack_memberships_contains_paid_content":false,"footnotes":""},"categories":[1],"tags":[],"class_list":["post-3037","post","type-post","status-publish","format-standard","hentry","category-sin-categoria"],"yoast_head":"<!-- This site is optimized with the Yoast SEO plugin v27.0 - https:\/\/yoast.com\/product\/yoast-seo-wordpress\/ -->\n<title>UNA EJEMPLAR TRAYECTORIA DE SERVICIO - El Cotarro<\/title>\n<meta name=\"robots\" content=\"index, follow, max-snippet:-1, max-image-preview:large, max-video-preview:-1\" \/>\n<link rel=\"canonical\" href=\"https:\/\/elcotarro.com\/?p=3037\" \/>\n<meta property=\"og:locale\" content=\"es_ES\" \/>\n<meta property=\"og:type\" content=\"article\" \/>\n<meta property=\"og:title\" content=\"UNA EJEMPLAR TRAYECTORIA DE SERVICIO - El Cotarro\" \/>\n<meta property=\"og:description\" content=\"Reci\u00e9n ordenado presb\u00edtero en 1996 por el obispo Felipe Fern\u00e1ndez, el primer destino de Ferm\u00edn fue como administrador parroquial de San Francisco, en Santa Cruz de La Palma, donde estuvo muy poco, antes de ser nombrado p\u00e1rroco de Nuestra Se\u00f1ora de La Luz en Arico Nuevo. El a\u00f1o 2002 pas\u00f3 a ser titular de la ... Read more\" \/>\n<meta property=\"og:url\" content=\"https:\/\/elcotarro.com\/?p=3037\" \/>\n<meta property=\"og:site_name\" content=\"El Cotarro\" \/>\n<meta property=\"article:publisher\" content=\"https:\/\/www.facebook.com\/ElCotarro.Tenerife\" \/>\n<meta property=\"article:published_time\" content=\"2016-07-24T10:00:58+00:00\" \/>\n<meta name=\"author\" content=\"Jos\u00e9 Carlos Marrero Gonz\u00e1lez\" \/>\n<meta name=\"twitter:label1\" content=\"Escrito por\" \/>\n\t<meta name=\"twitter:data1\" content=\"Jos\u00e9 Carlos Marrero Gonz\u00e1lez\" \/>\n\t<meta name=\"twitter:label2\" content=\"Tiempo de lectura\" \/>\n\t<meta name=\"twitter:data2\" content=\"1 minuto\" \/>\n<script type=\"application\/ld+json\" class=\"yoast-schema-graph\">{\"@context\":\"https:\/\/schema.org\",\"@graph\":[{\"@type\":\"Article\",\"@id\":\"https:\/\/elcotarro.com\/?p=3037#article\",\"isPartOf\":{\"@id\":\"https:\/\/elcotarro.com\/?p=3037\"},\"author\":{\"name\":\"Jos\u00e9 Carlos Marrero Gonz\u00e1lez\",\"@id\":\"https:\/\/elcotarro.com\/#\/schema\/person\/af537ee7d60d15984c7e0affcd8a918b\"},\"headline\":\"UNA EJEMPLAR TRAYECTORIA DE SERVICIO\",\"datePublished\":\"2016-07-24T10:00:58+00:00\",\"mainEntityOfPage\":{\"@id\":\"https:\/\/elcotarro.com\/?p=3037\"},\"wordCount\":193,\"commentCount\":0,\"publisher\":{\"@id\":\"https:\/\/elcotarro.com\/#organization\"},\"inLanguage\":\"es\",\"potentialAction\":[{\"@type\":\"CommentAction\",\"name\":\"Comment\",\"target\":[\"https:\/\/elcotarro.com\/?p=3037#respond\"]}]},{\"@type\":\"WebPage\",\"@id\":\"https:\/\/elcotarro.com\/?p=3037\",\"url\":\"https:\/\/elcotarro.com\/?p=3037\",\"name\":\"UNA EJEMPLAR TRAYECTORIA DE SERVICIO - El Cotarro\",\"isPartOf\":{\"@id\":\"https:\/\/elcotarro.com\/#website\"},\"datePublished\":\"2016-07-24T10:00:58+00:00\",\"breadcrumb\":{\"@id\":\"https:\/\/elcotarro.com\/?p=3037#breadcrumb\"},\"inLanguage\":\"es\",\"potentialAction\":[{\"@type\":\"ReadAction\",\"target\":[\"https:\/\/elcotarro.com\/?p=3037\"]}]},{\"@type\":\"BreadcrumbList\",\"@id\":\"https:\/\/elcotarro.com\/?p=3037#breadcrumb\",\"itemListElement\":[{\"@type\":\"ListItem\",\"position\":1,\"name\":\"Portada\",\"item\":\"https:\/\/elcotarro.com\/\"},{\"@type\":\"ListItem\",\"position\":2,\"name\":\"UNA EJEMPLAR TRAYECTORIA DE SERVICIO\"}]},{\"@type\":\"WebSite\",\"@id\":\"https:\/\/elcotarro.com\/#website\",\"url\":\"https:\/\/elcotarro.com\/\",\"name\":\"El Cotarro\",\"description\":\"Peri\u00f3dico Digital Independiente dirigido por Jos\u00e9 Carlos Marrero\",\"publisher\":{\"@id\":\"https:\/\/elcotarro.com\/#organization\"},\"potentialAction\":[{\"@type\":\"SearchAction\",\"target\":{\"@type\":\"EntryPoint\",\"urlTemplate\":\"https:\/\/elcotarro.com\/?s={search_term_string}\"},\"query-input\":{\"@type\":\"PropertyValueSpecification\",\"valueRequired\":true,\"valueName\":\"search_term_string\"}}],\"inLanguage\":\"es\"},{\"@type\":\"Organization\",\"@id\":\"https:\/\/elcotarro.com\/#organization\",\"name\":\"El Cotarro\",\"url\":\"https:\/\/elcotarro.com\/\",\"logo\":{\"@type\":\"ImageObject\",\"inLanguage\":\"es\",\"@id\":\"https:\/\/elcotarro.com\/#\/schema\/logo\/image\/\",\"url\":\"https:\/\/elcotarro.com\/wp-content\/uploads\/2014\/09\/Cabecera_El_Cotarro_v2.jpg\",\"contentUrl\":\"https:\/\/elcotarro.com\/wp-content\/uploads\/2014\/09\/Cabecera_El_Cotarro_v2.jpg\",\"width\":3540,\"height\":441,\"caption\":\"El Cotarro\"},\"image\":{\"@id\":\"https:\/\/elcotarro.com\/#\/schema\/logo\/image\/\"},\"sameAs\":[\"https:\/\/www.facebook.com\/ElCotarro.Tenerife\"]},{\"@type\":\"Person\",\"@id\":\"https:\/\/elcotarro.com\/#\/schema\/person\/af537ee7d60d15984c7e0affcd8a918b\",\"name\":\"Jos\u00e9 Carlos Marrero Gonz\u00e1lez\",\"image\":{\"@type\":\"ImageObject\",\"inLanguage\":\"es\",\"@id\":\"https:\/\/elcotarro.com\/#\/schema\/person\/image\/\",\"url\":\"https:\/\/secure.gravatar.com\/avatar\/def4da036efb5d32c74d49c351f6dccc064dd69ad9f3aadc295c5a9a5391ca01?s=96&d=mm&r=g\",\"contentUrl\":\"https:\/\/secure.gravatar.com\/avatar\/def4da036efb5d32c74d49c351f6dccc064dd69ad9f3aadc295c5a9a5391ca01?s=96&d=mm&r=g\",\"caption\":\"Jos\u00e9 Carlos Marrero Gonz\u00e1lez\"},\"sameAs\":[\"https:\/\/elcotarro.com\"],\"url\":\"https:\/\/elcotarro.com\/?author=2\"}]}<\/script>\n<!-- \/ Yoast SEO plugin. -->","yoast_head_json":{"title":"UNA EJEMPLAR TRAYECTORIA DE SERVICIO - El Cotarro","robots":{"index":"index","follow":"follow","max-snippet":"max-snippet:-1","max-image-preview":"max-image-preview:large","max-video-preview":"max-video-preview:-1"},"canonical":"https:\/\/elcotarro.com\/?p=3037","og_locale":"es_ES","og_type":"article","og_title":"UNA EJEMPLAR TRAYECTORIA DE SERVICIO - El Cotarro","og_description":"Reci\u00e9n ordenado presb\u00edtero en 1996 por el obispo Felipe Fern\u00e1ndez, el primer destino de Ferm\u00edn fue como administrador parroquial de San Francisco, en Santa Cruz de La Palma, donde estuvo muy poco, antes de ser nombrado p\u00e1rroco de Nuestra Se\u00f1ora de La Luz en Arico Nuevo. El a\u00f1o 2002 pas\u00f3 a ser titular de la ... Read more","og_url":"https:\/\/elcotarro.com\/?p=3037","og_site_name":"El Cotarro","article_publisher":"https:\/\/www.facebook.com\/ElCotarro.Tenerife","article_published_time":"2016-07-24T10:00:58+00:00","author":"Jos\u00e9 Carlos Marrero Gonz\u00e1lez","twitter_misc":{"Escrito por":"Jos\u00e9 Carlos Marrero Gonz\u00e1lez","Tiempo de lectura":"1 minuto"},"schema":{"@context":"https:\/\/schema.org","@graph":[{"@type":"Article","@id":"https:\/\/elcotarro.com\/?p=3037#article","isPartOf":{"@id":"https:\/\/elcotarro.com\/?p=3037"},"author":{"name":"Jos\u00e9 Carlos Marrero Gonz\u00e1lez","@id":"https:\/\/elcotarro.com\/#\/schema\/person\/af537ee7d60d15984c7e0affcd8a918b"},"headline":"UNA EJEMPLAR TRAYECTORIA DE SERVICIO","datePublished":"2016-07-24T10:00:58+00:00","mainEntityOfPage":{"@id":"https:\/\/elcotarro.com\/?p=3037"},"wordCount":193,"commentCount":0,"publisher":{"@id":"https:\/\/elcotarro.com\/#organization"},"inLanguage":"es","potentialAction":[{"@type":"CommentAction","name":"Comment","target":["https:\/\/elcotarro.com\/?p=3037#respond"]}]},{"@type":"WebPage","@id":"https:\/\/elcotarro.com\/?p=3037","url":"https:\/\/elcotarro.com\/?p=3037","name":"UNA EJEMPLAR TRAYECTORIA DE SERVICIO - El Cotarro","isPartOf":{"@id":"https:\/\/elcotarro.com\/#website"},"datePublished":"2016-07-24T10:00:58+00:00","breadcrumb":{"@id":"https:\/\/elcotarro.com\/?p=3037#breadcrumb"},"inLanguage":"es","potentialAction":[{"@type":"ReadAction","target":["https:\/\/elcotarro.com\/?p=3037"]}]},{"@type":"BreadcrumbList","@id":"https:\/\/elcotarro.com\/?p=3037#breadcrumb","itemListElement":[{"@type":"ListItem","position":1,"name":"Portada","item":"https:\/\/elcotarro.com\/"},{"@type":"ListItem","position":2,"name":"UNA EJEMPLAR TRAYECTORIA DE SERVICIO"}]},{"@type":"WebSite","@id":"https:\/\/elcotarro.com\/#website","url":"https:\/\/elcotarro.com\/","name":"El Cotarro","description":"Peri\u00f3dico Digital Independiente dirigido por Jos\u00e9 Carlos Marrero","publisher":{"@id":"https:\/\/elcotarro.com\/#organization"},"potentialAction":[{"@type":"SearchAction","target":{"@type":"EntryPoint","urlTemplate":"https:\/\/elcotarro.com\/?s={search_term_string}"},"query-input":{"@type":"PropertyValueSpecification","valueRequired":true,"valueName":"search_term_string"}}],"inLanguage":"es"},{"@type":"Organization","@id":"https:\/\/elcotarro.com\/#organization","name":"El Cotarro","url":"https:\/\/elcotarro.com\/","logo":{"@type":"ImageObject","inLanguage":"es","@id":"https:\/\/elcotarro.com\/#\/schema\/logo\/image\/","url":"https:\/\/elcotarro.com\/wp-content\/uploads\/2014\/09\/Cabecera_El_Cotarro_v2.jpg","contentUrl":"https:\/\/elcotarro.com\/wp-content\/uploads\/2014\/09\/Cabecera_El_Cotarro_v2.jpg","width":3540,"height":441,"caption":"El Cotarro"},"image":{"@id":"https:\/\/elcotarro.com\/#\/schema\/logo\/image\/"},"sameAs":["https:\/\/www.facebook.com\/ElCotarro.Tenerife"]},{"@type":"Person","@id":"https:\/\/elcotarro.com\/#\/schema\/person\/af537ee7d60d15984c7e0affcd8a918b","name":"Jos\u00e9 Carlos Marrero Gonz\u00e1lez","image":{"@type":"ImageObject","inLanguage":"es","@id":"https:\/\/elcotarro.com\/#\/schema\/person\/image\/","url":"https:\/\/secure.gravatar.com\/avatar\/def4da036efb5d32c74d49c351f6dccc064dd69ad9f3aadc295c5a9a5391ca01?s=96&d=mm&r=g","contentUrl":"https:\/\/secure.gravatar.com\/avatar\/def4da036efb5d32c74d49c351f6dccc064dd69ad9f3aadc295c5a9a5391ca01?s=96&d=mm&r=g","caption":"Jos\u00e9 Carlos Marrero Gonz\u00e1lez"},"sameAs":["https:\/\/elcotarro.com"],"url":"https:\/\/elcotarro.com\/?author=2"}]}},"jetpack_featured_media_url":"","jetpack_sharing_enabled":true,"_links":{"self":[{"href":"https:\/\/elcotarro.com\/index.php?rest_route=\/wp\/v2\/posts\/3037","targetHints":{"allow":["GET"]}}],"collection":[{"href":"https:\/\/elcotarro.com\/index.php?rest_route=\/wp\/v2\/posts"}],"about":[{"href":"https:\/\/elcotarro.com\/index.php?rest_route=\/wp\/v2\/types\/post"}],"author":[{"embeddable":true,"href":"https:\/\/elcotarro.com\/index.php?rest_route=\/wp\/v2\/users\/2"}],"replies":[{"embeddable":true,"href":"https:\/\/elcotarro.com\/index.php?rest_route=%2Fwp%2Fv2%2Fcomments&post=3037"}],"version-history":[{"count":1,"href":"https:\/\/elcotarro.com\/index.php?rest_route=\/wp\/v2\/posts\/3037\/revisions"}],"predecessor-version":[{"id":3039,"href":"https:\/\/elcotarro.com\/index.php?rest_route=\/wp\/v2\/posts\/3037\/revisions\/3039"}],"wp:attachment":[{"href":"https:\/\/elcotarro.com\/index.php?rest_route=%2Fwp%2Fv2%2Fmedia&parent=3037"}],"wp:term":[{"taxonomy":"category","embeddable":true,"href":"https:\/\/elcotarro.com\/index.php?rest_route=%2Fwp%2Fv2%2Fcategories&post=3037"},{"taxonomy":"post_tag","embeddable":true,"href":"https:\/\/elcotarro.com\/index.php?rest_route=%2Fwp%2Fv2%2Ftags&post=3037"}],"curies":[{"name":"wp","href":"https:\/\/api.w.org\/{rel}","templated":true}]}}