{"id":3060,"date":"2016-07-31T11:03:43","date_gmt":"2016-07-31T10:03:43","guid":{"rendered":"https:\/\/elcotarro.com\/?p=3060"},"modified":"2016-07-31T11:00:52","modified_gmt":"2016-07-31T10:00:52","slug":"sergio-fernandez-y-samantha-vallejo","status":"publish","type":"post","link":"https:\/\/elcotarro.com\/?p=3060","title":{"rendered":"SERGIO FERN\u00c1NDEZ Y SAMANTHA VALLEJO"},"content":{"rendered":"<p>Y siguiendo en plan gastron\u00f3mico, me quedo con dos noticias sabrosamente positivas como es la visita del gran cocinero <strong>Sergio Fern\u00e1ndez<\/strong>, chef de Canal Cocina, profesor de la Escuela Masterchef y enamorado de Tenerife, con quien hace unas semanas compart\u00ed un buen rato en el Teide. <strong>Sergio Fern\u00e1ndez<\/strong> vino a la isla con parte de su familia a disfrutar de nuestro clima y paisajes, a la vez que a preparar su participaci\u00f3n en la pr\u00f3xima edici\u00f3n del certamen Secretos de la Isla Baja, que creo se desarrollar\u00e1 el pr\u00f3ximo septiembre. Por su lado, la tambi\u00e9n gran chef <strong>Samantha Vallejo-N\u00e1gera<\/strong>, la popular \u201c<strong>Samantha<\/strong> de Espa\u00f1a\u201d, prepara una \u00fanica y exclusiva master-class que impartir\u00e1 en Santa Cruz de Tenerife el lunes, 24 de octubre. Se trata de un intensivo curso de un s\u00f3lo d\u00eda, que estar\u00e1 dedicado al importante mundo del c\u00e1tering (del que Samantha es una reconocida experta internacional) y, m\u00e1s concretamente, a la elaboraci\u00f3n y presentaci\u00f3n de platos. La organiza la empresa MasterClass Courses y, si quieren m\u00e1s informaci\u00f3n, llamen al 644 723 822. El que avisa no es traidor.<\/p>\n<p style=\"text-align: center\"><a href=\"https:\/\/elcotarro.com\/wp-content\/uploads\/2016\/07\/FOTO-3.-SERGIO-FERN\u00c1NDEZ.jpg\"><img loading=\"lazy\" decoding=\"async\" class=\"size-full wp-image-3061 aligncenter\" src=\"https:\/\/elcotarro.com\/wp-content\/uploads\/2016\/07\/FOTO-3.-SERGIO-FERN\u00c1NDEZ.jpg\" alt=\"FOTO 3.- SERGIO FERN\u00c1NDEZ\" width=\"2560\" height=\"1920\" srcset=\"https:\/\/elcotarro.com\/wp-content\/uploads\/2016\/07\/FOTO-3.-SERGIO-FERN\u00c1NDEZ.jpg 2560w, https:\/\/elcotarro.com\/wp-content\/uploads\/2016\/07\/FOTO-3.-SERGIO-FERN\u00c1NDEZ-300x225.jpg 300w, https:\/\/elcotarro.com\/wp-content\/uploads\/2016\/07\/FOTO-3.-SERGIO-FERN\u00c1NDEZ-1024x768.jpg 1024w\" sizes=\"auto, (max-width: 2560px) 100vw, 2560px\" \/><\/a><\/p>\n<p style=\"text-align: center\"><em>El popular chef Sergio Fern\u00e1ndez, \u201csaboreando\u201d los paisajes del Teide.<\/em><\/p>\n<p style=\"text-align: center\">\n<p style=\"text-align: center\">\n<p style=\"text-align: center\"><a href=\"https:\/\/elcotarro.com\/wp-content\/uploads\/2016\/07\/FOTO-4.-SAMANTHA-VALLEJO.jpg\"><img loading=\"lazy\" decoding=\"async\" class=\"size-full wp-image-3062 aligncenter\" src=\"https:\/\/elcotarro.com\/wp-content\/uploads\/2016\/07\/FOTO-4.-SAMANTHA-VALLEJO.jpg\" alt=\"FOTO 4.- SAMANTHA VALLEJO\" width=\"1920\" height=\"764\" srcset=\"https:\/\/elcotarro.com\/wp-content\/uploads\/2016\/07\/FOTO-4.-SAMANTHA-VALLEJO.jpg 1920w, https:\/\/elcotarro.com\/wp-content\/uploads\/2016\/07\/FOTO-4.-SAMANTHA-VALLEJO-300x119.jpg 300w, https:\/\/elcotarro.com\/wp-content\/uploads\/2016\/07\/FOTO-4.-SAMANTHA-VALLEJO-1024x407.jpg 1024w\" sizes=\"auto, (max-width: 1920px) 100vw, 1920px\" \/><\/a><\/p>\n<p style=\"text-align: center\"><em>La chef Samantha Vallejo-N\u00e1gera impartir\u00e1 una master-class \u00fanica en Tenerife<\/em><\/p>\n","protected":false},"excerpt":{"rendered":"<p>Y siguiendo en plan gastron\u00f3mico, me quedo con dos noticias sabrosamente positivas como es la visita del gran cocinero Sergio Fern\u00e1ndez, chef de Canal Cocina, profesor de la Escuela Masterchef y enamorado de Tenerife, con quien hace unas semanas compart\u00ed un buen rato en el Teide. Sergio Fern\u00e1ndez vino a la isla con parte de &#8230; <a class=\"read-more\" href=\"https:\/\/elcotarro.com\/?p=3060\">Read more<\/a><\/p>\n","protected":false},"author":2,"featured_media":0,"comment_status":"open","ping_status":"open","sticky":false,"template":"","format":"standard","meta":{"_jetpack_memberships_contains_paid_content":false,"footnotes":""},"categories":[1],"tags":[],"class_list":["post-3060","post","type-post","status-publish","format-standard","hentry","category-sin-categoria"],"yoast_head":"<!-- This site is optimized with the Yoast SEO plugin v27.0 - https:\/\/yoast.com\/product\/yoast-seo-wordpress\/ -->\n<title>SERGIO FERN\u00c1NDEZ Y SAMANTHA VALLEJO - El Cotarro<\/title>\n<meta name=\"robots\" content=\"index, follow, max-snippet:-1, max-image-preview:large, max-video-preview:-1\" \/>\n<link rel=\"canonical\" href=\"https:\/\/elcotarro.com\/?p=3060\" \/>\n<meta property=\"og:locale\" content=\"es_ES\" \/>\n<meta property=\"og:type\" content=\"article\" \/>\n<meta property=\"og:title\" content=\"SERGIO FERN\u00c1NDEZ Y SAMANTHA VALLEJO - El Cotarro\" \/>\n<meta property=\"og:description\" content=\"Y siguiendo en plan gastron\u00f3mico, me quedo con dos noticias sabrosamente positivas como es la visita del gran cocinero Sergio Fern\u00e1ndez, chef de Canal Cocina, profesor de la Escuela Masterchef y enamorado de Tenerife, con quien hace unas semanas compart\u00ed un buen rato en el Teide. Sergio Fern\u00e1ndez vino a la isla con parte de ... Read more\" \/>\n<meta property=\"og:url\" content=\"https:\/\/elcotarro.com\/?p=3060\" \/>\n<meta property=\"og:site_name\" content=\"El Cotarro\" \/>\n<meta property=\"article:publisher\" content=\"https:\/\/www.facebook.com\/ElCotarro.Tenerife\" \/>\n<meta property=\"article:published_time\" content=\"2016-07-31T10:03:43+00:00\" \/>\n<meta property=\"og:image\" content=\"https:\/\/elcotarro.com\/wp-content\/uploads\/2016\/07\/FOTO-4.-SAMANTHA-VALLEJO.jpg\" \/>\n<meta name=\"author\" content=\"Jos\u00e9 Carlos Marrero Gonz\u00e1lez\" \/>\n<meta name=\"twitter:label1\" content=\"Escrito por\" \/>\n\t<meta name=\"twitter:data1\" content=\"Jos\u00e9 Carlos Marrero Gonz\u00e1lez\" \/>\n\t<meta name=\"twitter:label2\" content=\"Tiempo de lectura\" \/>\n\t<meta name=\"twitter:data2\" content=\"1 minuto\" \/>\n<script type=\"application\/ld+json\" class=\"yoast-schema-graph\">{\"@context\":\"https:\/\/schema.org\",\"@graph\":[{\"@type\":\"Article\",\"@id\":\"https:\/\/elcotarro.com\/?p=3060#article\",\"isPartOf\":{\"@id\":\"https:\/\/elcotarro.com\/?p=3060\"},\"author\":{\"name\":\"Jos\u00e9 Carlos Marrero Gonz\u00e1lez\",\"@id\":\"https:\/\/elcotarro.com\/#\/schema\/person\/af537ee7d60d15984c7e0affcd8a918b\"},\"headline\":\"SERGIO FERN\u00c1NDEZ Y SAMANTHA VALLEJO\",\"datePublished\":\"2016-07-31T10:03:43+00:00\",\"mainEntityOfPage\":{\"@id\":\"https:\/\/elcotarro.com\/?p=3060\"},\"wordCount\":222,\"commentCount\":0,\"publisher\":{\"@id\":\"https:\/\/elcotarro.com\/#organization\"},\"image\":{\"@id\":\"https:\/\/elcotarro.com\/?p=3060#primaryimage\"},\"thumbnailUrl\":\"https:\/\/elcotarro.com\/wp-content\/uploads\/2016\/07\/FOTO-4.-SAMANTHA-VALLEJO.jpg\",\"inLanguage\":\"es\",\"potentialAction\":[{\"@type\":\"CommentAction\",\"name\":\"Comment\",\"target\":[\"https:\/\/elcotarro.com\/?p=3060#respond\"]}]},{\"@type\":\"WebPage\",\"@id\":\"https:\/\/elcotarro.com\/?p=3060\",\"url\":\"https:\/\/elcotarro.com\/?p=3060\",\"name\":\"SERGIO FERN\u00c1NDEZ Y SAMANTHA VALLEJO - El Cotarro\",\"isPartOf\":{\"@id\":\"https:\/\/elcotarro.com\/#website\"},\"primaryImageOfPage\":{\"@id\":\"https:\/\/elcotarro.com\/?p=3060#primaryimage\"},\"image\":{\"@id\":\"https:\/\/elcotarro.com\/?p=3060#primaryimage\"},\"thumbnailUrl\":\"https:\/\/elcotarro.com\/wp-content\/uploads\/2016\/07\/FOTO-4.-SAMANTHA-VALLEJO.jpg\",\"datePublished\":\"2016-07-31T10:03:43+00:00\",\"breadcrumb\":{\"@id\":\"https:\/\/elcotarro.com\/?p=3060#breadcrumb\"},\"inLanguage\":\"es\",\"potentialAction\":[{\"@type\":\"ReadAction\",\"target\":[\"https:\/\/elcotarro.com\/?p=3060\"]}]},{\"@type\":\"ImageObject\",\"inLanguage\":\"es\",\"@id\":\"https:\/\/elcotarro.com\/?p=3060#primaryimage\",\"url\":\"https:\/\/elcotarro.com\/wp-content\/uploads\/2016\/07\/FOTO-4.-SAMANTHA-VALLEJO.jpg\",\"contentUrl\":\"https:\/\/elcotarro.com\/wp-content\/uploads\/2016\/07\/FOTO-4.-SAMANTHA-VALLEJO.jpg\",\"width\":1920,\"height\":764},{\"@type\":\"BreadcrumbList\",\"@id\":\"https:\/\/elcotarro.com\/?p=3060#breadcrumb\",\"itemListElement\":[{\"@type\":\"ListItem\",\"position\":1,\"name\":\"Portada\",\"item\":\"https:\/\/elcotarro.com\/\"},{\"@type\":\"ListItem\",\"position\":2,\"name\":\"SERGIO FERN\u00c1NDEZ Y SAMANTHA VALLEJO\"}]},{\"@type\":\"WebSite\",\"@id\":\"https:\/\/elcotarro.com\/#website\",\"url\":\"https:\/\/elcotarro.com\/\",\"name\":\"El Cotarro\",\"description\":\"Peri\u00f3dico Digital Independiente dirigido por Jos\u00e9 Carlos Marrero\",\"publisher\":{\"@id\":\"https:\/\/elcotarro.com\/#organization\"},\"potentialAction\":[{\"@type\":\"SearchAction\",\"target\":{\"@type\":\"EntryPoint\",\"urlTemplate\":\"https:\/\/elcotarro.com\/?s={search_term_string}\"},\"query-input\":{\"@type\":\"PropertyValueSpecification\",\"valueRequired\":true,\"valueName\":\"search_term_string\"}}],\"inLanguage\":\"es\"},{\"@type\":\"Organization\",\"@id\":\"https:\/\/elcotarro.com\/#organization\",\"name\":\"El Cotarro\",\"url\":\"https:\/\/elcotarro.com\/\",\"logo\":{\"@type\":\"ImageObject\",\"inLanguage\":\"es\",\"@id\":\"https:\/\/elcotarro.com\/#\/schema\/logo\/image\/\",\"url\":\"https:\/\/elcotarro.com\/wp-content\/uploads\/2014\/09\/Cabecera_El_Cotarro_v2.jpg\",\"contentUrl\":\"https:\/\/elcotarro.com\/wp-content\/uploads\/2014\/09\/Cabecera_El_Cotarro_v2.jpg\",\"width\":3540,\"height\":441,\"caption\":\"El Cotarro\"},\"image\":{\"@id\":\"https:\/\/elcotarro.com\/#\/schema\/logo\/image\/\"},\"sameAs\":[\"https:\/\/www.facebook.com\/ElCotarro.Tenerife\"]},{\"@type\":\"Person\",\"@id\":\"https:\/\/elcotarro.com\/#\/schema\/person\/af537ee7d60d15984c7e0affcd8a918b\",\"name\":\"Jos\u00e9 Carlos Marrero Gonz\u00e1lez\",\"image\":{\"@type\":\"ImageObject\",\"inLanguage\":\"es\",\"@id\":\"https:\/\/elcotarro.com\/#\/schema\/person\/image\/\",\"url\":\"https:\/\/secure.gravatar.com\/avatar\/def4da036efb5d32c74d49c351f6dccc064dd69ad9f3aadc295c5a9a5391ca01?s=96&d=mm&r=g\",\"contentUrl\":\"https:\/\/secure.gravatar.com\/avatar\/def4da036efb5d32c74d49c351f6dccc064dd69ad9f3aadc295c5a9a5391ca01?s=96&d=mm&r=g\",\"caption\":\"Jos\u00e9 Carlos Marrero Gonz\u00e1lez\"},\"sameAs\":[\"https:\/\/elcotarro.com\"],\"url\":\"https:\/\/elcotarro.com\/?author=2\"}]}<\/script>\n<!-- \/ Yoast SEO plugin. -->","yoast_head_json":{"title":"SERGIO FERN\u00c1NDEZ Y SAMANTHA VALLEJO - El Cotarro","robots":{"index":"index","follow":"follow","max-snippet":"max-snippet:-1","max-image-preview":"max-image-preview:large","max-video-preview":"max-video-preview:-1"},"canonical":"https:\/\/elcotarro.com\/?p=3060","og_locale":"es_ES","og_type":"article","og_title":"SERGIO FERN\u00c1NDEZ Y SAMANTHA VALLEJO - El Cotarro","og_description":"Y siguiendo en plan gastron\u00f3mico, me quedo con dos noticias sabrosamente positivas como es la visita del gran cocinero Sergio Fern\u00e1ndez, chef de Canal Cocina, profesor de la Escuela Masterchef y enamorado de Tenerife, con quien hace unas semanas compart\u00ed un buen rato en el Teide. Sergio Fern\u00e1ndez vino a la isla con parte de ... Read more","og_url":"https:\/\/elcotarro.com\/?p=3060","og_site_name":"El Cotarro","article_publisher":"https:\/\/www.facebook.com\/ElCotarro.Tenerife","article_published_time":"2016-07-31T10:03:43+00:00","og_image":[{"url":"https:\/\/elcotarro.com\/wp-content\/uploads\/2016\/07\/FOTO-4.-SAMANTHA-VALLEJO.jpg","type":"","width":"","height":""}],"author":"Jos\u00e9 Carlos Marrero Gonz\u00e1lez","twitter_misc":{"Escrito por":"Jos\u00e9 Carlos Marrero Gonz\u00e1lez","Tiempo de lectura":"1 minuto"},"schema":{"@context":"https:\/\/schema.org","@graph":[{"@type":"Article","@id":"https:\/\/elcotarro.com\/?p=3060#article","isPartOf":{"@id":"https:\/\/elcotarro.com\/?p=3060"},"author":{"name":"Jos\u00e9 Carlos Marrero Gonz\u00e1lez","@id":"https:\/\/elcotarro.com\/#\/schema\/person\/af537ee7d60d15984c7e0affcd8a918b"},"headline":"SERGIO FERN\u00c1NDEZ Y SAMANTHA VALLEJO","datePublished":"2016-07-31T10:03:43+00:00","mainEntityOfPage":{"@id":"https:\/\/elcotarro.com\/?p=3060"},"wordCount":222,"commentCount":0,"publisher":{"@id":"https:\/\/elcotarro.com\/#organization"},"image":{"@id":"https:\/\/elcotarro.com\/?p=3060#primaryimage"},"thumbnailUrl":"https:\/\/elcotarro.com\/wp-content\/uploads\/2016\/07\/FOTO-4.-SAMANTHA-VALLEJO.jpg","inLanguage":"es","potentialAction":[{"@type":"CommentAction","name":"Comment","target":["https:\/\/elcotarro.com\/?p=3060#respond"]}]},{"@type":"WebPage","@id":"https:\/\/elcotarro.com\/?p=3060","url":"https:\/\/elcotarro.com\/?p=3060","name":"SERGIO FERN\u00c1NDEZ Y SAMANTHA VALLEJO - El Cotarro","isPartOf":{"@id":"https:\/\/elcotarro.com\/#website"},"primaryImageOfPage":{"@id":"https:\/\/elcotarro.com\/?p=3060#primaryimage"},"image":{"@id":"https:\/\/elcotarro.com\/?p=3060#primaryimage"},"thumbnailUrl":"https:\/\/elcotarro.com\/wp-content\/uploads\/2016\/07\/FOTO-4.-SAMANTHA-VALLEJO.jpg","datePublished":"2016-07-31T10:03:43+00:00","breadcrumb":{"@id":"https:\/\/elcotarro.com\/?p=3060#breadcrumb"},"inLanguage":"es","potentialAction":[{"@type":"ReadAction","target":["https:\/\/elcotarro.com\/?p=3060"]}]},{"@type":"ImageObject","inLanguage":"es","@id":"https:\/\/elcotarro.com\/?p=3060#primaryimage","url":"https:\/\/elcotarro.com\/wp-content\/uploads\/2016\/07\/FOTO-4.-SAMANTHA-VALLEJO.jpg","contentUrl":"https:\/\/elcotarro.com\/wp-content\/uploads\/2016\/07\/FOTO-4.-SAMANTHA-VALLEJO.jpg","width":1920,"height":764},{"@type":"BreadcrumbList","@id":"https:\/\/elcotarro.com\/?p=3060#breadcrumb","itemListElement":[{"@type":"ListItem","position":1,"name":"Portada","item":"https:\/\/elcotarro.com\/"},{"@type":"ListItem","position":2,"name":"SERGIO FERN\u00c1NDEZ Y SAMANTHA VALLEJO"}]},{"@type":"WebSite","@id":"https:\/\/elcotarro.com\/#website","url":"https:\/\/elcotarro.com\/","name":"El Cotarro","description":"Peri\u00f3dico Digital Independiente dirigido por Jos\u00e9 Carlos Marrero","publisher":{"@id":"https:\/\/elcotarro.com\/#organization"},"potentialAction":[{"@type":"SearchAction","target":{"@type":"EntryPoint","urlTemplate":"https:\/\/elcotarro.com\/?s={search_term_string}"},"query-input":{"@type":"PropertyValueSpecification","valueRequired":true,"valueName":"search_term_string"}}],"inLanguage":"es"},{"@type":"Organization","@id":"https:\/\/elcotarro.com\/#organization","name":"El Cotarro","url":"https:\/\/elcotarro.com\/","logo":{"@type":"ImageObject","inLanguage":"es","@id":"https:\/\/elcotarro.com\/#\/schema\/logo\/image\/","url":"https:\/\/elcotarro.com\/wp-content\/uploads\/2014\/09\/Cabecera_El_Cotarro_v2.jpg","contentUrl":"https:\/\/elcotarro.com\/wp-content\/uploads\/2014\/09\/Cabecera_El_Cotarro_v2.jpg","width":3540,"height":441,"caption":"El Cotarro"},"image":{"@id":"https:\/\/elcotarro.com\/#\/schema\/logo\/image\/"},"sameAs":["https:\/\/www.facebook.com\/ElCotarro.Tenerife"]},{"@type":"Person","@id":"https:\/\/elcotarro.com\/#\/schema\/person\/af537ee7d60d15984c7e0affcd8a918b","name":"Jos\u00e9 Carlos Marrero Gonz\u00e1lez","image":{"@type":"ImageObject","inLanguage":"es","@id":"https:\/\/elcotarro.com\/#\/schema\/person\/image\/","url":"https:\/\/secure.gravatar.com\/avatar\/def4da036efb5d32c74d49c351f6dccc064dd69ad9f3aadc295c5a9a5391ca01?s=96&d=mm&r=g","contentUrl":"https:\/\/secure.gravatar.com\/avatar\/def4da036efb5d32c74d49c351f6dccc064dd69ad9f3aadc295c5a9a5391ca01?s=96&d=mm&r=g","caption":"Jos\u00e9 Carlos Marrero Gonz\u00e1lez"},"sameAs":["https:\/\/elcotarro.com"],"url":"https:\/\/elcotarro.com\/?author=2"}]}},"jetpack_featured_media_url":"","jetpack_sharing_enabled":true,"_links":{"self":[{"href":"https:\/\/elcotarro.com\/index.php?rest_route=\/wp\/v2\/posts\/3060","targetHints":{"allow":["GET"]}}],"collection":[{"href":"https:\/\/elcotarro.com\/index.php?rest_route=\/wp\/v2\/posts"}],"about":[{"href":"https:\/\/elcotarro.com\/index.php?rest_route=\/wp\/v2\/types\/post"}],"author":[{"embeddable":true,"href":"https:\/\/elcotarro.com\/index.php?rest_route=\/wp\/v2\/users\/2"}],"replies":[{"embeddable":true,"href":"https:\/\/elcotarro.com\/index.php?rest_route=%2Fwp%2Fv2%2Fcomments&post=3060"}],"version-history":[{"count":1,"href":"https:\/\/elcotarro.com\/index.php?rest_route=\/wp\/v2\/posts\/3060\/revisions"}],"predecessor-version":[{"id":3063,"href":"https:\/\/elcotarro.com\/index.php?rest_route=\/wp\/v2\/posts\/3060\/revisions\/3063"}],"wp:attachment":[{"href":"https:\/\/elcotarro.com\/index.php?rest_route=%2Fwp%2Fv2%2Fmedia&parent=3060"}],"wp:term":[{"taxonomy":"category","embeddable":true,"href":"https:\/\/elcotarro.com\/index.php?rest_route=%2Fwp%2Fv2%2Fcategories&post=3060"},{"taxonomy":"post_tag","embeddable":true,"href":"https:\/\/elcotarro.com\/index.php?rest_route=%2Fwp%2Fv2%2Ftags&post=3060"}],"curies":[{"name":"wp","href":"https:\/\/api.w.org\/{rel}","templated":true}]}}