{"id":3065,"date":"2016-07-31T11:02:13","date_gmt":"2016-07-31T10:02:13","guid":{"rendered":"https:\/\/elcotarro.com\/?p=3065"},"modified":"2016-07-31T00:51:01","modified_gmt":"2016-07-30T23:51:01","slug":"cofradia-gastronomica-el-mantel","status":"publish","type":"post","link":"https:\/\/elcotarro.com\/?p=3065","title":{"rendered":"COFRAD\u00cdA GASTRON\u00d3MICA \u201cEL MANTEL\u201d"},"content":{"rendered":"<p>Y sepan que nuestra isla cuenta con toda una gran asociaci\u00f3n de amantes a la cocina que, con la denominaci\u00f3n de Cofrad\u00eda Gastron\u00f3mica Canaria \u201cEl Mantel\u201d, est\u00e1 cumpliendo este a\u00f1o sus primeros quince de vida. El primer \u201cCofrade Mayor\u201d fue un vasco residente en Tenerife, <strong>Jorge Francisco<\/strong> <strong>Ballesteros Orive<\/strong> y actualmente el cargo lo ostenta el prestigioso m\u00e9dico oftalm\u00f3logo tinerfe\u00f1o, <strong>Javier Rodr\u00edguez Mart\u00edn<\/strong>, teniendo como \u201cCofrade Secretario\u201d a <strong>Javier M\u00e9ndez<\/strong>. Tienen en la capital tinerfe\u00f1a su propia sede con cocina a modo de \u201cTxoko\u201d, y se re\u00fanen en \u201ccap\u00edtulos\u201d los terceros viernes de cada mes donde cocina uno o varios de ellos. De vez en cuando salen a conocer restaurantes y, en esta ocasi\u00f3n, he tenido la oportunidad y el honor de ser invitado para compartir mesa y mantel (nunca mejor dicho) en lo que ha sido su Cap\u00edtulo N\u00ba187. Lo coordin\u00f3 el cofrade <strong>Pedro Fern\u00e1ndez<\/strong> en el restaurante Finca Salamanca, ubicado en el hotel rural del mismo nombre en G\u00fc\u00edmar, donde la chef <strong>Diana Marcelino<\/strong> al frente de su equipo de cocina y sala, desarroll\u00f3 un magn\u00edfico men\u00fa basado en producto de la tierra y el recetario tradicional con toques de creatividad. Gracias a la Cofrad\u00eda \u201cEl Mantel\u201d y&#8230; \u00a1buen apetito!<\/p>\n<p style=\"text-align: center\"><a href=\"https:\/\/elcotarro.com\/wp-content\/uploads\/2016\/07\/FOTO-5.-COFRAD\u00cdA-EL-MANTEL.jpg\"><img loading=\"lazy\" decoding=\"async\" class=\"size-full wp-image-3066 aligncenter\" src=\"https:\/\/elcotarro.com\/wp-content\/uploads\/2016\/07\/FOTO-5.-COFRAD\u00cdA-EL-MANTEL.jpg\" alt=\"FOTO 5.- COFRAD\u00cdA EL MANTEL\" width=\"1873\" height=\"817\" srcset=\"https:\/\/elcotarro.com\/wp-content\/uploads\/2016\/07\/FOTO-5.-COFRAD\u00cdA-EL-MANTEL.jpg 1873w, https:\/\/elcotarro.com\/wp-content\/uploads\/2016\/07\/FOTO-5.-COFRAD\u00cdA-EL-MANTEL-300x131.jpg 300w, https:\/\/elcotarro.com\/wp-content\/uploads\/2016\/07\/FOTO-5.-COFRAD\u00cdA-EL-MANTEL-1024x447.jpg 1024w\" sizes=\"auto, (max-width: 1873px) 100vw, 1873px\" \/><\/a><\/p>\n<p style=\"text-align: center\"><em>Los miembros de la Cofrad\u00eda Gastron\u00f3mica \u201cEl Mantel\u201d (Fundada en 2001) que asistieron a su 187\u00ba Cap\u00edtulo.<\/em><\/p>\n","protected":false},"excerpt":{"rendered":"<p>Y sepan que nuestra isla cuenta con toda una gran asociaci\u00f3n de amantes a la cocina que, con la denominaci\u00f3n de Cofrad\u00eda Gastron\u00f3mica Canaria \u201cEl Mantel\u201d, est\u00e1 cumpliendo este a\u00f1o sus primeros quince de vida. El primer \u201cCofrade Mayor\u201d fue un vasco residente en Tenerife, Jorge Francisco Ballesteros Orive y actualmente el cargo lo ostenta &#8230; <a class=\"read-more\" href=\"https:\/\/elcotarro.com\/?p=3065\">Read more<\/a><\/p>\n","protected":false},"author":2,"featured_media":0,"comment_status":"open","ping_status":"open","sticky":false,"template":"","format":"standard","meta":{"_jetpack_memberships_contains_paid_content":false,"footnotes":""},"categories":[1],"tags":[],"class_list":["post-3065","post","type-post","status-publish","format-standard","hentry","category-sin-categoria"],"yoast_head":"<!-- This site is optimized with the Yoast SEO plugin v27.0 - https:\/\/yoast.com\/product\/yoast-seo-wordpress\/ -->\n<title>COFRAD\u00cdA GASTRON\u00d3MICA \u201cEL MANTEL\u201d - El Cotarro<\/title>\n<meta name=\"robots\" content=\"index, follow, max-snippet:-1, max-image-preview:large, max-video-preview:-1\" \/>\n<link rel=\"canonical\" href=\"https:\/\/elcotarro.com\/?p=3065\" \/>\n<meta property=\"og:locale\" content=\"es_ES\" \/>\n<meta property=\"og:type\" content=\"article\" \/>\n<meta property=\"og:title\" content=\"COFRAD\u00cdA GASTRON\u00d3MICA \u201cEL MANTEL\u201d - El Cotarro\" \/>\n<meta property=\"og:description\" content=\"Y sepan que nuestra isla cuenta con toda una gran asociaci\u00f3n de amantes a la cocina que, con la denominaci\u00f3n de Cofrad\u00eda Gastron\u00f3mica Canaria \u201cEl Mantel\u201d, est\u00e1 cumpliendo este a\u00f1o sus primeros quince de vida. El primer \u201cCofrade Mayor\u201d fue un vasco residente en Tenerife, Jorge Francisco Ballesteros Orive y actualmente el cargo lo ostenta ... Read more\" \/>\n<meta property=\"og:url\" content=\"https:\/\/elcotarro.com\/?p=3065\" \/>\n<meta property=\"og:site_name\" content=\"El Cotarro\" \/>\n<meta property=\"article:publisher\" content=\"https:\/\/www.facebook.com\/ElCotarro.Tenerife\" \/>\n<meta property=\"article:published_time\" content=\"2016-07-31T10:02:13+00:00\" \/>\n<meta name=\"author\" content=\"Jos\u00e9 Carlos Marrero Gonz\u00e1lez\" \/>\n<meta name=\"twitter:label1\" content=\"Escrito por\" \/>\n\t<meta name=\"twitter:data1\" content=\"Jos\u00e9 Carlos Marrero Gonz\u00e1lez\" \/>\n\t<meta name=\"twitter:label2\" content=\"Tiempo de lectura\" \/>\n\t<meta name=\"twitter:data2\" content=\"1 minuto\" \/>\n<script type=\"application\/ld+json\" class=\"yoast-schema-graph\">{\"@context\":\"https:\/\/schema.org\",\"@graph\":[{\"@type\":\"Article\",\"@id\":\"https:\/\/elcotarro.com\/?p=3065#article\",\"isPartOf\":{\"@id\":\"https:\/\/elcotarro.com\/?p=3065\"},\"author\":{\"name\":\"Jos\u00e9 Carlos Marrero Gonz\u00e1lez\",\"@id\":\"https:\/\/elcotarro.com\/#\/schema\/person\/af537ee7d60d15984c7e0affcd8a918b\"},\"headline\":\"COFRAD\u00cdA GASTRON\u00d3MICA \u201cEL MANTEL\u201d\",\"datePublished\":\"2016-07-31T10:02:13+00:00\",\"mainEntityOfPage\":{\"@id\":\"https:\/\/elcotarro.com\/?p=3065\"},\"wordCount\":246,\"commentCount\":0,\"publisher\":{\"@id\":\"https:\/\/elcotarro.com\/#organization\"},\"inLanguage\":\"es\",\"potentialAction\":[{\"@type\":\"CommentAction\",\"name\":\"Comment\",\"target\":[\"https:\/\/elcotarro.com\/?p=3065#respond\"]}]},{\"@type\":\"WebPage\",\"@id\":\"https:\/\/elcotarro.com\/?p=3065\",\"url\":\"https:\/\/elcotarro.com\/?p=3065\",\"name\":\"COFRAD\u00cdA GASTRON\u00d3MICA \u201cEL MANTEL\u201d - El Cotarro\",\"isPartOf\":{\"@id\":\"https:\/\/elcotarro.com\/#website\"},\"datePublished\":\"2016-07-31T10:02:13+00:00\",\"breadcrumb\":{\"@id\":\"https:\/\/elcotarro.com\/?p=3065#breadcrumb\"},\"inLanguage\":\"es\",\"potentialAction\":[{\"@type\":\"ReadAction\",\"target\":[\"https:\/\/elcotarro.com\/?p=3065\"]}]},{\"@type\":\"BreadcrumbList\",\"@id\":\"https:\/\/elcotarro.com\/?p=3065#breadcrumb\",\"itemListElement\":[{\"@type\":\"ListItem\",\"position\":1,\"name\":\"Portada\",\"item\":\"https:\/\/elcotarro.com\/\"},{\"@type\":\"ListItem\",\"position\":2,\"name\":\"COFRAD\u00cdA GASTRON\u00d3MICA \u201cEL MANTEL\u201d\"}]},{\"@type\":\"WebSite\",\"@id\":\"https:\/\/elcotarro.com\/#website\",\"url\":\"https:\/\/elcotarro.com\/\",\"name\":\"El Cotarro\",\"description\":\"Peri\u00f3dico Digital Independiente dirigido por Jos\u00e9 Carlos Marrero\",\"publisher\":{\"@id\":\"https:\/\/elcotarro.com\/#organization\"},\"potentialAction\":[{\"@type\":\"SearchAction\",\"target\":{\"@type\":\"EntryPoint\",\"urlTemplate\":\"https:\/\/elcotarro.com\/?s={search_term_string}\"},\"query-input\":{\"@type\":\"PropertyValueSpecification\",\"valueRequired\":true,\"valueName\":\"search_term_string\"}}],\"inLanguage\":\"es\"},{\"@type\":\"Organization\",\"@id\":\"https:\/\/elcotarro.com\/#organization\",\"name\":\"El Cotarro\",\"url\":\"https:\/\/elcotarro.com\/\",\"logo\":{\"@type\":\"ImageObject\",\"inLanguage\":\"es\",\"@id\":\"https:\/\/elcotarro.com\/#\/schema\/logo\/image\/\",\"url\":\"https:\/\/elcotarro.com\/wp-content\/uploads\/2014\/09\/Cabecera_El_Cotarro_v2.jpg\",\"contentUrl\":\"https:\/\/elcotarro.com\/wp-content\/uploads\/2014\/09\/Cabecera_El_Cotarro_v2.jpg\",\"width\":3540,\"height\":441,\"caption\":\"El Cotarro\"},\"image\":{\"@id\":\"https:\/\/elcotarro.com\/#\/schema\/logo\/image\/\"},\"sameAs\":[\"https:\/\/www.facebook.com\/ElCotarro.Tenerife\"]},{\"@type\":\"Person\",\"@id\":\"https:\/\/elcotarro.com\/#\/schema\/person\/af537ee7d60d15984c7e0affcd8a918b\",\"name\":\"Jos\u00e9 Carlos Marrero Gonz\u00e1lez\",\"image\":{\"@type\":\"ImageObject\",\"inLanguage\":\"es\",\"@id\":\"https:\/\/elcotarro.com\/#\/schema\/person\/image\/\",\"url\":\"https:\/\/secure.gravatar.com\/avatar\/def4da036efb5d32c74d49c351f6dccc064dd69ad9f3aadc295c5a9a5391ca01?s=96&d=mm&r=g\",\"contentUrl\":\"https:\/\/secure.gravatar.com\/avatar\/def4da036efb5d32c74d49c351f6dccc064dd69ad9f3aadc295c5a9a5391ca01?s=96&d=mm&r=g\",\"caption\":\"Jos\u00e9 Carlos Marrero Gonz\u00e1lez\"},\"sameAs\":[\"https:\/\/elcotarro.com\"],\"url\":\"https:\/\/elcotarro.com\/?author=2\"}]}<\/script>\n<!-- \/ Yoast SEO plugin. -->","yoast_head_json":{"title":"COFRAD\u00cdA GASTRON\u00d3MICA \u201cEL MANTEL\u201d - El Cotarro","robots":{"index":"index","follow":"follow","max-snippet":"max-snippet:-1","max-image-preview":"max-image-preview:large","max-video-preview":"max-video-preview:-1"},"canonical":"https:\/\/elcotarro.com\/?p=3065","og_locale":"es_ES","og_type":"article","og_title":"COFRAD\u00cdA GASTRON\u00d3MICA \u201cEL MANTEL\u201d - El Cotarro","og_description":"Y sepan que nuestra isla cuenta con toda una gran asociaci\u00f3n de amantes a la cocina que, con la denominaci\u00f3n de Cofrad\u00eda Gastron\u00f3mica Canaria \u201cEl Mantel\u201d, est\u00e1 cumpliendo este a\u00f1o sus primeros quince de vida. El primer \u201cCofrade Mayor\u201d fue un vasco residente en Tenerife, Jorge Francisco Ballesteros Orive y actualmente el cargo lo ostenta ... Read more","og_url":"https:\/\/elcotarro.com\/?p=3065","og_site_name":"El Cotarro","article_publisher":"https:\/\/www.facebook.com\/ElCotarro.Tenerife","article_published_time":"2016-07-31T10:02:13+00:00","author":"Jos\u00e9 Carlos Marrero Gonz\u00e1lez","twitter_misc":{"Escrito por":"Jos\u00e9 Carlos Marrero Gonz\u00e1lez","Tiempo de lectura":"1 minuto"},"schema":{"@context":"https:\/\/schema.org","@graph":[{"@type":"Article","@id":"https:\/\/elcotarro.com\/?p=3065#article","isPartOf":{"@id":"https:\/\/elcotarro.com\/?p=3065"},"author":{"name":"Jos\u00e9 Carlos Marrero Gonz\u00e1lez","@id":"https:\/\/elcotarro.com\/#\/schema\/person\/af537ee7d60d15984c7e0affcd8a918b"},"headline":"COFRAD\u00cdA GASTRON\u00d3MICA \u201cEL MANTEL\u201d","datePublished":"2016-07-31T10:02:13+00:00","mainEntityOfPage":{"@id":"https:\/\/elcotarro.com\/?p=3065"},"wordCount":246,"commentCount":0,"publisher":{"@id":"https:\/\/elcotarro.com\/#organization"},"inLanguage":"es","potentialAction":[{"@type":"CommentAction","name":"Comment","target":["https:\/\/elcotarro.com\/?p=3065#respond"]}]},{"@type":"WebPage","@id":"https:\/\/elcotarro.com\/?p=3065","url":"https:\/\/elcotarro.com\/?p=3065","name":"COFRAD\u00cdA GASTRON\u00d3MICA \u201cEL MANTEL\u201d - El Cotarro","isPartOf":{"@id":"https:\/\/elcotarro.com\/#website"},"datePublished":"2016-07-31T10:02:13+00:00","breadcrumb":{"@id":"https:\/\/elcotarro.com\/?p=3065#breadcrumb"},"inLanguage":"es","potentialAction":[{"@type":"ReadAction","target":["https:\/\/elcotarro.com\/?p=3065"]}]},{"@type":"BreadcrumbList","@id":"https:\/\/elcotarro.com\/?p=3065#breadcrumb","itemListElement":[{"@type":"ListItem","position":1,"name":"Portada","item":"https:\/\/elcotarro.com\/"},{"@type":"ListItem","position":2,"name":"COFRAD\u00cdA GASTRON\u00d3MICA \u201cEL MANTEL\u201d"}]},{"@type":"WebSite","@id":"https:\/\/elcotarro.com\/#website","url":"https:\/\/elcotarro.com\/","name":"El Cotarro","description":"Peri\u00f3dico Digital Independiente dirigido por Jos\u00e9 Carlos Marrero","publisher":{"@id":"https:\/\/elcotarro.com\/#organization"},"potentialAction":[{"@type":"SearchAction","target":{"@type":"EntryPoint","urlTemplate":"https:\/\/elcotarro.com\/?s={search_term_string}"},"query-input":{"@type":"PropertyValueSpecification","valueRequired":true,"valueName":"search_term_string"}}],"inLanguage":"es"},{"@type":"Organization","@id":"https:\/\/elcotarro.com\/#organization","name":"El Cotarro","url":"https:\/\/elcotarro.com\/","logo":{"@type":"ImageObject","inLanguage":"es","@id":"https:\/\/elcotarro.com\/#\/schema\/logo\/image\/","url":"https:\/\/elcotarro.com\/wp-content\/uploads\/2014\/09\/Cabecera_El_Cotarro_v2.jpg","contentUrl":"https:\/\/elcotarro.com\/wp-content\/uploads\/2014\/09\/Cabecera_El_Cotarro_v2.jpg","width":3540,"height":441,"caption":"El Cotarro"},"image":{"@id":"https:\/\/elcotarro.com\/#\/schema\/logo\/image\/"},"sameAs":["https:\/\/www.facebook.com\/ElCotarro.Tenerife"]},{"@type":"Person","@id":"https:\/\/elcotarro.com\/#\/schema\/person\/af537ee7d60d15984c7e0affcd8a918b","name":"Jos\u00e9 Carlos Marrero Gonz\u00e1lez","image":{"@type":"ImageObject","inLanguage":"es","@id":"https:\/\/elcotarro.com\/#\/schema\/person\/image\/","url":"https:\/\/secure.gravatar.com\/avatar\/def4da036efb5d32c74d49c351f6dccc064dd69ad9f3aadc295c5a9a5391ca01?s=96&d=mm&r=g","contentUrl":"https:\/\/secure.gravatar.com\/avatar\/def4da036efb5d32c74d49c351f6dccc064dd69ad9f3aadc295c5a9a5391ca01?s=96&d=mm&r=g","caption":"Jos\u00e9 Carlos Marrero Gonz\u00e1lez"},"sameAs":["https:\/\/elcotarro.com"],"url":"https:\/\/elcotarro.com\/?author=2"}]}},"jetpack_featured_media_url":"","jetpack_sharing_enabled":true,"_links":{"self":[{"href":"https:\/\/elcotarro.com\/index.php?rest_route=\/wp\/v2\/posts\/3065","targetHints":{"allow":["GET"]}}],"collection":[{"href":"https:\/\/elcotarro.com\/index.php?rest_route=\/wp\/v2\/posts"}],"about":[{"href":"https:\/\/elcotarro.com\/index.php?rest_route=\/wp\/v2\/types\/post"}],"author":[{"embeddable":true,"href":"https:\/\/elcotarro.com\/index.php?rest_route=\/wp\/v2\/users\/2"}],"replies":[{"embeddable":true,"href":"https:\/\/elcotarro.com\/index.php?rest_route=%2Fwp%2Fv2%2Fcomments&post=3065"}],"version-history":[{"count":1,"href":"https:\/\/elcotarro.com\/index.php?rest_route=\/wp\/v2\/posts\/3065\/revisions"}],"predecessor-version":[{"id":3067,"href":"https:\/\/elcotarro.com\/index.php?rest_route=\/wp\/v2\/posts\/3065\/revisions\/3067"}],"wp:attachment":[{"href":"https:\/\/elcotarro.com\/index.php?rest_route=%2Fwp%2Fv2%2Fmedia&parent=3065"}],"wp:term":[{"taxonomy":"category","embeddable":true,"href":"https:\/\/elcotarro.com\/index.php?rest_route=%2Fwp%2Fv2%2Fcategories&post=3065"},{"taxonomy":"post_tag","embeddable":true,"href":"https:\/\/elcotarro.com\/index.php?rest_route=%2Fwp%2Fv2%2Ftags&post=3065"}],"curies":[{"name":"wp","href":"https:\/\/api.w.org\/{rel}","templated":true}]}}