{"id":3080,"date":"2016-08-07T11:05:46","date_gmt":"2016-08-07T10:05:46","guid":{"rendered":"https:\/\/elcotarro.com\/?p=3080"},"modified":"2016-08-07T09:44:15","modified_gmt":"2016-08-07T08:44:15","slug":"el-cotarro-digital-numero-100","status":"publish","type":"post","link":"https:\/\/elcotarro.com\/?p=3080","title":{"rendered":"EL COTARRO DIGITAL\u2026 \u00a1\u00a1N\u00daMERO 100!!"},"content":{"rendered":"<p>Como quien no quiere la cosa, este domingo <strong><em>El Cotarro<\/em><\/strong>, en su versi\u00f3n digital, cumple, nada m\u00e1s y nada menos, que su edici\u00f3n n\u00famero cien\u2026 Parece que fue ayer y ya llegamos a <strong>\u00a1\u00a1El Cotarro digital N\u00ba100!!&#8230;<\/strong> Por ello, este domingo, 7 de agosto de 2016, no podemos por menos que dar nuestro mayor, nuestro m\u00e1s sincero y profundo agradecimiento a todas nuestras lectoras y todos nuestros lectores que, con total fidelidad, nos siguen cada fin de semana. \u00a1Ojal\u00e1 que lleguemos a los MIL n\u00fameros y que todas y todos ustedes lo puedan ver! Mientras tanto, en esta efem\u00e9ride, nuestro total afecto a todas nuestra lectoras y lectores y, en esta ocasi\u00f3n, de forma muy especial, nuestro respeto y solidaridad con las lectoras y lectores que nos siguen desde la querida isla de La Palma. Un afectuoso abrazo a todas y todos y\u2026 p\u2019alante siempre. <strong>Jos\u00e9 Carlos Marrero<\/strong> (Editor\/Director)<\/p>\n<p style=\"text-align: center\"><a href=\"https:\/\/elcotarro.com\/wp-content\/uploads\/2016\/08\/FOTO-1.-EL-COTARRO-CABECERA.jpg\"><img loading=\"lazy\" decoding=\"async\" class=\"alignnone size-full wp-image-3081\" src=\"https:\/\/elcotarro.com\/wp-content\/uploads\/2016\/08\/FOTO-1.-EL-COTARRO-CABECERA.jpg\" alt=\"FOTO 1.- EL COTARRO - CABECERA\" width=\"1412\" height=\"168\" srcset=\"https:\/\/elcotarro.com\/wp-content\/uploads\/2016\/08\/FOTO-1.-EL-COTARRO-CABECERA.jpg 1412w, https:\/\/elcotarro.com\/wp-content\/uploads\/2016\/08\/FOTO-1.-EL-COTARRO-CABECERA-300x36.jpg 300w, https:\/\/elcotarro.com\/wp-content\/uploads\/2016\/08\/FOTO-1.-EL-COTARRO-CABECERA-1024x122.jpg 1024w\" sizes=\"auto, (max-width: 1412px) 100vw, 1412px\" \/><\/a><\/p>\n","protected":false},"excerpt":{"rendered":"<p>Como quien no quiere la cosa, este domingo El Cotarro, en su versi\u00f3n digital, cumple, nada m\u00e1s y nada menos, que su edici\u00f3n n\u00famero cien\u2026 Parece que fue ayer y ya llegamos a \u00a1\u00a1El Cotarro digital N\u00ba100!!&#8230; Por ello, este domingo, 7 de agosto de 2016, no podemos por menos que dar nuestro mayor, nuestro &#8230; <a class=\"read-more\" href=\"https:\/\/elcotarro.com\/?p=3080\">Read more<\/a><\/p>\n","protected":false},"author":2,"featured_media":0,"comment_status":"open","ping_status":"open","sticky":false,"template":"","format":"standard","meta":{"_jetpack_memberships_contains_paid_content":false,"footnotes":""},"categories":[1],"tags":[],"class_list":["post-3080","post","type-post","status-publish","format-standard","hentry","category-sin-categoria"],"yoast_head":"<!-- This site is optimized with the Yoast SEO plugin v27.0 - https:\/\/yoast.com\/product\/yoast-seo-wordpress\/ -->\n<title>EL COTARRO DIGITAL\u2026 \u00a1\u00a1N\u00daMERO 100!! - El Cotarro<\/title>\n<meta name=\"robots\" content=\"index, follow, max-snippet:-1, max-image-preview:large, max-video-preview:-1\" \/>\n<link rel=\"canonical\" href=\"https:\/\/elcotarro.com\/?p=3080\" \/>\n<meta property=\"og:locale\" content=\"es_ES\" \/>\n<meta property=\"og:type\" content=\"article\" \/>\n<meta property=\"og:title\" content=\"EL COTARRO DIGITAL\u2026 \u00a1\u00a1N\u00daMERO 100!! - El Cotarro\" \/>\n<meta property=\"og:description\" content=\"Como quien no quiere la cosa, este domingo El Cotarro, en su versi\u00f3n digital, cumple, nada m\u00e1s y nada menos, que su edici\u00f3n n\u00famero cien\u2026 Parece que fue ayer y ya llegamos a \u00a1\u00a1El Cotarro digital N\u00ba100!!&#8230; Por ello, este domingo, 7 de agosto de 2016, no podemos por menos que dar nuestro mayor, nuestro ... Read more\" \/>\n<meta property=\"og:url\" content=\"https:\/\/elcotarro.com\/?p=3080\" \/>\n<meta property=\"og:site_name\" content=\"El Cotarro\" \/>\n<meta property=\"article:publisher\" content=\"https:\/\/www.facebook.com\/ElCotarro.Tenerife\" \/>\n<meta property=\"article:published_time\" content=\"2016-08-07T10:05:46+00:00\" \/>\n<meta property=\"og:image\" content=\"https:\/\/elcotarro.com\/wp-content\/uploads\/2016\/08\/FOTO-1.-EL-COTARRO-CABECERA.jpg\" \/>\n<meta name=\"author\" content=\"Jos\u00e9 Carlos Marrero Gonz\u00e1lez\" \/>\n<meta name=\"twitter:label1\" content=\"Escrito por\" \/>\n\t<meta name=\"twitter:data1\" content=\"Jos\u00e9 Carlos Marrero Gonz\u00e1lez\" \/>\n\t<meta name=\"twitter:label2\" content=\"Tiempo de lectura\" \/>\n\t<meta name=\"twitter:data2\" content=\"1 minuto\" \/>\n<script type=\"application\/ld+json\" class=\"yoast-schema-graph\">{\"@context\":\"https:\/\/schema.org\",\"@graph\":[{\"@type\":\"Article\",\"@id\":\"https:\/\/elcotarro.com\/?p=3080#article\",\"isPartOf\":{\"@id\":\"https:\/\/elcotarro.com\/?p=3080\"},\"author\":{\"name\":\"Jos\u00e9 Carlos Marrero Gonz\u00e1lez\",\"@id\":\"https:\/\/elcotarro.com\/#\/schema\/person\/af537ee7d60d15984c7e0affcd8a918b\"},\"headline\":\"EL COTARRO DIGITAL\u2026 \u00a1\u00a1N\u00daMERO 100!!\",\"datePublished\":\"2016-08-07T10:05:46+00:00\",\"mainEntityOfPage\":{\"@id\":\"https:\/\/elcotarro.com\/?p=3080\"},\"wordCount\":162,\"commentCount\":0,\"publisher\":{\"@id\":\"https:\/\/elcotarro.com\/#organization\"},\"image\":{\"@id\":\"https:\/\/elcotarro.com\/?p=3080#primaryimage\"},\"thumbnailUrl\":\"https:\/\/elcotarro.com\/wp-content\/uploads\/2016\/08\/FOTO-1.-EL-COTARRO-CABECERA.jpg\",\"inLanguage\":\"es\",\"potentialAction\":[{\"@type\":\"CommentAction\",\"name\":\"Comment\",\"target\":[\"https:\/\/elcotarro.com\/?p=3080#respond\"]}]},{\"@type\":\"WebPage\",\"@id\":\"https:\/\/elcotarro.com\/?p=3080\",\"url\":\"https:\/\/elcotarro.com\/?p=3080\",\"name\":\"EL COTARRO DIGITAL\u2026 \u00a1\u00a1N\u00daMERO 100!! - El Cotarro\",\"isPartOf\":{\"@id\":\"https:\/\/elcotarro.com\/#website\"},\"primaryImageOfPage\":{\"@id\":\"https:\/\/elcotarro.com\/?p=3080#primaryimage\"},\"image\":{\"@id\":\"https:\/\/elcotarro.com\/?p=3080#primaryimage\"},\"thumbnailUrl\":\"https:\/\/elcotarro.com\/wp-content\/uploads\/2016\/08\/FOTO-1.-EL-COTARRO-CABECERA.jpg\",\"datePublished\":\"2016-08-07T10:05:46+00:00\",\"breadcrumb\":{\"@id\":\"https:\/\/elcotarro.com\/?p=3080#breadcrumb\"},\"inLanguage\":\"es\",\"potentialAction\":[{\"@type\":\"ReadAction\",\"target\":[\"https:\/\/elcotarro.com\/?p=3080\"]}]},{\"@type\":\"ImageObject\",\"inLanguage\":\"es\",\"@id\":\"https:\/\/elcotarro.com\/?p=3080#primaryimage\",\"url\":\"https:\/\/elcotarro.com\/wp-content\/uploads\/2016\/08\/FOTO-1.-EL-COTARRO-CABECERA.jpg\",\"contentUrl\":\"https:\/\/elcotarro.com\/wp-content\/uploads\/2016\/08\/FOTO-1.-EL-COTARRO-CABECERA.jpg\",\"width\":1412,\"height\":168},{\"@type\":\"BreadcrumbList\",\"@id\":\"https:\/\/elcotarro.com\/?p=3080#breadcrumb\",\"itemListElement\":[{\"@type\":\"ListItem\",\"position\":1,\"name\":\"Portada\",\"item\":\"https:\/\/elcotarro.com\/\"},{\"@type\":\"ListItem\",\"position\":2,\"name\":\"EL COTARRO DIGITAL\u2026 \u00a1\u00a1N\u00daMERO 100!!\"}]},{\"@type\":\"WebSite\",\"@id\":\"https:\/\/elcotarro.com\/#website\",\"url\":\"https:\/\/elcotarro.com\/\",\"name\":\"El Cotarro\",\"description\":\"Peri\u00f3dico Digital Independiente dirigido por Jos\u00e9 Carlos Marrero\",\"publisher\":{\"@id\":\"https:\/\/elcotarro.com\/#organization\"},\"potentialAction\":[{\"@type\":\"SearchAction\",\"target\":{\"@type\":\"EntryPoint\",\"urlTemplate\":\"https:\/\/elcotarro.com\/?s={search_term_string}\"},\"query-input\":{\"@type\":\"PropertyValueSpecification\",\"valueRequired\":true,\"valueName\":\"search_term_string\"}}],\"inLanguage\":\"es\"},{\"@type\":\"Organization\",\"@id\":\"https:\/\/elcotarro.com\/#organization\",\"name\":\"El Cotarro\",\"url\":\"https:\/\/elcotarro.com\/\",\"logo\":{\"@type\":\"ImageObject\",\"inLanguage\":\"es\",\"@id\":\"https:\/\/elcotarro.com\/#\/schema\/logo\/image\/\",\"url\":\"https:\/\/elcotarro.com\/wp-content\/uploads\/2014\/09\/Cabecera_El_Cotarro_v2.jpg\",\"contentUrl\":\"https:\/\/elcotarro.com\/wp-content\/uploads\/2014\/09\/Cabecera_El_Cotarro_v2.jpg\",\"width\":3540,\"height\":441,\"caption\":\"El Cotarro\"},\"image\":{\"@id\":\"https:\/\/elcotarro.com\/#\/schema\/logo\/image\/\"},\"sameAs\":[\"https:\/\/www.facebook.com\/ElCotarro.Tenerife\"]},{\"@type\":\"Person\",\"@id\":\"https:\/\/elcotarro.com\/#\/schema\/person\/af537ee7d60d15984c7e0affcd8a918b\",\"name\":\"Jos\u00e9 Carlos Marrero Gonz\u00e1lez\",\"image\":{\"@type\":\"ImageObject\",\"inLanguage\":\"es\",\"@id\":\"https:\/\/elcotarro.com\/#\/schema\/person\/image\/\",\"url\":\"https:\/\/secure.gravatar.com\/avatar\/def4da036efb5d32c74d49c351f6dccc064dd69ad9f3aadc295c5a9a5391ca01?s=96&d=mm&r=g\",\"contentUrl\":\"https:\/\/secure.gravatar.com\/avatar\/def4da036efb5d32c74d49c351f6dccc064dd69ad9f3aadc295c5a9a5391ca01?s=96&d=mm&r=g\",\"caption\":\"Jos\u00e9 Carlos Marrero Gonz\u00e1lez\"},\"sameAs\":[\"https:\/\/elcotarro.com\"],\"url\":\"https:\/\/elcotarro.com\/?author=2\"}]}<\/script>\n<!-- \/ Yoast SEO plugin. -->","yoast_head_json":{"title":"EL COTARRO DIGITAL\u2026 \u00a1\u00a1N\u00daMERO 100!! - El Cotarro","robots":{"index":"index","follow":"follow","max-snippet":"max-snippet:-1","max-image-preview":"max-image-preview:large","max-video-preview":"max-video-preview:-1"},"canonical":"https:\/\/elcotarro.com\/?p=3080","og_locale":"es_ES","og_type":"article","og_title":"EL COTARRO DIGITAL\u2026 \u00a1\u00a1N\u00daMERO 100!! - El Cotarro","og_description":"Como quien no quiere la cosa, este domingo El Cotarro, en su versi\u00f3n digital, cumple, nada m\u00e1s y nada menos, que su edici\u00f3n n\u00famero cien\u2026 Parece que fue ayer y ya llegamos a \u00a1\u00a1El Cotarro digital N\u00ba100!!&#8230; Por ello, este domingo, 7 de agosto de 2016, no podemos por menos que dar nuestro mayor, nuestro ... Read more","og_url":"https:\/\/elcotarro.com\/?p=3080","og_site_name":"El Cotarro","article_publisher":"https:\/\/www.facebook.com\/ElCotarro.Tenerife","article_published_time":"2016-08-07T10:05:46+00:00","og_image":[{"url":"https:\/\/elcotarro.com\/wp-content\/uploads\/2016\/08\/FOTO-1.-EL-COTARRO-CABECERA.jpg","type":"","width":"","height":""}],"author":"Jos\u00e9 Carlos Marrero Gonz\u00e1lez","twitter_misc":{"Escrito por":"Jos\u00e9 Carlos Marrero Gonz\u00e1lez","Tiempo de lectura":"1 minuto"},"schema":{"@context":"https:\/\/schema.org","@graph":[{"@type":"Article","@id":"https:\/\/elcotarro.com\/?p=3080#article","isPartOf":{"@id":"https:\/\/elcotarro.com\/?p=3080"},"author":{"name":"Jos\u00e9 Carlos Marrero Gonz\u00e1lez","@id":"https:\/\/elcotarro.com\/#\/schema\/person\/af537ee7d60d15984c7e0affcd8a918b"},"headline":"EL COTARRO DIGITAL\u2026 \u00a1\u00a1N\u00daMERO 100!!","datePublished":"2016-08-07T10:05:46+00:00","mainEntityOfPage":{"@id":"https:\/\/elcotarro.com\/?p=3080"},"wordCount":162,"commentCount":0,"publisher":{"@id":"https:\/\/elcotarro.com\/#organization"},"image":{"@id":"https:\/\/elcotarro.com\/?p=3080#primaryimage"},"thumbnailUrl":"https:\/\/elcotarro.com\/wp-content\/uploads\/2016\/08\/FOTO-1.-EL-COTARRO-CABECERA.jpg","inLanguage":"es","potentialAction":[{"@type":"CommentAction","name":"Comment","target":["https:\/\/elcotarro.com\/?p=3080#respond"]}]},{"@type":"WebPage","@id":"https:\/\/elcotarro.com\/?p=3080","url":"https:\/\/elcotarro.com\/?p=3080","name":"EL COTARRO DIGITAL\u2026 \u00a1\u00a1N\u00daMERO 100!! - El Cotarro","isPartOf":{"@id":"https:\/\/elcotarro.com\/#website"},"primaryImageOfPage":{"@id":"https:\/\/elcotarro.com\/?p=3080#primaryimage"},"image":{"@id":"https:\/\/elcotarro.com\/?p=3080#primaryimage"},"thumbnailUrl":"https:\/\/elcotarro.com\/wp-content\/uploads\/2016\/08\/FOTO-1.-EL-COTARRO-CABECERA.jpg","datePublished":"2016-08-07T10:05:46+00:00","breadcrumb":{"@id":"https:\/\/elcotarro.com\/?p=3080#breadcrumb"},"inLanguage":"es","potentialAction":[{"@type":"ReadAction","target":["https:\/\/elcotarro.com\/?p=3080"]}]},{"@type":"ImageObject","inLanguage":"es","@id":"https:\/\/elcotarro.com\/?p=3080#primaryimage","url":"https:\/\/elcotarro.com\/wp-content\/uploads\/2016\/08\/FOTO-1.-EL-COTARRO-CABECERA.jpg","contentUrl":"https:\/\/elcotarro.com\/wp-content\/uploads\/2016\/08\/FOTO-1.-EL-COTARRO-CABECERA.jpg","width":1412,"height":168},{"@type":"BreadcrumbList","@id":"https:\/\/elcotarro.com\/?p=3080#breadcrumb","itemListElement":[{"@type":"ListItem","position":1,"name":"Portada","item":"https:\/\/elcotarro.com\/"},{"@type":"ListItem","position":2,"name":"EL COTARRO DIGITAL\u2026 \u00a1\u00a1N\u00daMERO 100!!"}]},{"@type":"WebSite","@id":"https:\/\/elcotarro.com\/#website","url":"https:\/\/elcotarro.com\/","name":"El Cotarro","description":"Peri\u00f3dico Digital Independiente dirigido por Jos\u00e9 Carlos Marrero","publisher":{"@id":"https:\/\/elcotarro.com\/#organization"},"potentialAction":[{"@type":"SearchAction","target":{"@type":"EntryPoint","urlTemplate":"https:\/\/elcotarro.com\/?s={search_term_string}"},"query-input":{"@type":"PropertyValueSpecification","valueRequired":true,"valueName":"search_term_string"}}],"inLanguage":"es"},{"@type":"Organization","@id":"https:\/\/elcotarro.com\/#organization","name":"El Cotarro","url":"https:\/\/elcotarro.com\/","logo":{"@type":"ImageObject","inLanguage":"es","@id":"https:\/\/elcotarro.com\/#\/schema\/logo\/image\/","url":"https:\/\/elcotarro.com\/wp-content\/uploads\/2014\/09\/Cabecera_El_Cotarro_v2.jpg","contentUrl":"https:\/\/elcotarro.com\/wp-content\/uploads\/2014\/09\/Cabecera_El_Cotarro_v2.jpg","width":3540,"height":441,"caption":"El Cotarro"},"image":{"@id":"https:\/\/elcotarro.com\/#\/schema\/logo\/image\/"},"sameAs":["https:\/\/www.facebook.com\/ElCotarro.Tenerife"]},{"@type":"Person","@id":"https:\/\/elcotarro.com\/#\/schema\/person\/af537ee7d60d15984c7e0affcd8a918b","name":"Jos\u00e9 Carlos Marrero Gonz\u00e1lez","image":{"@type":"ImageObject","inLanguage":"es","@id":"https:\/\/elcotarro.com\/#\/schema\/person\/image\/","url":"https:\/\/secure.gravatar.com\/avatar\/def4da036efb5d32c74d49c351f6dccc064dd69ad9f3aadc295c5a9a5391ca01?s=96&d=mm&r=g","contentUrl":"https:\/\/secure.gravatar.com\/avatar\/def4da036efb5d32c74d49c351f6dccc064dd69ad9f3aadc295c5a9a5391ca01?s=96&d=mm&r=g","caption":"Jos\u00e9 Carlos Marrero Gonz\u00e1lez"},"sameAs":["https:\/\/elcotarro.com"],"url":"https:\/\/elcotarro.com\/?author=2"}]}},"jetpack_featured_media_url":"","jetpack_sharing_enabled":true,"_links":{"self":[{"href":"https:\/\/elcotarro.com\/index.php?rest_route=\/wp\/v2\/posts\/3080","targetHints":{"allow":["GET"]}}],"collection":[{"href":"https:\/\/elcotarro.com\/index.php?rest_route=\/wp\/v2\/posts"}],"about":[{"href":"https:\/\/elcotarro.com\/index.php?rest_route=\/wp\/v2\/types\/post"}],"author":[{"embeddable":true,"href":"https:\/\/elcotarro.com\/index.php?rest_route=\/wp\/v2\/users\/2"}],"replies":[{"embeddable":true,"href":"https:\/\/elcotarro.com\/index.php?rest_route=%2Fwp%2Fv2%2Fcomments&post=3080"}],"version-history":[{"count":1,"href":"https:\/\/elcotarro.com\/index.php?rest_route=\/wp\/v2\/posts\/3080\/revisions"}],"predecessor-version":[{"id":3082,"href":"https:\/\/elcotarro.com\/index.php?rest_route=\/wp\/v2\/posts\/3080\/revisions\/3082"}],"wp:attachment":[{"href":"https:\/\/elcotarro.com\/index.php?rest_route=%2Fwp%2Fv2%2Fmedia&parent=3080"}],"wp:term":[{"taxonomy":"category","embeddable":true,"href":"https:\/\/elcotarro.com\/index.php?rest_route=%2Fwp%2Fv2%2Fcategories&post=3080"},{"taxonomy":"post_tag","embeddable":true,"href":"https:\/\/elcotarro.com\/index.php?rest_route=%2Fwp%2Fv2%2Ftags&post=3080"}],"curies":[{"name":"wp","href":"https:\/\/api.w.org\/{rel}","templated":true}]}}