{"id":3083,"date":"2016-08-07T11:04:19","date_gmt":"2016-08-07T10:04:19","guid":{"rendered":"https:\/\/elcotarro.com\/?p=3083"},"modified":"2016-08-07T09:45:21","modified_gmt":"2016-08-07T08:45:21","slug":"respeto-y-solidaridad-con-la-palma","status":"publish","type":"post","link":"https:\/\/elcotarro.com\/?p=3083","title":{"rendered":"RESPETO Y SOLIDARIDAD CON LA PALMA"},"content":{"rendered":"<p>Les voy a confesar que <strong><em>El Cotarro<\/em><\/strong> de este domingo iba a estar \u00edntegramente dedicado a la isla de La Palma, para, en tono distendido y humor\u00edstico, contarles lo acontecido en el ya tradicional y popular evento anual conocido como el \u201cdesembarco de Las Sirenas\u201d. Pero por respeto al bueno de <strong>Francisco Jos\u00e9 Santana \u00c1lvarez<\/strong> (que en paz descanse) el profesional agente forestal perteneciente a las brigadas de Medio Ambiente del Cabildo de La Palma, fallecido mientras luchaba contra el fuego, y por solidaridad con todo el pueblo y la ciudadan\u00eda palmera, he cre\u00eddo que lo mejor era dejar el reportaje para la pr\u00f3xima semana, con el profundo deseo de que el incendio haya sido totalmente extinguido. Lo coment\u00e9 con los propios amigos de Las Sirenas y debo decirles que ellos mismos, todos a una, me pidieron que, efectivamente, aplazara su publicaci\u00f3n hasta el pr\u00f3ximo domingo. \u00a1Ojal\u00e1 que la patrona <strong>Virgen de las Nieves<\/strong> siga poniendo su mano! y, desde estas l\u00edneas, en nombre de Las Sirenas y en el m\u00edo propio, todo el afecto del mundo y nuestra total solidaridad para La Palma y la maravillosa gente palmera.<\/p>\n<p style=\"text-align: center\"><a href=\"https:\/\/elcotarro.com\/wp-content\/uploads\/2016\/08\/FOTO-2.-TODOS-CON-LA-ISLA-BONITA.jpg\"><img loading=\"lazy\" decoding=\"async\" class=\"alignnone size-full wp-image-3084\" src=\"https:\/\/elcotarro.com\/wp-content\/uploads\/2016\/08\/FOTO-2.-TODOS-CON-LA-ISLA-BONITA.jpg\" alt=\"FOTO 2.- TODOS CON LA ISLA BONITA\" width=\"638\" height=\"632\" srcset=\"https:\/\/elcotarro.com\/wp-content\/uploads\/2016\/08\/FOTO-2.-TODOS-CON-LA-ISLA-BONITA.jpg 638w, https:\/\/elcotarro.com\/wp-content\/uploads\/2016\/08\/FOTO-2.-TODOS-CON-LA-ISLA-BONITA-150x150.jpg 150w, https:\/\/elcotarro.com\/wp-content\/uploads\/2016\/08\/FOTO-2.-TODOS-CON-LA-ISLA-BONITA-300x297.jpg 300w\" sizes=\"auto, (max-width: 638px) 100vw, 638px\" \/><\/a><\/p>\n<p style=\"text-align: center\"><em>La Palma, terrenal mansi\u00f3n, donde siempre hallar\u00e1s la ternura y la calma&#8230;<\/em><\/p>\n","protected":false},"excerpt":{"rendered":"<p>Les voy a confesar que El Cotarro de este domingo iba a estar \u00edntegramente dedicado a la isla de La Palma, para, en tono distendido y humor\u00edstico, contarles lo acontecido en el ya tradicional y popular evento anual conocido como el \u201cdesembarco de Las Sirenas\u201d. Pero por respeto al bueno de Francisco Jos\u00e9 Santana \u00c1lvarez &#8230; <a class=\"read-more\" href=\"https:\/\/elcotarro.com\/?p=3083\">Read more<\/a><\/p>\n","protected":false},"author":2,"featured_media":0,"comment_status":"open","ping_status":"open","sticky":false,"template":"","format":"standard","meta":{"_jetpack_memberships_contains_paid_content":false,"footnotes":""},"categories":[1],"tags":[],"class_list":["post-3083","post","type-post","status-publish","format-standard","hentry","category-sin-categoria"],"yoast_head":"<!-- This site is optimized with the Yoast SEO plugin v27.0 - https:\/\/yoast.com\/product\/yoast-seo-wordpress\/ -->\n<title>RESPETO Y SOLIDARIDAD CON LA PALMA - El Cotarro<\/title>\n<meta name=\"robots\" content=\"index, follow, max-snippet:-1, max-image-preview:large, max-video-preview:-1\" \/>\n<link rel=\"canonical\" href=\"https:\/\/elcotarro.com\/?p=3083\" \/>\n<meta property=\"og:locale\" content=\"es_ES\" \/>\n<meta property=\"og:type\" content=\"article\" \/>\n<meta property=\"og:title\" content=\"RESPETO Y SOLIDARIDAD CON LA PALMA - El Cotarro\" \/>\n<meta property=\"og:description\" content=\"Les voy a confesar que El Cotarro de este domingo iba a estar \u00edntegramente dedicado a la isla de La Palma, para, en tono distendido y humor\u00edstico, contarles lo acontecido en el ya tradicional y popular evento anual conocido como el \u201cdesembarco de Las Sirenas\u201d. Pero por respeto al bueno de Francisco Jos\u00e9 Santana \u00c1lvarez ... Read more\" \/>\n<meta property=\"og:url\" content=\"https:\/\/elcotarro.com\/?p=3083\" \/>\n<meta property=\"og:site_name\" content=\"El Cotarro\" \/>\n<meta property=\"article:publisher\" content=\"https:\/\/www.facebook.com\/ElCotarro.Tenerife\" \/>\n<meta property=\"article:published_time\" content=\"2016-08-07T10:04:19+00:00\" \/>\n<meta property=\"og:image\" content=\"https:\/\/elcotarro.com\/wp-content\/uploads\/2016\/08\/FOTO-2.-TODOS-CON-LA-ISLA-BONITA.jpg\" \/>\n<meta name=\"author\" content=\"Jos\u00e9 Carlos Marrero Gonz\u00e1lez\" \/>\n<meta name=\"twitter:label1\" content=\"Escrito por\" \/>\n\t<meta name=\"twitter:data1\" content=\"Jos\u00e9 Carlos Marrero Gonz\u00e1lez\" \/>\n\t<meta name=\"twitter:label2\" content=\"Tiempo de lectura\" \/>\n\t<meta name=\"twitter:data2\" content=\"1 minuto\" \/>\n<script type=\"application\/ld+json\" class=\"yoast-schema-graph\">{\"@context\":\"https:\/\/schema.org\",\"@graph\":[{\"@type\":\"Article\",\"@id\":\"https:\/\/elcotarro.com\/?p=3083#article\",\"isPartOf\":{\"@id\":\"https:\/\/elcotarro.com\/?p=3083\"},\"author\":{\"name\":\"Jos\u00e9 Carlos Marrero Gonz\u00e1lez\",\"@id\":\"https:\/\/elcotarro.com\/#\/schema\/person\/af537ee7d60d15984c7e0affcd8a918b\"},\"headline\":\"RESPETO Y SOLIDARIDAD CON LA PALMA\",\"datePublished\":\"2016-08-07T10:04:19+00:00\",\"mainEntityOfPage\":{\"@id\":\"https:\/\/elcotarro.com\/?p=3083\"},\"wordCount\":217,\"commentCount\":0,\"publisher\":{\"@id\":\"https:\/\/elcotarro.com\/#organization\"},\"image\":{\"@id\":\"https:\/\/elcotarro.com\/?p=3083#primaryimage\"},\"thumbnailUrl\":\"https:\/\/elcotarro.com\/wp-content\/uploads\/2016\/08\/FOTO-2.-TODOS-CON-LA-ISLA-BONITA.jpg\",\"inLanguage\":\"es\",\"potentialAction\":[{\"@type\":\"CommentAction\",\"name\":\"Comment\",\"target\":[\"https:\/\/elcotarro.com\/?p=3083#respond\"]}]},{\"@type\":\"WebPage\",\"@id\":\"https:\/\/elcotarro.com\/?p=3083\",\"url\":\"https:\/\/elcotarro.com\/?p=3083\",\"name\":\"RESPETO Y SOLIDARIDAD CON LA PALMA - El Cotarro\",\"isPartOf\":{\"@id\":\"https:\/\/elcotarro.com\/#website\"},\"primaryImageOfPage\":{\"@id\":\"https:\/\/elcotarro.com\/?p=3083#primaryimage\"},\"image\":{\"@id\":\"https:\/\/elcotarro.com\/?p=3083#primaryimage\"},\"thumbnailUrl\":\"https:\/\/elcotarro.com\/wp-content\/uploads\/2016\/08\/FOTO-2.-TODOS-CON-LA-ISLA-BONITA.jpg\",\"datePublished\":\"2016-08-07T10:04:19+00:00\",\"breadcrumb\":{\"@id\":\"https:\/\/elcotarro.com\/?p=3083#breadcrumb\"},\"inLanguage\":\"es\",\"potentialAction\":[{\"@type\":\"ReadAction\",\"target\":[\"https:\/\/elcotarro.com\/?p=3083\"]}]},{\"@type\":\"ImageObject\",\"inLanguage\":\"es\",\"@id\":\"https:\/\/elcotarro.com\/?p=3083#primaryimage\",\"url\":\"https:\/\/elcotarro.com\/wp-content\/uploads\/2016\/08\/FOTO-2.-TODOS-CON-LA-ISLA-BONITA.jpg\",\"contentUrl\":\"https:\/\/elcotarro.com\/wp-content\/uploads\/2016\/08\/FOTO-2.-TODOS-CON-LA-ISLA-BONITA.jpg\",\"width\":638,\"height\":632},{\"@type\":\"BreadcrumbList\",\"@id\":\"https:\/\/elcotarro.com\/?p=3083#breadcrumb\",\"itemListElement\":[{\"@type\":\"ListItem\",\"position\":1,\"name\":\"Portada\",\"item\":\"https:\/\/elcotarro.com\/\"},{\"@type\":\"ListItem\",\"position\":2,\"name\":\"RESPETO Y SOLIDARIDAD CON LA PALMA\"}]},{\"@type\":\"WebSite\",\"@id\":\"https:\/\/elcotarro.com\/#website\",\"url\":\"https:\/\/elcotarro.com\/\",\"name\":\"El Cotarro\",\"description\":\"Peri\u00f3dico Digital Independiente dirigido por Jos\u00e9 Carlos Marrero\",\"publisher\":{\"@id\":\"https:\/\/elcotarro.com\/#organization\"},\"potentialAction\":[{\"@type\":\"SearchAction\",\"target\":{\"@type\":\"EntryPoint\",\"urlTemplate\":\"https:\/\/elcotarro.com\/?s={search_term_string}\"},\"query-input\":{\"@type\":\"PropertyValueSpecification\",\"valueRequired\":true,\"valueName\":\"search_term_string\"}}],\"inLanguage\":\"es\"},{\"@type\":\"Organization\",\"@id\":\"https:\/\/elcotarro.com\/#organization\",\"name\":\"El Cotarro\",\"url\":\"https:\/\/elcotarro.com\/\",\"logo\":{\"@type\":\"ImageObject\",\"inLanguage\":\"es\",\"@id\":\"https:\/\/elcotarro.com\/#\/schema\/logo\/image\/\",\"url\":\"https:\/\/elcotarro.com\/wp-content\/uploads\/2014\/09\/Cabecera_El_Cotarro_v2.jpg\",\"contentUrl\":\"https:\/\/elcotarro.com\/wp-content\/uploads\/2014\/09\/Cabecera_El_Cotarro_v2.jpg\",\"width\":3540,\"height\":441,\"caption\":\"El Cotarro\"},\"image\":{\"@id\":\"https:\/\/elcotarro.com\/#\/schema\/logo\/image\/\"},\"sameAs\":[\"https:\/\/www.facebook.com\/ElCotarro.Tenerife\"]},{\"@type\":\"Person\",\"@id\":\"https:\/\/elcotarro.com\/#\/schema\/person\/af537ee7d60d15984c7e0affcd8a918b\",\"name\":\"Jos\u00e9 Carlos Marrero Gonz\u00e1lez\",\"image\":{\"@type\":\"ImageObject\",\"inLanguage\":\"es\",\"@id\":\"https:\/\/elcotarro.com\/#\/schema\/person\/image\/\",\"url\":\"https:\/\/secure.gravatar.com\/avatar\/def4da036efb5d32c74d49c351f6dccc064dd69ad9f3aadc295c5a9a5391ca01?s=96&d=mm&r=g\",\"contentUrl\":\"https:\/\/secure.gravatar.com\/avatar\/def4da036efb5d32c74d49c351f6dccc064dd69ad9f3aadc295c5a9a5391ca01?s=96&d=mm&r=g\",\"caption\":\"Jos\u00e9 Carlos Marrero Gonz\u00e1lez\"},\"sameAs\":[\"https:\/\/elcotarro.com\"],\"url\":\"https:\/\/elcotarro.com\/?author=2\"}]}<\/script>\n<!-- \/ Yoast SEO plugin. -->","yoast_head_json":{"title":"RESPETO Y SOLIDARIDAD CON LA PALMA - El Cotarro","robots":{"index":"index","follow":"follow","max-snippet":"max-snippet:-1","max-image-preview":"max-image-preview:large","max-video-preview":"max-video-preview:-1"},"canonical":"https:\/\/elcotarro.com\/?p=3083","og_locale":"es_ES","og_type":"article","og_title":"RESPETO Y SOLIDARIDAD CON LA PALMA - El Cotarro","og_description":"Les voy a confesar que El Cotarro de este domingo iba a estar \u00edntegramente dedicado a la isla de La Palma, para, en tono distendido y humor\u00edstico, contarles lo acontecido en el ya tradicional y popular evento anual conocido como el \u201cdesembarco de Las Sirenas\u201d. Pero por respeto al bueno de Francisco Jos\u00e9 Santana \u00c1lvarez ... Read more","og_url":"https:\/\/elcotarro.com\/?p=3083","og_site_name":"El Cotarro","article_publisher":"https:\/\/www.facebook.com\/ElCotarro.Tenerife","article_published_time":"2016-08-07T10:04:19+00:00","og_image":[{"url":"https:\/\/elcotarro.com\/wp-content\/uploads\/2016\/08\/FOTO-2.-TODOS-CON-LA-ISLA-BONITA.jpg","type":"","width":"","height":""}],"author":"Jos\u00e9 Carlos Marrero Gonz\u00e1lez","twitter_misc":{"Escrito por":"Jos\u00e9 Carlos Marrero Gonz\u00e1lez","Tiempo de lectura":"1 minuto"},"schema":{"@context":"https:\/\/schema.org","@graph":[{"@type":"Article","@id":"https:\/\/elcotarro.com\/?p=3083#article","isPartOf":{"@id":"https:\/\/elcotarro.com\/?p=3083"},"author":{"name":"Jos\u00e9 Carlos Marrero Gonz\u00e1lez","@id":"https:\/\/elcotarro.com\/#\/schema\/person\/af537ee7d60d15984c7e0affcd8a918b"},"headline":"RESPETO Y SOLIDARIDAD CON LA PALMA","datePublished":"2016-08-07T10:04:19+00:00","mainEntityOfPage":{"@id":"https:\/\/elcotarro.com\/?p=3083"},"wordCount":217,"commentCount":0,"publisher":{"@id":"https:\/\/elcotarro.com\/#organization"},"image":{"@id":"https:\/\/elcotarro.com\/?p=3083#primaryimage"},"thumbnailUrl":"https:\/\/elcotarro.com\/wp-content\/uploads\/2016\/08\/FOTO-2.-TODOS-CON-LA-ISLA-BONITA.jpg","inLanguage":"es","potentialAction":[{"@type":"CommentAction","name":"Comment","target":["https:\/\/elcotarro.com\/?p=3083#respond"]}]},{"@type":"WebPage","@id":"https:\/\/elcotarro.com\/?p=3083","url":"https:\/\/elcotarro.com\/?p=3083","name":"RESPETO Y SOLIDARIDAD CON LA PALMA - El Cotarro","isPartOf":{"@id":"https:\/\/elcotarro.com\/#website"},"primaryImageOfPage":{"@id":"https:\/\/elcotarro.com\/?p=3083#primaryimage"},"image":{"@id":"https:\/\/elcotarro.com\/?p=3083#primaryimage"},"thumbnailUrl":"https:\/\/elcotarro.com\/wp-content\/uploads\/2016\/08\/FOTO-2.-TODOS-CON-LA-ISLA-BONITA.jpg","datePublished":"2016-08-07T10:04:19+00:00","breadcrumb":{"@id":"https:\/\/elcotarro.com\/?p=3083#breadcrumb"},"inLanguage":"es","potentialAction":[{"@type":"ReadAction","target":["https:\/\/elcotarro.com\/?p=3083"]}]},{"@type":"ImageObject","inLanguage":"es","@id":"https:\/\/elcotarro.com\/?p=3083#primaryimage","url":"https:\/\/elcotarro.com\/wp-content\/uploads\/2016\/08\/FOTO-2.-TODOS-CON-LA-ISLA-BONITA.jpg","contentUrl":"https:\/\/elcotarro.com\/wp-content\/uploads\/2016\/08\/FOTO-2.-TODOS-CON-LA-ISLA-BONITA.jpg","width":638,"height":632},{"@type":"BreadcrumbList","@id":"https:\/\/elcotarro.com\/?p=3083#breadcrumb","itemListElement":[{"@type":"ListItem","position":1,"name":"Portada","item":"https:\/\/elcotarro.com\/"},{"@type":"ListItem","position":2,"name":"RESPETO Y SOLIDARIDAD CON LA PALMA"}]},{"@type":"WebSite","@id":"https:\/\/elcotarro.com\/#website","url":"https:\/\/elcotarro.com\/","name":"El Cotarro","description":"Peri\u00f3dico Digital Independiente dirigido por Jos\u00e9 Carlos Marrero","publisher":{"@id":"https:\/\/elcotarro.com\/#organization"},"potentialAction":[{"@type":"SearchAction","target":{"@type":"EntryPoint","urlTemplate":"https:\/\/elcotarro.com\/?s={search_term_string}"},"query-input":{"@type":"PropertyValueSpecification","valueRequired":true,"valueName":"search_term_string"}}],"inLanguage":"es"},{"@type":"Organization","@id":"https:\/\/elcotarro.com\/#organization","name":"El Cotarro","url":"https:\/\/elcotarro.com\/","logo":{"@type":"ImageObject","inLanguage":"es","@id":"https:\/\/elcotarro.com\/#\/schema\/logo\/image\/","url":"https:\/\/elcotarro.com\/wp-content\/uploads\/2014\/09\/Cabecera_El_Cotarro_v2.jpg","contentUrl":"https:\/\/elcotarro.com\/wp-content\/uploads\/2014\/09\/Cabecera_El_Cotarro_v2.jpg","width":3540,"height":441,"caption":"El Cotarro"},"image":{"@id":"https:\/\/elcotarro.com\/#\/schema\/logo\/image\/"},"sameAs":["https:\/\/www.facebook.com\/ElCotarro.Tenerife"]},{"@type":"Person","@id":"https:\/\/elcotarro.com\/#\/schema\/person\/af537ee7d60d15984c7e0affcd8a918b","name":"Jos\u00e9 Carlos Marrero Gonz\u00e1lez","image":{"@type":"ImageObject","inLanguage":"es","@id":"https:\/\/elcotarro.com\/#\/schema\/person\/image\/","url":"https:\/\/secure.gravatar.com\/avatar\/def4da036efb5d32c74d49c351f6dccc064dd69ad9f3aadc295c5a9a5391ca01?s=96&d=mm&r=g","contentUrl":"https:\/\/secure.gravatar.com\/avatar\/def4da036efb5d32c74d49c351f6dccc064dd69ad9f3aadc295c5a9a5391ca01?s=96&d=mm&r=g","caption":"Jos\u00e9 Carlos Marrero Gonz\u00e1lez"},"sameAs":["https:\/\/elcotarro.com"],"url":"https:\/\/elcotarro.com\/?author=2"}]}},"jetpack_featured_media_url":"","jetpack_sharing_enabled":true,"_links":{"self":[{"href":"https:\/\/elcotarro.com\/index.php?rest_route=\/wp\/v2\/posts\/3083","targetHints":{"allow":["GET"]}}],"collection":[{"href":"https:\/\/elcotarro.com\/index.php?rest_route=\/wp\/v2\/posts"}],"about":[{"href":"https:\/\/elcotarro.com\/index.php?rest_route=\/wp\/v2\/types\/post"}],"author":[{"embeddable":true,"href":"https:\/\/elcotarro.com\/index.php?rest_route=\/wp\/v2\/users\/2"}],"replies":[{"embeddable":true,"href":"https:\/\/elcotarro.com\/index.php?rest_route=%2Fwp%2Fv2%2Fcomments&post=3083"}],"version-history":[{"count":1,"href":"https:\/\/elcotarro.com\/index.php?rest_route=\/wp\/v2\/posts\/3083\/revisions"}],"predecessor-version":[{"id":3085,"href":"https:\/\/elcotarro.com\/index.php?rest_route=\/wp\/v2\/posts\/3083\/revisions\/3085"}],"wp:attachment":[{"href":"https:\/\/elcotarro.com\/index.php?rest_route=%2Fwp%2Fv2%2Fmedia&parent=3083"}],"wp:term":[{"taxonomy":"category","embeddable":true,"href":"https:\/\/elcotarro.com\/index.php?rest_route=%2Fwp%2Fv2%2Fcategories&post=3083"},{"taxonomy":"post_tag","embeddable":true,"href":"https:\/\/elcotarro.com\/index.php?rest_route=%2Fwp%2Fv2%2Ftags&post=3083"}],"curies":[{"name":"wp","href":"https:\/\/api.w.org\/{rel}","templated":true}]}}