{"id":3086,"date":"2016-08-07T11:03:29","date_gmt":"2016-08-07T10:03:29","guid":{"rendered":"https:\/\/elcotarro.com\/?p=3086"},"modified":"2016-08-07T09:46:59","modified_gmt":"2016-08-07T08:46:59","slug":"anecdota-de-julio-iglesias","status":"publish","type":"post","link":"https:\/\/elcotarro.com\/?p=3086","title":{"rendered":"AN\u00c9CDOTA DE JULIO IGLESIAS"},"content":{"rendered":"<p>Gracias a la amistad y permanente amabilidad de <strong>Patricio Feier<\/strong>, director comercial del prestigioso Hotel Bot\u00e1nico del Puerto de la Cruz, he tenido conocimiento (siempre a posteriori) de una curiosa y generosa an\u00e9cdota protagonizada por el veterano cantante <strong>Julio Iglesias<\/strong>. El bueno de <strong>Julio<\/strong> opt\u00f3 por el Bot\u00e1nico para alojarse junto con todo su equipo, cuando hace unos d\u00edas estuvo en Tenerife para protagonizar su reciente y exitoso concierto en la capital tinerfe\u00f1a. En su primera cena en el emblem\u00e1tico restaurante \u201cLa Parrilla\u201d, uno de los magn\u00edficos restaurantes del propio hotel, cuando estaba cenando con todo su equipo, <strong>Julio Iglesias<\/strong> se fij\u00f3 en el buen hacer de una camarera que es especialmente querida por todos, dada su profesionalidad y la forma amable y sutil de atender a los clientes. Un desinhibido <strong>Julio<\/strong> pidi\u00f3 a su representante que averiguara el nombre de la profesional, para saludarla personalmente y felicitarla por su trabajo.<\/p>\n<p style=\"text-align: center\"><a href=\"https:\/\/elcotarro.com\/wp-content\/uploads\/2016\/08\/FOTO-3.-JULIO-IGLESIAS-FIRMANDO.jpg\"><img loading=\"lazy\" decoding=\"async\" class=\"alignnone size-full wp-image-3087\" src=\"https:\/\/elcotarro.com\/wp-content\/uploads\/2016\/08\/FOTO-3.-JULIO-IGLESIAS-FIRMANDO.jpg\" alt=\"FOTO 3.- JULIO IGLESIAS FIRMANDO\" width=\"2390\" height=\"1788\" srcset=\"https:\/\/elcotarro.com\/wp-content\/uploads\/2016\/08\/FOTO-3.-JULIO-IGLESIAS-FIRMANDO.jpg 2390w, https:\/\/elcotarro.com\/wp-content\/uploads\/2016\/08\/FOTO-3.-JULIO-IGLESIAS-FIRMANDO-300x224.jpg 300w, https:\/\/elcotarro.com\/wp-content\/uploads\/2016\/08\/FOTO-3.-JULIO-IGLESIAS-FIRMANDO-1024x766.jpg 1024w\" sizes=\"auto, (max-width: 2390px) 100vw, 2390px\" \/><\/a><\/p>\n<p style=\"text-align: center\"><em>Julio Iglesias firma en el \u201cLibro de Oro\u201d del hotel Bot\u00e1nico, en presencia del director, Gustavo Escobar.<\/em><\/p>\n","protected":false},"excerpt":{"rendered":"<p>Gracias a la amistad y permanente amabilidad de Patricio Feier, director comercial del prestigioso Hotel Bot\u00e1nico del Puerto de la Cruz, he tenido conocimiento (siempre a posteriori) de una curiosa y generosa an\u00e9cdota protagonizada por el veterano cantante Julio Iglesias. El bueno de Julio opt\u00f3 por el Bot\u00e1nico para alojarse junto con todo su equipo, &#8230; <a class=\"read-more\" href=\"https:\/\/elcotarro.com\/?p=3086\">Read more<\/a><\/p>\n","protected":false},"author":2,"featured_media":0,"comment_status":"open","ping_status":"open","sticky":false,"template":"","format":"standard","meta":{"_jetpack_memberships_contains_paid_content":false,"footnotes":""},"categories":[1],"tags":[],"class_list":["post-3086","post","type-post","status-publish","format-standard","hentry","category-sin-categoria"],"yoast_head":"<!-- This site is optimized with the Yoast SEO plugin v27.0 - https:\/\/yoast.com\/product\/yoast-seo-wordpress\/ -->\n<title>AN\u00c9CDOTA DE JULIO IGLESIAS - El Cotarro<\/title>\n<meta name=\"robots\" content=\"index, follow, max-snippet:-1, max-image-preview:large, max-video-preview:-1\" \/>\n<link rel=\"canonical\" href=\"https:\/\/elcotarro.com\/?p=3086\" \/>\n<meta property=\"og:locale\" content=\"es_ES\" \/>\n<meta property=\"og:type\" content=\"article\" \/>\n<meta property=\"og:title\" content=\"AN\u00c9CDOTA DE JULIO IGLESIAS - El Cotarro\" \/>\n<meta property=\"og:description\" content=\"Gracias a la amistad y permanente amabilidad de Patricio Feier, director comercial del prestigioso Hotel Bot\u00e1nico del Puerto de la Cruz, he tenido conocimiento (siempre a posteriori) de una curiosa y generosa an\u00e9cdota protagonizada por el veterano cantante Julio Iglesias. El bueno de Julio opt\u00f3 por el Bot\u00e1nico para alojarse junto con todo su equipo, ... Read more\" \/>\n<meta property=\"og:url\" content=\"https:\/\/elcotarro.com\/?p=3086\" \/>\n<meta property=\"og:site_name\" content=\"El Cotarro\" \/>\n<meta property=\"article:publisher\" content=\"https:\/\/www.facebook.com\/ElCotarro.Tenerife\" \/>\n<meta property=\"article:published_time\" content=\"2016-08-07T10:03:29+00:00\" \/>\n<meta property=\"og:image\" content=\"https:\/\/elcotarro.com\/wp-content\/uploads\/2016\/08\/FOTO-3.-JULIO-IGLESIAS-FIRMANDO.jpg\" \/>\n<meta name=\"author\" content=\"Jos\u00e9 Carlos Marrero Gonz\u00e1lez\" \/>\n<meta name=\"twitter:label1\" content=\"Escrito por\" \/>\n\t<meta name=\"twitter:data1\" content=\"Jos\u00e9 Carlos Marrero Gonz\u00e1lez\" \/>\n\t<meta name=\"twitter:label2\" content=\"Tiempo de lectura\" \/>\n\t<meta name=\"twitter:data2\" content=\"1 minuto\" \/>\n<script type=\"application\/ld+json\" class=\"yoast-schema-graph\">{\"@context\":\"https:\/\/schema.org\",\"@graph\":[{\"@type\":\"Article\",\"@id\":\"https:\/\/elcotarro.com\/?p=3086#article\",\"isPartOf\":{\"@id\":\"https:\/\/elcotarro.com\/?p=3086\"},\"author\":{\"name\":\"Jos\u00e9 Carlos Marrero Gonz\u00e1lez\",\"@id\":\"https:\/\/elcotarro.com\/#\/schema\/person\/af537ee7d60d15984c7e0affcd8a918b\"},\"headline\":\"AN\u00c9CDOTA DE JULIO IGLESIAS\",\"datePublished\":\"2016-08-07T10:03:29+00:00\",\"mainEntityOfPage\":{\"@id\":\"https:\/\/elcotarro.com\/?p=3086\"},\"wordCount\":181,\"commentCount\":0,\"publisher\":{\"@id\":\"https:\/\/elcotarro.com\/#organization\"},\"image\":{\"@id\":\"https:\/\/elcotarro.com\/?p=3086#primaryimage\"},\"thumbnailUrl\":\"https:\/\/elcotarro.com\/wp-content\/uploads\/2016\/08\/FOTO-3.-JULIO-IGLESIAS-FIRMANDO.jpg\",\"inLanguage\":\"es\",\"potentialAction\":[{\"@type\":\"CommentAction\",\"name\":\"Comment\",\"target\":[\"https:\/\/elcotarro.com\/?p=3086#respond\"]}]},{\"@type\":\"WebPage\",\"@id\":\"https:\/\/elcotarro.com\/?p=3086\",\"url\":\"https:\/\/elcotarro.com\/?p=3086\",\"name\":\"AN\u00c9CDOTA DE JULIO IGLESIAS - El Cotarro\",\"isPartOf\":{\"@id\":\"https:\/\/elcotarro.com\/#website\"},\"primaryImageOfPage\":{\"@id\":\"https:\/\/elcotarro.com\/?p=3086#primaryimage\"},\"image\":{\"@id\":\"https:\/\/elcotarro.com\/?p=3086#primaryimage\"},\"thumbnailUrl\":\"https:\/\/elcotarro.com\/wp-content\/uploads\/2016\/08\/FOTO-3.-JULIO-IGLESIAS-FIRMANDO.jpg\",\"datePublished\":\"2016-08-07T10:03:29+00:00\",\"breadcrumb\":{\"@id\":\"https:\/\/elcotarro.com\/?p=3086#breadcrumb\"},\"inLanguage\":\"es\",\"potentialAction\":[{\"@type\":\"ReadAction\",\"target\":[\"https:\/\/elcotarro.com\/?p=3086\"]}]},{\"@type\":\"ImageObject\",\"inLanguage\":\"es\",\"@id\":\"https:\/\/elcotarro.com\/?p=3086#primaryimage\",\"url\":\"https:\/\/elcotarro.com\/wp-content\/uploads\/2016\/08\/FOTO-3.-JULIO-IGLESIAS-FIRMANDO.jpg\",\"contentUrl\":\"https:\/\/elcotarro.com\/wp-content\/uploads\/2016\/08\/FOTO-3.-JULIO-IGLESIAS-FIRMANDO.jpg\",\"width\":2390,\"height\":1788},{\"@type\":\"BreadcrumbList\",\"@id\":\"https:\/\/elcotarro.com\/?p=3086#breadcrumb\",\"itemListElement\":[{\"@type\":\"ListItem\",\"position\":1,\"name\":\"Portada\",\"item\":\"https:\/\/elcotarro.com\/\"},{\"@type\":\"ListItem\",\"position\":2,\"name\":\"AN\u00c9CDOTA DE JULIO IGLESIAS\"}]},{\"@type\":\"WebSite\",\"@id\":\"https:\/\/elcotarro.com\/#website\",\"url\":\"https:\/\/elcotarro.com\/\",\"name\":\"El Cotarro\",\"description\":\"Peri\u00f3dico Digital Independiente dirigido por Jos\u00e9 Carlos Marrero\",\"publisher\":{\"@id\":\"https:\/\/elcotarro.com\/#organization\"},\"potentialAction\":[{\"@type\":\"SearchAction\",\"target\":{\"@type\":\"EntryPoint\",\"urlTemplate\":\"https:\/\/elcotarro.com\/?s={search_term_string}\"},\"query-input\":{\"@type\":\"PropertyValueSpecification\",\"valueRequired\":true,\"valueName\":\"search_term_string\"}}],\"inLanguage\":\"es\"},{\"@type\":\"Organization\",\"@id\":\"https:\/\/elcotarro.com\/#organization\",\"name\":\"El Cotarro\",\"url\":\"https:\/\/elcotarro.com\/\",\"logo\":{\"@type\":\"ImageObject\",\"inLanguage\":\"es\",\"@id\":\"https:\/\/elcotarro.com\/#\/schema\/logo\/image\/\",\"url\":\"https:\/\/elcotarro.com\/wp-content\/uploads\/2014\/09\/Cabecera_El_Cotarro_v2.jpg\",\"contentUrl\":\"https:\/\/elcotarro.com\/wp-content\/uploads\/2014\/09\/Cabecera_El_Cotarro_v2.jpg\",\"width\":3540,\"height\":441,\"caption\":\"El Cotarro\"},\"image\":{\"@id\":\"https:\/\/elcotarro.com\/#\/schema\/logo\/image\/\"},\"sameAs\":[\"https:\/\/www.facebook.com\/ElCotarro.Tenerife\"]},{\"@type\":\"Person\",\"@id\":\"https:\/\/elcotarro.com\/#\/schema\/person\/af537ee7d60d15984c7e0affcd8a918b\",\"name\":\"Jos\u00e9 Carlos Marrero Gonz\u00e1lez\",\"image\":{\"@type\":\"ImageObject\",\"inLanguage\":\"es\",\"@id\":\"https:\/\/elcotarro.com\/#\/schema\/person\/image\/\",\"url\":\"https:\/\/secure.gravatar.com\/avatar\/def4da036efb5d32c74d49c351f6dccc064dd69ad9f3aadc295c5a9a5391ca01?s=96&d=mm&r=g\",\"contentUrl\":\"https:\/\/secure.gravatar.com\/avatar\/def4da036efb5d32c74d49c351f6dccc064dd69ad9f3aadc295c5a9a5391ca01?s=96&d=mm&r=g\",\"caption\":\"Jos\u00e9 Carlos Marrero Gonz\u00e1lez\"},\"sameAs\":[\"https:\/\/elcotarro.com\"],\"url\":\"https:\/\/elcotarro.com\/?author=2\"}]}<\/script>\n<!-- \/ Yoast SEO plugin. -->","yoast_head_json":{"title":"AN\u00c9CDOTA DE JULIO IGLESIAS - El Cotarro","robots":{"index":"index","follow":"follow","max-snippet":"max-snippet:-1","max-image-preview":"max-image-preview:large","max-video-preview":"max-video-preview:-1"},"canonical":"https:\/\/elcotarro.com\/?p=3086","og_locale":"es_ES","og_type":"article","og_title":"AN\u00c9CDOTA DE JULIO IGLESIAS - El Cotarro","og_description":"Gracias a la amistad y permanente amabilidad de Patricio Feier, director comercial del prestigioso Hotel Bot\u00e1nico del Puerto de la Cruz, he tenido conocimiento (siempre a posteriori) de una curiosa y generosa an\u00e9cdota protagonizada por el veterano cantante Julio Iglesias. El bueno de Julio opt\u00f3 por el Bot\u00e1nico para alojarse junto con todo su equipo, ... Read more","og_url":"https:\/\/elcotarro.com\/?p=3086","og_site_name":"El Cotarro","article_publisher":"https:\/\/www.facebook.com\/ElCotarro.Tenerife","article_published_time":"2016-08-07T10:03:29+00:00","og_image":[{"url":"https:\/\/elcotarro.com\/wp-content\/uploads\/2016\/08\/FOTO-3.-JULIO-IGLESIAS-FIRMANDO.jpg","type":"","width":"","height":""}],"author":"Jos\u00e9 Carlos Marrero Gonz\u00e1lez","twitter_misc":{"Escrito por":"Jos\u00e9 Carlos Marrero Gonz\u00e1lez","Tiempo de lectura":"1 minuto"},"schema":{"@context":"https:\/\/schema.org","@graph":[{"@type":"Article","@id":"https:\/\/elcotarro.com\/?p=3086#article","isPartOf":{"@id":"https:\/\/elcotarro.com\/?p=3086"},"author":{"name":"Jos\u00e9 Carlos Marrero Gonz\u00e1lez","@id":"https:\/\/elcotarro.com\/#\/schema\/person\/af537ee7d60d15984c7e0affcd8a918b"},"headline":"AN\u00c9CDOTA DE JULIO IGLESIAS","datePublished":"2016-08-07T10:03:29+00:00","mainEntityOfPage":{"@id":"https:\/\/elcotarro.com\/?p=3086"},"wordCount":181,"commentCount":0,"publisher":{"@id":"https:\/\/elcotarro.com\/#organization"},"image":{"@id":"https:\/\/elcotarro.com\/?p=3086#primaryimage"},"thumbnailUrl":"https:\/\/elcotarro.com\/wp-content\/uploads\/2016\/08\/FOTO-3.-JULIO-IGLESIAS-FIRMANDO.jpg","inLanguage":"es","potentialAction":[{"@type":"CommentAction","name":"Comment","target":["https:\/\/elcotarro.com\/?p=3086#respond"]}]},{"@type":"WebPage","@id":"https:\/\/elcotarro.com\/?p=3086","url":"https:\/\/elcotarro.com\/?p=3086","name":"AN\u00c9CDOTA DE JULIO IGLESIAS - El Cotarro","isPartOf":{"@id":"https:\/\/elcotarro.com\/#website"},"primaryImageOfPage":{"@id":"https:\/\/elcotarro.com\/?p=3086#primaryimage"},"image":{"@id":"https:\/\/elcotarro.com\/?p=3086#primaryimage"},"thumbnailUrl":"https:\/\/elcotarro.com\/wp-content\/uploads\/2016\/08\/FOTO-3.-JULIO-IGLESIAS-FIRMANDO.jpg","datePublished":"2016-08-07T10:03:29+00:00","breadcrumb":{"@id":"https:\/\/elcotarro.com\/?p=3086#breadcrumb"},"inLanguage":"es","potentialAction":[{"@type":"ReadAction","target":["https:\/\/elcotarro.com\/?p=3086"]}]},{"@type":"ImageObject","inLanguage":"es","@id":"https:\/\/elcotarro.com\/?p=3086#primaryimage","url":"https:\/\/elcotarro.com\/wp-content\/uploads\/2016\/08\/FOTO-3.-JULIO-IGLESIAS-FIRMANDO.jpg","contentUrl":"https:\/\/elcotarro.com\/wp-content\/uploads\/2016\/08\/FOTO-3.-JULIO-IGLESIAS-FIRMANDO.jpg","width":2390,"height":1788},{"@type":"BreadcrumbList","@id":"https:\/\/elcotarro.com\/?p=3086#breadcrumb","itemListElement":[{"@type":"ListItem","position":1,"name":"Portada","item":"https:\/\/elcotarro.com\/"},{"@type":"ListItem","position":2,"name":"AN\u00c9CDOTA DE JULIO IGLESIAS"}]},{"@type":"WebSite","@id":"https:\/\/elcotarro.com\/#website","url":"https:\/\/elcotarro.com\/","name":"El Cotarro","description":"Peri\u00f3dico Digital Independiente dirigido por Jos\u00e9 Carlos Marrero","publisher":{"@id":"https:\/\/elcotarro.com\/#organization"},"potentialAction":[{"@type":"SearchAction","target":{"@type":"EntryPoint","urlTemplate":"https:\/\/elcotarro.com\/?s={search_term_string}"},"query-input":{"@type":"PropertyValueSpecification","valueRequired":true,"valueName":"search_term_string"}}],"inLanguage":"es"},{"@type":"Organization","@id":"https:\/\/elcotarro.com\/#organization","name":"El Cotarro","url":"https:\/\/elcotarro.com\/","logo":{"@type":"ImageObject","inLanguage":"es","@id":"https:\/\/elcotarro.com\/#\/schema\/logo\/image\/","url":"https:\/\/elcotarro.com\/wp-content\/uploads\/2014\/09\/Cabecera_El_Cotarro_v2.jpg","contentUrl":"https:\/\/elcotarro.com\/wp-content\/uploads\/2014\/09\/Cabecera_El_Cotarro_v2.jpg","width":3540,"height":441,"caption":"El Cotarro"},"image":{"@id":"https:\/\/elcotarro.com\/#\/schema\/logo\/image\/"},"sameAs":["https:\/\/www.facebook.com\/ElCotarro.Tenerife"]},{"@type":"Person","@id":"https:\/\/elcotarro.com\/#\/schema\/person\/af537ee7d60d15984c7e0affcd8a918b","name":"Jos\u00e9 Carlos Marrero Gonz\u00e1lez","image":{"@type":"ImageObject","inLanguage":"es","@id":"https:\/\/elcotarro.com\/#\/schema\/person\/image\/","url":"https:\/\/secure.gravatar.com\/avatar\/def4da036efb5d32c74d49c351f6dccc064dd69ad9f3aadc295c5a9a5391ca01?s=96&d=mm&r=g","contentUrl":"https:\/\/secure.gravatar.com\/avatar\/def4da036efb5d32c74d49c351f6dccc064dd69ad9f3aadc295c5a9a5391ca01?s=96&d=mm&r=g","caption":"Jos\u00e9 Carlos Marrero Gonz\u00e1lez"},"sameAs":["https:\/\/elcotarro.com"],"url":"https:\/\/elcotarro.com\/?author=2"}]}},"jetpack_featured_media_url":"","jetpack_sharing_enabled":true,"_links":{"self":[{"href":"https:\/\/elcotarro.com\/index.php?rest_route=\/wp\/v2\/posts\/3086","targetHints":{"allow":["GET"]}}],"collection":[{"href":"https:\/\/elcotarro.com\/index.php?rest_route=\/wp\/v2\/posts"}],"about":[{"href":"https:\/\/elcotarro.com\/index.php?rest_route=\/wp\/v2\/types\/post"}],"author":[{"embeddable":true,"href":"https:\/\/elcotarro.com\/index.php?rest_route=\/wp\/v2\/users\/2"}],"replies":[{"embeddable":true,"href":"https:\/\/elcotarro.com\/index.php?rest_route=%2Fwp%2Fv2%2Fcomments&post=3086"}],"version-history":[{"count":1,"href":"https:\/\/elcotarro.com\/index.php?rest_route=\/wp\/v2\/posts\/3086\/revisions"}],"predecessor-version":[{"id":3088,"href":"https:\/\/elcotarro.com\/index.php?rest_route=\/wp\/v2\/posts\/3086\/revisions\/3088"}],"wp:attachment":[{"href":"https:\/\/elcotarro.com\/index.php?rest_route=%2Fwp%2Fv2%2Fmedia&parent=3086"}],"wp:term":[{"taxonomy":"category","embeddable":true,"href":"https:\/\/elcotarro.com\/index.php?rest_route=%2Fwp%2Fv2%2Fcategories&post=3086"},{"taxonomy":"post_tag","embeddable":true,"href":"https:\/\/elcotarro.com\/index.php?rest_route=%2Fwp%2Fv2%2Ftags&post=3086"}],"curies":[{"name":"wp","href":"https:\/\/api.w.org\/{rel}","templated":true}]}}