{"id":3089,"date":"2016-08-07T11:02:05","date_gmt":"2016-08-07T10:02:05","guid":{"rendered":"https:\/\/elcotarro.com\/?p=3089"},"modified":"2016-08-07T09:49:42","modified_gmt":"2016-08-07T08:49:42","slug":"charla-despues-de-un-cherne","status":"publish","type":"post","link":"https:\/\/elcotarro.com\/?p=3089","title":{"rendered":"CHARLA DESPU\u00c9S DE UN CHERNE"},"content":{"rendered":"<p>Cuando ella (que se llama <strong>Josy Olga Ortellado Lozada-Ch\u00e1vez<\/strong>) se acerc\u00f3, <strong>Julio<\/strong> le pregunt\u00f3 que de d\u00f3nde era, a lo que le respondi\u00f3 que vino de C\u00f3rdoba (Argentina) y que hace unos doce a\u00f1os hab\u00eda estado en un concierto suyo con su madre, <strong>Olga Esther Ortellado<\/strong>, record\u00e1ndole la fecha exacta. Tanto Julio Iglesias como <strong>Josy Olga Ortellado<\/strong> se acordaban perfectamente de la fecha y lugar del concierto y, encima, el artista le coment\u00f3 que aquel fue, sin duda, uno de los conciertos m\u00e1s entra\u00f1ables de aquella gira. Estuvieron un buen rato hablando distendidamente de Tenerife y del buen cherne con papas arrugadas que hab\u00edan cenado, y la encantada camarera le confes\u00f3 que, al igual que su madre, ella era una \u201cfan\u201d de primera del cantante espa\u00f1ol. El bueno de <strong>Julio Iglesias<\/strong> no dud\u00f3 en invitar a <strong>Josy Olga<\/strong> junto con su madre y \u00a1\u00a1a todo el equipo del restaurante del Bot\u00e1nico!! a su pasado concierto de Tenerife. La camarera le manifest\u00f3 que, tanto ella como todos sus compa\u00f1eros de cocina y sala le quedaban muy agradecidos, pero que su madre no podr\u00eda asistir al concierto, porque ella sigue residiendo en la localidad argentina de C\u00f3rdoba.<\/p>\n<p style=\"text-align: center\"><a href=\"https:\/\/elcotarro.com\/wp-content\/uploads\/2016\/08\/FOTO-4.-JULIO-IGLESIAS-EN-TENERIFE.jpg\"><img loading=\"lazy\" decoding=\"async\" class=\"alignnone size-full wp-image-3090\" src=\"https:\/\/elcotarro.com\/wp-content\/uploads\/2016\/08\/FOTO-4.-JULIO-IGLESIAS-EN-TENERIFE.jpg\" alt=\"FOTO 4.- JULIO IGLESIAS EN TENERIFE\" width=\"660\" height=\"369\" srcset=\"https:\/\/elcotarro.com\/wp-content\/uploads\/2016\/08\/FOTO-4.-JULIO-IGLESIAS-EN-TENERIFE.jpg 660w, https:\/\/elcotarro.com\/wp-content\/uploads\/2016\/08\/FOTO-4.-JULIO-IGLESIAS-EN-TENERIFE-300x168.jpg 300w\" sizes=\"auto, (max-width: 660px) 100vw, 660px\" \/><\/a><\/p>\n<p style=\"text-align: center\"><em>Julio Iglesias en plena actuaci\u00f3n durante su reciente concierto en Tenerife<\/em><\/p>\n","protected":false},"excerpt":{"rendered":"<p>Cuando ella (que se llama Josy Olga Ortellado Lozada-Ch\u00e1vez) se acerc\u00f3, Julio le pregunt\u00f3 que de d\u00f3nde era, a lo que le respondi\u00f3 que vino de C\u00f3rdoba (Argentina) y que hace unos doce a\u00f1os hab\u00eda estado en un concierto suyo con su madre, Olga Esther Ortellado, record\u00e1ndole la fecha exacta. Tanto Julio Iglesias como Josy &#8230; <a class=\"read-more\" href=\"https:\/\/elcotarro.com\/?p=3089\">Read more<\/a><\/p>\n","protected":false},"author":2,"featured_media":0,"comment_status":"open","ping_status":"open","sticky":false,"template":"","format":"standard","meta":{"_jetpack_memberships_contains_paid_content":false,"footnotes":""},"categories":[1],"tags":[],"class_list":["post-3089","post","type-post","status-publish","format-standard","hentry","category-sin-categoria"],"yoast_head":"<!-- This site is optimized with the Yoast SEO plugin v27.0 - https:\/\/yoast.com\/product\/yoast-seo-wordpress\/ -->\n<title>CHARLA DESPU\u00c9S DE UN CHERNE - El Cotarro<\/title>\n<meta name=\"robots\" content=\"index, follow, max-snippet:-1, max-image-preview:large, max-video-preview:-1\" \/>\n<link rel=\"canonical\" href=\"https:\/\/elcotarro.com\/?p=3089\" \/>\n<meta property=\"og:locale\" content=\"es_ES\" \/>\n<meta property=\"og:type\" content=\"article\" \/>\n<meta property=\"og:title\" content=\"CHARLA DESPU\u00c9S DE UN CHERNE - El Cotarro\" \/>\n<meta property=\"og:description\" content=\"Cuando ella (que se llama Josy Olga Ortellado Lozada-Ch\u00e1vez) se acerc\u00f3, Julio le pregunt\u00f3 que de d\u00f3nde era, a lo que le respondi\u00f3 que vino de C\u00f3rdoba (Argentina) y que hace unos doce a\u00f1os hab\u00eda estado en un concierto suyo con su madre, Olga Esther Ortellado, record\u00e1ndole la fecha exacta. Tanto Julio Iglesias como Josy ... Read more\" \/>\n<meta property=\"og:url\" content=\"https:\/\/elcotarro.com\/?p=3089\" \/>\n<meta property=\"og:site_name\" content=\"El Cotarro\" \/>\n<meta property=\"article:publisher\" content=\"https:\/\/www.facebook.com\/ElCotarro.Tenerife\" \/>\n<meta property=\"article:published_time\" content=\"2016-08-07T10:02:05+00:00\" \/>\n<meta property=\"og:image\" content=\"https:\/\/elcotarro.com\/wp-content\/uploads\/2016\/08\/FOTO-4.-JULIO-IGLESIAS-EN-TENERIFE.jpg\" \/>\n<meta name=\"author\" content=\"Jos\u00e9 Carlos Marrero Gonz\u00e1lez\" \/>\n<meta name=\"twitter:label1\" content=\"Escrito por\" \/>\n\t<meta name=\"twitter:data1\" content=\"Jos\u00e9 Carlos Marrero Gonz\u00e1lez\" \/>\n\t<meta name=\"twitter:label2\" content=\"Tiempo de lectura\" \/>\n\t<meta name=\"twitter:data2\" content=\"1 minuto\" \/>\n<script type=\"application\/ld+json\" class=\"yoast-schema-graph\">{\"@context\":\"https:\/\/schema.org\",\"@graph\":[{\"@type\":\"Article\",\"@id\":\"https:\/\/elcotarro.com\/?p=3089#article\",\"isPartOf\":{\"@id\":\"https:\/\/elcotarro.com\/?p=3089\"},\"author\":{\"name\":\"Jos\u00e9 Carlos Marrero Gonz\u00e1lez\",\"@id\":\"https:\/\/elcotarro.com\/#\/schema\/person\/af537ee7d60d15984c7e0affcd8a918b\"},\"headline\":\"CHARLA DESPU\u00c9S DE UN CHERNE\",\"datePublished\":\"2016-08-07T10:02:05+00:00\",\"mainEntityOfPage\":{\"@id\":\"https:\/\/elcotarro.com\/?p=3089\"},\"wordCount\":227,\"commentCount\":0,\"publisher\":{\"@id\":\"https:\/\/elcotarro.com\/#organization\"},\"image\":{\"@id\":\"https:\/\/elcotarro.com\/?p=3089#primaryimage\"},\"thumbnailUrl\":\"https:\/\/elcotarro.com\/wp-content\/uploads\/2016\/08\/FOTO-4.-JULIO-IGLESIAS-EN-TENERIFE.jpg\",\"inLanguage\":\"es\",\"potentialAction\":[{\"@type\":\"CommentAction\",\"name\":\"Comment\",\"target\":[\"https:\/\/elcotarro.com\/?p=3089#respond\"]}]},{\"@type\":\"WebPage\",\"@id\":\"https:\/\/elcotarro.com\/?p=3089\",\"url\":\"https:\/\/elcotarro.com\/?p=3089\",\"name\":\"CHARLA DESPU\u00c9S DE UN CHERNE - El Cotarro\",\"isPartOf\":{\"@id\":\"https:\/\/elcotarro.com\/#website\"},\"primaryImageOfPage\":{\"@id\":\"https:\/\/elcotarro.com\/?p=3089#primaryimage\"},\"image\":{\"@id\":\"https:\/\/elcotarro.com\/?p=3089#primaryimage\"},\"thumbnailUrl\":\"https:\/\/elcotarro.com\/wp-content\/uploads\/2016\/08\/FOTO-4.-JULIO-IGLESIAS-EN-TENERIFE.jpg\",\"datePublished\":\"2016-08-07T10:02:05+00:00\",\"breadcrumb\":{\"@id\":\"https:\/\/elcotarro.com\/?p=3089#breadcrumb\"},\"inLanguage\":\"es\",\"potentialAction\":[{\"@type\":\"ReadAction\",\"target\":[\"https:\/\/elcotarro.com\/?p=3089\"]}]},{\"@type\":\"ImageObject\",\"inLanguage\":\"es\",\"@id\":\"https:\/\/elcotarro.com\/?p=3089#primaryimage\",\"url\":\"https:\/\/elcotarro.com\/wp-content\/uploads\/2016\/08\/FOTO-4.-JULIO-IGLESIAS-EN-TENERIFE.jpg\",\"contentUrl\":\"https:\/\/elcotarro.com\/wp-content\/uploads\/2016\/08\/FOTO-4.-JULIO-IGLESIAS-EN-TENERIFE.jpg\",\"width\":660,\"height\":369},{\"@type\":\"BreadcrumbList\",\"@id\":\"https:\/\/elcotarro.com\/?p=3089#breadcrumb\",\"itemListElement\":[{\"@type\":\"ListItem\",\"position\":1,\"name\":\"Portada\",\"item\":\"https:\/\/elcotarro.com\/\"},{\"@type\":\"ListItem\",\"position\":2,\"name\":\"CHARLA DESPU\u00c9S DE UN CHERNE\"}]},{\"@type\":\"WebSite\",\"@id\":\"https:\/\/elcotarro.com\/#website\",\"url\":\"https:\/\/elcotarro.com\/\",\"name\":\"El Cotarro\",\"description\":\"Peri\u00f3dico Digital Independiente dirigido por Jos\u00e9 Carlos Marrero\",\"publisher\":{\"@id\":\"https:\/\/elcotarro.com\/#organization\"},\"potentialAction\":[{\"@type\":\"SearchAction\",\"target\":{\"@type\":\"EntryPoint\",\"urlTemplate\":\"https:\/\/elcotarro.com\/?s={search_term_string}\"},\"query-input\":{\"@type\":\"PropertyValueSpecification\",\"valueRequired\":true,\"valueName\":\"search_term_string\"}}],\"inLanguage\":\"es\"},{\"@type\":\"Organization\",\"@id\":\"https:\/\/elcotarro.com\/#organization\",\"name\":\"El Cotarro\",\"url\":\"https:\/\/elcotarro.com\/\",\"logo\":{\"@type\":\"ImageObject\",\"inLanguage\":\"es\",\"@id\":\"https:\/\/elcotarro.com\/#\/schema\/logo\/image\/\",\"url\":\"https:\/\/elcotarro.com\/wp-content\/uploads\/2014\/09\/Cabecera_El_Cotarro_v2.jpg\",\"contentUrl\":\"https:\/\/elcotarro.com\/wp-content\/uploads\/2014\/09\/Cabecera_El_Cotarro_v2.jpg\",\"width\":3540,\"height\":441,\"caption\":\"El Cotarro\"},\"image\":{\"@id\":\"https:\/\/elcotarro.com\/#\/schema\/logo\/image\/\"},\"sameAs\":[\"https:\/\/www.facebook.com\/ElCotarro.Tenerife\"]},{\"@type\":\"Person\",\"@id\":\"https:\/\/elcotarro.com\/#\/schema\/person\/af537ee7d60d15984c7e0affcd8a918b\",\"name\":\"Jos\u00e9 Carlos Marrero Gonz\u00e1lez\",\"image\":{\"@type\":\"ImageObject\",\"inLanguage\":\"es\",\"@id\":\"https:\/\/elcotarro.com\/#\/schema\/person\/image\/\",\"url\":\"https:\/\/secure.gravatar.com\/avatar\/def4da036efb5d32c74d49c351f6dccc064dd69ad9f3aadc295c5a9a5391ca01?s=96&d=mm&r=g\",\"contentUrl\":\"https:\/\/secure.gravatar.com\/avatar\/def4da036efb5d32c74d49c351f6dccc064dd69ad9f3aadc295c5a9a5391ca01?s=96&d=mm&r=g\",\"caption\":\"Jos\u00e9 Carlos Marrero Gonz\u00e1lez\"},\"sameAs\":[\"https:\/\/elcotarro.com\"],\"url\":\"https:\/\/elcotarro.com\/?author=2\"}]}<\/script>\n<!-- \/ Yoast SEO plugin. -->","yoast_head_json":{"title":"CHARLA DESPU\u00c9S DE UN CHERNE - El Cotarro","robots":{"index":"index","follow":"follow","max-snippet":"max-snippet:-1","max-image-preview":"max-image-preview:large","max-video-preview":"max-video-preview:-1"},"canonical":"https:\/\/elcotarro.com\/?p=3089","og_locale":"es_ES","og_type":"article","og_title":"CHARLA DESPU\u00c9S DE UN CHERNE - El Cotarro","og_description":"Cuando ella (que se llama Josy Olga Ortellado Lozada-Ch\u00e1vez) se acerc\u00f3, Julio le pregunt\u00f3 que de d\u00f3nde era, a lo que le respondi\u00f3 que vino de C\u00f3rdoba (Argentina) y que hace unos doce a\u00f1os hab\u00eda estado en un concierto suyo con su madre, Olga Esther Ortellado, record\u00e1ndole la fecha exacta. Tanto Julio Iglesias como Josy ... Read more","og_url":"https:\/\/elcotarro.com\/?p=3089","og_site_name":"El Cotarro","article_publisher":"https:\/\/www.facebook.com\/ElCotarro.Tenerife","article_published_time":"2016-08-07T10:02:05+00:00","og_image":[{"url":"https:\/\/elcotarro.com\/wp-content\/uploads\/2016\/08\/FOTO-4.-JULIO-IGLESIAS-EN-TENERIFE.jpg","type":"","width":"","height":""}],"author":"Jos\u00e9 Carlos Marrero Gonz\u00e1lez","twitter_misc":{"Escrito por":"Jos\u00e9 Carlos Marrero Gonz\u00e1lez","Tiempo de lectura":"1 minuto"},"schema":{"@context":"https:\/\/schema.org","@graph":[{"@type":"Article","@id":"https:\/\/elcotarro.com\/?p=3089#article","isPartOf":{"@id":"https:\/\/elcotarro.com\/?p=3089"},"author":{"name":"Jos\u00e9 Carlos Marrero Gonz\u00e1lez","@id":"https:\/\/elcotarro.com\/#\/schema\/person\/af537ee7d60d15984c7e0affcd8a918b"},"headline":"CHARLA DESPU\u00c9S DE UN CHERNE","datePublished":"2016-08-07T10:02:05+00:00","mainEntityOfPage":{"@id":"https:\/\/elcotarro.com\/?p=3089"},"wordCount":227,"commentCount":0,"publisher":{"@id":"https:\/\/elcotarro.com\/#organization"},"image":{"@id":"https:\/\/elcotarro.com\/?p=3089#primaryimage"},"thumbnailUrl":"https:\/\/elcotarro.com\/wp-content\/uploads\/2016\/08\/FOTO-4.-JULIO-IGLESIAS-EN-TENERIFE.jpg","inLanguage":"es","potentialAction":[{"@type":"CommentAction","name":"Comment","target":["https:\/\/elcotarro.com\/?p=3089#respond"]}]},{"@type":"WebPage","@id":"https:\/\/elcotarro.com\/?p=3089","url":"https:\/\/elcotarro.com\/?p=3089","name":"CHARLA DESPU\u00c9S DE UN CHERNE - El Cotarro","isPartOf":{"@id":"https:\/\/elcotarro.com\/#website"},"primaryImageOfPage":{"@id":"https:\/\/elcotarro.com\/?p=3089#primaryimage"},"image":{"@id":"https:\/\/elcotarro.com\/?p=3089#primaryimage"},"thumbnailUrl":"https:\/\/elcotarro.com\/wp-content\/uploads\/2016\/08\/FOTO-4.-JULIO-IGLESIAS-EN-TENERIFE.jpg","datePublished":"2016-08-07T10:02:05+00:00","breadcrumb":{"@id":"https:\/\/elcotarro.com\/?p=3089#breadcrumb"},"inLanguage":"es","potentialAction":[{"@type":"ReadAction","target":["https:\/\/elcotarro.com\/?p=3089"]}]},{"@type":"ImageObject","inLanguage":"es","@id":"https:\/\/elcotarro.com\/?p=3089#primaryimage","url":"https:\/\/elcotarro.com\/wp-content\/uploads\/2016\/08\/FOTO-4.-JULIO-IGLESIAS-EN-TENERIFE.jpg","contentUrl":"https:\/\/elcotarro.com\/wp-content\/uploads\/2016\/08\/FOTO-4.-JULIO-IGLESIAS-EN-TENERIFE.jpg","width":660,"height":369},{"@type":"BreadcrumbList","@id":"https:\/\/elcotarro.com\/?p=3089#breadcrumb","itemListElement":[{"@type":"ListItem","position":1,"name":"Portada","item":"https:\/\/elcotarro.com\/"},{"@type":"ListItem","position":2,"name":"CHARLA DESPU\u00c9S DE UN CHERNE"}]},{"@type":"WebSite","@id":"https:\/\/elcotarro.com\/#website","url":"https:\/\/elcotarro.com\/","name":"El Cotarro","description":"Peri\u00f3dico Digital Independiente dirigido por Jos\u00e9 Carlos Marrero","publisher":{"@id":"https:\/\/elcotarro.com\/#organization"},"potentialAction":[{"@type":"SearchAction","target":{"@type":"EntryPoint","urlTemplate":"https:\/\/elcotarro.com\/?s={search_term_string}"},"query-input":{"@type":"PropertyValueSpecification","valueRequired":true,"valueName":"search_term_string"}}],"inLanguage":"es"},{"@type":"Organization","@id":"https:\/\/elcotarro.com\/#organization","name":"El Cotarro","url":"https:\/\/elcotarro.com\/","logo":{"@type":"ImageObject","inLanguage":"es","@id":"https:\/\/elcotarro.com\/#\/schema\/logo\/image\/","url":"https:\/\/elcotarro.com\/wp-content\/uploads\/2014\/09\/Cabecera_El_Cotarro_v2.jpg","contentUrl":"https:\/\/elcotarro.com\/wp-content\/uploads\/2014\/09\/Cabecera_El_Cotarro_v2.jpg","width":3540,"height":441,"caption":"El Cotarro"},"image":{"@id":"https:\/\/elcotarro.com\/#\/schema\/logo\/image\/"},"sameAs":["https:\/\/www.facebook.com\/ElCotarro.Tenerife"]},{"@type":"Person","@id":"https:\/\/elcotarro.com\/#\/schema\/person\/af537ee7d60d15984c7e0affcd8a918b","name":"Jos\u00e9 Carlos Marrero Gonz\u00e1lez","image":{"@type":"ImageObject","inLanguage":"es","@id":"https:\/\/elcotarro.com\/#\/schema\/person\/image\/","url":"https:\/\/secure.gravatar.com\/avatar\/def4da036efb5d32c74d49c351f6dccc064dd69ad9f3aadc295c5a9a5391ca01?s=96&d=mm&r=g","contentUrl":"https:\/\/secure.gravatar.com\/avatar\/def4da036efb5d32c74d49c351f6dccc064dd69ad9f3aadc295c5a9a5391ca01?s=96&d=mm&r=g","caption":"Jos\u00e9 Carlos Marrero Gonz\u00e1lez"},"sameAs":["https:\/\/elcotarro.com"],"url":"https:\/\/elcotarro.com\/?author=2"}]}},"jetpack_featured_media_url":"","jetpack_sharing_enabled":true,"_links":{"self":[{"href":"https:\/\/elcotarro.com\/index.php?rest_route=\/wp\/v2\/posts\/3089","targetHints":{"allow":["GET"]}}],"collection":[{"href":"https:\/\/elcotarro.com\/index.php?rest_route=\/wp\/v2\/posts"}],"about":[{"href":"https:\/\/elcotarro.com\/index.php?rest_route=\/wp\/v2\/types\/post"}],"author":[{"embeddable":true,"href":"https:\/\/elcotarro.com\/index.php?rest_route=\/wp\/v2\/users\/2"}],"replies":[{"embeddable":true,"href":"https:\/\/elcotarro.com\/index.php?rest_route=%2Fwp%2Fv2%2Fcomments&post=3089"}],"version-history":[{"count":1,"href":"https:\/\/elcotarro.com\/index.php?rest_route=\/wp\/v2\/posts\/3089\/revisions"}],"predecessor-version":[{"id":3091,"href":"https:\/\/elcotarro.com\/index.php?rest_route=\/wp\/v2\/posts\/3089\/revisions\/3091"}],"wp:attachment":[{"href":"https:\/\/elcotarro.com\/index.php?rest_route=%2Fwp%2Fv2%2Fmedia&parent=3089"}],"wp:term":[{"taxonomy":"category","embeddable":true,"href":"https:\/\/elcotarro.com\/index.php?rest_route=%2Fwp%2Fv2%2Fcategories&post=3089"},{"taxonomy":"post_tag","embeddable":true,"href":"https:\/\/elcotarro.com\/index.php?rest_route=%2Fwp%2Fv2%2Ftags&post=3089"}],"curies":[{"name":"wp","href":"https:\/\/api.w.org\/{rel}","templated":true}]}}