{"id":309,"date":"2014-10-26T00:35:48","date_gmt":"2014-10-25T23:35:48","guid":{"rendered":"https:\/\/elcotarro.com\/?p=309"},"modified":"2014-10-26T00:36:14","modified_gmt":"2014-10-25T23:36:14","slug":"prospeccion-la-lista","status":"publish","type":"post","link":"https:\/\/elcotarro.com\/?p=309","title":{"rendered":"PROSPECCI\u00d3N A LA LISTA"},"content":{"rendered":"<p style=\"text-align: justify;\">\u2666 \u00a0Ahora todos miran para las mencionadas listas electorales para el pr\u00f3ximo 24 de mayo\u2026 En el mejor de los casos \u2013dicen- el PSOE en Tenerife sacar\u00eda 4 diputados para el parlamento de Canarias\u2026 La primera en la lista, obviamente, ser\u00e1 <strong>Patricia Hern\u00e1ndez<\/strong> y el segundo ser\u00eda <strong>Francisco \u201cPaco\u201d Hern\u00e1ndez Sp\u00ednola<\/strong>, que la estado apoyando en todo el proceso (una primera clave, por cierto: los dos son militantes del \u00e1rea metropolitana)\u2026 La tercera en la lista deber\u00eda ser una mujer y, por el tema de la territorialidad, deber\u00eda salir del sur de Tenerife y propuesta o apoyada por los alcaldes sure\u00f1os\u2026 y el cuarto de la lista (que ya tendr\u00eda dif\u00edcil salir elegido, o no) tendr\u00eda que ser un hombre y de la zona norte (de Tacoronte para all\u00e1)\u2026 Moraleja: El \u00ednclito <strong>Gustavo Matos<\/strong> lo tendr\u00eda crudo para estar en esa lista para el Parlamento en un puesto \u201cde salida\u201d\u2026 Y como al ayuntamiento de La Laguna no ir\u00e1 a regresar, pues\u2026<\/p>\n<p style=\"text-align: justify;\"><a href=\"https:\/\/elcotarro.com\/wp-content\/uploads\/2014\/10\/Primarias-socialistas.jpg\"><img loading=\"lazy\" decoding=\"async\" class=\"aligncenter wp-image-310\" src=\"https:\/\/elcotarro.com\/wp-content\/uploads\/2014\/10\/Primarias-socialistas.jpg\" alt=\"Primarias socialistas\" width=\"600\" height=\"346\" srcset=\"https:\/\/elcotarro.com\/wp-content\/uploads\/2014\/10\/Primarias-socialistas.jpg 646w, https:\/\/elcotarro.com\/wp-content\/uploads\/2014\/10\/Primarias-socialistas-300x173.jpg 300w\" sizes=\"auto, (max-width: 600px) 100vw, 600px\" \/><\/a><\/p>\n<div><\/div>\n<p class=\"comentario\" style=\"text-align: center;\">Carolina (i), Gustavo (con el tren perdido) y Patricia.<\/p>\n","protected":false},"excerpt":{"rendered":"<p>\u2666 \u00a0Ahora todos miran para las mencionadas listas electorales para el pr\u00f3ximo 24 de mayo\u2026 En el mejor de los casos \u2013dicen- el PSOE en Tenerife sacar\u00eda 4 diputados para el parlamento de Canarias\u2026 La primera en la lista, obviamente, ser\u00e1 Patricia Hern\u00e1ndez y el segundo ser\u00eda Francisco \u201cPaco\u201d Hern\u00e1ndez Sp\u00ednola, que la estado apoyando &#8230; <a class=\"read-more\" href=\"https:\/\/elcotarro.com\/?p=309\">Read more<\/a><\/p>\n","protected":false},"author":2,"featured_media":0,"comment_status":"open","ping_status":"open","sticky":false,"template":"","format":"standard","meta":{"_jetpack_memberships_contains_paid_content":false,"footnotes":""},"categories":[7],"tags":[142,12,24],"class_list":["post-309","post","type-post","status-publish","format-standard","hentry","category-politica","tag-francisco-paco-hernandez-spinola","tag-gustavo-matos","tag-patricia-hernandez"],"yoast_head":"<!-- This site is optimized with the Yoast SEO plugin v27.0 - https:\/\/yoast.com\/product\/yoast-seo-wordpress\/ -->\n<title>PROSPECCI\u00d3N A LA LISTA - El Cotarro<\/title>\n<meta name=\"robots\" content=\"index, follow, max-snippet:-1, max-image-preview:large, max-video-preview:-1\" \/>\n<link rel=\"canonical\" href=\"https:\/\/elcotarro.com\/?p=309\" \/>\n<meta property=\"og:locale\" content=\"es_ES\" \/>\n<meta property=\"og:type\" content=\"article\" \/>\n<meta property=\"og:title\" content=\"PROSPECCI\u00d3N A LA LISTA - El Cotarro\" \/>\n<meta property=\"og:description\" content=\"\u2666 \u00a0Ahora todos miran para las mencionadas listas electorales para el pr\u00f3ximo 24 de mayo\u2026 En el mejor de los casos \u2013dicen- el PSOE en Tenerife sacar\u00eda 4 diputados para el parlamento de Canarias\u2026 La primera en la lista, obviamente, ser\u00e1 Patricia Hern\u00e1ndez y el segundo ser\u00eda Francisco \u201cPaco\u201d Hern\u00e1ndez Sp\u00ednola, que la estado apoyando ... Read more\" \/>\n<meta property=\"og:url\" content=\"https:\/\/elcotarro.com\/?p=309\" \/>\n<meta property=\"og:site_name\" content=\"El Cotarro\" \/>\n<meta property=\"article:publisher\" content=\"https:\/\/www.facebook.com\/ElCotarro.Tenerife\" \/>\n<meta property=\"article:published_time\" content=\"2014-10-25T23:35:48+00:00\" \/>\n<meta property=\"article:modified_time\" content=\"2014-10-25T23:36:14+00:00\" \/>\n<meta property=\"og:image\" content=\"https:\/\/elcotarro.com\/wp-content\/uploads\/2014\/10\/Primarias-socialistas.jpg\" \/>\n<meta name=\"author\" content=\"Jos\u00e9 Carlos Marrero Gonz\u00e1lez\" \/>\n<meta name=\"twitter:label1\" content=\"Escrito por\" \/>\n\t<meta name=\"twitter:data1\" content=\"Jos\u00e9 Carlos Marrero Gonz\u00e1lez\" \/>\n\t<meta name=\"twitter:label2\" content=\"Tiempo de lectura\" \/>\n\t<meta name=\"twitter:data2\" content=\"1 minuto\" \/>\n<script type=\"application\/ld+json\" class=\"yoast-schema-graph\">{\"@context\":\"https:\/\/schema.org\",\"@graph\":[{\"@type\":\"Article\",\"@id\":\"https:\/\/elcotarro.com\/?p=309#article\",\"isPartOf\":{\"@id\":\"https:\/\/elcotarro.com\/?p=309\"},\"author\":{\"name\":\"Jos\u00e9 Carlos Marrero Gonz\u00e1lez\",\"@id\":\"https:\/\/elcotarro.com\/#\/schema\/person\/af537ee7d60d15984c7e0affcd8a918b\"},\"headline\":\"PROSPECCI\u00d3N A LA LISTA\",\"datePublished\":\"2014-10-25T23:35:48+00:00\",\"dateModified\":\"2014-10-25T23:36:14+00:00\",\"mainEntityOfPage\":{\"@id\":\"https:\/\/elcotarro.com\/?p=309\"},\"wordCount\":186,\"commentCount\":0,\"publisher\":{\"@id\":\"https:\/\/elcotarro.com\/#organization\"},\"image\":{\"@id\":\"https:\/\/elcotarro.com\/?p=309#primaryimage\"},\"thumbnailUrl\":\"https:\/\/elcotarro.com\/wp-content\/uploads\/2014\/10\/Primarias-socialistas.jpg\",\"keywords\":[\"Francisco \u201cPaco\u201d Hern\u00e1ndez Sp\u00ednola\",\"Gustavo Matos\",\"Patricia Hern\u00e1ndez\"],\"articleSection\":[\"Pol\u00edtica\"],\"inLanguage\":\"es\",\"potentialAction\":[{\"@type\":\"CommentAction\",\"name\":\"Comment\",\"target\":[\"https:\/\/elcotarro.com\/?p=309#respond\"]}]},{\"@type\":\"WebPage\",\"@id\":\"https:\/\/elcotarro.com\/?p=309\",\"url\":\"https:\/\/elcotarro.com\/?p=309\",\"name\":\"PROSPECCI\u00d3N A LA LISTA - El Cotarro\",\"isPartOf\":{\"@id\":\"https:\/\/elcotarro.com\/#website\"},\"primaryImageOfPage\":{\"@id\":\"https:\/\/elcotarro.com\/?p=309#primaryimage\"},\"image\":{\"@id\":\"https:\/\/elcotarro.com\/?p=309#primaryimage\"},\"thumbnailUrl\":\"https:\/\/elcotarro.com\/wp-content\/uploads\/2014\/10\/Primarias-socialistas.jpg\",\"datePublished\":\"2014-10-25T23:35:48+00:00\",\"dateModified\":\"2014-10-25T23:36:14+00:00\",\"breadcrumb\":{\"@id\":\"https:\/\/elcotarro.com\/?p=309#breadcrumb\"},\"inLanguage\":\"es\",\"potentialAction\":[{\"@type\":\"ReadAction\",\"target\":[\"https:\/\/elcotarro.com\/?p=309\"]}]},{\"@type\":\"ImageObject\",\"inLanguage\":\"es\",\"@id\":\"https:\/\/elcotarro.com\/?p=309#primaryimage\",\"url\":\"https:\/\/elcotarro.com\/wp-content\/uploads\/2014\/10\/Primarias-socialistas.jpg\",\"contentUrl\":\"https:\/\/elcotarro.com\/wp-content\/uploads\/2014\/10\/Primarias-socialistas.jpg\",\"width\":646,\"height\":373},{\"@type\":\"BreadcrumbList\",\"@id\":\"https:\/\/elcotarro.com\/?p=309#breadcrumb\",\"itemListElement\":[{\"@type\":\"ListItem\",\"position\":1,\"name\":\"Portada\",\"item\":\"https:\/\/elcotarro.com\/\"},{\"@type\":\"ListItem\",\"position\":2,\"name\":\"PROSPECCI\u00d3N A LA LISTA\"}]},{\"@type\":\"WebSite\",\"@id\":\"https:\/\/elcotarro.com\/#website\",\"url\":\"https:\/\/elcotarro.com\/\",\"name\":\"El Cotarro\",\"description\":\"Peri\u00f3dico Digital Independiente dirigido por Jos\u00e9 Carlos Marrero\",\"publisher\":{\"@id\":\"https:\/\/elcotarro.com\/#organization\"},\"potentialAction\":[{\"@type\":\"SearchAction\",\"target\":{\"@type\":\"EntryPoint\",\"urlTemplate\":\"https:\/\/elcotarro.com\/?s={search_term_string}\"},\"query-input\":{\"@type\":\"PropertyValueSpecification\",\"valueRequired\":true,\"valueName\":\"search_term_string\"}}],\"inLanguage\":\"es\"},{\"@type\":\"Organization\",\"@id\":\"https:\/\/elcotarro.com\/#organization\",\"name\":\"El Cotarro\",\"url\":\"https:\/\/elcotarro.com\/\",\"logo\":{\"@type\":\"ImageObject\",\"inLanguage\":\"es\",\"@id\":\"https:\/\/elcotarro.com\/#\/schema\/logo\/image\/\",\"url\":\"https:\/\/elcotarro.com\/wp-content\/uploads\/2014\/09\/Cabecera_El_Cotarro_v2.jpg\",\"contentUrl\":\"https:\/\/elcotarro.com\/wp-content\/uploads\/2014\/09\/Cabecera_El_Cotarro_v2.jpg\",\"width\":3540,\"height\":441,\"caption\":\"El Cotarro\"},\"image\":{\"@id\":\"https:\/\/elcotarro.com\/#\/schema\/logo\/image\/\"},\"sameAs\":[\"https:\/\/www.facebook.com\/ElCotarro.Tenerife\"]},{\"@type\":\"Person\",\"@id\":\"https:\/\/elcotarro.com\/#\/schema\/person\/af537ee7d60d15984c7e0affcd8a918b\",\"name\":\"Jos\u00e9 Carlos Marrero Gonz\u00e1lez\",\"image\":{\"@type\":\"ImageObject\",\"inLanguage\":\"es\",\"@id\":\"https:\/\/elcotarro.com\/#\/schema\/person\/image\/\",\"url\":\"https:\/\/secure.gravatar.com\/avatar\/def4da036efb5d32c74d49c351f6dccc064dd69ad9f3aadc295c5a9a5391ca01?s=96&d=mm&r=g\",\"contentUrl\":\"https:\/\/secure.gravatar.com\/avatar\/def4da036efb5d32c74d49c351f6dccc064dd69ad9f3aadc295c5a9a5391ca01?s=96&d=mm&r=g\",\"caption\":\"Jos\u00e9 Carlos Marrero Gonz\u00e1lez\"},\"sameAs\":[\"https:\/\/elcotarro.com\"],\"url\":\"https:\/\/elcotarro.com\/?author=2\"}]}<\/script>\n<!-- \/ Yoast SEO plugin. -->","yoast_head_json":{"title":"PROSPECCI\u00d3N A LA LISTA - El Cotarro","robots":{"index":"index","follow":"follow","max-snippet":"max-snippet:-1","max-image-preview":"max-image-preview:large","max-video-preview":"max-video-preview:-1"},"canonical":"https:\/\/elcotarro.com\/?p=309","og_locale":"es_ES","og_type":"article","og_title":"PROSPECCI\u00d3N A LA LISTA - El Cotarro","og_description":"\u2666 \u00a0Ahora todos miran para las mencionadas listas electorales para el pr\u00f3ximo 24 de mayo\u2026 En el mejor de los casos \u2013dicen- el PSOE en Tenerife sacar\u00eda 4 diputados para el parlamento de Canarias\u2026 La primera en la lista, obviamente, ser\u00e1 Patricia Hern\u00e1ndez y el segundo ser\u00eda Francisco \u201cPaco\u201d Hern\u00e1ndez Sp\u00ednola, que la estado apoyando ... Read more","og_url":"https:\/\/elcotarro.com\/?p=309","og_site_name":"El Cotarro","article_publisher":"https:\/\/www.facebook.com\/ElCotarro.Tenerife","article_published_time":"2014-10-25T23:35:48+00:00","article_modified_time":"2014-10-25T23:36:14+00:00","og_image":[{"url":"https:\/\/elcotarro.com\/wp-content\/uploads\/2014\/10\/Primarias-socialistas.jpg","type":"","width":"","height":""}],"author":"Jos\u00e9 Carlos Marrero Gonz\u00e1lez","twitter_misc":{"Escrito por":"Jos\u00e9 Carlos Marrero Gonz\u00e1lez","Tiempo de lectura":"1 minuto"},"schema":{"@context":"https:\/\/schema.org","@graph":[{"@type":"Article","@id":"https:\/\/elcotarro.com\/?p=309#article","isPartOf":{"@id":"https:\/\/elcotarro.com\/?p=309"},"author":{"name":"Jos\u00e9 Carlos Marrero Gonz\u00e1lez","@id":"https:\/\/elcotarro.com\/#\/schema\/person\/af537ee7d60d15984c7e0affcd8a918b"},"headline":"PROSPECCI\u00d3N A LA LISTA","datePublished":"2014-10-25T23:35:48+00:00","dateModified":"2014-10-25T23:36:14+00:00","mainEntityOfPage":{"@id":"https:\/\/elcotarro.com\/?p=309"},"wordCount":186,"commentCount":0,"publisher":{"@id":"https:\/\/elcotarro.com\/#organization"},"image":{"@id":"https:\/\/elcotarro.com\/?p=309#primaryimage"},"thumbnailUrl":"https:\/\/elcotarro.com\/wp-content\/uploads\/2014\/10\/Primarias-socialistas.jpg","keywords":["Francisco \u201cPaco\u201d Hern\u00e1ndez Sp\u00ednola","Gustavo Matos","Patricia Hern\u00e1ndez"],"articleSection":["Pol\u00edtica"],"inLanguage":"es","potentialAction":[{"@type":"CommentAction","name":"Comment","target":["https:\/\/elcotarro.com\/?p=309#respond"]}]},{"@type":"WebPage","@id":"https:\/\/elcotarro.com\/?p=309","url":"https:\/\/elcotarro.com\/?p=309","name":"PROSPECCI\u00d3N A LA LISTA - El Cotarro","isPartOf":{"@id":"https:\/\/elcotarro.com\/#website"},"primaryImageOfPage":{"@id":"https:\/\/elcotarro.com\/?p=309#primaryimage"},"image":{"@id":"https:\/\/elcotarro.com\/?p=309#primaryimage"},"thumbnailUrl":"https:\/\/elcotarro.com\/wp-content\/uploads\/2014\/10\/Primarias-socialistas.jpg","datePublished":"2014-10-25T23:35:48+00:00","dateModified":"2014-10-25T23:36:14+00:00","breadcrumb":{"@id":"https:\/\/elcotarro.com\/?p=309#breadcrumb"},"inLanguage":"es","potentialAction":[{"@type":"ReadAction","target":["https:\/\/elcotarro.com\/?p=309"]}]},{"@type":"ImageObject","inLanguage":"es","@id":"https:\/\/elcotarro.com\/?p=309#primaryimage","url":"https:\/\/elcotarro.com\/wp-content\/uploads\/2014\/10\/Primarias-socialistas.jpg","contentUrl":"https:\/\/elcotarro.com\/wp-content\/uploads\/2014\/10\/Primarias-socialistas.jpg","width":646,"height":373},{"@type":"BreadcrumbList","@id":"https:\/\/elcotarro.com\/?p=309#breadcrumb","itemListElement":[{"@type":"ListItem","position":1,"name":"Portada","item":"https:\/\/elcotarro.com\/"},{"@type":"ListItem","position":2,"name":"PROSPECCI\u00d3N A LA LISTA"}]},{"@type":"WebSite","@id":"https:\/\/elcotarro.com\/#website","url":"https:\/\/elcotarro.com\/","name":"El Cotarro","description":"Peri\u00f3dico Digital Independiente dirigido por Jos\u00e9 Carlos Marrero","publisher":{"@id":"https:\/\/elcotarro.com\/#organization"},"potentialAction":[{"@type":"SearchAction","target":{"@type":"EntryPoint","urlTemplate":"https:\/\/elcotarro.com\/?s={search_term_string}"},"query-input":{"@type":"PropertyValueSpecification","valueRequired":true,"valueName":"search_term_string"}}],"inLanguage":"es"},{"@type":"Organization","@id":"https:\/\/elcotarro.com\/#organization","name":"El Cotarro","url":"https:\/\/elcotarro.com\/","logo":{"@type":"ImageObject","inLanguage":"es","@id":"https:\/\/elcotarro.com\/#\/schema\/logo\/image\/","url":"https:\/\/elcotarro.com\/wp-content\/uploads\/2014\/09\/Cabecera_El_Cotarro_v2.jpg","contentUrl":"https:\/\/elcotarro.com\/wp-content\/uploads\/2014\/09\/Cabecera_El_Cotarro_v2.jpg","width":3540,"height":441,"caption":"El Cotarro"},"image":{"@id":"https:\/\/elcotarro.com\/#\/schema\/logo\/image\/"},"sameAs":["https:\/\/www.facebook.com\/ElCotarro.Tenerife"]},{"@type":"Person","@id":"https:\/\/elcotarro.com\/#\/schema\/person\/af537ee7d60d15984c7e0affcd8a918b","name":"Jos\u00e9 Carlos Marrero Gonz\u00e1lez","image":{"@type":"ImageObject","inLanguage":"es","@id":"https:\/\/elcotarro.com\/#\/schema\/person\/image\/","url":"https:\/\/secure.gravatar.com\/avatar\/def4da036efb5d32c74d49c351f6dccc064dd69ad9f3aadc295c5a9a5391ca01?s=96&d=mm&r=g","contentUrl":"https:\/\/secure.gravatar.com\/avatar\/def4da036efb5d32c74d49c351f6dccc064dd69ad9f3aadc295c5a9a5391ca01?s=96&d=mm&r=g","caption":"Jos\u00e9 Carlos Marrero Gonz\u00e1lez"},"sameAs":["https:\/\/elcotarro.com"],"url":"https:\/\/elcotarro.com\/?author=2"}]}},"jetpack_featured_media_url":"","jetpack_sharing_enabled":true,"_links":{"self":[{"href":"https:\/\/elcotarro.com\/index.php?rest_route=\/wp\/v2\/posts\/309","targetHints":{"allow":["GET"]}}],"collection":[{"href":"https:\/\/elcotarro.com\/index.php?rest_route=\/wp\/v2\/posts"}],"about":[{"href":"https:\/\/elcotarro.com\/index.php?rest_route=\/wp\/v2\/types\/post"}],"author":[{"embeddable":true,"href":"https:\/\/elcotarro.com\/index.php?rest_route=\/wp\/v2\/users\/2"}],"replies":[{"embeddable":true,"href":"https:\/\/elcotarro.com\/index.php?rest_route=%2Fwp%2Fv2%2Fcomments&post=309"}],"version-history":[{"count":1,"href":"https:\/\/elcotarro.com\/index.php?rest_route=\/wp\/v2\/posts\/309\/revisions"}],"predecessor-version":[{"id":311,"href":"https:\/\/elcotarro.com\/index.php?rest_route=\/wp\/v2\/posts\/309\/revisions\/311"}],"wp:attachment":[{"href":"https:\/\/elcotarro.com\/index.php?rest_route=%2Fwp%2Fv2%2Fmedia&parent=309"}],"wp:term":[{"taxonomy":"category","embeddable":true,"href":"https:\/\/elcotarro.com\/index.php?rest_route=%2Fwp%2Fv2%2Fcategories&post=309"},{"taxonomy":"post_tag","embeddable":true,"href":"https:\/\/elcotarro.com\/index.php?rest_route=%2Fwp%2Fv2%2Ftags&post=309"}],"curies":[{"name":"wp","href":"https:\/\/api.w.org\/{rel}","templated":true}]}}